{"id":16809,"date":"2025-02-17T16:29:41","date_gmt":"2025-02-17T19:29:41","guid":{"rendered":"https:\/\/brasilnoticias.org\/site\/?p=16809"},"modified":"2025-02-17T16:29:41","modified_gmt":"2025-02-17T19:29:41","slug":"trios-eletricos-e-carros-passam-por-vistoria-do-governo-do-estado","status":"publish","type":"post","link":"https:\/\/brasilnoticias.org\/site\/trios-eletricos-e-carros-passam-por-vistoria-do-governo-do-estado\/","title":{"rendered":"Trios el\u00e9tricos e carros passam por vistoria do Governo do Estado"},"content":{"rendered":"<p>&#8220;Atr\u00e1s do trio el\u00e9trico s\u00f3 n\u00e3o vai quem j\u00e1 morreu&#8230;&#8221;. Mas antes de ir para as ruas, os ve\u00edculos de &#8216;carroceria trio el\u00e9trico&#8217; passam por uma rigorosa vistoria. E o Detran-BA (Departamento Estadual de Tr\u00e2nsito) deu in\u00edcio nesse segunda-feira (17) e segue at\u00e9 o dia 28 de fevereiro, no Parque de Exposi\u00e7\u00f5es de Salvador, a fiscaliza\u00e7\u00e3o de cerca de 200 ve\u00edculos que pretendem trabalhar no carnaval 2025. <\/p>\n<p>Com o tema &#8220;Os 40 anos do Ax\u00e9 music&#8221; a folia momesca de 2025 ocorre entre os dias 27 de fevereiro e 04 de mar\u00e7o. O departamento vai disponibilizar cerca de 20 vistoriadores, que v\u00e3o realizar as inspe\u00e7\u00f5es no Parque de Exposi\u00e7\u00f5es da Bahia, tanto com hora marcada, como por demanda. As vistorias acontecem todos os dias, sempre das 8h \u00e0s 17h. Esse ano a novidade \u00e9 que o processo ser\u00e1 todo no formato digital.<\/p>\n<p>Itens vistoriados<\/p>\n<p>Durante a vistoria, s\u00e3o avaliados diversos requisitos que v\u00e3o desde a documenta\u00e7\u00e3o do ve\u00edculo e dos condutores, tamanhos e dimens\u00f5es estruturais, equipamentos obrigat\u00f3rios e, ap\u00f3s checagem, o Departamento emite o adesivo de &#8216;ve\u00edculo vistoriado&#8217;, que deve ser fixado na carroceria e ficar vis\u00edvel para o desfile.<\/p>\n<p>O Detran tamb\u00e9m atua nos circuitos, com quatro postos de fiscaliza\u00e7\u00e3o. Motoristas dos trios s\u00e3o submetidos a testes de alcoolemia, al\u00e9m das blitzes nas ruas da capital baiana para averigua\u00e7\u00e3o dos condutores de carros e motocicletas. Em parceria com a Secretaria de Seguran\u00e7a P\u00fablica, atrav\u00e9s da Pol\u00edcia Militar (PM), as equipes s\u00e3o distribu\u00eddas nas principais regi\u00f5es da festa para orienta\u00e7\u00e3o e fiscaliza\u00e7\u00e3o.<\/p>\n<p>Foto: Feij\u00e3o Almeida\/ GOVBA<\/p>\n","protected":false},"excerpt":{"rendered":"<p>&#8220;Atr\u00e1s do trio el\u00e9trico s\u00f3 n\u00e3o vai quem j\u00e1 morreu&#8230;&#8221;. Mas antes de ir para as ruas, os ve\u00edculos de<\/p>\n","protected":false},"author":4,"featured_media":16810,"comment_status":"open","ping_status":"open","sticky":false,"template":"","format":"standard","meta":{"colormag_page_container_layout":"default_layout","colormag_page_sidebar_layout":"default_layout","_FSMCFIC_featured_image_caption":"","_FSMCFIC_featured_image_nocaption":"","_FSMCFIC_featured_image_hide":"","footnotes":""},"categories":[2,1],"tags":[],"class_list":["post-16809","post","type-post","status-publish","format-standard","has-post-thumbnail","hentry","category-noticias","category-ultimas"],"yoast_head":"<!-- This site is optimized with the Yoast SEO plugin v27.1.1 - https:\/\/yoast.com\/product\/yoast-seo-wordpress\/ -->\n<title>Trios el\u00e9tricos e carros passam por vistoria do Governo do Estado - Brasil not\u00edcias<\/title>\n<meta name=\"robots\" content=\"index, follow, max-snippet:-1, max-image-preview:large, max-video-preview:-1\" \/>\n<link rel=\"canonical\" href=\"https:\/\/brasilnoticias.org\/site\/trios-eletricos-e-carros-passam-por-vistoria-do-governo-do-estado\/\" \/>\n<meta property=\"og:locale\" content=\"pt_PT\" \/>\n<meta property=\"og:type\" content=\"article\" \/>\n<meta property=\"og:title\" content=\"Trios el\u00e9tricos e carros passam por vistoria do Governo do Estado - Brasil not\u00edcias\" \/>\n<meta property=\"og:description\" content=\"&#8220;Atr\u00e1s do trio el\u00e9trico s\u00f3 n\u00e3o vai quem j\u00e1 morreu&#8230;&#8221;. Mas antes de ir para as ruas, os ve\u00edculos de\" \/>\n<meta property=\"og:url\" content=\"https:\/\/brasilnoticias.org\/site\/trios-eletricos-e-carros-passam-por-vistoria-do-governo-do-estado\/\" \/>\n<meta property=\"og:site_name\" content=\"Brasil not\u00edcias\" \/>\n<meta property=\"article:published_time\" content=\"2025-02-17T19:29:41+00:00\" \/>\n<meta property=\"og:image\" content=\"https:\/\/brasilnoticias.org\/site\/wp-content\/uploads\/2025\/02\/IMAGEM_NOTICIA_0-4-1.jpg\" \/>\n\t<meta property=\"og:image:width\" content=\"850\" \/>\n\t<meta property=\"og:image:height\" content=\"400\" \/>\n\t<meta property=\"og:image:type\" content=\"image\/jpeg\" \/>\n<meta name=\"author\" content=\"Reda\u00e7\u00e3o\" \/>\n<meta name=\"twitter:card\" content=\"summary_large_image\" \/>\n<meta name=\"twitter:label1\" content=\"Escrito por\" \/>\n\t<meta name=\"twitter:data1\" content=\"Reda\u00e7\u00e3o\" \/>\n\t<meta name=\"twitter:label2\" content=\"Tempo estimado de leitura\" \/>\n\t<meta name=\"twitter:data2\" content=\"1 minuto\" \/>\n<script type=\"application\/ld+json\" class=\"yoast-schema-graph\">{\"@context\":\"https:\/\/schema.org\",\"@graph\":[{\"@type\":\"Article\",\"@id\":\"https:\/\/brasilnoticias.org\/site\/trios-eletricos-e-carros-passam-por-vistoria-do-governo-do-estado\/#article\",\"isPartOf\":{\"@id\":\"https:\/\/brasilnoticias.org\/site\/trios-eletricos-e-carros-passam-por-vistoria-do-governo-do-estado\/\"},\"author\":{\"name\":\"Reda\u00e7\u00e3o\",\"@id\":\"https:\/\/brasilnoticias.org\/site\/#\/schema\/person\/03bbbfe6c7634ad18c26444ea39049fa\"},\"headline\":\"Trios el\u00e9tricos e carros passam por vistoria do Governo do Estado\",\"datePublished\":\"2025-02-17T19:29:41+00:00\",\"mainEntityOfPage\":{\"@id\":\"https:\/\/brasilnoticias.org\/site\/trios-eletricos-e-carros-passam-por-vistoria-do-governo-do-estado\/\"},\"wordCount\":296,\"commentCount\":0,\"publisher\":{\"@id\":\"https:\/\/brasilnoticias.org\/site\/#organization\"},\"image\":{\"@id\":\"https:\/\/brasilnoticias.org\/site\/trios-eletricos-e-carros-passam-por-vistoria-do-governo-do-estado\/#primaryimage\"},\"thumbnailUrl\":\"https:\/\/brasilnoticias.org\/site\/wp-content\/uploads\/2025\/02\/IMAGEM_NOTICIA_0-4-1.jpg\",\"articleSection\":[\"Not\u00edcias\",\"\u00daltimas\"],\"inLanguage\":\"pt-PT\",\"potentialAction\":[{\"@type\":\"CommentAction\",\"name\":\"Comment\",\"target\":[\"https:\/\/brasilnoticias.org\/site\/trios-eletricos-e-carros-passam-por-vistoria-do-governo-do-estado\/#respond\"]}]},{\"@type\":\"WebPage\",\"@id\":\"https:\/\/brasilnoticias.org\/site\/trios-eletricos-e-carros-passam-por-vistoria-do-governo-do-estado\/\",\"url\":\"https:\/\/brasilnoticias.org\/site\/trios-eletricos-e-carros-passam-por-vistoria-do-governo-do-estado\/\",\"name\":\"Trios el\u00e9tricos e carros passam por vistoria do Governo do Estado - Brasil not\u00edcias\",\"isPartOf\":{\"@id\":\"https:\/\/brasilnoticias.org\/site\/#website\"},\"primaryImageOfPage\":{\"@id\":\"https:\/\/brasilnoticias.org\/site\/trios-eletricos-e-carros-passam-por-vistoria-do-governo-do-estado\/#primaryimage\"},\"image\":{\"@id\":\"https:\/\/brasilnoticias.org\/site\/trios-eletricos-e-carros-passam-por-vistoria-do-governo-do-estado\/#primaryimage\"},\"thumbnailUrl\":\"https:\/\/brasilnoticias.org\/site\/wp-content\/uploads\/2025\/02\/IMAGEM_NOTICIA_0-4-1.jpg\",\"datePublished\":\"2025-02-17T19:29:41+00:00\",\"breadcrumb\":{\"@id\":\"https:\/\/brasilnoticias.org\/site\/trios-eletricos-e-carros-passam-por-vistoria-do-governo-do-estado\/#breadcrumb\"},\"inLanguage\":\"pt-PT\",\"potentialAction\":[{\"@type\":\"ReadAction\",\"target\":[\"https:\/\/brasilnoticias.org\/site\/trios-eletricos-e-carros-passam-por-vistoria-do-governo-do-estado\/\"]}]},{\"@type\":\"ImageObject\",\"inLanguage\":\"pt-PT\",\"@id\":\"https:\/\/brasilnoticias.org\/site\/trios-eletricos-e-carros-passam-por-vistoria-do-governo-do-estado\/#primaryimage\",\"url\":\"https:\/\/brasilnoticias.org\/site\/wp-content\/uploads\/2025\/02\/IMAGEM_NOTICIA_0-4-1.jpg\",\"contentUrl\":\"https:\/\/brasilnoticias.org\/site\/wp-content\/uploads\/2025\/02\/IMAGEM_NOTICIA_0-4-1.jpg\",\"width\":850,\"height\":400},{\"@type\":\"BreadcrumbList\",\"@id\":\"https:\/\/brasilnoticias.org\/site\/trios-eletricos-e-carros-passam-por-vistoria-do-governo-do-estado\/#breadcrumb\",\"itemListElement\":[{\"@type\":\"ListItem\",\"position\":1,\"name\":\"In\u00edcio\",\"item\":\"https:\/\/brasilnoticias.org\/site\/\"},{\"@type\":\"ListItem\",\"position\":2,\"name\":\"Trios el\u00e9tricos e carros passam por vistoria do Governo do Estado\"}]},{\"@type\":\"WebSite\",\"@id\":\"https:\/\/brasilnoticias.org\/site\/#website\",\"url\":\"https:\/\/brasilnoticias.org\/site\/\",\"name\":\"Brasil not\u00edcias\",\"description\":\"Brasil not\u00edcias\",\"publisher\":{\"@id\":\"https:\/\/brasilnoticias.org\/site\/#organization\"},\"potentialAction\":[{\"@type\":\"SearchAction\",\"target\":{\"@type\":\"EntryPoint\",\"urlTemplate\":\"https:\/\/brasilnoticias.org\/site\/?s={search_term_string}\"},\"query-input\":{\"@type\":\"PropertyValueSpecification\",\"valueRequired\":true,\"valueName\":\"search_term_string\"}}],\"inLanguage\":\"pt-PT\"},{\"@type\":\"Organization\",\"@id\":\"https:\/\/brasilnoticias.org\/site\/#organization\",\"name\":\"Brasil not\u00edcias\",\"url\":\"https:\/\/brasilnoticias.org\/site\/\",\"logo\":{\"@type\":\"ImageObject\",\"inLanguage\":\"pt-PT\",\"@id\":\"https:\/\/brasilnoticias.org\/site\/#\/schema\/logo\/image\/\",\"url\":\"https:\/\/brasilnoticias.org\/site\/wp-content\/uploads\/2022\/05\/cropped-brasilnoticias-mini.jpg\",\"contentUrl\":\"https:\/\/brasilnoticias.org\/site\/wp-content\/uploads\/2022\/05\/cropped-brasilnoticias-mini.jpg\",\"width\":314,\"height\":86,\"caption\":\"Brasil not\u00edcias\"},\"image\":{\"@id\":\"https:\/\/brasilnoticias.org\/site\/#\/schema\/logo\/image\/\"}},{\"@type\":\"Person\",\"@id\":\"https:\/\/brasilnoticias.org\/site\/#\/schema\/person\/03bbbfe6c7634ad18c26444ea39049fa\",\"name\":\"Reda\u00e7\u00e3o\",\"image\":{\"@type\":\"ImageObject\",\"inLanguage\":\"pt-PT\",\"@id\":\"https:\/\/brasilnoticias.org\/site\/#\/schema\/person\/image\/\",\"url\":\"https:\/\/secure.gravatar.com\/avatar\/9ecaf7327a696cb23ad926fedded5f1f04d7049de9e445375d55b48c001a6e42?s=96&d=mm&r=g\",\"contentUrl\":\"https:\/\/secure.gravatar.com\/avatar\/9ecaf7327a696cb23ad926fedded5f1f04d7049de9e445375d55b48c001a6e42?s=96&d=mm&r=g\",\"caption\":\"Reda\u00e7\u00e3o\"},\"url\":\"https:\/\/brasilnoticias.org\/site\/author\/henrique\/\"}]}<\/script>\n<!-- \/ Yoast SEO plugin. -->","yoast_head_json":{"title":"Trios el\u00e9tricos e carros passam por vistoria do Governo do Estado - Brasil not\u00edcias","robots":{"index":"index","follow":"follow","max-snippet":"max-snippet:-1","max-image-preview":"max-image-preview:large","max-video-preview":"max-video-preview:-1"},"canonical":"https:\/\/brasilnoticias.org\/site\/trios-eletricos-e-carros-passam-por-vistoria-do-governo-do-estado\/","og_locale":"pt_PT","og_type":"article","og_title":"Trios el\u00e9tricos e carros passam por vistoria do Governo do Estado - Brasil not\u00edcias","og_description":"&#8220;Atr\u00e1s do trio el\u00e9trico s\u00f3 n\u00e3o vai quem j\u00e1 morreu&#8230;&#8221;. Mas antes de ir para as ruas, os ve\u00edculos de","og_url":"https:\/\/brasilnoticias.org\/site\/trios-eletricos-e-carros-passam-por-vistoria-do-governo-do-estado\/","og_site_name":"Brasil not\u00edcias","article_published_time":"2025-02-17T19:29:41+00:00","og_image":[{"width":850,"height":400,"url":"https:\/\/brasilnoticias.org\/site\/wp-content\/uploads\/2025\/02\/IMAGEM_NOTICIA_0-4-1.jpg","type":"image\/jpeg"}],"author":"Reda\u00e7\u00e3o","twitter_card":"summary_large_image","twitter_misc":{"Escrito por":"Reda\u00e7\u00e3o","Tempo estimado de leitura":"1 minuto"},"schema":{"@context":"https:\/\/schema.org","@graph":[{"@type":"Article","@id":"https:\/\/brasilnoticias.org\/site\/trios-eletricos-e-carros-passam-por-vistoria-do-governo-do-estado\/#article","isPartOf":{"@id":"https:\/\/brasilnoticias.org\/site\/trios-eletricos-e-carros-passam-por-vistoria-do-governo-do-estado\/"},"author":{"name":"Reda\u00e7\u00e3o","@id":"https:\/\/brasilnoticias.org\/site\/#\/schema\/person\/03bbbfe6c7634ad18c26444ea39049fa"},"headline":"Trios el\u00e9tricos e carros passam por vistoria do Governo do Estado","datePublished":"2025-02-17T19:29:41+00:00","mainEntityOfPage":{"@id":"https:\/\/brasilnoticias.org\/site\/trios-eletricos-e-carros-passam-por-vistoria-do-governo-do-estado\/"},"wordCount":296,"commentCount":0,"publisher":{"@id":"https:\/\/brasilnoticias.org\/site\/#organization"},"image":{"@id":"https:\/\/brasilnoticias.org\/site\/trios-eletricos-e-carros-passam-por-vistoria-do-governo-do-estado\/#primaryimage"},"thumbnailUrl":"https:\/\/brasilnoticias.org\/site\/wp-content\/uploads\/2025\/02\/IMAGEM_NOTICIA_0-4-1.jpg","articleSection":["Not\u00edcias","\u00daltimas"],"inLanguage":"pt-PT","potentialAction":[{"@type":"CommentAction","name":"Comment","target":["https:\/\/brasilnoticias.org\/site\/trios-eletricos-e-carros-passam-por-vistoria-do-governo-do-estado\/#respond"]}]},{"@type":"WebPage","@id":"https:\/\/brasilnoticias.org\/site\/trios-eletricos-e-carros-passam-por-vistoria-do-governo-do-estado\/","url":"https:\/\/brasilnoticias.org\/site\/trios-eletricos-e-carros-passam-por-vistoria-do-governo-do-estado\/","name":"Trios el\u00e9tricos e carros passam por vistoria do Governo do Estado - Brasil not\u00edcias","isPartOf":{"@id":"https:\/\/brasilnoticias.org\/site\/#website"},"primaryImageOfPage":{"@id":"https:\/\/brasilnoticias.org\/site\/trios-eletricos-e-carros-passam-por-vistoria-do-governo-do-estado\/#primaryimage"},"image":{"@id":"https:\/\/brasilnoticias.org\/site\/trios-eletricos-e-carros-passam-por-vistoria-do-governo-do-estado\/#primaryimage"},"thumbnailUrl":"https:\/\/brasilnoticias.org\/site\/wp-content\/uploads\/2025\/02\/IMAGEM_NOTICIA_0-4-1.jpg","datePublished":"2025-02-17T19:29:41+00:00","breadcrumb":{"@id":"https:\/\/brasilnoticias.org\/site\/trios-eletricos-e-carros-passam-por-vistoria-do-governo-do-estado\/#breadcrumb"},"inLanguage":"pt-PT","potentialAction":[{"@type":"ReadAction","target":["https:\/\/brasilnoticias.org\/site\/trios-eletricos-e-carros-passam-por-vistoria-do-governo-do-estado\/"]}]},{"@type":"ImageObject","inLanguage":"pt-PT","@id":"https:\/\/brasilnoticias.org\/site\/trios-eletricos-e-carros-passam-por-vistoria-do-governo-do-estado\/#primaryimage","url":"https:\/\/brasilnoticias.org\/site\/wp-content\/uploads\/2025\/02\/IMAGEM_NOTICIA_0-4-1.jpg","contentUrl":"https:\/\/brasilnoticias.org\/site\/wp-content\/uploads\/2025\/02\/IMAGEM_NOTICIA_0-4-1.jpg","width":850,"height":400},{"@type":"BreadcrumbList","@id":"https:\/\/brasilnoticias.org\/site\/trios-eletricos-e-carros-passam-por-vistoria-do-governo-do-estado\/#breadcrumb","itemListElement":[{"@type":"ListItem","position":1,"name":"In\u00edcio","item":"https:\/\/brasilnoticias.org\/site\/"},{"@type":"ListItem","position":2,"name":"Trios el\u00e9tricos e carros passam por vistoria do Governo do Estado"}]},{"@type":"WebSite","@id":"https:\/\/brasilnoticias.org\/site\/#website","url":"https:\/\/brasilnoticias.org\/site\/","name":"Brasil not\u00edcias","description":"Brasil not\u00edcias","publisher":{"@id":"https:\/\/brasilnoticias.org\/site\/#organization"},"potentialAction":[{"@type":"SearchAction","target":{"@type":"EntryPoint","urlTemplate":"https:\/\/brasilnoticias.org\/site\/?s={search_term_string}"},"query-input":{"@type":"PropertyValueSpecification","valueRequired":true,"valueName":"search_term_string"}}],"inLanguage":"pt-PT"},{"@type":"Organization","@id":"https:\/\/brasilnoticias.org\/site\/#organization","name":"Brasil not\u00edcias","url":"https:\/\/brasilnoticias.org\/site\/","logo":{"@type":"ImageObject","inLanguage":"pt-PT","@id":"https:\/\/brasilnoticias.org\/site\/#\/schema\/logo\/image\/","url":"https:\/\/brasilnoticias.org\/site\/wp-content\/uploads\/2022\/05\/cropped-brasilnoticias-mini.jpg","contentUrl":"https:\/\/brasilnoticias.org\/site\/wp-content\/uploads\/2022\/05\/cropped-brasilnoticias-mini.jpg","width":314,"height":86,"caption":"Brasil not\u00edcias"},"image":{"@id":"https:\/\/brasilnoticias.org\/site\/#\/schema\/logo\/image\/"}},{"@type":"Person","@id":"https:\/\/brasilnoticias.org\/site\/#\/schema\/person\/03bbbfe6c7634ad18c26444ea39049fa","name":"Reda\u00e7\u00e3o","image":{"@type":"ImageObject","inLanguage":"pt-PT","@id":"https:\/\/brasilnoticias.org\/site\/#\/schema\/person\/image\/","url":"https:\/\/secure.gravatar.com\/avatar\/9ecaf7327a696cb23ad926fedded5f1f04d7049de9e445375d55b48c001a6e42?s=96&d=mm&r=g","contentUrl":"https:\/\/secure.gravatar.com\/avatar\/9ecaf7327a696cb23ad926fedded5f1f04d7049de9e445375d55b48c001a6e42?s=96&d=mm&r=g","caption":"Reda\u00e7\u00e3o"},"url":"https:\/\/brasilnoticias.org\/site\/author\/henrique\/"}]}},"_links":{"self":[{"href":"https:\/\/brasilnoticias.org\/site\/wp-json\/wp\/v2\/posts\/16809","targetHints":{"allow":["GET"]}}],"collection":[{"href":"https:\/\/brasilnoticias.org\/site\/wp-json\/wp\/v2\/posts"}],"about":[{"href":"https:\/\/brasilnoticias.org\/site\/wp-json\/wp\/v2\/types\/post"}],"author":[{"embeddable":true,"href":"https:\/\/brasilnoticias.org\/site\/wp-json\/wp\/v2\/users\/4"}],"replies":[{"embeddable":true,"href":"https:\/\/brasilnoticias.org\/site\/wp-json\/wp\/v2\/comments?post=16809"}],"version-history":[{"count":1,"href":"https:\/\/brasilnoticias.org\/site\/wp-json\/wp\/v2\/posts\/16809\/revisions"}],"predecessor-version":[{"id":16811,"href":"https:\/\/brasilnoticias.org\/site\/wp-json\/wp\/v2\/posts\/16809\/revisions\/16811"}],"wp:featuredmedia":[{"embeddable":true,"href":"https:\/\/brasilnoticias.org\/site\/wp-json\/wp\/v2\/media\/16810"}],"wp:attachment":[{"href":"https:\/\/brasilnoticias.org\/site\/wp-json\/wp\/v2\/media?parent=16809"}],"wp:term":[{"taxonomy":"category","embeddable":true,"href":"https:\/\/brasilnoticias.org\/site\/wp-json\/wp\/v2\/categories?post=16809"},{"taxonomy":"post_tag","embeddable":true,"href":"https:\/\/brasilnoticias.org\/site\/wp-json\/wp\/v2\/tags?post=16809"}],"curies":[{"name":"wp","href":"https:\/\/api.w.org\/{rel}","templated":true}]}}