{"id":16827,"date":"2025-02-20T18:34:39","date_gmt":"2025-02-20T21:34:39","guid":{"rendered":"https:\/\/brasilnoticias.org\/site\/?p=16827"},"modified":"2025-02-20T18:34:39","modified_gmt":"2025-02-20T21:34:39","slug":"toffoli-livra-palocci-reu-confesso-de-acoes-da-lava-jato","status":"publish","type":"post","link":"https:\/\/brasilnoticias.org\/site\/toffoli-livra-palocci-reu-confesso-de-acoes-da-lava-jato\/","title":{"rendered":"Toffoli livra Palocci, r\u00e9u confesso, de a\u00e7\u00f5es da Lava Jato"},"content":{"rendered":"<p>O ministro do Supremo Tribunal Federal (STF), Dias Toffoli, decidiu nesta quarta-feira (19) anular os processos abertos contra o ex-ministro da Fazenda do governo Lula at\u00e9 2006 e ex-ministro da Casa Civil durante o governo \u2018Dilma 1\u2019, Antonio Palocci, na Opera\u00e7\u00e3o Lava Jato.<\/p>\n<p>Fizeram hist\u00f3ria os depoimentos espont\u00e2neos de Palocci confessando corrup\u00e7\u00e3o e confirmando o envolvimento de Lula no roubo. Sua frase afirmando que Lula fez \u201cum pacto com o diabo\u201d repercutiu muito na ocasi\u00e3o.<\/p>\n<p>Na decis\u00e3o, o ministro aplicou os \u201cprecedentes da Corte\u201d que consideraram o ex-juiz Sergio Moro parcial para proferir as senten\u00e7as contra os r\u00e9us das investiga\u00e7\u00f5es. Moro era o juiz titular da 13\u00aa Vara Federal em Curitiba.<\/p>\n<p>Com a decis\u00e3o, todos os procedimentos assinados por Moro contra Palocci dever\u00e3o ser anulados. Apesar da anula\u00e7\u00e3o, o acordo de dela\u00e7\u00e3o assinado por Palocci est\u00e1 mantido.<\/p>\n<p>Na decis\u00e3o, o ministro disse que a parcialidade de Moro \u201cextrapolou todos os limites\u201d e representou conluio para inviabilizar a ampla defesa do ex-ministro.<\/p>\n<p>\u201cNota-se, portanto, um padr\u00e3o de conduta de determinados procuradores integrantes da For\u00e7a Tarefa da Lava Jato, bem como de certos magistrados que ignoraram o devido processo legal, o contradit\u00f3rio, a ampla defesa e a pr\u00f3pria institucionalidade para garantir seus objetivos \u2013 pessoais e pol\u00edticos -, o que n\u00e3o se pode admitir em um Estado Democr\u00e1tico de Direito\u201d, afirmou Toffoli.<\/p>\n<p>O ex-ministro foi condenado em 2017 pela participa\u00e7\u00e3o em esquema de corrup\u00e7\u00e3o no qual beneficiou a Odebrecht em contratos com a Petrobras envolvendo a constru\u00e7\u00e3o de embarca\u00e7\u00f5es.<\/p>\n<p>Informa\u00e7\u00f5es do Di\u00e1rio do Poder \/ Foto: Reprodu\u00e7\u00e3o<\/p>\n","protected":false},"excerpt":{"rendered":"<p>O ministro do Supremo Tribunal Federal (STF), Dias Toffoli, decidiu nesta quarta-feira (19) anular os processos abertos contra o ex-ministro<\/p>\n","protected":false},"author":4,"featured_media":16828,"comment_status":"open","ping_status":"open","sticky":false,"template":"","format":"standard","meta":{"colormag_page_container_layout":"default_layout","colormag_page_sidebar_layout":"default_layout","_FSMCFIC_featured_image_caption":"","_FSMCFIC_featured_image_nocaption":"","_FSMCFIC_featured_image_hide":"","footnotes":""},"categories":[2,1],"tags":[],"class_list":["post-16827","post","type-post","status-publish","format-standard","has-post-thumbnail","hentry","category-noticias","category-ultimas"],"yoast_head":"<!-- This site is optimized with the Yoast SEO plugin v27.1.1 - https:\/\/yoast.com\/product\/yoast-seo-wordpress\/ -->\n<title>Toffoli livra Palocci, r\u00e9u confesso, de a\u00e7\u00f5es da Lava Jato - Brasil not\u00edcias<\/title>\n<meta name=\"robots\" content=\"index, follow, max-snippet:-1, max-image-preview:large, max-video-preview:-1\" \/>\n<link rel=\"canonical\" href=\"https:\/\/brasilnoticias.org\/site\/toffoli-livra-palocci-reu-confesso-de-acoes-da-lava-jato\/\" \/>\n<meta property=\"og:locale\" content=\"pt_PT\" \/>\n<meta property=\"og:type\" content=\"article\" \/>\n<meta property=\"og:title\" content=\"Toffoli livra Palocci, r\u00e9u confesso, de a\u00e7\u00f5es da Lava Jato - Brasil not\u00edcias\" \/>\n<meta property=\"og:description\" content=\"O ministro do Supremo Tribunal Federal (STF), Dias Toffoli, decidiu nesta quarta-feira (19) anular os processos abertos contra o ex-ministro\" \/>\n<meta property=\"og:url\" content=\"https:\/\/brasilnoticias.org\/site\/toffoli-livra-palocci-reu-confesso-de-acoes-da-lava-jato\/\" \/>\n<meta property=\"og:site_name\" content=\"Brasil not\u00edcias\" \/>\n<meta property=\"article:published_time\" content=\"2025-02-20T21:34:39+00:00\" \/>\n<meta property=\"og:image\" content=\"https:\/\/brasilnoticias.org\/site\/wp-content\/uploads\/2025\/02\/IMAGEM_NOTICIA_0-9.jpg\" \/>\n\t<meta property=\"og:image:width\" content=\"850\" \/>\n\t<meta property=\"og:image:height\" content=\"400\" \/>\n\t<meta property=\"og:image:type\" content=\"image\/jpeg\" \/>\n<meta name=\"author\" content=\"Reda\u00e7\u00e3o\" \/>\n<meta name=\"twitter:card\" content=\"summary_large_image\" \/>\n<meta name=\"twitter:label1\" content=\"Escrito por\" \/>\n\t<meta name=\"twitter:data1\" content=\"Reda\u00e7\u00e3o\" \/>\n<script type=\"application\/ld+json\" class=\"yoast-schema-graph\">{\"@context\":\"https:\/\/schema.org\",\"@graph\":[{\"@type\":\"Article\",\"@id\":\"https:\/\/brasilnoticias.org\/site\/toffoli-livra-palocci-reu-confesso-de-acoes-da-lava-jato\/#article\",\"isPartOf\":{\"@id\":\"https:\/\/brasilnoticias.org\/site\/toffoli-livra-palocci-reu-confesso-de-acoes-da-lava-jato\/\"},\"author\":{\"name\":\"Reda\u00e7\u00e3o\",\"@id\":\"https:\/\/brasilnoticias.org\/site\/#\/schema\/person\/03bbbfe6c7634ad18c26444ea39049fa\"},\"headline\":\"Toffoli livra Palocci, r\u00e9u confesso, de a\u00e7\u00f5es da Lava Jato\",\"datePublished\":\"2025-02-20T21:34:39+00:00\",\"mainEntityOfPage\":{\"@id\":\"https:\/\/brasilnoticias.org\/site\/toffoli-livra-palocci-reu-confesso-de-acoes-da-lava-jato\/\"},\"wordCount\":288,\"commentCount\":0,\"publisher\":{\"@id\":\"https:\/\/brasilnoticias.org\/site\/#organization\"},\"image\":{\"@id\":\"https:\/\/brasilnoticias.org\/site\/toffoli-livra-palocci-reu-confesso-de-acoes-da-lava-jato\/#primaryimage\"},\"thumbnailUrl\":\"https:\/\/brasilnoticias.org\/site\/wp-content\/uploads\/2025\/02\/IMAGEM_NOTICIA_0-9.jpg\",\"articleSection\":[\"Not\u00edcias\",\"\u00daltimas\"],\"inLanguage\":\"pt-PT\",\"potentialAction\":[{\"@type\":\"CommentAction\",\"name\":\"Comment\",\"target\":[\"https:\/\/brasilnoticias.org\/site\/toffoli-livra-palocci-reu-confesso-de-acoes-da-lava-jato\/#respond\"]}]},{\"@type\":\"WebPage\",\"@id\":\"https:\/\/brasilnoticias.org\/site\/toffoli-livra-palocci-reu-confesso-de-acoes-da-lava-jato\/\",\"url\":\"https:\/\/brasilnoticias.org\/site\/toffoli-livra-palocci-reu-confesso-de-acoes-da-lava-jato\/\",\"name\":\"Toffoli livra Palocci, r\u00e9u confesso, de a\u00e7\u00f5es da Lava Jato - Brasil not\u00edcias\",\"isPartOf\":{\"@id\":\"https:\/\/brasilnoticias.org\/site\/#website\"},\"primaryImageOfPage\":{\"@id\":\"https:\/\/brasilnoticias.org\/site\/toffoli-livra-palocci-reu-confesso-de-acoes-da-lava-jato\/#primaryimage\"},\"image\":{\"@id\":\"https:\/\/brasilnoticias.org\/site\/toffoli-livra-palocci-reu-confesso-de-acoes-da-lava-jato\/#primaryimage\"},\"thumbnailUrl\":\"https:\/\/brasilnoticias.org\/site\/wp-content\/uploads\/2025\/02\/IMAGEM_NOTICIA_0-9.jpg\",\"datePublished\":\"2025-02-20T21:34:39+00:00\",\"breadcrumb\":{\"@id\":\"https:\/\/brasilnoticias.org\/site\/toffoli-livra-palocci-reu-confesso-de-acoes-da-lava-jato\/#breadcrumb\"},\"inLanguage\":\"pt-PT\",\"potentialAction\":[{\"@type\":\"ReadAction\",\"target\":[\"https:\/\/brasilnoticias.org\/site\/toffoli-livra-palocci-reu-confesso-de-acoes-da-lava-jato\/\"]}]},{\"@type\":\"ImageObject\",\"inLanguage\":\"pt-PT\",\"@id\":\"https:\/\/brasilnoticias.org\/site\/toffoli-livra-palocci-reu-confesso-de-acoes-da-lava-jato\/#primaryimage\",\"url\":\"https:\/\/brasilnoticias.org\/site\/wp-content\/uploads\/2025\/02\/IMAGEM_NOTICIA_0-9.jpg\",\"contentUrl\":\"https:\/\/brasilnoticias.org\/site\/wp-content\/uploads\/2025\/02\/IMAGEM_NOTICIA_0-9.jpg\",\"width\":850,\"height\":400},{\"@type\":\"BreadcrumbList\",\"@id\":\"https:\/\/brasilnoticias.org\/site\/toffoli-livra-palocci-reu-confesso-de-acoes-da-lava-jato\/#breadcrumb\",\"itemListElement\":[{\"@type\":\"ListItem\",\"position\":1,\"name\":\"In\u00edcio\",\"item\":\"https:\/\/brasilnoticias.org\/site\/\"},{\"@type\":\"ListItem\",\"position\":2,\"name\":\"Toffoli livra Palocci, r\u00e9u confesso, de a\u00e7\u00f5es da Lava Jato\"}]},{\"@type\":\"WebSite\",\"@id\":\"https:\/\/brasilnoticias.org\/site\/#website\",\"url\":\"https:\/\/brasilnoticias.org\/site\/\",\"name\":\"Brasil not\u00edcias\",\"description\":\"Brasil not\u00edcias\",\"publisher\":{\"@id\":\"https:\/\/brasilnoticias.org\/site\/#organization\"},\"potentialAction\":[{\"@type\":\"SearchAction\",\"target\":{\"@type\":\"EntryPoint\",\"urlTemplate\":\"https:\/\/brasilnoticias.org\/site\/?s={search_term_string}\"},\"query-input\":{\"@type\":\"PropertyValueSpecification\",\"valueRequired\":true,\"valueName\":\"search_term_string\"}}],\"inLanguage\":\"pt-PT\"},{\"@type\":\"Organization\",\"@id\":\"https:\/\/brasilnoticias.org\/site\/#organization\",\"name\":\"Brasil not\u00edcias\",\"url\":\"https:\/\/brasilnoticias.org\/site\/\",\"logo\":{\"@type\":\"ImageObject\",\"inLanguage\":\"pt-PT\",\"@id\":\"https:\/\/brasilnoticias.org\/site\/#\/schema\/logo\/image\/\",\"url\":\"https:\/\/brasilnoticias.org\/site\/wp-content\/uploads\/2022\/05\/cropped-brasilnoticias-mini.jpg\",\"contentUrl\":\"https:\/\/brasilnoticias.org\/site\/wp-content\/uploads\/2022\/05\/cropped-brasilnoticias-mini.jpg\",\"width\":314,\"height\":86,\"caption\":\"Brasil not\u00edcias\"},\"image\":{\"@id\":\"https:\/\/brasilnoticias.org\/site\/#\/schema\/logo\/image\/\"}},{\"@type\":\"Person\",\"@id\":\"https:\/\/brasilnoticias.org\/site\/#\/schema\/person\/03bbbfe6c7634ad18c26444ea39049fa\",\"name\":\"Reda\u00e7\u00e3o\",\"image\":{\"@type\":\"ImageObject\",\"inLanguage\":\"pt-PT\",\"@id\":\"https:\/\/brasilnoticias.org\/site\/#\/schema\/person\/image\/\",\"url\":\"https:\/\/secure.gravatar.com\/avatar\/9ecaf7327a696cb23ad926fedded5f1f04d7049de9e445375d55b48c001a6e42?s=96&d=mm&r=g\",\"contentUrl\":\"https:\/\/secure.gravatar.com\/avatar\/9ecaf7327a696cb23ad926fedded5f1f04d7049de9e445375d55b48c001a6e42?s=96&d=mm&r=g\",\"caption\":\"Reda\u00e7\u00e3o\"},\"url\":\"https:\/\/brasilnoticias.org\/site\/author\/henrique\/\"}]}<\/script>\n<!-- \/ Yoast SEO plugin. -->","yoast_head_json":{"title":"Toffoli livra Palocci, r\u00e9u confesso, de a\u00e7\u00f5es da Lava Jato - Brasil not\u00edcias","robots":{"index":"index","follow":"follow","max-snippet":"max-snippet:-1","max-image-preview":"max-image-preview:large","max-video-preview":"max-video-preview:-1"},"canonical":"https:\/\/brasilnoticias.org\/site\/toffoli-livra-palocci-reu-confesso-de-acoes-da-lava-jato\/","og_locale":"pt_PT","og_type":"article","og_title":"Toffoli livra Palocci, r\u00e9u confesso, de a\u00e7\u00f5es da Lava Jato - Brasil not\u00edcias","og_description":"O ministro do Supremo Tribunal Federal (STF), Dias Toffoli, decidiu nesta quarta-feira (19) anular os processos abertos contra o ex-ministro","og_url":"https:\/\/brasilnoticias.org\/site\/toffoli-livra-palocci-reu-confesso-de-acoes-da-lava-jato\/","og_site_name":"Brasil not\u00edcias","article_published_time":"2025-02-20T21:34:39+00:00","og_image":[{"width":850,"height":400,"url":"https:\/\/brasilnoticias.org\/site\/wp-content\/uploads\/2025\/02\/IMAGEM_NOTICIA_0-9.jpg","type":"image\/jpeg"}],"author":"Reda\u00e7\u00e3o","twitter_card":"summary_large_image","twitter_misc":{"Escrito por":"Reda\u00e7\u00e3o"},"schema":{"@context":"https:\/\/schema.org","@graph":[{"@type":"Article","@id":"https:\/\/brasilnoticias.org\/site\/toffoli-livra-palocci-reu-confesso-de-acoes-da-lava-jato\/#article","isPartOf":{"@id":"https:\/\/brasilnoticias.org\/site\/toffoli-livra-palocci-reu-confesso-de-acoes-da-lava-jato\/"},"author":{"name":"Reda\u00e7\u00e3o","@id":"https:\/\/brasilnoticias.org\/site\/#\/schema\/person\/03bbbfe6c7634ad18c26444ea39049fa"},"headline":"Toffoli livra Palocci, r\u00e9u confesso, de a\u00e7\u00f5es da Lava Jato","datePublished":"2025-02-20T21:34:39+00:00","mainEntityOfPage":{"@id":"https:\/\/brasilnoticias.org\/site\/toffoli-livra-palocci-reu-confesso-de-acoes-da-lava-jato\/"},"wordCount":288,"commentCount":0,"publisher":{"@id":"https:\/\/brasilnoticias.org\/site\/#organization"},"image":{"@id":"https:\/\/brasilnoticias.org\/site\/toffoli-livra-palocci-reu-confesso-de-acoes-da-lava-jato\/#primaryimage"},"thumbnailUrl":"https:\/\/brasilnoticias.org\/site\/wp-content\/uploads\/2025\/02\/IMAGEM_NOTICIA_0-9.jpg","articleSection":["Not\u00edcias","\u00daltimas"],"inLanguage":"pt-PT","potentialAction":[{"@type":"CommentAction","name":"Comment","target":["https:\/\/brasilnoticias.org\/site\/toffoli-livra-palocci-reu-confesso-de-acoes-da-lava-jato\/#respond"]}]},{"@type":"WebPage","@id":"https:\/\/brasilnoticias.org\/site\/toffoli-livra-palocci-reu-confesso-de-acoes-da-lava-jato\/","url":"https:\/\/brasilnoticias.org\/site\/toffoli-livra-palocci-reu-confesso-de-acoes-da-lava-jato\/","name":"Toffoli livra Palocci, r\u00e9u confesso, de a\u00e7\u00f5es da Lava Jato - Brasil not\u00edcias","isPartOf":{"@id":"https:\/\/brasilnoticias.org\/site\/#website"},"primaryImageOfPage":{"@id":"https:\/\/brasilnoticias.org\/site\/toffoli-livra-palocci-reu-confesso-de-acoes-da-lava-jato\/#primaryimage"},"image":{"@id":"https:\/\/brasilnoticias.org\/site\/toffoli-livra-palocci-reu-confesso-de-acoes-da-lava-jato\/#primaryimage"},"thumbnailUrl":"https:\/\/brasilnoticias.org\/site\/wp-content\/uploads\/2025\/02\/IMAGEM_NOTICIA_0-9.jpg","datePublished":"2025-02-20T21:34:39+00:00","breadcrumb":{"@id":"https:\/\/brasilnoticias.org\/site\/toffoli-livra-palocci-reu-confesso-de-acoes-da-lava-jato\/#breadcrumb"},"inLanguage":"pt-PT","potentialAction":[{"@type":"ReadAction","target":["https:\/\/brasilnoticias.org\/site\/toffoli-livra-palocci-reu-confesso-de-acoes-da-lava-jato\/"]}]},{"@type":"ImageObject","inLanguage":"pt-PT","@id":"https:\/\/brasilnoticias.org\/site\/toffoli-livra-palocci-reu-confesso-de-acoes-da-lava-jato\/#primaryimage","url":"https:\/\/brasilnoticias.org\/site\/wp-content\/uploads\/2025\/02\/IMAGEM_NOTICIA_0-9.jpg","contentUrl":"https:\/\/brasilnoticias.org\/site\/wp-content\/uploads\/2025\/02\/IMAGEM_NOTICIA_0-9.jpg","width":850,"height":400},{"@type":"BreadcrumbList","@id":"https:\/\/brasilnoticias.org\/site\/toffoli-livra-palocci-reu-confesso-de-acoes-da-lava-jato\/#breadcrumb","itemListElement":[{"@type":"ListItem","position":1,"name":"In\u00edcio","item":"https:\/\/brasilnoticias.org\/site\/"},{"@type":"ListItem","position":2,"name":"Toffoli livra Palocci, r\u00e9u confesso, de a\u00e7\u00f5es da Lava Jato"}]},{"@type":"WebSite","@id":"https:\/\/brasilnoticias.org\/site\/#website","url":"https:\/\/brasilnoticias.org\/site\/","name":"Brasil not\u00edcias","description":"Brasil not\u00edcias","publisher":{"@id":"https:\/\/brasilnoticias.org\/site\/#organization"},"potentialAction":[{"@type":"SearchAction","target":{"@type":"EntryPoint","urlTemplate":"https:\/\/brasilnoticias.org\/site\/?s={search_term_string}"},"query-input":{"@type":"PropertyValueSpecification","valueRequired":true,"valueName":"search_term_string"}}],"inLanguage":"pt-PT"},{"@type":"Organization","@id":"https:\/\/brasilnoticias.org\/site\/#organization","name":"Brasil not\u00edcias","url":"https:\/\/brasilnoticias.org\/site\/","logo":{"@type":"ImageObject","inLanguage":"pt-PT","@id":"https:\/\/brasilnoticias.org\/site\/#\/schema\/logo\/image\/","url":"https:\/\/brasilnoticias.org\/site\/wp-content\/uploads\/2022\/05\/cropped-brasilnoticias-mini.jpg","contentUrl":"https:\/\/brasilnoticias.org\/site\/wp-content\/uploads\/2022\/05\/cropped-brasilnoticias-mini.jpg","width":314,"height":86,"caption":"Brasil not\u00edcias"},"image":{"@id":"https:\/\/brasilnoticias.org\/site\/#\/schema\/logo\/image\/"}},{"@type":"Person","@id":"https:\/\/brasilnoticias.org\/site\/#\/schema\/person\/03bbbfe6c7634ad18c26444ea39049fa","name":"Reda\u00e7\u00e3o","image":{"@type":"ImageObject","inLanguage":"pt-PT","@id":"https:\/\/brasilnoticias.org\/site\/#\/schema\/person\/image\/","url":"https:\/\/secure.gravatar.com\/avatar\/9ecaf7327a696cb23ad926fedded5f1f04d7049de9e445375d55b48c001a6e42?s=96&d=mm&r=g","contentUrl":"https:\/\/secure.gravatar.com\/avatar\/9ecaf7327a696cb23ad926fedded5f1f04d7049de9e445375d55b48c001a6e42?s=96&d=mm&r=g","caption":"Reda\u00e7\u00e3o"},"url":"https:\/\/brasilnoticias.org\/site\/author\/henrique\/"}]}},"_links":{"self":[{"href":"https:\/\/brasilnoticias.org\/site\/wp-json\/wp\/v2\/posts\/16827","targetHints":{"allow":["GET"]}}],"collection":[{"href":"https:\/\/brasilnoticias.org\/site\/wp-json\/wp\/v2\/posts"}],"about":[{"href":"https:\/\/brasilnoticias.org\/site\/wp-json\/wp\/v2\/types\/post"}],"author":[{"embeddable":true,"href":"https:\/\/brasilnoticias.org\/site\/wp-json\/wp\/v2\/users\/4"}],"replies":[{"embeddable":true,"href":"https:\/\/brasilnoticias.org\/site\/wp-json\/wp\/v2\/comments?post=16827"}],"version-history":[{"count":1,"href":"https:\/\/brasilnoticias.org\/site\/wp-json\/wp\/v2\/posts\/16827\/revisions"}],"predecessor-version":[{"id":16829,"href":"https:\/\/brasilnoticias.org\/site\/wp-json\/wp\/v2\/posts\/16827\/revisions\/16829"}],"wp:featuredmedia":[{"embeddable":true,"href":"https:\/\/brasilnoticias.org\/site\/wp-json\/wp\/v2\/media\/16828"}],"wp:attachment":[{"href":"https:\/\/brasilnoticias.org\/site\/wp-json\/wp\/v2\/media?parent=16827"}],"wp:term":[{"taxonomy":"category","embeddable":true,"href":"https:\/\/brasilnoticias.org\/site\/wp-json\/wp\/v2\/categories?post=16827"},{"taxonomy":"post_tag","embeddable":true,"href":"https:\/\/brasilnoticias.org\/site\/wp-json\/wp\/v2\/tags?post=16827"}],"curies":[{"name":"wp","href":"https:\/\/api.w.org\/{rel}","templated":true}]}}