{"id":16836,"date":"2025-02-20T18:44:54","date_gmt":"2025-02-20T21:44:54","guid":{"rendered":"https:\/\/brasilnoticias.org\/site\/?p=16836"},"modified":"2025-02-20T18:44:54","modified_gmt":"2025-02-20T21:44:54","slug":"salvador-recebera-mais-de-r-1-bilhao-para-educacao-apos-acordo-com-a-uniao","status":"publish","type":"post","link":"https:\/\/brasilnoticias.org\/site\/salvador-recebera-mais-de-r-1-bilhao-para-educacao-apos-acordo-com-a-uniao\/","title":{"rendered":"Salvador receber\u00e1 mais de R$ 1 bilh\u00e3o para educa\u00e7\u00e3o ap\u00f3s acordo com a Uni\u00e3o"},"content":{"rendered":"<p>O montante ser\u00e1 pago ao longo de tr\u00eas anos e dever\u00e1 ser aplicado exclusivamente no setor educacional<\/p>\n<p>Salvador garantiu um repasse superior a R$ 1 bilh\u00e3o para investimentos na educa\u00e7\u00e3o municipal. O acordo, autorizado nesta quinta-feira (20) pelo Minist\u00e9rio da Educa\u00e7\u00e3o e pela Advocacia-Geral da Uni\u00e3o (AGU), encerra uma disputa judicial relacionada ao antigo Fundo de Manuten\u00e7\u00e3o e Desenvolvimento do Ensino Fundamental e de Valoriza\u00e7\u00e3o do Magist\u00e9rio (Fundef). O montante ser\u00e1 pago ao longo de tr\u00eas anos e dever\u00e1 ser aplicado exclusivamente no setor educacional.<\/p>\n<p>A assinatura ocorreu no Pal\u00e1cio do Planalto, com a presen\u00e7a dos ministros Jorge Messias (AGU), Camilo Santana (Educa\u00e7\u00e3o) e Rui Costa (Casa Civil). De acordo com Messias, esse \u00e9 o maior acordo j\u00e1 firmado entre a Uni\u00e3o e um munic\u00edpio para o pagamento de verbas do Fundef. <\/p>\n<p>O acordo foi negociado pela AGU em nome do Minist\u00e9rio da Educa\u00e7\u00e3o e coloca fim a um processo em tramita\u00e7\u00e3o no Tribunal Regional Federal da 1\u00aa Regi\u00e3o. A negocia\u00e7\u00e3o seguiu as diretrizes do Plano de Negocia\u00e7\u00e3o n\u00ba 13, que busca resolver disputas sobre o rec\u00e1lculo do valor m\u00ednimo anual por aluno (VMAA) do Fundef de forma consensual.<\/p>\n<p>O ministro da Educa\u00e7\u00e3o, Camilo Santana, destacou que a solu\u00e7\u00e3o negociada fortalece a educa\u00e7\u00e3o no pa\u00eds e evita prolongamento de disputas judiciais. J\u00e1 Rui Costa afirmou que os recursos ser\u00e3o utilizados para ampliar a oferta de creches e escolas de tempo integral em Salvador. \u201cEssa \u00e9 uma prioridade do presidente Lula. Esses recursos, mais de um R$ 1 bilh\u00e3o, v\u00e3o se transformar em creches em todas as comunidades de Salvador, em escolas em tempo integral, para que a gente continue a dar saltos na educa\u00e7\u00e3o\u201d, ressaltou Costa.<\/p>\n<p>Foto: Divulga\u00e7\u00e3o\/Gov.br<br \/>\nPor: Metro1<\/p>\n","protected":false},"excerpt":{"rendered":"<p>O montante ser\u00e1 pago ao longo de tr\u00eas anos e dever\u00e1 ser aplicado exclusivamente no setor educacional Salvador garantiu um<\/p>\n","protected":false},"author":4,"featured_media":16837,"comment_status":"open","ping_status":"open","sticky":false,"template":"","format":"standard","meta":{"colormag_page_container_layout":"default_layout","colormag_page_sidebar_layout":"default_layout","_FSMCFIC_featured_image_caption":"","_FSMCFIC_featured_image_nocaption":"","_FSMCFIC_featured_image_hide":"","footnotes":""},"categories":[5,1],"tags":[],"class_list":["post-16836","post","type-post","status-publish","format-standard","has-post-thumbnail","hentry","category-politica","category-ultimas"],"yoast_head":"<!-- This site is optimized with the Yoast SEO plugin v27.1.1 - https:\/\/yoast.com\/product\/yoast-seo-wordpress\/ -->\n<title>Salvador receber\u00e1 mais de R$ 1 bilh\u00e3o para educa\u00e7\u00e3o ap\u00f3s acordo com a Uni\u00e3o - Brasil not\u00edcias<\/title>\n<meta name=\"robots\" content=\"index, follow, max-snippet:-1, max-image-preview:large, max-video-preview:-1\" \/>\n<link rel=\"canonical\" href=\"https:\/\/brasilnoticias.org\/site\/salvador-recebera-mais-de-r-1-bilhao-para-educacao-apos-acordo-com-a-uniao\/\" \/>\n<meta property=\"og:locale\" content=\"pt_PT\" \/>\n<meta property=\"og:type\" content=\"article\" \/>\n<meta property=\"og:title\" content=\"Salvador receber\u00e1 mais de R$ 1 bilh\u00e3o para educa\u00e7\u00e3o ap\u00f3s acordo com a Uni\u00e3o - Brasil not\u00edcias\" \/>\n<meta property=\"og:description\" content=\"O montante ser\u00e1 pago ao longo de tr\u00eas anos e dever\u00e1 ser aplicado exclusivamente no setor educacional Salvador garantiu um\" \/>\n<meta property=\"og:url\" content=\"https:\/\/brasilnoticias.org\/site\/salvador-recebera-mais-de-r-1-bilhao-para-educacao-apos-acordo-com-a-uniao\/\" \/>\n<meta property=\"og:site_name\" content=\"Brasil not\u00edcias\" \/>\n<meta property=\"article:published_time\" content=\"2025-02-20T21:44:54+00:00\" \/>\n<meta property=\"og:image\" content=\"https:\/\/brasilnoticias.org\/site\/wp-content\/uploads\/2025\/02\/161695salvador-recebera-mais-de-r-1-bilhao-para-educacao-apos-acordo-com-a-uniao-3.jpg\" \/>\n\t<meta property=\"og:image:width\" content=\"1600\" \/>\n\t<meta property=\"og:image:height\" content=\"752\" \/>\n\t<meta property=\"og:image:type\" content=\"image\/jpeg\" \/>\n<meta name=\"author\" content=\"Reda\u00e7\u00e3o\" \/>\n<meta name=\"twitter:card\" content=\"summary_large_image\" \/>\n<meta name=\"twitter:label1\" content=\"Escrito por\" \/>\n\t<meta name=\"twitter:data1\" content=\"Reda\u00e7\u00e3o\" \/>\n\t<meta name=\"twitter:label2\" content=\"Tempo estimado de leitura\" \/>\n\t<meta name=\"twitter:data2\" content=\"1 minuto\" \/>\n<script type=\"application\/ld+json\" class=\"yoast-schema-graph\">{\"@context\":\"https:\/\/schema.org\",\"@graph\":[{\"@type\":\"Article\",\"@id\":\"https:\/\/brasilnoticias.org\/site\/salvador-recebera-mais-de-r-1-bilhao-para-educacao-apos-acordo-com-a-uniao\/#article\",\"isPartOf\":{\"@id\":\"https:\/\/brasilnoticias.org\/site\/salvador-recebera-mais-de-r-1-bilhao-para-educacao-apos-acordo-com-a-uniao\/\"},\"author\":{\"name\":\"Reda\u00e7\u00e3o\",\"@id\":\"https:\/\/brasilnoticias.org\/site\/#\/schema\/person\/03bbbfe6c7634ad18c26444ea39049fa\"},\"headline\":\"Salvador receber\u00e1 mais de R$ 1 bilh\u00e3o para educa\u00e7\u00e3o ap\u00f3s acordo com a Uni\u00e3o\",\"datePublished\":\"2025-02-20T21:44:54+00:00\",\"mainEntityOfPage\":{\"@id\":\"https:\/\/brasilnoticias.org\/site\/salvador-recebera-mais-de-r-1-bilhao-para-educacao-apos-acordo-com-a-uniao\/\"},\"wordCount\":324,\"commentCount\":0,\"publisher\":{\"@id\":\"https:\/\/brasilnoticias.org\/site\/#organization\"},\"image\":{\"@id\":\"https:\/\/brasilnoticias.org\/site\/salvador-recebera-mais-de-r-1-bilhao-para-educacao-apos-acordo-com-a-uniao\/#primaryimage\"},\"thumbnailUrl\":\"https:\/\/brasilnoticias.org\/site\/wp-content\/uploads\/2025\/02\/161695salvador-recebera-mais-de-r-1-bilhao-para-educacao-apos-acordo-com-a-uniao-3.jpg\",\"articleSection\":[\"Pol\u00edtica\",\"\u00daltimas\"],\"inLanguage\":\"pt-PT\",\"potentialAction\":[{\"@type\":\"CommentAction\",\"name\":\"Comment\",\"target\":[\"https:\/\/brasilnoticias.org\/site\/salvador-recebera-mais-de-r-1-bilhao-para-educacao-apos-acordo-com-a-uniao\/#respond\"]}]},{\"@type\":\"WebPage\",\"@id\":\"https:\/\/brasilnoticias.org\/site\/salvador-recebera-mais-de-r-1-bilhao-para-educacao-apos-acordo-com-a-uniao\/\",\"url\":\"https:\/\/brasilnoticias.org\/site\/salvador-recebera-mais-de-r-1-bilhao-para-educacao-apos-acordo-com-a-uniao\/\",\"name\":\"Salvador receber\u00e1 mais de R$ 1 bilh\u00e3o para educa\u00e7\u00e3o ap\u00f3s acordo com a Uni\u00e3o - Brasil not\u00edcias\",\"isPartOf\":{\"@id\":\"https:\/\/brasilnoticias.org\/site\/#website\"},\"primaryImageOfPage\":{\"@id\":\"https:\/\/brasilnoticias.org\/site\/salvador-recebera-mais-de-r-1-bilhao-para-educacao-apos-acordo-com-a-uniao\/#primaryimage\"},\"image\":{\"@id\":\"https:\/\/brasilnoticias.org\/site\/salvador-recebera-mais-de-r-1-bilhao-para-educacao-apos-acordo-com-a-uniao\/#primaryimage\"},\"thumbnailUrl\":\"https:\/\/brasilnoticias.org\/site\/wp-content\/uploads\/2025\/02\/161695salvador-recebera-mais-de-r-1-bilhao-para-educacao-apos-acordo-com-a-uniao-3.jpg\",\"datePublished\":\"2025-02-20T21:44:54+00:00\",\"breadcrumb\":{\"@id\":\"https:\/\/brasilnoticias.org\/site\/salvador-recebera-mais-de-r-1-bilhao-para-educacao-apos-acordo-com-a-uniao\/#breadcrumb\"},\"inLanguage\":\"pt-PT\",\"potentialAction\":[{\"@type\":\"ReadAction\",\"target\":[\"https:\/\/brasilnoticias.org\/site\/salvador-recebera-mais-de-r-1-bilhao-para-educacao-apos-acordo-com-a-uniao\/\"]}]},{\"@type\":\"ImageObject\",\"inLanguage\":\"pt-PT\",\"@id\":\"https:\/\/brasilnoticias.org\/site\/salvador-recebera-mais-de-r-1-bilhao-para-educacao-apos-acordo-com-a-uniao\/#primaryimage\",\"url\":\"https:\/\/brasilnoticias.org\/site\/wp-content\/uploads\/2025\/02\/161695salvador-recebera-mais-de-r-1-bilhao-para-educacao-apos-acordo-com-a-uniao-3.jpg\",\"contentUrl\":\"https:\/\/brasilnoticias.org\/site\/wp-content\/uploads\/2025\/02\/161695salvador-recebera-mais-de-r-1-bilhao-para-educacao-apos-acordo-com-a-uniao-3.jpg\",\"width\":1600,\"height\":752},{\"@type\":\"BreadcrumbList\",\"@id\":\"https:\/\/brasilnoticias.org\/site\/salvador-recebera-mais-de-r-1-bilhao-para-educacao-apos-acordo-com-a-uniao\/#breadcrumb\",\"itemListElement\":[{\"@type\":\"ListItem\",\"position\":1,\"name\":\"In\u00edcio\",\"item\":\"https:\/\/brasilnoticias.org\/site\/\"},{\"@type\":\"ListItem\",\"position\":2,\"name\":\"Salvador receber\u00e1 mais de R$ 1 bilh\u00e3o para educa\u00e7\u00e3o ap\u00f3s acordo com a Uni\u00e3o\"}]},{\"@type\":\"WebSite\",\"@id\":\"https:\/\/brasilnoticias.org\/site\/#website\",\"url\":\"https:\/\/brasilnoticias.org\/site\/\",\"name\":\"Brasil not\u00edcias\",\"description\":\"Brasil not\u00edcias\",\"publisher\":{\"@id\":\"https:\/\/brasilnoticias.org\/site\/#organization\"},\"potentialAction\":[{\"@type\":\"SearchAction\",\"target\":{\"@type\":\"EntryPoint\",\"urlTemplate\":\"https:\/\/brasilnoticias.org\/site\/?s={search_term_string}\"},\"query-input\":{\"@type\":\"PropertyValueSpecification\",\"valueRequired\":true,\"valueName\":\"search_term_string\"}}],\"inLanguage\":\"pt-PT\"},{\"@type\":\"Organization\",\"@id\":\"https:\/\/brasilnoticias.org\/site\/#organization\",\"name\":\"Brasil not\u00edcias\",\"url\":\"https:\/\/brasilnoticias.org\/site\/\",\"logo\":{\"@type\":\"ImageObject\",\"inLanguage\":\"pt-PT\",\"@id\":\"https:\/\/brasilnoticias.org\/site\/#\/schema\/logo\/image\/\",\"url\":\"https:\/\/brasilnoticias.org\/site\/wp-content\/uploads\/2022\/05\/cropped-brasilnoticias-mini.jpg\",\"contentUrl\":\"https:\/\/brasilnoticias.org\/site\/wp-content\/uploads\/2022\/05\/cropped-brasilnoticias-mini.jpg\",\"width\":314,\"height\":86,\"caption\":\"Brasil not\u00edcias\"},\"image\":{\"@id\":\"https:\/\/brasilnoticias.org\/site\/#\/schema\/logo\/image\/\"}},{\"@type\":\"Person\",\"@id\":\"https:\/\/brasilnoticias.org\/site\/#\/schema\/person\/03bbbfe6c7634ad18c26444ea39049fa\",\"name\":\"Reda\u00e7\u00e3o\",\"image\":{\"@type\":\"ImageObject\",\"inLanguage\":\"pt-PT\",\"@id\":\"https:\/\/brasilnoticias.org\/site\/#\/schema\/person\/image\/\",\"url\":\"https:\/\/secure.gravatar.com\/avatar\/9ecaf7327a696cb23ad926fedded5f1f04d7049de9e445375d55b48c001a6e42?s=96&d=mm&r=g\",\"contentUrl\":\"https:\/\/secure.gravatar.com\/avatar\/9ecaf7327a696cb23ad926fedded5f1f04d7049de9e445375d55b48c001a6e42?s=96&d=mm&r=g\",\"caption\":\"Reda\u00e7\u00e3o\"},\"url\":\"https:\/\/brasilnoticias.org\/site\/author\/henrique\/\"}]}<\/script>\n<!-- \/ Yoast SEO plugin. -->","yoast_head_json":{"title":"Salvador receber\u00e1 mais de R$ 1 bilh\u00e3o para educa\u00e7\u00e3o ap\u00f3s acordo com a Uni\u00e3o - Brasil not\u00edcias","robots":{"index":"index","follow":"follow","max-snippet":"max-snippet:-1","max-image-preview":"max-image-preview:large","max-video-preview":"max-video-preview:-1"},"canonical":"https:\/\/brasilnoticias.org\/site\/salvador-recebera-mais-de-r-1-bilhao-para-educacao-apos-acordo-com-a-uniao\/","og_locale":"pt_PT","og_type":"article","og_title":"Salvador receber\u00e1 mais de R$ 1 bilh\u00e3o para educa\u00e7\u00e3o ap\u00f3s acordo com a Uni\u00e3o - Brasil not\u00edcias","og_description":"O montante ser\u00e1 pago ao longo de tr\u00eas anos e dever\u00e1 ser aplicado exclusivamente no setor educacional Salvador garantiu um","og_url":"https:\/\/brasilnoticias.org\/site\/salvador-recebera-mais-de-r-1-bilhao-para-educacao-apos-acordo-com-a-uniao\/","og_site_name":"Brasil not\u00edcias","article_published_time":"2025-02-20T21:44:54+00:00","og_image":[{"width":1600,"height":752,"url":"https:\/\/brasilnoticias.org\/site\/wp-content\/uploads\/2025\/02\/161695salvador-recebera-mais-de-r-1-bilhao-para-educacao-apos-acordo-com-a-uniao-3.jpg","type":"image\/jpeg"}],"author":"Reda\u00e7\u00e3o","twitter_card":"summary_large_image","twitter_misc":{"Escrito por":"Reda\u00e7\u00e3o","Tempo estimado de leitura":"1 minuto"},"schema":{"@context":"https:\/\/schema.org","@graph":[{"@type":"Article","@id":"https:\/\/brasilnoticias.org\/site\/salvador-recebera-mais-de-r-1-bilhao-para-educacao-apos-acordo-com-a-uniao\/#article","isPartOf":{"@id":"https:\/\/brasilnoticias.org\/site\/salvador-recebera-mais-de-r-1-bilhao-para-educacao-apos-acordo-com-a-uniao\/"},"author":{"name":"Reda\u00e7\u00e3o","@id":"https:\/\/brasilnoticias.org\/site\/#\/schema\/person\/03bbbfe6c7634ad18c26444ea39049fa"},"headline":"Salvador receber\u00e1 mais de R$ 1 bilh\u00e3o para educa\u00e7\u00e3o ap\u00f3s acordo com a Uni\u00e3o","datePublished":"2025-02-20T21:44:54+00:00","mainEntityOfPage":{"@id":"https:\/\/brasilnoticias.org\/site\/salvador-recebera-mais-de-r-1-bilhao-para-educacao-apos-acordo-com-a-uniao\/"},"wordCount":324,"commentCount":0,"publisher":{"@id":"https:\/\/brasilnoticias.org\/site\/#organization"},"image":{"@id":"https:\/\/brasilnoticias.org\/site\/salvador-recebera-mais-de-r-1-bilhao-para-educacao-apos-acordo-com-a-uniao\/#primaryimage"},"thumbnailUrl":"https:\/\/brasilnoticias.org\/site\/wp-content\/uploads\/2025\/02\/161695salvador-recebera-mais-de-r-1-bilhao-para-educacao-apos-acordo-com-a-uniao-3.jpg","articleSection":["Pol\u00edtica","\u00daltimas"],"inLanguage":"pt-PT","potentialAction":[{"@type":"CommentAction","name":"Comment","target":["https:\/\/brasilnoticias.org\/site\/salvador-recebera-mais-de-r-1-bilhao-para-educacao-apos-acordo-com-a-uniao\/#respond"]}]},{"@type":"WebPage","@id":"https:\/\/brasilnoticias.org\/site\/salvador-recebera-mais-de-r-1-bilhao-para-educacao-apos-acordo-com-a-uniao\/","url":"https:\/\/brasilnoticias.org\/site\/salvador-recebera-mais-de-r-1-bilhao-para-educacao-apos-acordo-com-a-uniao\/","name":"Salvador receber\u00e1 mais de R$ 1 bilh\u00e3o para educa\u00e7\u00e3o ap\u00f3s acordo com a Uni\u00e3o - Brasil not\u00edcias","isPartOf":{"@id":"https:\/\/brasilnoticias.org\/site\/#website"},"primaryImageOfPage":{"@id":"https:\/\/brasilnoticias.org\/site\/salvador-recebera-mais-de-r-1-bilhao-para-educacao-apos-acordo-com-a-uniao\/#primaryimage"},"image":{"@id":"https:\/\/brasilnoticias.org\/site\/salvador-recebera-mais-de-r-1-bilhao-para-educacao-apos-acordo-com-a-uniao\/#primaryimage"},"thumbnailUrl":"https:\/\/brasilnoticias.org\/site\/wp-content\/uploads\/2025\/02\/161695salvador-recebera-mais-de-r-1-bilhao-para-educacao-apos-acordo-com-a-uniao-3.jpg","datePublished":"2025-02-20T21:44:54+00:00","breadcrumb":{"@id":"https:\/\/brasilnoticias.org\/site\/salvador-recebera-mais-de-r-1-bilhao-para-educacao-apos-acordo-com-a-uniao\/#breadcrumb"},"inLanguage":"pt-PT","potentialAction":[{"@type":"ReadAction","target":["https:\/\/brasilnoticias.org\/site\/salvador-recebera-mais-de-r-1-bilhao-para-educacao-apos-acordo-com-a-uniao\/"]}]},{"@type":"ImageObject","inLanguage":"pt-PT","@id":"https:\/\/brasilnoticias.org\/site\/salvador-recebera-mais-de-r-1-bilhao-para-educacao-apos-acordo-com-a-uniao\/#primaryimage","url":"https:\/\/brasilnoticias.org\/site\/wp-content\/uploads\/2025\/02\/161695salvador-recebera-mais-de-r-1-bilhao-para-educacao-apos-acordo-com-a-uniao-3.jpg","contentUrl":"https:\/\/brasilnoticias.org\/site\/wp-content\/uploads\/2025\/02\/161695salvador-recebera-mais-de-r-1-bilhao-para-educacao-apos-acordo-com-a-uniao-3.jpg","width":1600,"height":752},{"@type":"BreadcrumbList","@id":"https:\/\/brasilnoticias.org\/site\/salvador-recebera-mais-de-r-1-bilhao-para-educacao-apos-acordo-com-a-uniao\/#breadcrumb","itemListElement":[{"@type":"ListItem","position":1,"name":"In\u00edcio","item":"https:\/\/brasilnoticias.org\/site\/"},{"@type":"ListItem","position":2,"name":"Salvador receber\u00e1 mais de R$ 1 bilh\u00e3o para educa\u00e7\u00e3o ap\u00f3s acordo com a Uni\u00e3o"}]},{"@type":"WebSite","@id":"https:\/\/brasilnoticias.org\/site\/#website","url":"https:\/\/brasilnoticias.org\/site\/","name":"Brasil not\u00edcias","description":"Brasil not\u00edcias","publisher":{"@id":"https:\/\/brasilnoticias.org\/site\/#organization"},"potentialAction":[{"@type":"SearchAction","target":{"@type":"EntryPoint","urlTemplate":"https:\/\/brasilnoticias.org\/site\/?s={search_term_string}"},"query-input":{"@type":"PropertyValueSpecification","valueRequired":true,"valueName":"search_term_string"}}],"inLanguage":"pt-PT"},{"@type":"Organization","@id":"https:\/\/brasilnoticias.org\/site\/#organization","name":"Brasil not\u00edcias","url":"https:\/\/brasilnoticias.org\/site\/","logo":{"@type":"ImageObject","inLanguage":"pt-PT","@id":"https:\/\/brasilnoticias.org\/site\/#\/schema\/logo\/image\/","url":"https:\/\/brasilnoticias.org\/site\/wp-content\/uploads\/2022\/05\/cropped-brasilnoticias-mini.jpg","contentUrl":"https:\/\/brasilnoticias.org\/site\/wp-content\/uploads\/2022\/05\/cropped-brasilnoticias-mini.jpg","width":314,"height":86,"caption":"Brasil not\u00edcias"},"image":{"@id":"https:\/\/brasilnoticias.org\/site\/#\/schema\/logo\/image\/"}},{"@type":"Person","@id":"https:\/\/brasilnoticias.org\/site\/#\/schema\/person\/03bbbfe6c7634ad18c26444ea39049fa","name":"Reda\u00e7\u00e3o","image":{"@type":"ImageObject","inLanguage":"pt-PT","@id":"https:\/\/brasilnoticias.org\/site\/#\/schema\/person\/image\/","url":"https:\/\/secure.gravatar.com\/avatar\/9ecaf7327a696cb23ad926fedded5f1f04d7049de9e445375d55b48c001a6e42?s=96&d=mm&r=g","contentUrl":"https:\/\/secure.gravatar.com\/avatar\/9ecaf7327a696cb23ad926fedded5f1f04d7049de9e445375d55b48c001a6e42?s=96&d=mm&r=g","caption":"Reda\u00e7\u00e3o"},"url":"https:\/\/brasilnoticias.org\/site\/author\/henrique\/"}]}},"_links":{"self":[{"href":"https:\/\/brasilnoticias.org\/site\/wp-json\/wp\/v2\/posts\/16836","targetHints":{"allow":["GET"]}}],"collection":[{"href":"https:\/\/brasilnoticias.org\/site\/wp-json\/wp\/v2\/posts"}],"about":[{"href":"https:\/\/brasilnoticias.org\/site\/wp-json\/wp\/v2\/types\/post"}],"author":[{"embeddable":true,"href":"https:\/\/brasilnoticias.org\/site\/wp-json\/wp\/v2\/users\/4"}],"replies":[{"embeddable":true,"href":"https:\/\/brasilnoticias.org\/site\/wp-json\/wp\/v2\/comments?post=16836"}],"version-history":[{"count":1,"href":"https:\/\/brasilnoticias.org\/site\/wp-json\/wp\/v2\/posts\/16836\/revisions"}],"predecessor-version":[{"id":16838,"href":"https:\/\/brasilnoticias.org\/site\/wp-json\/wp\/v2\/posts\/16836\/revisions\/16838"}],"wp:featuredmedia":[{"embeddable":true,"href":"https:\/\/brasilnoticias.org\/site\/wp-json\/wp\/v2\/media\/16837"}],"wp:attachment":[{"href":"https:\/\/brasilnoticias.org\/site\/wp-json\/wp\/v2\/media?parent=16836"}],"wp:term":[{"taxonomy":"category","embeddable":true,"href":"https:\/\/brasilnoticias.org\/site\/wp-json\/wp\/v2\/categories?post=16836"},{"taxonomy":"post_tag","embeddable":true,"href":"https:\/\/brasilnoticias.org\/site\/wp-json\/wp\/v2\/tags?post=16836"}],"curies":[{"name":"wp","href":"https:\/\/api.w.org\/{rel}","templated":true}]}}