{"id":1686,"date":"2022-10-07T18:20:49","date_gmt":"2022-10-07T21:20:49","guid":{"rendered":"https:\/\/brasilnoticias.org\/site\/?p=1686"},"modified":"2022-10-07T16:13:27","modified_gmt":"2022-10-07T19:13:27","slug":"bahia-concentra-segundo-maior-n-de-focos-de-incendio-no-pais-em-48h","status":"publish","type":"post","link":"https:\/\/brasilnoticias.org\/site\/bahia-concentra-segundo-maior-n-de-focos-de-incendio-no-pais-em-48h\/","title":{"rendered":"Bahia concentra segundo maior n\u00b0 de focos de inc\u00eandio no pa\u00eds em 48h"},"content":{"rendered":"<div class=\"mc-column content-text active-extra-styles \" data-block-type=\"unstyled\" data-block-weight=\"47\" data-block-id=\"3\">\n<p class=\"content-text__container \" data-track-category=\"Link no Texto\" data-track-links=\"\">A Bahia concentrou o segundo maior n\u00famero de focos de inc\u00eandio no pa\u00eds nas \u00faltimas 48 horas, segundo o Instituto Nacional de Pesquisas Espaciais. Em\u00a0<a href=\"https:\/\/g1.globo.com\/ba\/bahia\/cidade\/barreiras-ba\/\">Barreiras<\/a>, no oeste do estado, o fogo atingiu uma \u00e1rea de preserva\u00e7\u00e3o ambiental conhecida como &#8220;Rota das Cachoeiras&#8221;, na quinta-feira (7).<\/p>\n<\/div>\n<div class=\"wall protected-content\">\n<div class=\"mc-column content-text active-extra-styles \" data-block-type=\"unstyled\" data-block-weight=\"40\" data-block-id=\"4\">\n<p class=\"content-text__container \" data-track-category=\"Link no Texto\" data-track-links=\"\">Quatorze brigadistas e duas equipes do Corpo de Bombeiros, com oito homens, trabalharam no combate \u00e0s chamas durante toda a tarde e uma parte da noite, at\u00e9 conseguirem o controle total da situa\u00e7\u00e3o. esde a tarde de quinta-feira (6).<\/p>\n<\/div>\n<div class=\"mc-column content-text active-extra-styles \" data-block-type=\"unstyled\" data-block-weight=\"37\" data-block-id=\"5\">\n<p class=\"content-text__container \" data-track-category=\"Link no Texto\" data-track-links=\"\">O fogo se alastrou com rapidez por causa do tempo seco e do vento forte, t\u00edpicos entre os meses de setembro e dezembro em regi\u00f5es como sudoeste e norte, al\u00e9m da Chapada Diamantina e do oeste.<\/p>\n<\/div>\n<div class=\"content-ads content-ads--reveal\" data-block-type=\"ads\" data-block-id=\"6\">\n<div id=\"banner_materia2\" class=\"tag-manager-publicidade-container mc-has-reveal mc-has-ad-lazyload\" data-id=\"banner_materia2\">\n<div class=\"mc-column content-text active-extra-styles \" data-block-type=\"unstyled\" data-block-weight=\"33\" data-block-id=\"8\">\n<p class=\"content-text__container \" data-track-category=\"Link no Texto\" data-track-links=\"\">A vegeta\u00e7\u00e3o serve de combust\u00edvel para alimentar as chamas. Os brigadistas e bombeiros usam apenas equipamentos de m\u00e3o, e muitas vezes contam com ajuda de moradores no arriscado trabalho de preserva\u00e7\u00e3o ambiental.<\/p>\n<\/div>\n<div class=\"mc-column content-text active-extra-styles \" data-block-type=\"unstyled\" data-block-weight=\"20\" data-block-id=\"9\">\n<p class=\"content-text__container \" data-track-category=\"Link no Texto\" data-track-links=\"\">O caseiro de uma fazenda, S\u00e9rgio Rodrigues, foi uma das pessoas que ajudou a conter os focos em Barreiras.<\/p>\n<\/div>\n<div class=\"mc-column content-text active-extra-styles\" data-block-type=\"raw\" data-block-weight=\"26\" data-block-id=\"10\">\n<p class=\"content-text__container\">\n<blockquote class=\"content-blockquote theme-border-color-primary-before\"><p>&#8220;A gente conseguiu apagar a parte debaixo e depois a de cima. N\u00e3o temos o equipamento adequado para apagar, mas a gente conseguiu&#8221;, disse ele.<\/p><\/blockquote>\n<p>&nbsp;<\/p>\n<\/div>\n<div class=\"row medium-uncollapsed content-media content-photo\" data-block-type=\"backstage-photo\" data-block-id=\"11\">\n<div class=\"mc-column content-media__container\">\n<div class=\"content-media-container glb-skeleton-box\">\n<div class=\"mc-column content-text active-extra-styles \" data-block-type=\"unstyled\" data-block-weight=\"63\" data-block-id=\"13\">\n<p class=\"content-text__container \" data-track-category=\"Link no Texto\" data-track-links=\"\">O fogo chegou bem perto da comunidade Chico Preto, que tem cerca de 200 moradores, desceu a serra e atingiu os dois lados da estrada. O c\u00e9u chegou a escurecer mesmo de dia, por causa da fuma\u00e7a densa que se espalhou por pelo menos quatro localidades: Serra da Mangabeira, Serra do Rio Branco e as comunidades Chico Preto e Rio de Pedras.<\/p>\n<\/div>\n<div class=\"mc-column content-text active-extra-styles \" data-block-type=\"unstyled\" data-block-weight=\"13\" data-block-id=\"14\">\n<div class=\"mc-column content-text active-extra-styles \" data-block-type=\"unstyled\" data-block-weight=\"39\" data-block-id=\"15\">\n<p class=\"content-text__container \" data-track-category=\"Link no Texto\" data-track-links=\"\">Tha\u00eds de Souza Silva, que est\u00e1 gr\u00e1vida de cinco meses, mora h\u00e1 quatro anos no povoado de Chico Preto com os sogros, o marido e dois filhos pequenos. &#8220;Foi muita fuma\u00e7a, ficou muito ruim para a gente respirar&#8221;, disse.<\/p>\n<\/div>\n<div class=\"mc-column content-text active-extra-styles \" data-block-type=\"unstyled\" data-block-weight=\"25\" data-block-id=\"16\">\n<p class=\"content-text__container \" data-track-category=\"Link no Texto\" data-track-links=\"\">Segundo Tha\u00eds, muitos donos de fazendas e ro\u00e7as limpam os terrenos queimando a vegeta\u00e7\u00e3o, o que n\u00e3o \u00e9 recomendado, sobretudo nesta \u00e9poca do ano.<\/p>\n<\/div>\n<div class=\"mc-column content-text active-extra-styles \" data-block-type=\"unstyled\" data-block-weight=\"35\" data-block-id=\"17\">\n<p class=\"content-text__container \" data-track-category=\"Link no Texto\" data-track-links=\"\">Ainda n\u00e3o foi poss\u00edvel calcular a extens\u00e3o da \u00e1rea queimada na Rota das Cachoeiras. N\u00e3o h\u00e1 previs\u00e3o de chuva para Barreiras para os pr\u00f3ximos dias, o que aumenta a preocupa\u00e7\u00e3o de moradores, bombeiros e ambientalistas.<\/p>\n<\/div>\n<div class=\"mc-column content-text active-extra-styles\" data-block-type=\"raw\" data-block-weight=\"25\" data-block-id=\"18\">\n<p class=\"content-text__container\">\n<blockquote class=\"content-blockquote theme-border-color-primary-before\"><p>&#8220;Desde agosto, a gente vem fazendo um trabalho de conscientiza\u00e7\u00e3o no combate a esses inc\u00eandios&#8221;, disse a subsecretaria do meio ambiente de Barreiras, Marisa Costa.<\/p><\/blockquote>\n<p>&nbsp;<\/p>\n<\/div>\n<div class=\"content-ads content-ads--reveal\" data-block-type=\"ads\" data-block-id=\"19\">\n<div id=\"banner_materia__bcb3cbfd-854a-4ab3-a014-6121ae028257\" class=\"tag-manager-publicidade-container mc-has-reveal mc-has-ad-lazyload tag-manager-publicidade-banner_materia__bcb3cbfd-854a-4ab3-a014-6121ae028257 tag-manager-publicidade-container--carregado tag-manager-publicidade-container--visivel\" data-id=\"banner_materia__bcb3cbfd-854a-4ab3-a014-6121ae028257\" data-req=\"true\" data-google-query-id=\"CNf-053pzvoCFWSIlQIddPIIxw\" data-cid=\"138406000076\" data-lid=\"6122012566\">G1<\/div>\n<div data-id=\"banner_materia__bcb3cbfd-854a-4ab3-a014-6121ae028257\" data-req=\"true\" data-google-query-id=\"CNf-053pzvoCFWSIlQIddPIIxw\" data-cid=\"138406000076\" data-lid=\"6122012566\">Foto<\/div>\n<\/div>\n<\/div>\n<\/div>\n<\/div>\n<\/div>\n<\/div>\n<\/div>\n<div class=\"mc-column content-text active-extra-styles \" data-block-type=\"unstyled\" data-block-weight=\"28\" data-block-id=\"7\"><\/div>\n<\/div>\n","protected":false},"excerpt":{"rendered":"<p>A Bahia concentrou o segundo maior n\u00famero de focos de inc\u00eandio no pa\u00eds nas \u00faltimas 48 horas, segundo o Instituto<\/p>\n","protected":false},"author":1,"featured_media":1687,"comment_status":"open","ping_status":"open","sticky":false,"template":"","format":"standard","meta":{"colormag_page_container_layout":"default_layout","colormag_page_sidebar_layout":"default_layout","_FSMCFIC_featured_image_caption":"","_FSMCFIC_featured_image_nocaption":"","_FSMCFIC_featured_image_hide":"","footnotes":""},"categories":[2,1],"tags":[],"class_list":["post-1686","post","type-post","status-publish","format-standard","has-post-thumbnail","hentry","category-noticias","category-ultimas"],"yoast_head":"<!-- This site is optimized with the Yoast SEO plugin v27.1.1 - https:\/\/yoast.com\/product\/yoast-seo-wordpress\/ -->\n<title>Bahia concentra segundo maior n\u00b0 de focos de inc\u00eandio no pa\u00eds em 48h - Brasil not\u00edcias<\/title>\n<meta name=\"robots\" content=\"index, follow, max-snippet:-1, max-image-preview:large, max-video-preview:-1\" \/>\n<link rel=\"canonical\" href=\"https:\/\/brasilnoticias.org\/site\/bahia-concentra-segundo-maior-n-de-focos-de-incendio-no-pais-em-48h\/\" \/>\n<meta property=\"og:locale\" content=\"pt_PT\" \/>\n<meta property=\"og:type\" content=\"article\" \/>\n<meta property=\"og:title\" content=\"Bahia concentra segundo maior n\u00b0 de focos de inc\u00eandio no pa\u00eds em 48h - Brasil not\u00edcias\" \/>\n<meta property=\"og:description\" content=\"A Bahia concentrou o segundo maior n\u00famero de focos de inc\u00eandio no pa\u00eds nas \u00faltimas 48 horas, segundo o Instituto\" \/>\n<meta property=\"og:url\" content=\"https:\/\/brasilnoticias.org\/site\/bahia-concentra-segundo-maior-n-de-focos-de-incendio-no-pais-em-48h\/\" \/>\n<meta property=\"og:site_name\" content=\"Brasil not\u00edcias\" \/>\n<meta property=\"article:published_time\" content=\"2022-10-07T21:20:49+00:00\" \/>\n<meta property=\"og:image\" content=\"https:\/\/brasilnoticias.org\/site\/wp-content\/uploads\/2022\/10\/icnendio.jpg\" \/>\n\t<meta property=\"og:image:width\" content=\"582\" \/>\n\t<meta property=\"og:image:height\" content=\"412\" \/>\n\t<meta property=\"og:image:type\" content=\"image\/jpeg\" \/>\n<meta name=\"author\" content=\"Reda\u00e7\u00e3o\" \/>\n<meta name=\"twitter:card\" content=\"summary_large_image\" \/>\n<meta name=\"twitter:label1\" content=\"Escrito por\" \/>\n\t<meta name=\"twitter:data1\" content=\"Reda\u00e7\u00e3o\" \/>\n\t<meta name=\"twitter:label2\" content=\"Tempo estimado de leitura\" \/>\n\t<meta name=\"twitter:data2\" content=\"2 minutos\" \/>\n<script type=\"application\/ld+json\" class=\"yoast-schema-graph\">{\"@context\":\"https:\/\/schema.org\",\"@graph\":[{\"@type\":\"Article\",\"@id\":\"https:\/\/brasilnoticias.org\/site\/bahia-concentra-segundo-maior-n-de-focos-de-incendio-no-pais-em-48h\/#article\",\"isPartOf\":{\"@id\":\"https:\/\/brasilnoticias.org\/site\/bahia-concentra-segundo-maior-n-de-focos-de-incendio-no-pais-em-48h\/\"},\"author\":{\"name\":\"Reda\u00e7\u00e3o\",\"@id\":\"https:\/\/brasilnoticias.org\/site\/#\/schema\/person\/a0e05b973ec4d15c658d51911e53507b\"},\"headline\":\"Bahia concentra segundo maior n\u00b0 de focos de inc\u00eandio no pa\u00eds em 48h\",\"datePublished\":\"2022-10-07T21:20:49+00:00\",\"mainEntityOfPage\":{\"@id\":\"https:\/\/brasilnoticias.org\/site\/bahia-concentra-segundo-maior-n-de-focos-de-incendio-no-pais-em-48h\/\"},\"wordCount\":428,\"commentCount\":0,\"publisher\":{\"@id\":\"https:\/\/brasilnoticias.org\/site\/#organization\"},\"image\":{\"@id\":\"https:\/\/brasilnoticias.org\/site\/bahia-concentra-segundo-maior-n-de-focos-de-incendio-no-pais-em-48h\/#primaryimage\"},\"thumbnailUrl\":\"https:\/\/brasilnoticias.org\/site\/wp-content\/uploads\/2022\/10\/icnendio.jpg\",\"articleSection\":[\"Not\u00edcias\",\"\u00daltimas\"],\"inLanguage\":\"pt-PT\",\"potentialAction\":[{\"@type\":\"CommentAction\",\"name\":\"Comment\",\"target\":[\"https:\/\/brasilnoticias.org\/site\/bahia-concentra-segundo-maior-n-de-focos-de-incendio-no-pais-em-48h\/#respond\"]}]},{\"@type\":\"WebPage\",\"@id\":\"https:\/\/brasilnoticias.org\/site\/bahia-concentra-segundo-maior-n-de-focos-de-incendio-no-pais-em-48h\/\",\"url\":\"https:\/\/brasilnoticias.org\/site\/bahia-concentra-segundo-maior-n-de-focos-de-incendio-no-pais-em-48h\/\",\"name\":\"Bahia concentra segundo maior n\u00b0 de focos de inc\u00eandio no pa\u00eds em 48h - Brasil not\u00edcias\",\"isPartOf\":{\"@id\":\"https:\/\/brasilnoticias.org\/site\/#website\"},\"primaryImageOfPage\":{\"@id\":\"https:\/\/brasilnoticias.org\/site\/bahia-concentra-segundo-maior-n-de-focos-de-incendio-no-pais-em-48h\/#primaryimage\"},\"image\":{\"@id\":\"https:\/\/brasilnoticias.org\/site\/bahia-concentra-segundo-maior-n-de-focos-de-incendio-no-pais-em-48h\/#primaryimage\"},\"thumbnailUrl\":\"https:\/\/brasilnoticias.org\/site\/wp-content\/uploads\/2022\/10\/icnendio.jpg\",\"datePublished\":\"2022-10-07T21:20:49+00:00\",\"breadcrumb\":{\"@id\":\"https:\/\/brasilnoticias.org\/site\/bahia-concentra-segundo-maior-n-de-focos-de-incendio-no-pais-em-48h\/#breadcrumb\"},\"inLanguage\":\"pt-PT\",\"potentialAction\":[{\"@type\":\"ReadAction\",\"target\":[\"https:\/\/brasilnoticias.org\/site\/bahia-concentra-segundo-maior-n-de-focos-de-incendio-no-pais-em-48h\/\"]}]},{\"@type\":\"ImageObject\",\"inLanguage\":\"pt-PT\",\"@id\":\"https:\/\/brasilnoticias.org\/site\/bahia-concentra-segundo-maior-n-de-focos-de-incendio-no-pais-em-48h\/#primaryimage\",\"url\":\"https:\/\/brasilnoticias.org\/site\/wp-content\/uploads\/2022\/10\/icnendio.jpg\",\"contentUrl\":\"https:\/\/brasilnoticias.org\/site\/wp-content\/uploads\/2022\/10\/icnendio.jpg\",\"width\":582,\"height\":412},{\"@type\":\"BreadcrumbList\",\"@id\":\"https:\/\/brasilnoticias.org\/site\/bahia-concentra-segundo-maior-n-de-focos-de-incendio-no-pais-em-48h\/#breadcrumb\",\"itemListElement\":[{\"@type\":\"ListItem\",\"position\":1,\"name\":\"In\u00edcio\",\"item\":\"https:\/\/brasilnoticias.org\/site\/\"},{\"@type\":\"ListItem\",\"position\":2,\"name\":\"Bahia concentra segundo maior n\u00b0 de focos de inc\u00eandio no pa\u00eds em 48h\"}]},{\"@type\":\"WebSite\",\"@id\":\"https:\/\/brasilnoticias.org\/site\/#website\",\"url\":\"https:\/\/brasilnoticias.org\/site\/\",\"name\":\"Brasil not\u00edcias\",\"description\":\"Brasil not\u00edcias\",\"publisher\":{\"@id\":\"https:\/\/brasilnoticias.org\/site\/#organization\"},\"potentialAction\":[{\"@type\":\"SearchAction\",\"target\":{\"@type\":\"EntryPoint\",\"urlTemplate\":\"https:\/\/brasilnoticias.org\/site\/?s={search_term_string}\"},\"query-input\":{\"@type\":\"PropertyValueSpecification\",\"valueRequired\":true,\"valueName\":\"search_term_string\"}}],\"inLanguage\":\"pt-PT\"},{\"@type\":\"Organization\",\"@id\":\"https:\/\/brasilnoticias.org\/site\/#organization\",\"name\":\"Brasil not\u00edcias\",\"url\":\"https:\/\/brasilnoticias.org\/site\/\",\"logo\":{\"@type\":\"ImageObject\",\"inLanguage\":\"pt-PT\",\"@id\":\"https:\/\/brasilnoticias.org\/site\/#\/schema\/logo\/image\/\",\"url\":\"https:\/\/brasilnoticias.org\/site\/wp-content\/uploads\/2022\/05\/cropped-brasilnoticias-mini.jpg\",\"contentUrl\":\"https:\/\/brasilnoticias.org\/site\/wp-content\/uploads\/2022\/05\/cropped-brasilnoticias-mini.jpg\",\"width\":314,\"height\":86,\"caption\":\"Brasil not\u00edcias\"},\"image\":{\"@id\":\"https:\/\/brasilnoticias.org\/site\/#\/schema\/logo\/image\/\"}},{\"@type\":\"Person\",\"@id\":\"https:\/\/brasilnoticias.org\/site\/#\/schema\/person\/a0e05b973ec4d15c658d51911e53507b\",\"name\":\"Reda\u00e7\u00e3o\",\"image\":{\"@type\":\"ImageObject\",\"inLanguage\":\"pt-PT\",\"@id\":\"https:\/\/brasilnoticias.org\/site\/#\/schema\/person\/image\/\",\"url\":\"https:\/\/secure.gravatar.com\/avatar\/75d8b050df2de108b08ae78dfb8e374892df24a383c67db9c46a9c604f6aee9c?s=96&d=mm&r=g\",\"contentUrl\":\"https:\/\/secure.gravatar.com\/avatar\/75d8b050df2de108b08ae78dfb8e374892df24a383c67db9c46a9c604f6aee9c?s=96&d=mm&r=g\",\"caption\":\"Reda\u00e7\u00e3o\"},\"sameAs\":[\"https:\/\/brasilnoticias.org\/site\"],\"url\":\"https:\/\/brasilnoticias.org\/site\/author\/fernandozsngmail-com\/\"}]}<\/script>\n<!-- \/ Yoast SEO plugin. -->","yoast_head_json":{"title":"Bahia concentra segundo maior n\u00b0 de focos de inc\u00eandio no pa\u00eds em 48h - Brasil not\u00edcias","robots":{"index":"index","follow":"follow","max-snippet":"max-snippet:-1","max-image-preview":"max-image-preview:large","max-video-preview":"max-video-preview:-1"},"canonical":"https:\/\/brasilnoticias.org\/site\/bahia-concentra-segundo-maior-n-de-focos-de-incendio-no-pais-em-48h\/","og_locale":"pt_PT","og_type":"article","og_title":"Bahia concentra segundo maior n\u00b0 de focos de inc\u00eandio no pa\u00eds em 48h - Brasil not\u00edcias","og_description":"A Bahia concentrou o segundo maior n\u00famero de focos de inc\u00eandio no pa\u00eds nas \u00faltimas 48 horas, segundo o Instituto","og_url":"https:\/\/brasilnoticias.org\/site\/bahia-concentra-segundo-maior-n-de-focos-de-incendio-no-pais-em-48h\/","og_site_name":"Brasil not\u00edcias","article_published_time":"2022-10-07T21:20:49+00:00","og_image":[{"width":582,"height":412,"url":"https:\/\/brasilnoticias.org\/site\/wp-content\/uploads\/2022\/10\/icnendio.jpg","type":"image\/jpeg"}],"author":"Reda\u00e7\u00e3o","twitter_card":"summary_large_image","twitter_misc":{"Escrito por":"Reda\u00e7\u00e3o","Tempo estimado de leitura":"2 minutos"},"schema":{"@context":"https:\/\/schema.org","@graph":[{"@type":"Article","@id":"https:\/\/brasilnoticias.org\/site\/bahia-concentra-segundo-maior-n-de-focos-de-incendio-no-pais-em-48h\/#article","isPartOf":{"@id":"https:\/\/brasilnoticias.org\/site\/bahia-concentra-segundo-maior-n-de-focos-de-incendio-no-pais-em-48h\/"},"author":{"name":"Reda\u00e7\u00e3o","@id":"https:\/\/brasilnoticias.org\/site\/#\/schema\/person\/a0e05b973ec4d15c658d51911e53507b"},"headline":"Bahia concentra segundo maior n\u00b0 de focos de inc\u00eandio no pa\u00eds em 48h","datePublished":"2022-10-07T21:20:49+00:00","mainEntityOfPage":{"@id":"https:\/\/brasilnoticias.org\/site\/bahia-concentra-segundo-maior-n-de-focos-de-incendio-no-pais-em-48h\/"},"wordCount":428,"commentCount":0,"publisher":{"@id":"https:\/\/brasilnoticias.org\/site\/#organization"},"image":{"@id":"https:\/\/brasilnoticias.org\/site\/bahia-concentra-segundo-maior-n-de-focos-de-incendio-no-pais-em-48h\/#primaryimage"},"thumbnailUrl":"https:\/\/brasilnoticias.org\/site\/wp-content\/uploads\/2022\/10\/icnendio.jpg","articleSection":["Not\u00edcias","\u00daltimas"],"inLanguage":"pt-PT","potentialAction":[{"@type":"CommentAction","name":"Comment","target":["https:\/\/brasilnoticias.org\/site\/bahia-concentra-segundo-maior-n-de-focos-de-incendio-no-pais-em-48h\/#respond"]}]},{"@type":"WebPage","@id":"https:\/\/brasilnoticias.org\/site\/bahia-concentra-segundo-maior-n-de-focos-de-incendio-no-pais-em-48h\/","url":"https:\/\/brasilnoticias.org\/site\/bahia-concentra-segundo-maior-n-de-focos-de-incendio-no-pais-em-48h\/","name":"Bahia concentra segundo maior n\u00b0 de focos de inc\u00eandio no pa\u00eds em 48h - Brasil not\u00edcias","isPartOf":{"@id":"https:\/\/brasilnoticias.org\/site\/#website"},"primaryImageOfPage":{"@id":"https:\/\/brasilnoticias.org\/site\/bahia-concentra-segundo-maior-n-de-focos-de-incendio-no-pais-em-48h\/#primaryimage"},"image":{"@id":"https:\/\/brasilnoticias.org\/site\/bahia-concentra-segundo-maior-n-de-focos-de-incendio-no-pais-em-48h\/#primaryimage"},"thumbnailUrl":"https:\/\/brasilnoticias.org\/site\/wp-content\/uploads\/2022\/10\/icnendio.jpg","datePublished":"2022-10-07T21:20:49+00:00","breadcrumb":{"@id":"https:\/\/brasilnoticias.org\/site\/bahia-concentra-segundo-maior-n-de-focos-de-incendio-no-pais-em-48h\/#breadcrumb"},"inLanguage":"pt-PT","potentialAction":[{"@type":"ReadAction","target":["https:\/\/brasilnoticias.org\/site\/bahia-concentra-segundo-maior-n-de-focos-de-incendio-no-pais-em-48h\/"]}]},{"@type":"ImageObject","inLanguage":"pt-PT","@id":"https:\/\/brasilnoticias.org\/site\/bahia-concentra-segundo-maior-n-de-focos-de-incendio-no-pais-em-48h\/#primaryimage","url":"https:\/\/brasilnoticias.org\/site\/wp-content\/uploads\/2022\/10\/icnendio.jpg","contentUrl":"https:\/\/brasilnoticias.org\/site\/wp-content\/uploads\/2022\/10\/icnendio.jpg","width":582,"height":412},{"@type":"BreadcrumbList","@id":"https:\/\/brasilnoticias.org\/site\/bahia-concentra-segundo-maior-n-de-focos-de-incendio-no-pais-em-48h\/#breadcrumb","itemListElement":[{"@type":"ListItem","position":1,"name":"In\u00edcio","item":"https:\/\/brasilnoticias.org\/site\/"},{"@type":"ListItem","position":2,"name":"Bahia concentra segundo maior n\u00b0 de focos de inc\u00eandio no pa\u00eds em 48h"}]},{"@type":"WebSite","@id":"https:\/\/brasilnoticias.org\/site\/#website","url":"https:\/\/brasilnoticias.org\/site\/","name":"Brasil not\u00edcias","description":"Brasil not\u00edcias","publisher":{"@id":"https:\/\/brasilnoticias.org\/site\/#organization"},"potentialAction":[{"@type":"SearchAction","target":{"@type":"EntryPoint","urlTemplate":"https:\/\/brasilnoticias.org\/site\/?s={search_term_string}"},"query-input":{"@type":"PropertyValueSpecification","valueRequired":true,"valueName":"search_term_string"}}],"inLanguage":"pt-PT"},{"@type":"Organization","@id":"https:\/\/brasilnoticias.org\/site\/#organization","name":"Brasil not\u00edcias","url":"https:\/\/brasilnoticias.org\/site\/","logo":{"@type":"ImageObject","inLanguage":"pt-PT","@id":"https:\/\/brasilnoticias.org\/site\/#\/schema\/logo\/image\/","url":"https:\/\/brasilnoticias.org\/site\/wp-content\/uploads\/2022\/05\/cropped-brasilnoticias-mini.jpg","contentUrl":"https:\/\/brasilnoticias.org\/site\/wp-content\/uploads\/2022\/05\/cropped-brasilnoticias-mini.jpg","width":314,"height":86,"caption":"Brasil not\u00edcias"},"image":{"@id":"https:\/\/brasilnoticias.org\/site\/#\/schema\/logo\/image\/"}},{"@type":"Person","@id":"https:\/\/brasilnoticias.org\/site\/#\/schema\/person\/a0e05b973ec4d15c658d51911e53507b","name":"Reda\u00e7\u00e3o","image":{"@type":"ImageObject","inLanguage":"pt-PT","@id":"https:\/\/brasilnoticias.org\/site\/#\/schema\/person\/image\/","url":"https:\/\/secure.gravatar.com\/avatar\/75d8b050df2de108b08ae78dfb8e374892df24a383c67db9c46a9c604f6aee9c?s=96&d=mm&r=g","contentUrl":"https:\/\/secure.gravatar.com\/avatar\/75d8b050df2de108b08ae78dfb8e374892df24a383c67db9c46a9c604f6aee9c?s=96&d=mm&r=g","caption":"Reda\u00e7\u00e3o"},"sameAs":["https:\/\/brasilnoticias.org\/site"],"url":"https:\/\/brasilnoticias.org\/site\/author\/fernandozsngmail-com\/"}]}},"_links":{"self":[{"href":"https:\/\/brasilnoticias.org\/site\/wp-json\/wp\/v2\/posts\/1686","targetHints":{"allow":["GET"]}}],"collection":[{"href":"https:\/\/brasilnoticias.org\/site\/wp-json\/wp\/v2\/posts"}],"about":[{"href":"https:\/\/brasilnoticias.org\/site\/wp-json\/wp\/v2\/types\/post"}],"author":[{"embeddable":true,"href":"https:\/\/brasilnoticias.org\/site\/wp-json\/wp\/v2\/users\/1"}],"replies":[{"embeddable":true,"href":"https:\/\/brasilnoticias.org\/site\/wp-json\/wp\/v2\/comments?post=1686"}],"version-history":[{"count":1,"href":"https:\/\/brasilnoticias.org\/site\/wp-json\/wp\/v2\/posts\/1686\/revisions"}],"predecessor-version":[{"id":1688,"href":"https:\/\/brasilnoticias.org\/site\/wp-json\/wp\/v2\/posts\/1686\/revisions\/1688"}],"wp:featuredmedia":[{"embeddable":true,"href":"https:\/\/brasilnoticias.org\/site\/wp-json\/wp\/v2\/media\/1687"}],"wp:attachment":[{"href":"https:\/\/brasilnoticias.org\/site\/wp-json\/wp\/v2\/media?parent=1686"}],"wp:term":[{"taxonomy":"category","embeddable":true,"href":"https:\/\/brasilnoticias.org\/site\/wp-json\/wp\/v2\/categories?post=1686"},{"taxonomy":"post_tag","embeddable":true,"href":"https:\/\/brasilnoticias.org\/site\/wp-json\/wp\/v2\/tags?post=1686"}],"curies":[{"name":"wp","href":"https:\/\/api.w.org\/{rel}","templated":true}]}}