{"id":16874,"date":"2025-02-26T17:49:06","date_gmt":"2025-02-26T20:49:06","guid":{"rendered":"https:\/\/brasilnoticias.org\/site\/?p=16874"},"modified":"2025-02-26T17:49:06","modified_gmt":"2025-02-26T20:49:06","slug":"salvador-contara-com-policiais-disfarcados-e-posto-para-atender-vitimas-de-violencia-sexual-no-carnaval","status":"publish","type":"post","link":"https:\/\/brasilnoticias.org\/site\/salvador-contara-com-policiais-disfarcados-e-posto-para-atender-vitimas-de-violencia-sexual-no-carnaval\/","title":{"rendered":"Salvador contar\u00e1 com policiais disfar\u00e7ados e posto para atender v\u00edtimas de viol\u00eancia sexual no Carnaval"},"content":{"rendered":"<p>Informa\u00e7\u00f5es foram divulgadas pela Pol\u00edcia Civil na manh\u00e3 desta quarta-feira (26)<\/p>\n<p>O Carnaval de Salvador 2025 contar\u00e1 com medidas refor\u00e7adas para combater crimes sexuais e proteger foli\u00f5es. A Pol\u00edcia Civil anunciou, na manh\u00e3 desta quarta-feira (26), a instala\u00e7\u00e3o de um posto especializado em crimes sexuais, al\u00e9m de policiais disfar\u00e7ados e rondas para garantir a seguran\u00e7a. A opera\u00e7\u00e3o contar\u00e1 com 3 mil policiais e tecnologias avan\u00e7adas, como drones com c\u00e2meras de alta resolu\u00e7\u00e3o e sensores t\u00e9rmicos.<\/p>\n<p>O posto especializado ser\u00e1 em Ondina, pr\u00f3ximo ao Posto do Departamento de Pol\u00edcia T\u00e9cnica e a um posto de sa\u00fade, oferecendo atendimento r\u00e1pido para v\u00edtimas de viol\u00eancia sexual. Em 2024, cerca de tr\u00eas casos de agress\u00e3o sexual foram registrados, sendo um deles na \u00e1rea de Ondina, pr\u00f3ximo ao antigo Salvador Praia Hotel.<\/p>\n<p>Outra novidade \u00e9 a Opera\u00e7\u00e3o Quit\u00e9rias, com policiais usando camisas lil\u00e1s para identificar e ajudar pessoas em situa\u00e7\u00e3o de risco, encaminhando-as para apoio, assist\u00eancia m\u00e9dica ou suas resid\u00eancias. Tamb\u00e9m ser\u00e3o feitas varreduras nas \u00e1reas de dispers\u00e3o dos blocos.<\/p>\n<p>A Delegacia de Atendimento ao Turista (Deltur) ter\u00e1 unidades no Pelourinho e na Barra, funcionando 24 horas, com policiais bil\u00edngues. Al\u00e9m disso, foli\u00f5es poder\u00e3o utilizar o atendente virtual Paulo C\u00e9sar, tamb\u00e9m de forma bil\u00edngue, para den\u00fancias e orienta\u00e7\u00f5es sobre seguran\u00e7a e servi\u00e7os, atrav\u00e9s do n\u00famero 99606-5777.<\/p>\n<p>Foto: Haeckel Dias\/PCBa<br \/>\nPor: Metro1<\/p>\n","protected":false},"excerpt":{"rendered":"<p>Informa\u00e7\u00f5es foram divulgadas pela Pol\u00edcia Civil na manh\u00e3 desta quarta-feira (26) O Carnaval de Salvador 2025 contar\u00e1 com medidas refor\u00e7adas<\/p>\n","protected":false},"author":4,"featured_media":16875,"comment_status":"open","ping_status":"open","sticky":false,"template":"","format":"standard","meta":{"colormag_page_container_layout":"default_layout","colormag_page_sidebar_layout":"default_layout","_FSMCFIC_featured_image_caption":"","_FSMCFIC_featured_image_nocaption":"","_FSMCFIC_featured_image_hide":"","footnotes":""},"categories":[3,1],"tags":[],"class_list":["post-16874","post","type-post","status-publish","format-standard","has-post-thumbnail","hentry","category-policia","category-ultimas"],"yoast_head":"<!-- This site is optimized with the Yoast SEO plugin v27.1.1 - https:\/\/yoast.com\/product\/yoast-seo-wordpress\/ -->\n<title>Salvador contar\u00e1 com policiais disfar\u00e7ados e posto para atender v\u00edtimas de viol\u00eancia sexual no Carnaval - Brasil not\u00edcias<\/title>\n<meta name=\"robots\" content=\"index, follow, max-snippet:-1, max-image-preview:large, max-video-preview:-1\" \/>\n<link rel=\"canonical\" href=\"https:\/\/brasilnoticias.org\/site\/salvador-contara-com-policiais-disfarcados-e-posto-para-atender-vitimas-de-violencia-sexual-no-carnaval\/\" \/>\n<meta property=\"og:locale\" content=\"pt_PT\" \/>\n<meta property=\"og:type\" content=\"article\" \/>\n<meta property=\"og:title\" content=\"Salvador contar\u00e1 com policiais disfar\u00e7ados e posto para atender v\u00edtimas de viol\u00eancia sexual no Carnaval - Brasil not\u00edcias\" \/>\n<meta property=\"og:description\" content=\"Informa\u00e7\u00f5es foram divulgadas pela Pol\u00edcia Civil na manh\u00e3 desta quarta-feira (26) O Carnaval de Salvador 2025 contar\u00e1 com medidas refor\u00e7adas\" \/>\n<meta property=\"og:url\" content=\"https:\/\/brasilnoticias.org\/site\/salvador-contara-com-policiais-disfarcados-e-posto-para-atender-vitimas-de-violencia-sexual-no-carnaval\/\" \/>\n<meta property=\"og:site_name\" content=\"Brasil not\u00edcias\" \/>\n<meta property=\"article:published_time\" content=\"2025-02-26T20:49:06+00:00\" \/>\n<meta property=\"og:image\" content=\"https:\/\/brasilnoticias.org\/site\/wp-content\/uploads\/2025\/02\/161917salvador-contara-com-policiais-disfarcados-e-posto-para-atender-vitimas-de-violencia-sexual-no-carnaval-3.jpg\" \/>\n\t<meta property=\"og:image:width\" content=\"1600\" \/>\n\t<meta property=\"og:image:height\" content=\"752\" \/>\n\t<meta property=\"og:image:type\" content=\"image\/jpeg\" \/>\n<meta name=\"author\" content=\"Reda\u00e7\u00e3o\" \/>\n<meta name=\"twitter:card\" content=\"summary_large_image\" \/>\n<meta name=\"twitter:label1\" content=\"Escrito por\" \/>\n\t<meta name=\"twitter:data1\" content=\"Reda\u00e7\u00e3o\" \/>\n\t<meta name=\"twitter:label2\" content=\"Tempo estimado de leitura\" \/>\n\t<meta name=\"twitter:data2\" content=\"1 minuto\" \/>\n<script type=\"application\/ld+json\" class=\"yoast-schema-graph\">{\"@context\":\"https:\/\/schema.org\",\"@graph\":[{\"@type\":\"Article\",\"@id\":\"https:\/\/brasilnoticias.org\/site\/salvador-contara-com-policiais-disfarcados-e-posto-para-atender-vitimas-de-violencia-sexual-no-carnaval\/#article\",\"isPartOf\":{\"@id\":\"https:\/\/brasilnoticias.org\/site\/salvador-contara-com-policiais-disfarcados-e-posto-para-atender-vitimas-de-violencia-sexual-no-carnaval\/\"},\"author\":{\"name\":\"Reda\u00e7\u00e3o\",\"@id\":\"https:\/\/brasilnoticias.org\/site\/#\/schema\/person\/03bbbfe6c7634ad18c26444ea39049fa\"},\"headline\":\"Salvador contar\u00e1 com policiais disfar\u00e7ados e posto para atender v\u00edtimas de viol\u00eancia sexual no Carnaval\",\"datePublished\":\"2025-02-26T20:49:06+00:00\",\"mainEntityOfPage\":{\"@id\":\"https:\/\/brasilnoticias.org\/site\/salvador-contara-com-policiais-disfarcados-e-posto-para-atender-vitimas-de-violencia-sexual-no-carnaval\/\"},\"wordCount\":275,\"commentCount\":0,\"publisher\":{\"@id\":\"https:\/\/brasilnoticias.org\/site\/#organization\"},\"image\":{\"@id\":\"https:\/\/brasilnoticias.org\/site\/salvador-contara-com-policiais-disfarcados-e-posto-para-atender-vitimas-de-violencia-sexual-no-carnaval\/#primaryimage\"},\"thumbnailUrl\":\"https:\/\/brasilnoticias.org\/site\/wp-content\/uploads\/2025\/02\/161917salvador-contara-com-policiais-disfarcados-e-posto-para-atender-vitimas-de-violencia-sexual-no-carnaval-3.jpg\",\"articleSection\":[\"Pol\u00edcia\",\"\u00daltimas\"],\"inLanguage\":\"pt-PT\",\"potentialAction\":[{\"@type\":\"CommentAction\",\"name\":\"Comment\",\"target\":[\"https:\/\/brasilnoticias.org\/site\/salvador-contara-com-policiais-disfarcados-e-posto-para-atender-vitimas-de-violencia-sexual-no-carnaval\/#respond\"]}]},{\"@type\":\"WebPage\",\"@id\":\"https:\/\/brasilnoticias.org\/site\/salvador-contara-com-policiais-disfarcados-e-posto-para-atender-vitimas-de-violencia-sexual-no-carnaval\/\",\"url\":\"https:\/\/brasilnoticias.org\/site\/salvador-contara-com-policiais-disfarcados-e-posto-para-atender-vitimas-de-violencia-sexual-no-carnaval\/\",\"name\":\"Salvador contar\u00e1 com policiais disfar\u00e7ados e posto para atender v\u00edtimas de viol\u00eancia sexual no Carnaval - Brasil not\u00edcias\",\"isPartOf\":{\"@id\":\"https:\/\/brasilnoticias.org\/site\/#website\"},\"primaryImageOfPage\":{\"@id\":\"https:\/\/brasilnoticias.org\/site\/salvador-contara-com-policiais-disfarcados-e-posto-para-atender-vitimas-de-violencia-sexual-no-carnaval\/#primaryimage\"},\"image\":{\"@id\":\"https:\/\/brasilnoticias.org\/site\/salvador-contara-com-policiais-disfarcados-e-posto-para-atender-vitimas-de-violencia-sexual-no-carnaval\/#primaryimage\"},\"thumbnailUrl\":\"https:\/\/brasilnoticias.org\/site\/wp-content\/uploads\/2025\/02\/161917salvador-contara-com-policiais-disfarcados-e-posto-para-atender-vitimas-de-violencia-sexual-no-carnaval-3.jpg\",\"datePublished\":\"2025-02-26T20:49:06+00:00\",\"breadcrumb\":{\"@id\":\"https:\/\/brasilnoticias.org\/site\/salvador-contara-com-policiais-disfarcados-e-posto-para-atender-vitimas-de-violencia-sexual-no-carnaval\/#breadcrumb\"},\"inLanguage\":\"pt-PT\",\"potentialAction\":[{\"@type\":\"ReadAction\",\"target\":[\"https:\/\/brasilnoticias.org\/site\/salvador-contara-com-policiais-disfarcados-e-posto-para-atender-vitimas-de-violencia-sexual-no-carnaval\/\"]}]},{\"@type\":\"ImageObject\",\"inLanguage\":\"pt-PT\",\"@id\":\"https:\/\/brasilnoticias.org\/site\/salvador-contara-com-policiais-disfarcados-e-posto-para-atender-vitimas-de-violencia-sexual-no-carnaval\/#primaryimage\",\"url\":\"https:\/\/brasilnoticias.org\/site\/wp-content\/uploads\/2025\/02\/161917salvador-contara-com-policiais-disfarcados-e-posto-para-atender-vitimas-de-violencia-sexual-no-carnaval-3.jpg\",\"contentUrl\":\"https:\/\/brasilnoticias.org\/site\/wp-content\/uploads\/2025\/02\/161917salvador-contara-com-policiais-disfarcados-e-posto-para-atender-vitimas-de-violencia-sexual-no-carnaval-3.jpg\",\"width\":1600,\"height\":752},{\"@type\":\"BreadcrumbList\",\"@id\":\"https:\/\/brasilnoticias.org\/site\/salvador-contara-com-policiais-disfarcados-e-posto-para-atender-vitimas-de-violencia-sexual-no-carnaval\/#breadcrumb\",\"itemListElement\":[{\"@type\":\"ListItem\",\"position\":1,\"name\":\"In\u00edcio\",\"item\":\"https:\/\/brasilnoticias.org\/site\/\"},{\"@type\":\"ListItem\",\"position\":2,\"name\":\"Salvador contar\u00e1 com policiais disfar\u00e7ados e posto para atender v\u00edtimas de viol\u00eancia sexual no Carnaval\"}]},{\"@type\":\"WebSite\",\"@id\":\"https:\/\/brasilnoticias.org\/site\/#website\",\"url\":\"https:\/\/brasilnoticias.org\/site\/\",\"name\":\"Brasil not\u00edcias\",\"description\":\"Brasil not\u00edcias\",\"publisher\":{\"@id\":\"https:\/\/brasilnoticias.org\/site\/#organization\"},\"potentialAction\":[{\"@type\":\"SearchAction\",\"target\":{\"@type\":\"EntryPoint\",\"urlTemplate\":\"https:\/\/brasilnoticias.org\/site\/?s={search_term_string}\"},\"query-input\":{\"@type\":\"PropertyValueSpecification\",\"valueRequired\":true,\"valueName\":\"search_term_string\"}}],\"inLanguage\":\"pt-PT\"},{\"@type\":\"Organization\",\"@id\":\"https:\/\/brasilnoticias.org\/site\/#organization\",\"name\":\"Brasil not\u00edcias\",\"url\":\"https:\/\/brasilnoticias.org\/site\/\",\"logo\":{\"@type\":\"ImageObject\",\"inLanguage\":\"pt-PT\",\"@id\":\"https:\/\/brasilnoticias.org\/site\/#\/schema\/logo\/image\/\",\"url\":\"https:\/\/brasilnoticias.org\/site\/wp-content\/uploads\/2022\/05\/cropped-brasilnoticias-mini.jpg\",\"contentUrl\":\"https:\/\/brasilnoticias.org\/site\/wp-content\/uploads\/2022\/05\/cropped-brasilnoticias-mini.jpg\",\"width\":314,\"height\":86,\"caption\":\"Brasil not\u00edcias\"},\"image\":{\"@id\":\"https:\/\/brasilnoticias.org\/site\/#\/schema\/logo\/image\/\"}},{\"@type\":\"Person\",\"@id\":\"https:\/\/brasilnoticias.org\/site\/#\/schema\/person\/03bbbfe6c7634ad18c26444ea39049fa\",\"name\":\"Reda\u00e7\u00e3o\",\"image\":{\"@type\":\"ImageObject\",\"inLanguage\":\"pt-PT\",\"@id\":\"https:\/\/brasilnoticias.org\/site\/#\/schema\/person\/image\/\",\"url\":\"https:\/\/secure.gravatar.com\/avatar\/9ecaf7327a696cb23ad926fedded5f1f04d7049de9e445375d55b48c001a6e42?s=96&d=mm&r=g\",\"contentUrl\":\"https:\/\/secure.gravatar.com\/avatar\/9ecaf7327a696cb23ad926fedded5f1f04d7049de9e445375d55b48c001a6e42?s=96&d=mm&r=g\",\"caption\":\"Reda\u00e7\u00e3o\"},\"url\":\"https:\/\/brasilnoticias.org\/site\/author\/henrique\/\"}]}<\/script>\n<!-- \/ Yoast SEO plugin. -->","yoast_head_json":{"title":"Salvador contar\u00e1 com policiais disfar\u00e7ados e posto para atender v\u00edtimas de viol\u00eancia sexual no Carnaval - Brasil not\u00edcias","robots":{"index":"index","follow":"follow","max-snippet":"max-snippet:-1","max-image-preview":"max-image-preview:large","max-video-preview":"max-video-preview:-1"},"canonical":"https:\/\/brasilnoticias.org\/site\/salvador-contara-com-policiais-disfarcados-e-posto-para-atender-vitimas-de-violencia-sexual-no-carnaval\/","og_locale":"pt_PT","og_type":"article","og_title":"Salvador contar\u00e1 com policiais disfar\u00e7ados e posto para atender v\u00edtimas de viol\u00eancia sexual no Carnaval - Brasil not\u00edcias","og_description":"Informa\u00e7\u00f5es foram divulgadas pela Pol\u00edcia Civil na manh\u00e3 desta quarta-feira (26) O Carnaval de Salvador 2025 contar\u00e1 com medidas refor\u00e7adas","og_url":"https:\/\/brasilnoticias.org\/site\/salvador-contara-com-policiais-disfarcados-e-posto-para-atender-vitimas-de-violencia-sexual-no-carnaval\/","og_site_name":"Brasil not\u00edcias","article_published_time":"2025-02-26T20:49:06+00:00","og_image":[{"width":1600,"height":752,"url":"https:\/\/brasilnoticias.org\/site\/wp-content\/uploads\/2025\/02\/161917salvador-contara-com-policiais-disfarcados-e-posto-para-atender-vitimas-de-violencia-sexual-no-carnaval-3.jpg","type":"image\/jpeg"}],"author":"Reda\u00e7\u00e3o","twitter_card":"summary_large_image","twitter_misc":{"Escrito por":"Reda\u00e7\u00e3o","Tempo estimado de leitura":"1 minuto"},"schema":{"@context":"https:\/\/schema.org","@graph":[{"@type":"Article","@id":"https:\/\/brasilnoticias.org\/site\/salvador-contara-com-policiais-disfarcados-e-posto-para-atender-vitimas-de-violencia-sexual-no-carnaval\/#article","isPartOf":{"@id":"https:\/\/brasilnoticias.org\/site\/salvador-contara-com-policiais-disfarcados-e-posto-para-atender-vitimas-de-violencia-sexual-no-carnaval\/"},"author":{"name":"Reda\u00e7\u00e3o","@id":"https:\/\/brasilnoticias.org\/site\/#\/schema\/person\/03bbbfe6c7634ad18c26444ea39049fa"},"headline":"Salvador contar\u00e1 com policiais disfar\u00e7ados e posto para atender v\u00edtimas de viol\u00eancia sexual no Carnaval","datePublished":"2025-02-26T20:49:06+00:00","mainEntityOfPage":{"@id":"https:\/\/brasilnoticias.org\/site\/salvador-contara-com-policiais-disfarcados-e-posto-para-atender-vitimas-de-violencia-sexual-no-carnaval\/"},"wordCount":275,"commentCount":0,"publisher":{"@id":"https:\/\/brasilnoticias.org\/site\/#organization"},"image":{"@id":"https:\/\/brasilnoticias.org\/site\/salvador-contara-com-policiais-disfarcados-e-posto-para-atender-vitimas-de-violencia-sexual-no-carnaval\/#primaryimage"},"thumbnailUrl":"https:\/\/brasilnoticias.org\/site\/wp-content\/uploads\/2025\/02\/161917salvador-contara-com-policiais-disfarcados-e-posto-para-atender-vitimas-de-violencia-sexual-no-carnaval-3.jpg","articleSection":["Pol\u00edcia","\u00daltimas"],"inLanguage":"pt-PT","potentialAction":[{"@type":"CommentAction","name":"Comment","target":["https:\/\/brasilnoticias.org\/site\/salvador-contara-com-policiais-disfarcados-e-posto-para-atender-vitimas-de-violencia-sexual-no-carnaval\/#respond"]}]},{"@type":"WebPage","@id":"https:\/\/brasilnoticias.org\/site\/salvador-contara-com-policiais-disfarcados-e-posto-para-atender-vitimas-de-violencia-sexual-no-carnaval\/","url":"https:\/\/brasilnoticias.org\/site\/salvador-contara-com-policiais-disfarcados-e-posto-para-atender-vitimas-de-violencia-sexual-no-carnaval\/","name":"Salvador contar\u00e1 com policiais disfar\u00e7ados e posto para atender v\u00edtimas de viol\u00eancia sexual no Carnaval - Brasil not\u00edcias","isPartOf":{"@id":"https:\/\/brasilnoticias.org\/site\/#website"},"primaryImageOfPage":{"@id":"https:\/\/brasilnoticias.org\/site\/salvador-contara-com-policiais-disfarcados-e-posto-para-atender-vitimas-de-violencia-sexual-no-carnaval\/#primaryimage"},"image":{"@id":"https:\/\/brasilnoticias.org\/site\/salvador-contara-com-policiais-disfarcados-e-posto-para-atender-vitimas-de-violencia-sexual-no-carnaval\/#primaryimage"},"thumbnailUrl":"https:\/\/brasilnoticias.org\/site\/wp-content\/uploads\/2025\/02\/161917salvador-contara-com-policiais-disfarcados-e-posto-para-atender-vitimas-de-violencia-sexual-no-carnaval-3.jpg","datePublished":"2025-02-26T20:49:06+00:00","breadcrumb":{"@id":"https:\/\/brasilnoticias.org\/site\/salvador-contara-com-policiais-disfarcados-e-posto-para-atender-vitimas-de-violencia-sexual-no-carnaval\/#breadcrumb"},"inLanguage":"pt-PT","potentialAction":[{"@type":"ReadAction","target":["https:\/\/brasilnoticias.org\/site\/salvador-contara-com-policiais-disfarcados-e-posto-para-atender-vitimas-de-violencia-sexual-no-carnaval\/"]}]},{"@type":"ImageObject","inLanguage":"pt-PT","@id":"https:\/\/brasilnoticias.org\/site\/salvador-contara-com-policiais-disfarcados-e-posto-para-atender-vitimas-de-violencia-sexual-no-carnaval\/#primaryimage","url":"https:\/\/brasilnoticias.org\/site\/wp-content\/uploads\/2025\/02\/161917salvador-contara-com-policiais-disfarcados-e-posto-para-atender-vitimas-de-violencia-sexual-no-carnaval-3.jpg","contentUrl":"https:\/\/brasilnoticias.org\/site\/wp-content\/uploads\/2025\/02\/161917salvador-contara-com-policiais-disfarcados-e-posto-para-atender-vitimas-de-violencia-sexual-no-carnaval-3.jpg","width":1600,"height":752},{"@type":"BreadcrumbList","@id":"https:\/\/brasilnoticias.org\/site\/salvador-contara-com-policiais-disfarcados-e-posto-para-atender-vitimas-de-violencia-sexual-no-carnaval\/#breadcrumb","itemListElement":[{"@type":"ListItem","position":1,"name":"In\u00edcio","item":"https:\/\/brasilnoticias.org\/site\/"},{"@type":"ListItem","position":2,"name":"Salvador contar\u00e1 com policiais disfar\u00e7ados e posto para atender v\u00edtimas de viol\u00eancia sexual no Carnaval"}]},{"@type":"WebSite","@id":"https:\/\/brasilnoticias.org\/site\/#website","url":"https:\/\/brasilnoticias.org\/site\/","name":"Brasil not\u00edcias","description":"Brasil not\u00edcias","publisher":{"@id":"https:\/\/brasilnoticias.org\/site\/#organization"},"potentialAction":[{"@type":"SearchAction","target":{"@type":"EntryPoint","urlTemplate":"https:\/\/brasilnoticias.org\/site\/?s={search_term_string}"},"query-input":{"@type":"PropertyValueSpecification","valueRequired":true,"valueName":"search_term_string"}}],"inLanguage":"pt-PT"},{"@type":"Organization","@id":"https:\/\/brasilnoticias.org\/site\/#organization","name":"Brasil not\u00edcias","url":"https:\/\/brasilnoticias.org\/site\/","logo":{"@type":"ImageObject","inLanguage":"pt-PT","@id":"https:\/\/brasilnoticias.org\/site\/#\/schema\/logo\/image\/","url":"https:\/\/brasilnoticias.org\/site\/wp-content\/uploads\/2022\/05\/cropped-brasilnoticias-mini.jpg","contentUrl":"https:\/\/brasilnoticias.org\/site\/wp-content\/uploads\/2022\/05\/cropped-brasilnoticias-mini.jpg","width":314,"height":86,"caption":"Brasil not\u00edcias"},"image":{"@id":"https:\/\/brasilnoticias.org\/site\/#\/schema\/logo\/image\/"}},{"@type":"Person","@id":"https:\/\/brasilnoticias.org\/site\/#\/schema\/person\/03bbbfe6c7634ad18c26444ea39049fa","name":"Reda\u00e7\u00e3o","image":{"@type":"ImageObject","inLanguage":"pt-PT","@id":"https:\/\/brasilnoticias.org\/site\/#\/schema\/person\/image\/","url":"https:\/\/secure.gravatar.com\/avatar\/9ecaf7327a696cb23ad926fedded5f1f04d7049de9e445375d55b48c001a6e42?s=96&d=mm&r=g","contentUrl":"https:\/\/secure.gravatar.com\/avatar\/9ecaf7327a696cb23ad926fedded5f1f04d7049de9e445375d55b48c001a6e42?s=96&d=mm&r=g","caption":"Reda\u00e7\u00e3o"},"url":"https:\/\/brasilnoticias.org\/site\/author\/henrique\/"}]}},"_links":{"self":[{"href":"https:\/\/brasilnoticias.org\/site\/wp-json\/wp\/v2\/posts\/16874","targetHints":{"allow":["GET"]}}],"collection":[{"href":"https:\/\/brasilnoticias.org\/site\/wp-json\/wp\/v2\/posts"}],"about":[{"href":"https:\/\/brasilnoticias.org\/site\/wp-json\/wp\/v2\/types\/post"}],"author":[{"embeddable":true,"href":"https:\/\/brasilnoticias.org\/site\/wp-json\/wp\/v2\/users\/4"}],"replies":[{"embeddable":true,"href":"https:\/\/brasilnoticias.org\/site\/wp-json\/wp\/v2\/comments?post=16874"}],"version-history":[{"count":1,"href":"https:\/\/brasilnoticias.org\/site\/wp-json\/wp\/v2\/posts\/16874\/revisions"}],"predecessor-version":[{"id":16876,"href":"https:\/\/brasilnoticias.org\/site\/wp-json\/wp\/v2\/posts\/16874\/revisions\/16876"}],"wp:featuredmedia":[{"embeddable":true,"href":"https:\/\/brasilnoticias.org\/site\/wp-json\/wp\/v2\/media\/16875"}],"wp:attachment":[{"href":"https:\/\/brasilnoticias.org\/site\/wp-json\/wp\/v2\/media?parent=16874"}],"wp:term":[{"taxonomy":"category","embeddable":true,"href":"https:\/\/brasilnoticias.org\/site\/wp-json\/wp\/v2\/categories?post=16874"},{"taxonomy":"post_tag","embeddable":true,"href":"https:\/\/brasilnoticias.org\/site\/wp-json\/wp\/v2\/tags?post=16874"}],"curies":[{"name":"wp","href":"https:\/\/api.w.org\/{rel}","templated":true}]}}