{"id":16912,"date":"2025-03-01T19:32:49","date_gmt":"2025-03-01T22:32:49","guid":{"rendered":"https:\/\/brasilnoticias.org\/site\/?p=16912"},"modified":"2025-03-01T19:32:49","modified_gmt":"2025-03-01T22:32:49","slug":"ministros-do-stj-defendem-moraes-apos-nota-do-governo-dos-eua-com-criticas-a-decisoes-do-stf","status":"publish","type":"post","link":"https:\/\/brasilnoticias.org\/site\/ministros-do-stj-defendem-moraes-apos-nota-do-governo-dos-eua-com-criticas-a-decisoes-do-stf\/","title":{"rendered":"Ministros do STJ defendem Moraes ap\u00f3s nota do governo dos EUA com cr\u00edticas \u00e0 decis\u00f5es do STF"},"content":{"rendered":"<p>Comiss\u00e3o da C\u00e2mara dos Estados Unidos aprovou um projeto para barrar Alexandre de Moraes no pa\u00eds, alegando que ele ataca a liberdade de express\u00e3o.<\/p>\n<p>Ministros do Superior Tribunal de Justi\u00e7a (STJ) publicaram uma nota, nesta sexta-feira (28), defendendo o respeito \u00e0s decis\u00f5es judiciais brasileiras e uma rela\u00e7\u00e3o harmoniosa entre Brasil e Estados Unidos, ap\u00f3s manifesta\u00e7\u00e3o do governo americano criticando as decis\u00f5es do Judici\u00e1rio brasileiro.<\/p>\n<p>&#8220;Nenhum juiz brasileiro julga sozinho um lit\u00edgio, por menor que seja, sem que da sua decis\u00e3o caiba pelo menos um recurso para \u00f3rg\u00e3o colegiado, no mesmo tribunal ou em tribunal superior. Essa \u00e9 a maior garantia que os cidad\u00e3os e as empresas brasileiros e estrangeiros t\u00eam de que a lei, sem arbitrariedade ou privil\u00e9gio, valer\u00e1 igualmente para todos&#8221;, afirma a nota.<\/p>\n<p>No in\u00edcio desta semana, um \u00f3rg\u00e3o ligado ao Departamento de Estado dos EUA fez uma cr\u00edtica ao bloqueio de redes sociais americanas por parte das autoridades brasileiras.<\/p>\n<p>A nota emitida pelo governo americano n\u00e3o cita diretamente, mas faz uma alus\u00e3o \u00e0 decis\u00e3o do ministro Alexandre de Moraes, do Supremo Tribunal Federal (STF), que bloqueou a plataforma Rumble no Brasil, por &#8220;reiterado descumprimento&#8221; de ordens judiciais.<\/p>\n<p>Horas depois, o Minist\u00e9rio das Rela\u00e7\u00f5es Exteriores (MRE) divulgou um posicionamento oficial, criticando a nota norte-americana.<\/p>\n<p>No texto, Itamaraty diz que &#8220;o governo brasileiro rejeita, com firmeza, qualquer tentativa de politizar decis\u00f5es judiciais e ressalta a import\u00e2ncia do respeito ao princ\u00edpio republicano da independ\u00eancia dos poderes, contemplado na Constitui\u00e7\u00e3o Federal brasileira de 1988&#8221;.<\/p>\n<p>Rea\u00e7\u00e3o da Justi\u00e7a<br \/>\nNesta sexta, o presidente do STJ, Herman Benjamin, o vice-presidente da institui\u00e7\u00e3o, Luis Felipe Salom\u00e3o, e os ministros da Corte Mauro Campbell Marques e Benedito Gon\u00e7alves publicaram uma nota sobre o tema.<\/p>\n<p>Segundo os ministros, &#8220;entre ju\u00edzes brasileiros e americanos, o interc\u00e2mbio institucional e pessoal de saber e de experi\u00eancias se amplia a cada dia&#8221;.<\/p>\n<p>&#8220;Cada vez mais, trabalhamos e precisamos trabalhar de m\u00e3os dadas em \u00e1reas de import\u00e2ncia existencial para os nossos povos, como tr\u00e1fico de pessoas e drogas, extradi\u00e7\u00e3o, sequestro internacional de crian\u00e7as, propriedade intelectual, garantia de investimentos, entre tantas outras&#8221;, continua a publica\u00e7\u00e3o.<br \/>\nO texto prossegue: &#8220;Na ess\u00eancia das nossas afinidades, h\u00e1 admira\u00e7\u00e3o e respeito rec\u00edprocos entre os nossos povos, o que nos oferece base confi\u00e1vel para que as inst\u00e2ncias nacionais competentes possam resolver diverg\u00eancias eventuais, sempre naturais, no relacionamento cotidiano. Assim, presta um desservi\u00e7o \u00e0 nossa hist\u00f3ria comum e ao futuro promissor da nossa coopera\u00e7\u00e3o quem apostar em conflito entre as nossas institui\u00e7\u00f5es, sobretudo as judiciais&#8221;.<\/p>\n<p>Posicionamento de Moraes<br \/>\nMoraes respondeu nesta quinta-feira (27) \u00e0 ofensiva do governo norte-americano e ao Congresso dos EUA contra a\u00e7\u00f5es do Judici\u00e1rio brasileiro.<\/p>\n<p>&#8220;Pela soberania do Brasil, pela independ\u00eancia do Poder Judici\u00e1rio e pela cidadania de todos os brasileiros e brasileiras. Pois deixamos de ser col\u00f4nia em 7 de setembro de 1822 e, com coragem, estamos construindo uma Rep\u00fablica independente e cada vez melhor, independente e democr\u00e1tica. E construindo com coragem. Como sempre lembra a eminente ministra C\u00e1rmen L\u00facia, citando Guimar\u00e3es Rosa: \u2018O que a vida quer da gente \u00e9 coragem\u2019&#8221;, disse o ministro.<\/p>\n<p>Ao iniciar sua fala, Moraes citou o aniversa\u0301rio de 73 anos da reunia\u0303o da Organiza\u00e7\u00e3o das Na\u00e7\u00f5es Unidas (ONU) em sua sede, em Nova Iorque.<\/p>\n<p>Falou ainda que o idea\u0301rio da e\u0301poca persiste: &#8220;Luta contra o fascismo, nazismo, imperialismo&#8221;.<\/p>\n<p>&#8220;Nesses 73 anos de inaugurac\u0327a\u0303o da sede oficial da ONU e\u0301 importante que reafirmemos compromissos com a democracia, direitos humanos, igualdade entre nac\u0327o\u0303es&#8221;, declarou.<br \/>\nVeja a nota do STJ na \u00edntegra:<\/p>\n<p>\u200b&#8221;O Brasil e os Estados Unidos s\u00e3o duas s\u00f3lidas e pujantes democracias. Prezamos o sufr\u00e1gio universal, a dignidade da pessoa humana, as liberdades individuais e a soberania, componentes do mosaico de valores fundamentais que nos orientam como na\u00e7\u00e3o. Colocamos o Estado de Direito no centro e no topo da arquitetura das garantias de direitos e deveres dos cidad\u00e3os e das empresas que funcionam no nosso territ\u00f3rio. \u00c9 sob esse clima pol\u00edtico e jur\u00eddico que os dois pa\u00edses se consolidaram entre os grandes exportadores mundiais de bens, produzidos por companhias nacionais e estrangeiras.<\/p>\n<p>No decorrer da sua hist\u00f3ria, o Brasil muito aprendeu \u2013 e copiou \u2013 dos Estados Unidos, a come\u00e7ar pela ideia de federa\u00e7\u00e3o e pelo modo de organiza\u00e7\u00e3o do Judici\u00e1rio. Somos, na ess\u00eancia, muito parecidos, apesar de peculiaridades t\u00f3picas, como, por exemplo, o ingresso na carreira judicial brasileira, federal e estadual, apenas por concurso p\u00fablico altamente competitivo e a aposentadoria obrigat\u00f3ria dos ju\u00edzes aos setenta e cinco anos. No campo da elabora\u00e7\u00e3o de leis e, crescentemente, no espa\u00e7o judicial, temos uma coopera\u00e7\u00e3o intensa, antiga e mutualmente proveitosa. Entre ju\u00edzes brasileiros e americanos, o interc\u00e2mbio institucional e pessoal de saber e de experi\u00eancias se amplia a cada dia. Cada vez mais, trabalhamos e precisamos trabalhar de m\u00e3os dadas em \u00e1reas de import\u00e2ncia existencial para os nossos povos, como tr\u00e1fico de pessoas e drogas, extradi\u00e7\u00e3o, sequestro internacional de crian\u00e7as, propriedade intelectual, garantia de investimentos, entre tantas outras.<\/p>\n<p>Na ess\u00eancia das nossas afinidades, h\u00e1 admira\u00e7\u00e3o e respeito rec\u00edprocos entre os nossos povos, o que nos oferece base confi\u00e1vel para que as inst\u00e2ncias nacionais competentes possam resolver diverg\u00eancias eventuais, sempre naturais, no relacionamento cotidiano. Assim, presta um desservi\u00e7o \u00e0 nossa hist\u00f3ria comum e ao futuro promissor da nossa coopera\u00e7\u00e3o quem apostar em conflito entre as nossas institui\u00e7\u00f5es, sobretudo as judiciais.<\/p>\n<p>Nenhum juiz brasileiro julga sozinho um lit\u00edgio, por menor que seja, sem que da sua decis\u00e3o caiba pelo menos um recurso para \u00f3rg\u00e3o colegiado, no mesmo tribunal ou em tribunal superior. Essa \u00e9 a maior garantia que os cidad\u00e3os e as empresas brasileiros e estrangeiros t\u00eam de que a lei, sem arbitrariedade ou privil\u00e9gio, valer\u00e1 igualmente para todos.<\/p>\n<p>O Brasil preza e celebra a independ\u00eancia, a integridade e a imparcialidade dos seus ju\u00edzes, assim como a inviolabilidade do devido processo legal, conforme prescrevem a Constitui\u00e7\u00e3o e as leis.<\/p>\n<p>Ministro Herman Benjamin &#8211; Presidente do Superior Tribunal de Justi\u00e7a (STJ) e do Conselho da Justi\u00e7a Federal<\/p>\n<p>Ministro Luis Felipe Salom\u00e3o &#8211; Vice-Presidente do STJ e Corregedor da Justi\u00e7a Federal<\/p>\n<p>Ministro Mauro Campbell Marques &#8211; Ministro do STJ e Corregedor Nacional de Justi\u00e7a<\/p>\n<p>Ministro Benedito Gon\u00e7alves &#8211; Ministro do STJ e Diretor da Escola Nacional da Magistratura \u2013 Enfam&#8221;<\/p>\n<p>Foto: Divulga\u00e7\u00e3o<br \/>\nFonte: G1<\/p>\n","protected":false},"excerpt":{"rendered":"<p>Comiss\u00e3o da C\u00e2mara dos Estados Unidos aprovou um projeto para barrar Alexandre de Moraes no pa\u00eds, alegando que ele ataca<\/p>\n","protected":false},"author":4,"featured_media":16913,"comment_status":"open","ping_status":"open","sticky":false,"template":"","format":"standard","meta":{"colormag_page_container_layout":"default_layout","colormag_page_sidebar_layout":"default_layout","_FSMCFIC_featured_image_caption":"","_FSMCFIC_featured_image_nocaption":"","_FSMCFIC_featured_image_hide":"","footnotes":""},"categories":[7,1],"tags":[],"class_list":["post-16912","post","type-post","status-publish","format-standard","has-post-thumbnail","hentry","category-justica","category-ultimas"],"yoast_head":"<!-- This site is optimized with the Yoast SEO plugin v27.1.1 - https:\/\/yoast.com\/product\/yoast-seo-wordpress\/ -->\n<title>Ministros do STJ defendem Moraes ap\u00f3s nota do governo dos EUA com cr\u00edticas \u00e0 decis\u00f5es do STF - Brasil not\u00edcias<\/title>\n<meta name=\"robots\" content=\"index, follow, max-snippet:-1, max-image-preview:large, max-video-preview:-1\" \/>\n<link rel=\"canonical\" href=\"https:\/\/brasilnoticias.org\/site\/ministros-do-stj-defendem-moraes-apos-nota-do-governo-dos-eua-com-criticas-a-decisoes-do-stf\/\" \/>\n<meta property=\"og:locale\" content=\"pt_PT\" \/>\n<meta property=\"og:type\" content=\"article\" \/>\n<meta property=\"og:title\" content=\"Ministros do STJ defendem Moraes ap\u00f3s nota do governo dos EUA com cr\u00edticas \u00e0 decis\u00f5es do STF - Brasil not\u00edcias\" \/>\n<meta property=\"og:description\" content=\"Comiss\u00e3o da C\u00e2mara dos Estados Unidos aprovou um projeto para barrar Alexandre de Moraes no pa\u00eds, alegando que ele ataca\" \/>\n<meta property=\"og:url\" content=\"https:\/\/brasilnoticias.org\/site\/ministros-do-stj-defendem-moraes-apos-nota-do-governo-dos-eua-com-criticas-a-decisoes-do-stf\/\" \/>\n<meta property=\"og:site_name\" content=\"Brasil not\u00edcias\" \/>\n<meta property=\"article:published_time\" content=\"2025-03-01T22:32:49+00:00\" \/>\n<meta property=\"og:image\" content=\"https:\/\/brasilnoticias.org\/site\/wp-content\/uploads\/2025\/03\/ministros-do-stj-defendem-moraes-apos-nota-do-governo-dos-eua-com-criticas-a-decisoes-do-stf.jpg\" \/>\n\t<meta property=\"og:image:width\" content=\"600\" \/>\n\t<meta property=\"og:image:height\" content=\"315\" \/>\n\t<meta property=\"og:image:type\" content=\"image\/jpeg\" \/>\n<meta name=\"author\" content=\"Reda\u00e7\u00e3o\" \/>\n<meta name=\"twitter:card\" content=\"summary_large_image\" \/>\n<meta name=\"twitter:label1\" content=\"Escrito por\" \/>\n\t<meta name=\"twitter:data1\" content=\"Reda\u00e7\u00e3o\" \/>\n\t<meta name=\"twitter:label2\" content=\"Tempo estimado de leitura\" \/>\n\t<meta name=\"twitter:data2\" content=\"1 minuto\" \/>\n<script type=\"application\/ld+json\" class=\"yoast-schema-graph\">{\"@context\":\"https:\/\/schema.org\",\"@graph\":[{\"@type\":\"Article\",\"@id\":\"https:\/\/brasilnoticias.org\/site\/ministros-do-stj-defendem-moraes-apos-nota-do-governo-dos-eua-com-criticas-a-decisoes-do-stf\/#article\",\"isPartOf\":{\"@id\":\"https:\/\/brasilnoticias.org\/site\/ministros-do-stj-defendem-moraes-apos-nota-do-governo-dos-eua-com-criticas-a-decisoes-do-stf\/\"},\"author\":{\"name\":\"Reda\u00e7\u00e3o\",\"@id\":\"https:\/\/brasilnoticias.org\/site\/#\/schema\/person\/03bbbfe6c7634ad18c26444ea39049fa\"},\"headline\":\"Ministros do STJ defendem Moraes ap\u00f3s nota do governo dos EUA com cr\u00edticas \u00e0 decis\u00f5es do STF\",\"datePublished\":\"2025-03-01T22:32:49+00:00\",\"mainEntityOfPage\":{\"@id\":\"https:\/\/brasilnoticias.org\/site\/ministros-do-stj-defendem-moraes-apos-nota-do-governo-dos-eua-com-criticas-a-decisoes-do-stf\/\"},\"wordCount\":1149,\"commentCount\":0,\"publisher\":{\"@id\":\"https:\/\/brasilnoticias.org\/site\/#organization\"},\"image\":{\"@id\":\"https:\/\/brasilnoticias.org\/site\/ministros-do-stj-defendem-moraes-apos-nota-do-governo-dos-eua-com-criticas-a-decisoes-do-stf\/#primaryimage\"},\"thumbnailUrl\":\"https:\/\/brasilnoticias.org\/site\/wp-content\/uploads\/2025\/03\/ministros-do-stj-defendem-moraes-apos-nota-do-governo-dos-eua-com-criticas-a-decisoes-do-stf.jpg\",\"articleSection\":[\"Justi\u00e7a\",\"\u00daltimas\"],\"inLanguage\":\"pt-PT\",\"potentialAction\":[{\"@type\":\"CommentAction\",\"name\":\"Comment\",\"target\":[\"https:\/\/brasilnoticias.org\/site\/ministros-do-stj-defendem-moraes-apos-nota-do-governo-dos-eua-com-criticas-a-decisoes-do-stf\/#respond\"]}]},{\"@type\":\"WebPage\",\"@id\":\"https:\/\/brasilnoticias.org\/site\/ministros-do-stj-defendem-moraes-apos-nota-do-governo-dos-eua-com-criticas-a-decisoes-do-stf\/\",\"url\":\"https:\/\/brasilnoticias.org\/site\/ministros-do-stj-defendem-moraes-apos-nota-do-governo-dos-eua-com-criticas-a-decisoes-do-stf\/\",\"name\":\"Ministros do STJ defendem Moraes ap\u00f3s nota do governo dos EUA com cr\u00edticas \u00e0 decis\u00f5es do STF - Brasil not\u00edcias\",\"isPartOf\":{\"@id\":\"https:\/\/brasilnoticias.org\/site\/#website\"},\"primaryImageOfPage\":{\"@id\":\"https:\/\/brasilnoticias.org\/site\/ministros-do-stj-defendem-moraes-apos-nota-do-governo-dos-eua-com-criticas-a-decisoes-do-stf\/#primaryimage\"},\"image\":{\"@id\":\"https:\/\/brasilnoticias.org\/site\/ministros-do-stj-defendem-moraes-apos-nota-do-governo-dos-eua-com-criticas-a-decisoes-do-stf\/#primaryimage\"},\"thumbnailUrl\":\"https:\/\/brasilnoticias.org\/site\/wp-content\/uploads\/2025\/03\/ministros-do-stj-defendem-moraes-apos-nota-do-governo-dos-eua-com-criticas-a-decisoes-do-stf.jpg\",\"datePublished\":\"2025-03-01T22:32:49+00:00\",\"breadcrumb\":{\"@id\":\"https:\/\/brasilnoticias.org\/site\/ministros-do-stj-defendem-moraes-apos-nota-do-governo-dos-eua-com-criticas-a-decisoes-do-stf\/#breadcrumb\"},\"inLanguage\":\"pt-PT\",\"potentialAction\":[{\"@type\":\"ReadAction\",\"target\":[\"https:\/\/brasilnoticias.org\/site\/ministros-do-stj-defendem-moraes-apos-nota-do-governo-dos-eua-com-criticas-a-decisoes-do-stf\/\"]}]},{\"@type\":\"ImageObject\",\"inLanguage\":\"pt-PT\",\"@id\":\"https:\/\/brasilnoticias.org\/site\/ministros-do-stj-defendem-moraes-apos-nota-do-governo-dos-eua-com-criticas-a-decisoes-do-stf\/#primaryimage\",\"url\":\"https:\/\/brasilnoticias.org\/site\/wp-content\/uploads\/2025\/03\/ministros-do-stj-defendem-moraes-apos-nota-do-governo-dos-eua-com-criticas-a-decisoes-do-stf.jpg\",\"contentUrl\":\"https:\/\/brasilnoticias.org\/site\/wp-content\/uploads\/2025\/03\/ministros-do-stj-defendem-moraes-apos-nota-do-governo-dos-eua-com-criticas-a-decisoes-do-stf.jpg\",\"width\":600,\"height\":315},{\"@type\":\"BreadcrumbList\",\"@id\":\"https:\/\/brasilnoticias.org\/site\/ministros-do-stj-defendem-moraes-apos-nota-do-governo-dos-eua-com-criticas-a-decisoes-do-stf\/#breadcrumb\",\"itemListElement\":[{\"@type\":\"ListItem\",\"position\":1,\"name\":\"In\u00edcio\",\"item\":\"https:\/\/brasilnoticias.org\/site\/\"},{\"@type\":\"ListItem\",\"position\":2,\"name\":\"Ministros do STJ defendem Moraes ap\u00f3s nota do governo dos EUA com cr\u00edticas \u00e0 decis\u00f5es do STF\"}]},{\"@type\":\"WebSite\",\"@id\":\"https:\/\/brasilnoticias.org\/site\/#website\",\"url\":\"https:\/\/brasilnoticias.org\/site\/\",\"name\":\"Brasil not\u00edcias\",\"description\":\"Brasil not\u00edcias\",\"publisher\":{\"@id\":\"https:\/\/brasilnoticias.org\/site\/#organization\"},\"potentialAction\":[{\"@type\":\"SearchAction\",\"target\":{\"@type\":\"EntryPoint\",\"urlTemplate\":\"https:\/\/brasilnoticias.org\/site\/?s={search_term_string}\"},\"query-input\":{\"@type\":\"PropertyValueSpecification\",\"valueRequired\":true,\"valueName\":\"search_term_string\"}}],\"inLanguage\":\"pt-PT\"},{\"@type\":\"Organization\",\"@id\":\"https:\/\/brasilnoticias.org\/site\/#organization\",\"name\":\"Brasil not\u00edcias\",\"url\":\"https:\/\/brasilnoticias.org\/site\/\",\"logo\":{\"@type\":\"ImageObject\",\"inLanguage\":\"pt-PT\",\"@id\":\"https:\/\/brasilnoticias.org\/site\/#\/schema\/logo\/image\/\",\"url\":\"https:\/\/brasilnoticias.org\/site\/wp-content\/uploads\/2022\/05\/cropped-brasilnoticias-mini.jpg\",\"contentUrl\":\"https:\/\/brasilnoticias.org\/site\/wp-content\/uploads\/2022\/05\/cropped-brasilnoticias-mini.jpg\",\"width\":314,\"height\":86,\"caption\":\"Brasil not\u00edcias\"},\"image\":{\"@id\":\"https:\/\/brasilnoticias.org\/site\/#\/schema\/logo\/image\/\"}},{\"@type\":\"Person\",\"@id\":\"https:\/\/brasilnoticias.org\/site\/#\/schema\/person\/03bbbfe6c7634ad18c26444ea39049fa\",\"name\":\"Reda\u00e7\u00e3o\",\"image\":{\"@type\":\"ImageObject\",\"inLanguage\":\"pt-PT\",\"@id\":\"https:\/\/brasilnoticias.org\/site\/#\/schema\/person\/image\/\",\"url\":\"https:\/\/secure.gravatar.com\/avatar\/9ecaf7327a696cb23ad926fedded5f1f04d7049de9e445375d55b48c001a6e42?s=96&d=mm&r=g\",\"contentUrl\":\"https:\/\/secure.gravatar.com\/avatar\/9ecaf7327a696cb23ad926fedded5f1f04d7049de9e445375d55b48c001a6e42?s=96&d=mm&r=g\",\"caption\":\"Reda\u00e7\u00e3o\"},\"url\":\"https:\/\/brasilnoticias.org\/site\/author\/henrique\/\"}]}<\/script>\n<!-- \/ Yoast SEO plugin. -->","yoast_head_json":{"title":"Ministros do STJ defendem Moraes ap\u00f3s nota do governo dos EUA com cr\u00edticas \u00e0 decis\u00f5es do STF - Brasil not\u00edcias","robots":{"index":"index","follow":"follow","max-snippet":"max-snippet:-1","max-image-preview":"max-image-preview:large","max-video-preview":"max-video-preview:-1"},"canonical":"https:\/\/brasilnoticias.org\/site\/ministros-do-stj-defendem-moraes-apos-nota-do-governo-dos-eua-com-criticas-a-decisoes-do-stf\/","og_locale":"pt_PT","og_type":"article","og_title":"Ministros do STJ defendem Moraes ap\u00f3s nota do governo dos EUA com cr\u00edticas \u00e0 decis\u00f5es do STF - Brasil not\u00edcias","og_description":"Comiss\u00e3o da C\u00e2mara dos Estados Unidos aprovou um projeto para barrar Alexandre de Moraes no pa\u00eds, alegando que ele ataca","og_url":"https:\/\/brasilnoticias.org\/site\/ministros-do-stj-defendem-moraes-apos-nota-do-governo-dos-eua-com-criticas-a-decisoes-do-stf\/","og_site_name":"Brasil not\u00edcias","article_published_time":"2025-03-01T22:32:49+00:00","og_image":[{"width":600,"height":315,"url":"https:\/\/brasilnoticias.org\/site\/wp-content\/uploads\/2025\/03\/ministros-do-stj-defendem-moraes-apos-nota-do-governo-dos-eua-com-criticas-a-decisoes-do-stf.jpg","type":"image\/jpeg"}],"author":"Reda\u00e7\u00e3o","twitter_card":"summary_large_image","twitter_misc":{"Escrito por":"Reda\u00e7\u00e3o","Tempo estimado de leitura":"1 minuto"},"schema":{"@context":"https:\/\/schema.org","@graph":[{"@type":"Article","@id":"https:\/\/brasilnoticias.org\/site\/ministros-do-stj-defendem-moraes-apos-nota-do-governo-dos-eua-com-criticas-a-decisoes-do-stf\/#article","isPartOf":{"@id":"https:\/\/brasilnoticias.org\/site\/ministros-do-stj-defendem-moraes-apos-nota-do-governo-dos-eua-com-criticas-a-decisoes-do-stf\/"},"author":{"name":"Reda\u00e7\u00e3o","@id":"https:\/\/brasilnoticias.org\/site\/#\/schema\/person\/03bbbfe6c7634ad18c26444ea39049fa"},"headline":"Ministros do STJ defendem Moraes ap\u00f3s nota do governo dos EUA com cr\u00edticas \u00e0 decis\u00f5es do STF","datePublished":"2025-03-01T22:32:49+00:00","mainEntityOfPage":{"@id":"https:\/\/brasilnoticias.org\/site\/ministros-do-stj-defendem-moraes-apos-nota-do-governo-dos-eua-com-criticas-a-decisoes-do-stf\/"},"wordCount":1149,"commentCount":0,"publisher":{"@id":"https:\/\/brasilnoticias.org\/site\/#organization"},"image":{"@id":"https:\/\/brasilnoticias.org\/site\/ministros-do-stj-defendem-moraes-apos-nota-do-governo-dos-eua-com-criticas-a-decisoes-do-stf\/#primaryimage"},"thumbnailUrl":"https:\/\/brasilnoticias.org\/site\/wp-content\/uploads\/2025\/03\/ministros-do-stj-defendem-moraes-apos-nota-do-governo-dos-eua-com-criticas-a-decisoes-do-stf.jpg","articleSection":["Justi\u00e7a","\u00daltimas"],"inLanguage":"pt-PT","potentialAction":[{"@type":"CommentAction","name":"Comment","target":["https:\/\/brasilnoticias.org\/site\/ministros-do-stj-defendem-moraes-apos-nota-do-governo-dos-eua-com-criticas-a-decisoes-do-stf\/#respond"]}]},{"@type":"WebPage","@id":"https:\/\/brasilnoticias.org\/site\/ministros-do-stj-defendem-moraes-apos-nota-do-governo-dos-eua-com-criticas-a-decisoes-do-stf\/","url":"https:\/\/brasilnoticias.org\/site\/ministros-do-stj-defendem-moraes-apos-nota-do-governo-dos-eua-com-criticas-a-decisoes-do-stf\/","name":"Ministros do STJ defendem Moraes ap\u00f3s nota do governo dos EUA com cr\u00edticas \u00e0 decis\u00f5es do STF - Brasil not\u00edcias","isPartOf":{"@id":"https:\/\/brasilnoticias.org\/site\/#website"},"primaryImageOfPage":{"@id":"https:\/\/brasilnoticias.org\/site\/ministros-do-stj-defendem-moraes-apos-nota-do-governo-dos-eua-com-criticas-a-decisoes-do-stf\/#primaryimage"},"image":{"@id":"https:\/\/brasilnoticias.org\/site\/ministros-do-stj-defendem-moraes-apos-nota-do-governo-dos-eua-com-criticas-a-decisoes-do-stf\/#primaryimage"},"thumbnailUrl":"https:\/\/brasilnoticias.org\/site\/wp-content\/uploads\/2025\/03\/ministros-do-stj-defendem-moraes-apos-nota-do-governo-dos-eua-com-criticas-a-decisoes-do-stf.jpg","datePublished":"2025-03-01T22:32:49+00:00","breadcrumb":{"@id":"https:\/\/brasilnoticias.org\/site\/ministros-do-stj-defendem-moraes-apos-nota-do-governo-dos-eua-com-criticas-a-decisoes-do-stf\/#breadcrumb"},"inLanguage":"pt-PT","potentialAction":[{"@type":"ReadAction","target":["https:\/\/brasilnoticias.org\/site\/ministros-do-stj-defendem-moraes-apos-nota-do-governo-dos-eua-com-criticas-a-decisoes-do-stf\/"]}]},{"@type":"ImageObject","inLanguage":"pt-PT","@id":"https:\/\/brasilnoticias.org\/site\/ministros-do-stj-defendem-moraes-apos-nota-do-governo-dos-eua-com-criticas-a-decisoes-do-stf\/#primaryimage","url":"https:\/\/brasilnoticias.org\/site\/wp-content\/uploads\/2025\/03\/ministros-do-stj-defendem-moraes-apos-nota-do-governo-dos-eua-com-criticas-a-decisoes-do-stf.jpg","contentUrl":"https:\/\/brasilnoticias.org\/site\/wp-content\/uploads\/2025\/03\/ministros-do-stj-defendem-moraes-apos-nota-do-governo-dos-eua-com-criticas-a-decisoes-do-stf.jpg","width":600,"height":315},{"@type":"BreadcrumbList","@id":"https:\/\/brasilnoticias.org\/site\/ministros-do-stj-defendem-moraes-apos-nota-do-governo-dos-eua-com-criticas-a-decisoes-do-stf\/#breadcrumb","itemListElement":[{"@type":"ListItem","position":1,"name":"In\u00edcio","item":"https:\/\/brasilnoticias.org\/site\/"},{"@type":"ListItem","position":2,"name":"Ministros do STJ defendem Moraes ap\u00f3s nota do governo dos EUA com cr\u00edticas \u00e0 decis\u00f5es do STF"}]},{"@type":"WebSite","@id":"https:\/\/brasilnoticias.org\/site\/#website","url":"https:\/\/brasilnoticias.org\/site\/","name":"Brasil not\u00edcias","description":"Brasil not\u00edcias","publisher":{"@id":"https:\/\/brasilnoticias.org\/site\/#organization"},"potentialAction":[{"@type":"SearchAction","target":{"@type":"EntryPoint","urlTemplate":"https:\/\/brasilnoticias.org\/site\/?s={search_term_string}"},"query-input":{"@type":"PropertyValueSpecification","valueRequired":true,"valueName":"search_term_string"}}],"inLanguage":"pt-PT"},{"@type":"Organization","@id":"https:\/\/brasilnoticias.org\/site\/#organization","name":"Brasil not\u00edcias","url":"https:\/\/brasilnoticias.org\/site\/","logo":{"@type":"ImageObject","inLanguage":"pt-PT","@id":"https:\/\/brasilnoticias.org\/site\/#\/schema\/logo\/image\/","url":"https:\/\/brasilnoticias.org\/site\/wp-content\/uploads\/2022\/05\/cropped-brasilnoticias-mini.jpg","contentUrl":"https:\/\/brasilnoticias.org\/site\/wp-content\/uploads\/2022\/05\/cropped-brasilnoticias-mini.jpg","width":314,"height":86,"caption":"Brasil not\u00edcias"},"image":{"@id":"https:\/\/brasilnoticias.org\/site\/#\/schema\/logo\/image\/"}},{"@type":"Person","@id":"https:\/\/brasilnoticias.org\/site\/#\/schema\/person\/03bbbfe6c7634ad18c26444ea39049fa","name":"Reda\u00e7\u00e3o","image":{"@type":"ImageObject","inLanguage":"pt-PT","@id":"https:\/\/brasilnoticias.org\/site\/#\/schema\/person\/image\/","url":"https:\/\/secure.gravatar.com\/avatar\/9ecaf7327a696cb23ad926fedded5f1f04d7049de9e445375d55b48c001a6e42?s=96&d=mm&r=g","contentUrl":"https:\/\/secure.gravatar.com\/avatar\/9ecaf7327a696cb23ad926fedded5f1f04d7049de9e445375d55b48c001a6e42?s=96&d=mm&r=g","caption":"Reda\u00e7\u00e3o"},"url":"https:\/\/brasilnoticias.org\/site\/author\/henrique\/"}]}},"_links":{"self":[{"href":"https:\/\/brasilnoticias.org\/site\/wp-json\/wp\/v2\/posts\/16912","targetHints":{"allow":["GET"]}}],"collection":[{"href":"https:\/\/brasilnoticias.org\/site\/wp-json\/wp\/v2\/posts"}],"about":[{"href":"https:\/\/brasilnoticias.org\/site\/wp-json\/wp\/v2\/types\/post"}],"author":[{"embeddable":true,"href":"https:\/\/brasilnoticias.org\/site\/wp-json\/wp\/v2\/users\/4"}],"replies":[{"embeddable":true,"href":"https:\/\/brasilnoticias.org\/site\/wp-json\/wp\/v2\/comments?post=16912"}],"version-history":[{"count":1,"href":"https:\/\/brasilnoticias.org\/site\/wp-json\/wp\/v2\/posts\/16912\/revisions"}],"predecessor-version":[{"id":16914,"href":"https:\/\/brasilnoticias.org\/site\/wp-json\/wp\/v2\/posts\/16912\/revisions\/16914"}],"wp:featuredmedia":[{"embeddable":true,"href":"https:\/\/brasilnoticias.org\/site\/wp-json\/wp\/v2\/media\/16913"}],"wp:attachment":[{"href":"https:\/\/brasilnoticias.org\/site\/wp-json\/wp\/v2\/media?parent=16912"}],"wp:term":[{"taxonomy":"category","embeddable":true,"href":"https:\/\/brasilnoticias.org\/site\/wp-json\/wp\/v2\/categories?post=16912"},{"taxonomy":"post_tag","embeddable":true,"href":"https:\/\/brasilnoticias.org\/site\/wp-json\/wp\/v2\/tags?post=16912"}],"curies":[{"name":"wp","href":"https:\/\/api.w.org\/{rel}","templated":true}]}}