{"id":16940,"date":"2025-03-05T16:25:40","date_gmt":"2025-03-05T19:25:40","guid":{"rendered":"https:\/\/brasilnoticias.org\/site\/?p=16940"},"modified":"2025-03-05T16:25:40","modified_gmt":"2025-03-05T19:25:40","slug":"mulher-e-presa-apos-morder-pessoas-em-camarote-no-carnaval","status":"publish","type":"post","link":"https:\/\/brasilnoticias.org\/site\/mulher-e-presa-apos-morder-pessoas-em-camarote-no-carnaval\/","title":{"rendered":"Mulher \u00e9 presa ap\u00f3s morder pessoas em camarote no Carnaval"},"content":{"rendered":"<p>Caso aconteceu na noite desta ter\u00e7a-feira (4)<\/p>\n<p>Uma mulher foi detida por agentes da Guarda Municipal na noite desta ter\u00e7a-feira (4), ap\u00f3s morder frequentadores de um camarote no Samb\u00f3dromo da Marqu\u00eas de Sapuca\u00ed, no Rio de Janeiro. Conforme informado pela corpora\u00e7\u00e3o, ela demonstrava sinais de embriaguez e resistiu \u00e0 abordagem, chegando a tentar morder os pr\u00f3prios guardas no momento da deten\u00e7\u00e3o.<\/p>\n<p>\u201cA mulher apresentava sinais de embriaguez e resistiu muito \u00e0 abordagem, tentando inclusive morder os pr\u00f3prios guardas\u201d, destacou a Guarda Municipal em comunicado. O grupo Ronda Maria da Penha foi acionado pela seguran\u00e7a do camarote no Setor 5 para conter a situa\u00e7\u00e3o e proceder com a pris\u00e3o da suspeita.<\/p>\n<p>Ap\u00f3s ser capturada, a mulher foi conduzida a uma unidade hospitalar para avalia\u00e7\u00e3o m\u00e9dica, mas retornou posteriormente ao Samb\u00f3dromo. Ao regressar ao local, foi novamente detida pelas autoridades e encaminhada para a 6\u00aa Delegacia Policial, localizada na Cidade Nova.<\/p>\n<p>A Pol\u00edcia Civil informou que a ocorr\u00eancia foi formalmente registrada e a suspeita poder\u00e1 responder por les\u00e3o corporal, resist\u00eancia e desacato. N\u00e3o h\u00e1 informa\u00e7\u00e3o sobre o n\u00famero exato de pessoas que foram feridas durante o incidente.<\/p>\n<p>Foto: Tomaz Silva\/Ag\u00eancia Brasil<br \/>\nPor: Metro1<\/p>\n","protected":false},"excerpt":{"rendered":"<p>Caso aconteceu na noite desta ter\u00e7a-feira (4) Uma mulher foi detida por agentes da Guarda Municipal na noite desta ter\u00e7a-feira<\/p>\n","protected":false},"author":4,"featured_media":16941,"comment_status":"open","ping_status":"open","sticky":false,"template":"","format":"standard","meta":{"colormag_page_container_layout":"default_layout","colormag_page_sidebar_layout":"default_layout","_FSMCFIC_featured_image_caption":"","_FSMCFIC_featured_image_nocaption":"","_FSMCFIC_featured_image_hide":"","footnotes":""},"categories":[3,1],"tags":[],"class_list":["post-16940","post","type-post","status-publish","format-standard","has-post-thumbnail","hentry","category-policia","category-ultimas"],"yoast_head":"<!-- This site is optimized with the Yoast SEO plugin v27.1.1 - https:\/\/yoast.com\/product\/yoast-seo-wordpress\/ -->\n<title>Mulher \u00e9 presa ap\u00f3s morder pessoas em camarote no Carnaval - Brasil not\u00edcias<\/title>\n<meta name=\"robots\" content=\"index, follow, max-snippet:-1, max-image-preview:large, max-video-preview:-1\" \/>\n<link rel=\"canonical\" href=\"https:\/\/brasilnoticias.org\/site\/mulher-e-presa-apos-morder-pessoas-em-camarote-no-carnaval\/\" \/>\n<meta property=\"og:locale\" content=\"pt_PT\" \/>\n<meta property=\"og:type\" content=\"article\" \/>\n<meta property=\"og:title\" content=\"Mulher \u00e9 presa ap\u00f3s morder pessoas em camarote no Carnaval - Brasil not\u00edcias\" \/>\n<meta property=\"og:description\" content=\"Caso aconteceu na noite desta ter\u00e7a-feira (4) Uma mulher foi detida por agentes da Guarda Municipal na noite desta ter\u00e7a-feira\" \/>\n<meta property=\"og:url\" content=\"https:\/\/brasilnoticias.org\/site\/mulher-e-presa-apos-morder-pessoas-em-camarote-no-carnaval\/\" \/>\n<meta property=\"og:site_name\" content=\"Brasil not\u00edcias\" \/>\n<meta property=\"article:published_time\" content=\"2025-03-05T19:25:40+00:00\" \/>\n<meta property=\"og:image\" content=\"https:\/\/brasilnoticias.org\/site\/wp-content\/uploads\/2025\/03\/162142mulher-e-presa-apos-morder-pessoas-em-camarote-no-carnaval-3.jpg\" \/>\n\t<meta property=\"og:image:width\" content=\"1600\" \/>\n\t<meta property=\"og:image:height\" content=\"752\" \/>\n\t<meta property=\"og:image:type\" content=\"image\/jpeg\" \/>\n<meta name=\"author\" content=\"Reda\u00e7\u00e3o\" \/>\n<meta name=\"twitter:card\" content=\"summary_large_image\" \/>\n<meta name=\"twitter:label1\" content=\"Escrito por\" \/>\n\t<meta name=\"twitter:data1\" content=\"Reda\u00e7\u00e3o\" \/>\n<script type=\"application\/ld+json\" class=\"yoast-schema-graph\">{\"@context\":\"https:\/\/schema.org\",\"@graph\":[{\"@type\":\"Article\",\"@id\":\"https:\/\/brasilnoticias.org\/site\/mulher-e-presa-apos-morder-pessoas-em-camarote-no-carnaval\/#article\",\"isPartOf\":{\"@id\":\"https:\/\/brasilnoticias.org\/site\/mulher-e-presa-apos-morder-pessoas-em-camarote-no-carnaval\/\"},\"author\":{\"name\":\"Reda\u00e7\u00e3o\",\"@id\":\"https:\/\/brasilnoticias.org\/site\/#\/schema\/person\/03bbbfe6c7634ad18c26444ea39049fa\"},\"headline\":\"Mulher \u00e9 presa ap\u00f3s morder pessoas em camarote no Carnaval\",\"datePublished\":\"2025-03-05T19:25:40+00:00\",\"mainEntityOfPage\":{\"@id\":\"https:\/\/brasilnoticias.org\/site\/mulher-e-presa-apos-morder-pessoas-em-camarote-no-carnaval\/\"},\"wordCount\":220,\"commentCount\":0,\"publisher\":{\"@id\":\"https:\/\/brasilnoticias.org\/site\/#organization\"},\"image\":{\"@id\":\"https:\/\/brasilnoticias.org\/site\/mulher-e-presa-apos-morder-pessoas-em-camarote-no-carnaval\/#primaryimage\"},\"thumbnailUrl\":\"https:\/\/brasilnoticias.org\/site\/wp-content\/uploads\/2025\/03\/162142mulher-e-presa-apos-morder-pessoas-em-camarote-no-carnaval-3.jpg\",\"articleSection\":[\"Pol\u00edcia\",\"\u00daltimas\"],\"inLanguage\":\"pt-PT\",\"potentialAction\":[{\"@type\":\"CommentAction\",\"name\":\"Comment\",\"target\":[\"https:\/\/brasilnoticias.org\/site\/mulher-e-presa-apos-morder-pessoas-em-camarote-no-carnaval\/#respond\"]}]},{\"@type\":\"WebPage\",\"@id\":\"https:\/\/brasilnoticias.org\/site\/mulher-e-presa-apos-morder-pessoas-em-camarote-no-carnaval\/\",\"url\":\"https:\/\/brasilnoticias.org\/site\/mulher-e-presa-apos-morder-pessoas-em-camarote-no-carnaval\/\",\"name\":\"Mulher \u00e9 presa ap\u00f3s morder pessoas em camarote no Carnaval - Brasil not\u00edcias\",\"isPartOf\":{\"@id\":\"https:\/\/brasilnoticias.org\/site\/#website\"},\"primaryImageOfPage\":{\"@id\":\"https:\/\/brasilnoticias.org\/site\/mulher-e-presa-apos-morder-pessoas-em-camarote-no-carnaval\/#primaryimage\"},\"image\":{\"@id\":\"https:\/\/brasilnoticias.org\/site\/mulher-e-presa-apos-morder-pessoas-em-camarote-no-carnaval\/#primaryimage\"},\"thumbnailUrl\":\"https:\/\/brasilnoticias.org\/site\/wp-content\/uploads\/2025\/03\/162142mulher-e-presa-apos-morder-pessoas-em-camarote-no-carnaval-3.jpg\",\"datePublished\":\"2025-03-05T19:25:40+00:00\",\"breadcrumb\":{\"@id\":\"https:\/\/brasilnoticias.org\/site\/mulher-e-presa-apos-morder-pessoas-em-camarote-no-carnaval\/#breadcrumb\"},\"inLanguage\":\"pt-PT\",\"potentialAction\":[{\"@type\":\"ReadAction\",\"target\":[\"https:\/\/brasilnoticias.org\/site\/mulher-e-presa-apos-morder-pessoas-em-camarote-no-carnaval\/\"]}]},{\"@type\":\"ImageObject\",\"inLanguage\":\"pt-PT\",\"@id\":\"https:\/\/brasilnoticias.org\/site\/mulher-e-presa-apos-morder-pessoas-em-camarote-no-carnaval\/#primaryimage\",\"url\":\"https:\/\/brasilnoticias.org\/site\/wp-content\/uploads\/2025\/03\/162142mulher-e-presa-apos-morder-pessoas-em-camarote-no-carnaval-3.jpg\",\"contentUrl\":\"https:\/\/brasilnoticias.org\/site\/wp-content\/uploads\/2025\/03\/162142mulher-e-presa-apos-morder-pessoas-em-camarote-no-carnaval-3.jpg\",\"width\":1600,\"height\":752},{\"@type\":\"BreadcrumbList\",\"@id\":\"https:\/\/brasilnoticias.org\/site\/mulher-e-presa-apos-morder-pessoas-em-camarote-no-carnaval\/#breadcrumb\",\"itemListElement\":[{\"@type\":\"ListItem\",\"position\":1,\"name\":\"In\u00edcio\",\"item\":\"https:\/\/brasilnoticias.org\/site\/\"},{\"@type\":\"ListItem\",\"position\":2,\"name\":\"Mulher \u00e9 presa ap\u00f3s morder pessoas em camarote no Carnaval\"}]},{\"@type\":\"WebSite\",\"@id\":\"https:\/\/brasilnoticias.org\/site\/#website\",\"url\":\"https:\/\/brasilnoticias.org\/site\/\",\"name\":\"Brasil not\u00edcias\",\"description\":\"Brasil not\u00edcias\",\"publisher\":{\"@id\":\"https:\/\/brasilnoticias.org\/site\/#organization\"},\"potentialAction\":[{\"@type\":\"SearchAction\",\"target\":{\"@type\":\"EntryPoint\",\"urlTemplate\":\"https:\/\/brasilnoticias.org\/site\/?s={search_term_string}\"},\"query-input\":{\"@type\":\"PropertyValueSpecification\",\"valueRequired\":true,\"valueName\":\"search_term_string\"}}],\"inLanguage\":\"pt-PT\"},{\"@type\":\"Organization\",\"@id\":\"https:\/\/brasilnoticias.org\/site\/#organization\",\"name\":\"Brasil not\u00edcias\",\"url\":\"https:\/\/brasilnoticias.org\/site\/\",\"logo\":{\"@type\":\"ImageObject\",\"inLanguage\":\"pt-PT\",\"@id\":\"https:\/\/brasilnoticias.org\/site\/#\/schema\/logo\/image\/\",\"url\":\"https:\/\/brasilnoticias.org\/site\/wp-content\/uploads\/2022\/05\/cropped-brasilnoticias-mini.jpg\",\"contentUrl\":\"https:\/\/brasilnoticias.org\/site\/wp-content\/uploads\/2022\/05\/cropped-brasilnoticias-mini.jpg\",\"width\":314,\"height\":86,\"caption\":\"Brasil not\u00edcias\"},\"image\":{\"@id\":\"https:\/\/brasilnoticias.org\/site\/#\/schema\/logo\/image\/\"}},{\"@type\":\"Person\",\"@id\":\"https:\/\/brasilnoticias.org\/site\/#\/schema\/person\/03bbbfe6c7634ad18c26444ea39049fa\",\"name\":\"Reda\u00e7\u00e3o\",\"image\":{\"@type\":\"ImageObject\",\"inLanguage\":\"pt-PT\",\"@id\":\"https:\/\/brasilnoticias.org\/site\/#\/schema\/person\/image\/\",\"url\":\"https:\/\/secure.gravatar.com\/avatar\/9ecaf7327a696cb23ad926fedded5f1f04d7049de9e445375d55b48c001a6e42?s=96&d=mm&r=g\",\"contentUrl\":\"https:\/\/secure.gravatar.com\/avatar\/9ecaf7327a696cb23ad926fedded5f1f04d7049de9e445375d55b48c001a6e42?s=96&d=mm&r=g\",\"caption\":\"Reda\u00e7\u00e3o\"},\"url\":\"https:\/\/brasilnoticias.org\/site\/author\/henrique\/\"}]}<\/script>\n<!-- \/ Yoast SEO plugin. -->","yoast_head_json":{"title":"Mulher \u00e9 presa ap\u00f3s morder pessoas em camarote no Carnaval - Brasil not\u00edcias","robots":{"index":"index","follow":"follow","max-snippet":"max-snippet:-1","max-image-preview":"max-image-preview:large","max-video-preview":"max-video-preview:-1"},"canonical":"https:\/\/brasilnoticias.org\/site\/mulher-e-presa-apos-morder-pessoas-em-camarote-no-carnaval\/","og_locale":"pt_PT","og_type":"article","og_title":"Mulher \u00e9 presa ap\u00f3s morder pessoas em camarote no Carnaval - Brasil not\u00edcias","og_description":"Caso aconteceu na noite desta ter\u00e7a-feira (4) Uma mulher foi detida por agentes da Guarda Municipal na noite desta ter\u00e7a-feira","og_url":"https:\/\/brasilnoticias.org\/site\/mulher-e-presa-apos-morder-pessoas-em-camarote-no-carnaval\/","og_site_name":"Brasil not\u00edcias","article_published_time":"2025-03-05T19:25:40+00:00","og_image":[{"width":1600,"height":752,"url":"https:\/\/brasilnoticias.org\/site\/wp-content\/uploads\/2025\/03\/162142mulher-e-presa-apos-morder-pessoas-em-camarote-no-carnaval-3.jpg","type":"image\/jpeg"}],"author":"Reda\u00e7\u00e3o","twitter_card":"summary_large_image","twitter_misc":{"Escrito por":"Reda\u00e7\u00e3o"},"schema":{"@context":"https:\/\/schema.org","@graph":[{"@type":"Article","@id":"https:\/\/brasilnoticias.org\/site\/mulher-e-presa-apos-morder-pessoas-em-camarote-no-carnaval\/#article","isPartOf":{"@id":"https:\/\/brasilnoticias.org\/site\/mulher-e-presa-apos-morder-pessoas-em-camarote-no-carnaval\/"},"author":{"name":"Reda\u00e7\u00e3o","@id":"https:\/\/brasilnoticias.org\/site\/#\/schema\/person\/03bbbfe6c7634ad18c26444ea39049fa"},"headline":"Mulher \u00e9 presa ap\u00f3s morder pessoas em camarote no Carnaval","datePublished":"2025-03-05T19:25:40+00:00","mainEntityOfPage":{"@id":"https:\/\/brasilnoticias.org\/site\/mulher-e-presa-apos-morder-pessoas-em-camarote-no-carnaval\/"},"wordCount":220,"commentCount":0,"publisher":{"@id":"https:\/\/brasilnoticias.org\/site\/#organization"},"image":{"@id":"https:\/\/brasilnoticias.org\/site\/mulher-e-presa-apos-morder-pessoas-em-camarote-no-carnaval\/#primaryimage"},"thumbnailUrl":"https:\/\/brasilnoticias.org\/site\/wp-content\/uploads\/2025\/03\/162142mulher-e-presa-apos-morder-pessoas-em-camarote-no-carnaval-3.jpg","articleSection":["Pol\u00edcia","\u00daltimas"],"inLanguage":"pt-PT","potentialAction":[{"@type":"CommentAction","name":"Comment","target":["https:\/\/brasilnoticias.org\/site\/mulher-e-presa-apos-morder-pessoas-em-camarote-no-carnaval\/#respond"]}]},{"@type":"WebPage","@id":"https:\/\/brasilnoticias.org\/site\/mulher-e-presa-apos-morder-pessoas-em-camarote-no-carnaval\/","url":"https:\/\/brasilnoticias.org\/site\/mulher-e-presa-apos-morder-pessoas-em-camarote-no-carnaval\/","name":"Mulher \u00e9 presa ap\u00f3s morder pessoas em camarote no Carnaval - Brasil not\u00edcias","isPartOf":{"@id":"https:\/\/brasilnoticias.org\/site\/#website"},"primaryImageOfPage":{"@id":"https:\/\/brasilnoticias.org\/site\/mulher-e-presa-apos-morder-pessoas-em-camarote-no-carnaval\/#primaryimage"},"image":{"@id":"https:\/\/brasilnoticias.org\/site\/mulher-e-presa-apos-morder-pessoas-em-camarote-no-carnaval\/#primaryimage"},"thumbnailUrl":"https:\/\/brasilnoticias.org\/site\/wp-content\/uploads\/2025\/03\/162142mulher-e-presa-apos-morder-pessoas-em-camarote-no-carnaval-3.jpg","datePublished":"2025-03-05T19:25:40+00:00","breadcrumb":{"@id":"https:\/\/brasilnoticias.org\/site\/mulher-e-presa-apos-morder-pessoas-em-camarote-no-carnaval\/#breadcrumb"},"inLanguage":"pt-PT","potentialAction":[{"@type":"ReadAction","target":["https:\/\/brasilnoticias.org\/site\/mulher-e-presa-apos-morder-pessoas-em-camarote-no-carnaval\/"]}]},{"@type":"ImageObject","inLanguage":"pt-PT","@id":"https:\/\/brasilnoticias.org\/site\/mulher-e-presa-apos-morder-pessoas-em-camarote-no-carnaval\/#primaryimage","url":"https:\/\/brasilnoticias.org\/site\/wp-content\/uploads\/2025\/03\/162142mulher-e-presa-apos-morder-pessoas-em-camarote-no-carnaval-3.jpg","contentUrl":"https:\/\/brasilnoticias.org\/site\/wp-content\/uploads\/2025\/03\/162142mulher-e-presa-apos-morder-pessoas-em-camarote-no-carnaval-3.jpg","width":1600,"height":752},{"@type":"BreadcrumbList","@id":"https:\/\/brasilnoticias.org\/site\/mulher-e-presa-apos-morder-pessoas-em-camarote-no-carnaval\/#breadcrumb","itemListElement":[{"@type":"ListItem","position":1,"name":"In\u00edcio","item":"https:\/\/brasilnoticias.org\/site\/"},{"@type":"ListItem","position":2,"name":"Mulher \u00e9 presa ap\u00f3s morder pessoas em camarote no Carnaval"}]},{"@type":"WebSite","@id":"https:\/\/brasilnoticias.org\/site\/#website","url":"https:\/\/brasilnoticias.org\/site\/","name":"Brasil not\u00edcias","description":"Brasil not\u00edcias","publisher":{"@id":"https:\/\/brasilnoticias.org\/site\/#organization"},"potentialAction":[{"@type":"SearchAction","target":{"@type":"EntryPoint","urlTemplate":"https:\/\/brasilnoticias.org\/site\/?s={search_term_string}"},"query-input":{"@type":"PropertyValueSpecification","valueRequired":true,"valueName":"search_term_string"}}],"inLanguage":"pt-PT"},{"@type":"Organization","@id":"https:\/\/brasilnoticias.org\/site\/#organization","name":"Brasil not\u00edcias","url":"https:\/\/brasilnoticias.org\/site\/","logo":{"@type":"ImageObject","inLanguage":"pt-PT","@id":"https:\/\/brasilnoticias.org\/site\/#\/schema\/logo\/image\/","url":"https:\/\/brasilnoticias.org\/site\/wp-content\/uploads\/2022\/05\/cropped-brasilnoticias-mini.jpg","contentUrl":"https:\/\/brasilnoticias.org\/site\/wp-content\/uploads\/2022\/05\/cropped-brasilnoticias-mini.jpg","width":314,"height":86,"caption":"Brasil not\u00edcias"},"image":{"@id":"https:\/\/brasilnoticias.org\/site\/#\/schema\/logo\/image\/"}},{"@type":"Person","@id":"https:\/\/brasilnoticias.org\/site\/#\/schema\/person\/03bbbfe6c7634ad18c26444ea39049fa","name":"Reda\u00e7\u00e3o","image":{"@type":"ImageObject","inLanguage":"pt-PT","@id":"https:\/\/brasilnoticias.org\/site\/#\/schema\/person\/image\/","url":"https:\/\/secure.gravatar.com\/avatar\/9ecaf7327a696cb23ad926fedded5f1f04d7049de9e445375d55b48c001a6e42?s=96&d=mm&r=g","contentUrl":"https:\/\/secure.gravatar.com\/avatar\/9ecaf7327a696cb23ad926fedded5f1f04d7049de9e445375d55b48c001a6e42?s=96&d=mm&r=g","caption":"Reda\u00e7\u00e3o"},"url":"https:\/\/brasilnoticias.org\/site\/author\/henrique\/"}]}},"_links":{"self":[{"href":"https:\/\/brasilnoticias.org\/site\/wp-json\/wp\/v2\/posts\/16940","targetHints":{"allow":["GET"]}}],"collection":[{"href":"https:\/\/brasilnoticias.org\/site\/wp-json\/wp\/v2\/posts"}],"about":[{"href":"https:\/\/brasilnoticias.org\/site\/wp-json\/wp\/v2\/types\/post"}],"author":[{"embeddable":true,"href":"https:\/\/brasilnoticias.org\/site\/wp-json\/wp\/v2\/users\/4"}],"replies":[{"embeddable":true,"href":"https:\/\/brasilnoticias.org\/site\/wp-json\/wp\/v2\/comments?post=16940"}],"version-history":[{"count":1,"href":"https:\/\/brasilnoticias.org\/site\/wp-json\/wp\/v2\/posts\/16940\/revisions"}],"predecessor-version":[{"id":16942,"href":"https:\/\/brasilnoticias.org\/site\/wp-json\/wp\/v2\/posts\/16940\/revisions\/16942"}],"wp:featuredmedia":[{"embeddable":true,"href":"https:\/\/brasilnoticias.org\/site\/wp-json\/wp\/v2\/media\/16941"}],"wp:attachment":[{"href":"https:\/\/brasilnoticias.org\/site\/wp-json\/wp\/v2\/media?parent=16940"}],"wp:term":[{"taxonomy":"category","embeddable":true,"href":"https:\/\/brasilnoticias.org\/site\/wp-json\/wp\/v2\/categories?post=16940"},{"taxonomy":"post_tag","embeddable":true,"href":"https:\/\/brasilnoticias.org\/site\/wp-json\/wp\/v2\/tags?post=16940"}],"curies":[{"name":"wp","href":"https:\/\/api.w.org\/{rel}","templated":true}]}}