{"id":16951,"date":"2025-03-05T16:39:38","date_gmt":"2025-03-05T19:39:38","guid":{"rendered":"https:\/\/brasilnoticias.org\/site\/?p=16951"},"modified":"2025-03-05T16:39:38","modified_gmt":"2025-03-05T19:39:38","slug":"justica-nega-condenacao-de-ex-reitor-da-ufrj-que-se-manifestou-contra-impeachment-de-dilma-rousseff","status":"publish","type":"post","link":"https:\/\/brasilnoticias.org\/site\/justica-nega-condenacao-de-ex-reitor-da-ufrj-que-se-manifestou-contra-impeachment-de-dilma-rousseff\/","title":{"rendered":"Justi\u00e7a nega condena\u00e7\u00e3o de ex-reitor da UFRJ que se manifestou contra impeachment de Dilma Rousseff"},"content":{"rendered":"<p>Advocacia-Geral da Uni\u00e3o mostrou que n\u00e3o houve improbidade administrativa no ato do gestor da Universidade Federal do Rio de Janeiro<\/p>\n<p>A Advocacia-Geral da Uni\u00e3o (AGU), por meio da Procuradoria-Regional Federal da 2\u00aa regi\u00e3o, evitou a condena\u00e7\u00e3o de Roberto Leher, ex-reitor da Universidade Federal do Rio de Janeiro (UFRJ), por ter se manifestado em mar\u00e7o de 2016 contra o impeachment da ex-presidente da Rep\u00fablica, Dilma Roussef. Ele era acusado de improbidade administrativa, por\u00e9m a 5\u00aa Turma Especializada do Tribunal Regional Federal da 2\u00aa Regi\u00e3o (TRF2) decidiu, por unanimidade, que n\u00e3o ficou demonstrado qualquer ato que possa ser enquadrado nas hip\u00f3teses normativas previstas na nova reda\u00e7\u00e3o do art. 11 da Lei de Improbidade Administrativa, modificada pela Lei 14.230\/2021. <\/p>\n<p>A a\u00e7\u00e3o foi ajuizada pelo Minist\u00e9rio P\u00fablico Federal (MPF) contra o ex-reitor e a ent\u00e3o presidente do Centro Acad\u00eamico de Engenharia da UFRJ, Tha\u00eds Zacharia. Ambos foram inocentados. <\/p>\n<p>A senten\u00e7a de primeiro grau j\u00e1 havia julgado o pedido do MPF improcedente. O \u00f3rg\u00e3o ent\u00e3o recorreu e, agora, a 5\u00aa Turma Especializada do TRF2 manteve a improced\u00eancia.<\/p>\n<p> Liberdade de pensamento pol\u00edtico <\/p>\n<p>O tribunal destacou, na decis\u00e3o, que o Supremo Tribunal Federal (STF) tem se orientado em prol da liberdade de express\u00e3o e de pensamento pol\u00edtico dentro do ambiente universit\u00e1rio, conforme ficou decidido na Argui\u00e7\u00e3o de Descumprimento de Preceito Fundamental (ADPF) 548. Al\u00e9m disso, ainda que se tratasse de caso de improbidade previsto em lei, n\u00e3o deveria haver qualquer penalidade devido \u00e0 aus\u00eancia de conduta dolosa. <\/p>\n<p>&#8220;Apesar de os eventos em quest\u00e3o terem albergado posi\u00e7\u00f5es mais identificadas a aspectos ideol\u00f3gicos de centro-esquerda\/esquerda, tal n\u00e3o pode ser impedimento \u00e0 sua ocorr\u00eancia, tendo em vista a fun\u00e7\u00e3o prec\u00edpua das universidades de trazer \u00e0 luz debates de todas as esp\u00e9cies, mormente em tema de elevada import\u00e2ncia pol\u00edtica, jur\u00eddica e social como um processo de impeachment&#8221;, ressalta trecho da decis\u00e3o. <\/p>\n<p>O procurador federal Renato Rabe, que atuou na defesa do ex-reitor, celebra a vit\u00f3ria: &#8220;A decis\u00e3o reafirma a liberdade acad\u00eamica e a import\u00e2ncia do debate de ideias dentro das universidades. O tribunal reconheceu que a manifesta\u00e7\u00e3o do ex-reitor se deu dentro do leg\u00edtimo exerc\u00edcio da liberdade de express\u00e3o.\u201d<\/p>\n<p>O que aconteceu<\/p>\n<p>O MPF sustentou na a\u00e7\u00e3o que, no an\u00fancio do evento \u201cUFRJ em Defesa dos Direitos Sociais, Pol\u00edticos e Democr\u00e1ticos\u201d, feito em 29 de mar\u00e7o de 2016 no site da Universidade, o ent\u00e3o reitor teria solicitado que todos participassem de um grande ato contra o impeachment da ent\u00e3o presidente da Rep\u00fablica Dilma Rousseff. <\/p>\n<p>Segundo o MPF, Roberto Leher teria usado a m\u00e1quina estatal, valendo-se do patrim\u00f4nio p\u00fablico da UFRJ, para satisfazer interesses pessoais.<\/p>\n<p>Conforme salientou a 5\u00aa Turma Especializada do TRF2, entretanto, o ato de Leher &#8220;n\u00e3o reflete dolo de aproveitamento da coisa p\u00fablica para a defesa de posi\u00e7\u00e3o meramente pessoal, eis que os temas discutidos em tais eventos se relacionam a interesses da universidade&#8221;, afirma trecho da decis\u00e3o.<\/p>\n<p>Foto: Raphael Pizzino (Coordcom\/UFRJ)<\/p>\n","protected":false},"excerpt":{"rendered":"<p>Advocacia-Geral da Uni\u00e3o mostrou que n\u00e3o houve improbidade administrativa no ato do gestor da Universidade Federal do Rio de Janeiro<\/p>\n","protected":false},"author":4,"featured_media":16952,"comment_status":"open","ping_status":"open","sticky":false,"template":"","format":"standard","meta":{"colormag_page_container_layout":"default_layout","colormag_page_sidebar_layout":"default_layout","_FSMCFIC_featured_image_caption":"","_FSMCFIC_featured_image_nocaption":"","_FSMCFIC_featured_image_hide":"","footnotes":""},"categories":[7,1],"tags":[],"class_list":["post-16951","post","type-post","status-publish","format-standard","has-post-thumbnail","hentry","category-justica","category-ultimas"],"yoast_head":"<!-- This site is optimized with the Yoast SEO plugin v27.1.1 - https:\/\/yoast.com\/product\/yoast-seo-wordpress\/ -->\n<title>Justi\u00e7a nega condena\u00e7\u00e3o de ex-reitor da UFRJ que se manifestou contra impeachment de Dilma Rousseff - Brasil not\u00edcias<\/title>\n<meta name=\"robots\" content=\"index, follow, max-snippet:-1, max-image-preview:large, max-video-preview:-1\" \/>\n<link rel=\"canonical\" href=\"https:\/\/brasilnoticias.org\/site\/justica-nega-condenacao-de-ex-reitor-da-ufrj-que-se-manifestou-contra-impeachment-de-dilma-rousseff\/\" \/>\n<meta property=\"og:locale\" content=\"pt_PT\" \/>\n<meta property=\"og:type\" content=\"article\" \/>\n<meta property=\"og:title\" content=\"Justi\u00e7a nega condena\u00e7\u00e3o de ex-reitor da UFRJ que se manifestou contra impeachment de Dilma Rousseff - Brasil not\u00edcias\" \/>\n<meta property=\"og:description\" content=\"Advocacia-Geral da Uni\u00e3o mostrou que n\u00e3o houve improbidade administrativa no ato do gestor da Universidade Federal do Rio de Janeiro\" \/>\n<meta property=\"og:url\" content=\"https:\/\/brasilnoticias.org\/site\/justica-nega-condenacao-de-ex-reitor-da-ufrj-que-se-manifestou-contra-impeachment-de-dilma-rousseff\/\" \/>\n<meta property=\"og:site_name\" content=\"Brasil not\u00edcias\" \/>\n<meta property=\"article:published_time\" content=\"2025-03-05T19:39:38+00:00\" \/>\n<meta property=\"og:image\" content=\"https:\/\/brasilnoticias.org\/site\/wp-content\/uploads\/2025\/03\/76071984-5a66-4bac-babd-ce272d2de59f.jpeg\" \/>\n\t<meta property=\"og:image:width\" content=\"768\" \/>\n\t<meta property=\"og:image:height\" content=\"431\" \/>\n\t<meta property=\"og:image:type\" content=\"image\/jpeg\" \/>\n<meta name=\"author\" content=\"Reda\u00e7\u00e3o\" \/>\n<meta name=\"twitter:card\" content=\"summary_large_image\" \/>\n<meta name=\"twitter:label1\" content=\"Escrito por\" \/>\n\t<meta name=\"twitter:data1\" content=\"Reda\u00e7\u00e3o\" \/>\n\t<meta name=\"twitter:label2\" content=\"Tempo estimado de leitura\" \/>\n\t<meta name=\"twitter:data2\" content=\"1 minuto\" \/>\n<script type=\"application\/ld+json\" class=\"yoast-schema-graph\">{\"@context\":\"https:\/\/schema.org\",\"@graph\":[{\"@type\":\"Article\",\"@id\":\"https:\/\/brasilnoticias.org\/site\/justica-nega-condenacao-de-ex-reitor-da-ufrj-que-se-manifestou-contra-impeachment-de-dilma-rousseff\/#article\",\"isPartOf\":{\"@id\":\"https:\/\/brasilnoticias.org\/site\/justica-nega-condenacao-de-ex-reitor-da-ufrj-que-se-manifestou-contra-impeachment-de-dilma-rousseff\/\"},\"author\":{\"name\":\"Reda\u00e7\u00e3o\",\"@id\":\"https:\/\/brasilnoticias.org\/site\/#\/schema\/person\/03bbbfe6c7634ad18c26444ea39049fa\"},\"headline\":\"Justi\u00e7a nega condena\u00e7\u00e3o de ex-reitor da UFRJ que se manifestou contra impeachment de Dilma Rousseff\",\"datePublished\":\"2025-03-05T19:39:38+00:00\",\"mainEntityOfPage\":{\"@id\":\"https:\/\/brasilnoticias.org\/site\/justica-nega-condenacao-de-ex-reitor-da-ufrj-que-se-manifestou-contra-impeachment-de-dilma-rousseff\/\"},\"wordCount\":544,\"commentCount\":0,\"publisher\":{\"@id\":\"https:\/\/brasilnoticias.org\/site\/#organization\"},\"image\":{\"@id\":\"https:\/\/brasilnoticias.org\/site\/justica-nega-condenacao-de-ex-reitor-da-ufrj-que-se-manifestou-contra-impeachment-de-dilma-rousseff\/#primaryimage\"},\"thumbnailUrl\":\"https:\/\/brasilnoticias.org\/site\/wp-content\/uploads\/2025\/03\/76071984-5a66-4bac-babd-ce272d2de59f.jpeg\",\"articleSection\":[\"Justi\u00e7a\",\"\u00daltimas\"],\"inLanguage\":\"pt-PT\",\"potentialAction\":[{\"@type\":\"CommentAction\",\"name\":\"Comment\",\"target\":[\"https:\/\/brasilnoticias.org\/site\/justica-nega-condenacao-de-ex-reitor-da-ufrj-que-se-manifestou-contra-impeachment-de-dilma-rousseff\/#respond\"]}]},{\"@type\":\"WebPage\",\"@id\":\"https:\/\/brasilnoticias.org\/site\/justica-nega-condenacao-de-ex-reitor-da-ufrj-que-se-manifestou-contra-impeachment-de-dilma-rousseff\/\",\"url\":\"https:\/\/brasilnoticias.org\/site\/justica-nega-condenacao-de-ex-reitor-da-ufrj-que-se-manifestou-contra-impeachment-de-dilma-rousseff\/\",\"name\":\"Justi\u00e7a nega condena\u00e7\u00e3o de ex-reitor da UFRJ que se manifestou contra impeachment de Dilma Rousseff - Brasil not\u00edcias\",\"isPartOf\":{\"@id\":\"https:\/\/brasilnoticias.org\/site\/#website\"},\"primaryImageOfPage\":{\"@id\":\"https:\/\/brasilnoticias.org\/site\/justica-nega-condenacao-de-ex-reitor-da-ufrj-que-se-manifestou-contra-impeachment-de-dilma-rousseff\/#primaryimage\"},\"image\":{\"@id\":\"https:\/\/brasilnoticias.org\/site\/justica-nega-condenacao-de-ex-reitor-da-ufrj-que-se-manifestou-contra-impeachment-de-dilma-rousseff\/#primaryimage\"},\"thumbnailUrl\":\"https:\/\/brasilnoticias.org\/site\/wp-content\/uploads\/2025\/03\/76071984-5a66-4bac-babd-ce272d2de59f.jpeg\",\"datePublished\":\"2025-03-05T19:39:38+00:00\",\"breadcrumb\":{\"@id\":\"https:\/\/brasilnoticias.org\/site\/justica-nega-condenacao-de-ex-reitor-da-ufrj-que-se-manifestou-contra-impeachment-de-dilma-rousseff\/#breadcrumb\"},\"inLanguage\":\"pt-PT\",\"potentialAction\":[{\"@type\":\"ReadAction\",\"target\":[\"https:\/\/brasilnoticias.org\/site\/justica-nega-condenacao-de-ex-reitor-da-ufrj-que-se-manifestou-contra-impeachment-de-dilma-rousseff\/\"]}]},{\"@type\":\"ImageObject\",\"inLanguage\":\"pt-PT\",\"@id\":\"https:\/\/brasilnoticias.org\/site\/justica-nega-condenacao-de-ex-reitor-da-ufrj-que-se-manifestou-contra-impeachment-de-dilma-rousseff\/#primaryimage\",\"url\":\"https:\/\/brasilnoticias.org\/site\/wp-content\/uploads\/2025\/03\/76071984-5a66-4bac-babd-ce272d2de59f.jpeg\",\"contentUrl\":\"https:\/\/brasilnoticias.org\/site\/wp-content\/uploads\/2025\/03\/76071984-5a66-4bac-babd-ce272d2de59f.jpeg\",\"width\":768,\"height\":431},{\"@type\":\"BreadcrumbList\",\"@id\":\"https:\/\/brasilnoticias.org\/site\/justica-nega-condenacao-de-ex-reitor-da-ufrj-que-se-manifestou-contra-impeachment-de-dilma-rousseff\/#breadcrumb\",\"itemListElement\":[{\"@type\":\"ListItem\",\"position\":1,\"name\":\"In\u00edcio\",\"item\":\"https:\/\/brasilnoticias.org\/site\/\"},{\"@type\":\"ListItem\",\"position\":2,\"name\":\"Justi\u00e7a nega condena\u00e7\u00e3o de ex-reitor da UFRJ que se manifestou contra impeachment de Dilma Rousseff\"}]},{\"@type\":\"WebSite\",\"@id\":\"https:\/\/brasilnoticias.org\/site\/#website\",\"url\":\"https:\/\/brasilnoticias.org\/site\/\",\"name\":\"Brasil not\u00edcias\",\"description\":\"Brasil not\u00edcias\",\"publisher\":{\"@id\":\"https:\/\/brasilnoticias.org\/site\/#organization\"},\"potentialAction\":[{\"@type\":\"SearchAction\",\"target\":{\"@type\":\"EntryPoint\",\"urlTemplate\":\"https:\/\/brasilnoticias.org\/site\/?s={search_term_string}\"},\"query-input\":{\"@type\":\"PropertyValueSpecification\",\"valueRequired\":true,\"valueName\":\"search_term_string\"}}],\"inLanguage\":\"pt-PT\"},{\"@type\":\"Organization\",\"@id\":\"https:\/\/brasilnoticias.org\/site\/#organization\",\"name\":\"Brasil not\u00edcias\",\"url\":\"https:\/\/brasilnoticias.org\/site\/\",\"logo\":{\"@type\":\"ImageObject\",\"inLanguage\":\"pt-PT\",\"@id\":\"https:\/\/brasilnoticias.org\/site\/#\/schema\/logo\/image\/\",\"url\":\"https:\/\/brasilnoticias.org\/site\/wp-content\/uploads\/2022\/05\/cropped-brasilnoticias-mini.jpg\",\"contentUrl\":\"https:\/\/brasilnoticias.org\/site\/wp-content\/uploads\/2022\/05\/cropped-brasilnoticias-mini.jpg\",\"width\":314,\"height\":86,\"caption\":\"Brasil not\u00edcias\"},\"image\":{\"@id\":\"https:\/\/brasilnoticias.org\/site\/#\/schema\/logo\/image\/\"}},{\"@type\":\"Person\",\"@id\":\"https:\/\/brasilnoticias.org\/site\/#\/schema\/person\/03bbbfe6c7634ad18c26444ea39049fa\",\"name\":\"Reda\u00e7\u00e3o\",\"image\":{\"@type\":\"ImageObject\",\"inLanguage\":\"pt-PT\",\"@id\":\"https:\/\/brasilnoticias.org\/site\/#\/schema\/person\/image\/\",\"url\":\"https:\/\/secure.gravatar.com\/avatar\/9ecaf7327a696cb23ad926fedded5f1f04d7049de9e445375d55b48c001a6e42?s=96&d=mm&r=g\",\"contentUrl\":\"https:\/\/secure.gravatar.com\/avatar\/9ecaf7327a696cb23ad926fedded5f1f04d7049de9e445375d55b48c001a6e42?s=96&d=mm&r=g\",\"caption\":\"Reda\u00e7\u00e3o\"},\"url\":\"https:\/\/brasilnoticias.org\/site\/author\/henrique\/\"}]}<\/script>\n<!-- \/ Yoast SEO plugin. -->","yoast_head_json":{"title":"Justi\u00e7a nega condena\u00e7\u00e3o de ex-reitor da UFRJ que se manifestou contra impeachment de Dilma Rousseff - Brasil not\u00edcias","robots":{"index":"index","follow":"follow","max-snippet":"max-snippet:-1","max-image-preview":"max-image-preview:large","max-video-preview":"max-video-preview:-1"},"canonical":"https:\/\/brasilnoticias.org\/site\/justica-nega-condenacao-de-ex-reitor-da-ufrj-que-se-manifestou-contra-impeachment-de-dilma-rousseff\/","og_locale":"pt_PT","og_type":"article","og_title":"Justi\u00e7a nega condena\u00e7\u00e3o de ex-reitor da UFRJ que se manifestou contra impeachment de Dilma Rousseff - Brasil not\u00edcias","og_description":"Advocacia-Geral da Uni\u00e3o mostrou que n\u00e3o houve improbidade administrativa no ato do gestor da Universidade Federal do Rio de Janeiro","og_url":"https:\/\/brasilnoticias.org\/site\/justica-nega-condenacao-de-ex-reitor-da-ufrj-que-se-manifestou-contra-impeachment-de-dilma-rousseff\/","og_site_name":"Brasil not\u00edcias","article_published_time":"2025-03-05T19:39:38+00:00","og_image":[{"width":768,"height":431,"url":"https:\/\/brasilnoticias.org\/site\/wp-content\/uploads\/2025\/03\/76071984-5a66-4bac-babd-ce272d2de59f.jpeg","type":"image\/jpeg"}],"author":"Reda\u00e7\u00e3o","twitter_card":"summary_large_image","twitter_misc":{"Escrito por":"Reda\u00e7\u00e3o","Tempo estimado de leitura":"1 minuto"},"schema":{"@context":"https:\/\/schema.org","@graph":[{"@type":"Article","@id":"https:\/\/brasilnoticias.org\/site\/justica-nega-condenacao-de-ex-reitor-da-ufrj-que-se-manifestou-contra-impeachment-de-dilma-rousseff\/#article","isPartOf":{"@id":"https:\/\/brasilnoticias.org\/site\/justica-nega-condenacao-de-ex-reitor-da-ufrj-que-se-manifestou-contra-impeachment-de-dilma-rousseff\/"},"author":{"name":"Reda\u00e7\u00e3o","@id":"https:\/\/brasilnoticias.org\/site\/#\/schema\/person\/03bbbfe6c7634ad18c26444ea39049fa"},"headline":"Justi\u00e7a nega condena\u00e7\u00e3o de ex-reitor da UFRJ que se manifestou contra impeachment de Dilma Rousseff","datePublished":"2025-03-05T19:39:38+00:00","mainEntityOfPage":{"@id":"https:\/\/brasilnoticias.org\/site\/justica-nega-condenacao-de-ex-reitor-da-ufrj-que-se-manifestou-contra-impeachment-de-dilma-rousseff\/"},"wordCount":544,"commentCount":0,"publisher":{"@id":"https:\/\/brasilnoticias.org\/site\/#organization"},"image":{"@id":"https:\/\/brasilnoticias.org\/site\/justica-nega-condenacao-de-ex-reitor-da-ufrj-que-se-manifestou-contra-impeachment-de-dilma-rousseff\/#primaryimage"},"thumbnailUrl":"https:\/\/brasilnoticias.org\/site\/wp-content\/uploads\/2025\/03\/76071984-5a66-4bac-babd-ce272d2de59f.jpeg","articleSection":["Justi\u00e7a","\u00daltimas"],"inLanguage":"pt-PT","potentialAction":[{"@type":"CommentAction","name":"Comment","target":["https:\/\/brasilnoticias.org\/site\/justica-nega-condenacao-de-ex-reitor-da-ufrj-que-se-manifestou-contra-impeachment-de-dilma-rousseff\/#respond"]}]},{"@type":"WebPage","@id":"https:\/\/brasilnoticias.org\/site\/justica-nega-condenacao-de-ex-reitor-da-ufrj-que-se-manifestou-contra-impeachment-de-dilma-rousseff\/","url":"https:\/\/brasilnoticias.org\/site\/justica-nega-condenacao-de-ex-reitor-da-ufrj-que-se-manifestou-contra-impeachment-de-dilma-rousseff\/","name":"Justi\u00e7a nega condena\u00e7\u00e3o de ex-reitor da UFRJ que se manifestou contra impeachment de Dilma Rousseff - Brasil not\u00edcias","isPartOf":{"@id":"https:\/\/brasilnoticias.org\/site\/#website"},"primaryImageOfPage":{"@id":"https:\/\/brasilnoticias.org\/site\/justica-nega-condenacao-de-ex-reitor-da-ufrj-que-se-manifestou-contra-impeachment-de-dilma-rousseff\/#primaryimage"},"image":{"@id":"https:\/\/brasilnoticias.org\/site\/justica-nega-condenacao-de-ex-reitor-da-ufrj-que-se-manifestou-contra-impeachment-de-dilma-rousseff\/#primaryimage"},"thumbnailUrl":"https:\/\/brasilnoticias.org\/site\/wp-content\/uploads\/2025\/03\/76071984-5a66-4bac-babd-ce272d2de59f.jpeg","datePublished":"2025-03-05T19:39:38+00:00","breadcrumb":{"@id":"https:\/\/brasilnoticias.org\/site\/justica-nega-condenacao-de-ex-reitor-da-ufrj-que-se-manifestou-contra-impeachment-de-dilma-rousseff\/#breadcrumb"},"inLanguage":"pt-PT","potentialAction":[{"@type":"ReadAction","target":["https:\/\/brasilnoticias.org\/site\/justica-nega-condenacao-de-ex-reitor-da-ufrj-que-se-manifestou-contra-impeachment-de-dilma-rousseff\/"]}]},{"@type":"ImageObject","inLanguage":"pt-PT","@id":"https:\/\/brasilnoticias.org\/site\/justica-nega-condenacao-de-ex-reitor-da-ufrj-que-se-manifestou-contra-impeachment-de-dilma-rousseff\/#primaryimage","url":"https:\/\/brasilnoticias.org\/site\/wp-content\/uploads\/2025\/03\/76071984-5a66-4bac-babd-ce272d2de59f.jpeg","contentUrl":"https:\/\/brasilnoticias.org\/site\/wp-content\/uploads\/2025\/03\/76071984-5a66-4bac-babd-ce272d2de59f.jpeg","width":768,"height":431},{"@type":"BreadcrumbList","@id":"https:\/\/brasilnoticias.org\/site\/justica-nega-condenacao-de-ex-reitor-da-ufrj-que-se-manifestou-contra-impeachment-de-dilma-rousseff\/#breadcrumb","itemListElement":[{"@type":"ListItem","position":1,"name":"In\u00edcio","item":"https:\/\/brasilnoticias.org\/site\/"},{"@type":"ListItem","position":2,"name":"Justi\u00e7a nega condena\u00e7\u00e3o de ex-reitor da UFRJ que se manifestou contra impeachment de Dilma Rousseff"}]},{"@type":"WebSite","@id":"https:\/\/brasilnoticias.org\/site\/#website","url":"https:\/\/brasilnoticias.org\/site\/","name":"Brasil not\u00edcias","description":"Brasil not\u00edcias","publisher":{"@id":"https:\/\/brasilnoticias.org\/site\/#organization"},"potentialAction":[{"@type":"SearchAction","target":{"@type":"EntryPoint","urlTemplate":"https:\/\/brasilnoticias.org\/site\/?s={search_term_string}"},"query-input":{"@type":"PropertyValueSpecification","valueRequired":true,"valueName":"search_term_string"}}],"inLanguage":"pt-PT"},{"@type":"Organization","@id":"https:\/\/brasilnoticias.org\/site\/#organization","name":"Brasil not\u00edcias","url":"https:\/\/brasilnoticias.org\/site\/","logo":{"@type":"ImageObject","inLanguage":"pt-PT","@id":"https:\/\/brasilnoticias.org\/site\/#\/schema\/logo\/image\/","url":"https:\/\/brasilnoticias.org\/site\/wp-content\/uploads\/2022\/05\/cropped-brasilnoticias-mini.jpg","contentUrl":"https:\/\/brasilnoticias.org\/site\/wp-content\/uploads\/2022\/05\/cropped-brasilnoticias-mini.jpg","width":314,"height":86,"caption":"Brasil not\u00edcias"},"image":{"@id":"https:\/\/brasilnoticias.org\/site\/#\/schema\/logo\/image\/"}},{"@type":"Person","@id":"https:\/\/brasilnoticias.org\/site\/#\/schema\/person\/03bbbfe6c7634ad18c26444ea39049fa","name":"Reda\u00e7\u00e3o","image":{"@type":"ImageObject","inLanguage":"pt-PT","@id":"https:\/\/brasilnoticias.org\/site\/#\/schema\/person\/image\/","url":"https:\/\/secure.gravatar.com\/avatar\/9ecaf7327a696cb23ad926fedded5f1f04d7049de9e445375d55b48c001a6e42?s=96&d=mm&r=g","contentUrl":"https:\/\/secure.gravatar.com\/avatar\/9ecaf7327a696cb23ad926fedded5f1f04d7049de9e445375d55b48c001a6e42?s=96&d=mm&r=g","caption":"Reda\u00e7\u00e3o"},"url":"https:\/\/brasilnoticias.org\/site\/author\/henrique\/"}]}},"_links":{"self":[{"href":"https:\/\/brasilnoticias.org\/site\/wp-json\/wp\/v2\/posts\/16951","targetHints":{"allow":["GET"]}}],"collection":[{"href":"https:\/\/brasilnoticias.org\/site\/wp-json\/wp\/v2\/posts"}],"about":[{"href":"https:\/\/brasilnoticias.org\/site\/wp-json\/wp\/v2\/types\/post"}],"author":[{"embeddable":true,"href":"https:\/\/brasilnoticias.org\/site\/wp-json\/wp\/v2\/users\/4"}],"replies":[{"embeddable":true,"href":"https:\/\/brasilnoticias.org\/site\/wp-json\/wp\/v2\/comments?post=16951"}],"version-history":[{"count":1,"href":"https:\/\/brasilnoticias.org\/site\/wp-json\/wp\/v2\/posts\/16951\/revisions"}],"predecessor-version":[{"id":16953,"href":"https:\/\/brasilnoticias.org\/site\/wp-json\/wp\/v2\/posts\/16951\/revisions\/16953"}],"wp:featuredmedia":[{"embeddable":true,"href":"https:\/\/brasilnoticias.org\/site\/wp-json\/wp\/v2\/media\/16952"}],"wp:attachment":[{"href":"https:\/\/brasilnoticias.org\/site\/wp-json\/wp\/v2\/media?parent=16951"}],"wp:term":[{"taxonomy":"category","embeddable":true,"href":"https:\/\/brasilnoticias.org\/site\/wp-json\/wp\/v2\/categories?post=16951"},{"taxonomy":"post_tag","embeddable":true,"href":"https:\/\/brasilnoticias.org\/site\/wp-json\/wp\/v2\/tags?post=16951"}],"curies":[{"name":"wp","href":"https:\/\/api.w.org\/{rel}","templated":true}]}}