{"id":16957,"date":"2025-03-11T21:57:41","date_gmt":"2025-03-12T00:57:41","guid":{"rendered":"https:\/\/brasilnoticias.org\/site\/?p=16957"},"modified":"2025-03-11T21:57:41","modified_gmt":"2025-03-12T00:57:41","slug":"ludmilla-fiscina-apresenta-projeto-para-instituir-o-mes-estadual-de-combate-ao-cancer-de-cabeca-e-pescoco","status":"publish","type":"post","link":"https:\/\/brasilnoticias.org\/site\/ludmilla-fiscina-apresenta-projeto-para-instituir-o-mes-estadual-de-combate-ao-cancer-de-cabeca-e-pescoco\/","title":{"rendered":"Ludmilla Fiscina apresenta projeto para instituir o M\u00eas Estadual de Combate ao C\u00e2ncer de Cabe\u00e7a e Pesco\u00e7o"},"content":{"rendered":"<p>A deputada estadual Ludmilla Fiscina (PV) protocolou, nesta ter\u00e7a-feira (11), o Projeto de Lei N\u00ba 25698\/2025, que prop\u00f5e a institui\u00e7\u00e3o do m\u00eas de julho como o M\u00eas Estadual de Combate ao C\u00e2ncer de Cabe\u00e7a e Pesco\u00e7o na Bahia. A iniciativa visa ampliar a conscientiza\u00e7\u00e3o sobre essa doen\u00e7a e refor\u00e7ar a import\u00e2ncia do diagn\u00f3stico precoce e da preven\u00e7\u00e3o.<\/p>\n<p>O c\u00e2ncer de cabe\u00e7a e pesco\u00e7o \u00e9 o sexto tipo mais comum no mundo, acometendo regi\u00f5es como boca, l\u00edngua, faringe, laringe e tireoide. Apesar de sua alta incid\u00eancia, recebe menos de 2% do financiamento global para pesquisa. \u201cA falta de informa\u00e7\u00e3o sobre esse tipo de c\u00e2ncer compromete o diagn\u00f3stico precoce e o tratamento adequado. Com essa lei, queremos alertar a popula\u00e7\u00e3o e fortalecer a\u00e7\u00f5es preventivas\u201d, destacou Fiscina.<\/p>\n<p>O projeto prev\u00ea que os \u00f3rg\u00e3os competentes do Estado promovam campanhas educativas durante o m\u00eas de julho, abordando os riscos, fatores de desenvolvimento, m\u00e9todos de preven\u00e7\u00e3o e a import\u00e2ncia da detec\u00e7\u00e3o precoce. A proposta se alinha ao movimento \u201cJulho Verde\u201d, institu\u00eddo mundialmente pela Federa\u00e7\u00e3o Internacional de Sociedades de Oncologia de Cabe\u00e7a e Pesco\u00e7o, que j\u00e1 reconhece o dia 27 de julho como o Dia Mundial de Combate a esse tipo de c\u00e2ncer.<\/p>\n<p>A deputada lembra que a Bahia j\u00e1 discutiu o tema em audi\u00eancia p\u00fablica realizada pela Comiss\u00e3o de Sa\u00fade e Saneamento da Assembleia Legislativa, em 2023, quando especialistas apontaram a necessidade de maior atua\u00e7\u00e3o do poder p\u00fablico para reduzir os \u00edndices da doen\u00e7a no estado. \u201cNosso objetivo \u00e9 tornar essa pauta permanente e garantir que as pessoas tenham acesso a informa\u00e7\u00f5es que podem salvar vidas\u201d, refor\u00e7ou.<\/p>\n<p>O projeto tamb\u00e9m enfatiza que investir em preven\u00e7\u00e3o e informa\u00e7\u00e3o pode reduzir a necessidade de tratamentos complexos, como radioterapia e cirurgias de alta complexidade, diminuindo custos para o sistema de sa\u00fade p\u00fablica. \u201cEstamos falando de uma doen\u00e7a que tem manifesta\u00e7\u00e3o clara e pode impactar a autoestima e a qualidade de vida do paciente. Precisamos atuar de forma preventiva e oferecer suporte adequado\u201d, ressaltou a parlamentar.<\/p>\n<p>Agora, o PL segue para tramita\u00e7\u00e3o na Assembleia Legislativa da Bahia, onde ser\u00e1 analisado pelas comiss\u00f5es tem\u00e1ticas antes de ser levado ao plen\u00e1rio para vota\u00e7\u00e3o.<\/p>\n<p>Foto: Alu\u00edsio Neto<\/p>\n","protected":false},"excerpt":{"rendered":"<p>A deputada estadual Ludmilla Fiscina (PV) protocolou, nesta ter\u00e7a-feira (11), o Projeto de Lei N\u00ba 25698\/2025, que prop\u00f5e a institui\u00e7\u00e3o<\/p>\n","protected":false},"author":4,"featured_media":16958,"comment_status":"open","ping_status":"open","sticky":false,"template":"","format":"standard","meta":{"colormag_page_container_layout":"default_layout","colormag_page_sidebar_layout":"default_layout","_FSMCFIC_featured_image_caption":"","_FSMCFIC_featured_image_nocaption":"","_FSMCFIC_featured_image_hide":"","footnotes":""},"categories":[5,1],"tags":[],"class_list":["post-16957","post","type-post","status-publish","format-standard","has-post-thumbnail","hentry","category-politica","category-ultimas"],"yoast_head":"<!-- This site is optimized with the Yoast SEO plugin v27.1.1 - https:\/\/yoast.com\/product\/yoast-seo-wordpress\/ -->\n<title>Ludmilla Fiscina apresenta projeto para instituir o M\u00eas Estadual de Combate ao C\u00e2ncer de Cabe\u00e7a e Pesco\u00e7o - Brasil not\u00edcias<\/title>\n<meta name=\"robots\" content=\"index, follow, max-snippet:-1, max-image-preview:large, max-video-preview:-1\" \/>\n<link rel=\"canonical\" href=\"https:\/\/brasilnoticias.org\/site\/ludmilla-fiscina-apresenta-projeto-para-instituir-o-mes-estadual-de-combate-ao-cancer-de-cabeca-e-pescoco\/\" \/>\n<meta property=\"og:locale\" content=\"pt_PT\" \/>\n<meta property=\"og:type\" content=\"article\" \/>\n<meta property=\"og:title\" content=\"Ludmilla Fiscina apresenta projeto para instituir o M\u00eas Estadual de Combate ao C\u00e2ncer de Cabe\u00e7a e Pesco\u00e7o - Brasil not\u00edcias\" \/>\n<meta property=\"og:description\" content=\"A deputada estadual Ludmilla Fiscina (PV) protocolou, nesta ter\u00e7a-feira (11), o Projeto de Lei N\u00ba 25698\/2025, que prop\u00f5e a institui\u00e7\u00e3o\" \/>\n<meta property=\"og:url\" content=\"https:\/\/brasilnoticias.org\/site\/ludmilla-fiscina-apresenta-projeto-para-instituir-o-mes-estadual-de-combate-ao-cancer-de-cabeca-e-pescoco\/\" \/>\n<meta property=\"og:site_name\" content=\"Brasil not\u00edcias\" \/>\n<meta property=\"article:published_time\" content=\"2025-03-12T00:57:41+00:00\" \/>\n<meta property=\"og:image\" content=\"https:\/\/brasilnoticias.org\/site\/wp-content\/uploads\/2025\/03\/IMAGEM_NOTICIA_0-2.jpg\" \/>\n\t<meta property=\"og:image:width\" content=\"850\" \/>\n\t<meta property=\"og:image:height\" content=\"400\" \/>\n\t<meta property=\"og:image:type\" content=\"image\/jpeg\" \/>\n<meta name=\"author\" content=\"Reda\u00e7\u00e3o\" \/>\n<meta name=\"twitter:card\" content=\"summary_large_image\" \/>\n<meta name=\"twitter:label1\" content=\"Escrito por\" \/>\n\t<meta name=\"twitter:data1\" content=\"Reda\u00e7\u00e3o\" \/>\n<script type=\"application\/ld+json\" class=\"yoast-schema-graph\">{\"@context\":\"https:\/\/schema.org\",\"@graph\":[{\"@type\":\"Article\",\"@id\":\"https:\/\/brasilnoticias.org\/site\/ludmilla-fiscina-apresenta-projeto-para-instituir-o-mes-estadual-de-combate-ao-cancer-de-cabeca-e-pescoco\/#article\",\"isPartOf\":{\"@id\":\"https:\/\/brasilnoticias.org\/site\/ludmilla-fiscina-apresenta-projeto-para-instituir-o-mes-estadual-de-combate-ao-cancer-de-cabeca-e-pescoco\/\"},\"author\":{\"name\":\"Reda\u00e7\u00e3o\",\"@id\":\"https:\/\/brasilnoticias.org\/site\/#\/schema\/person\/03bbbfe6c7634ad18c26444ea39049fa\"},\"headline\":\"Ludmilla Fiscina apresenta projeto para instituir o M\u00eas Estadual de Combate ao C\u00e2ncer de Cabe\u00e7a e Pesco\u00e7o\",\"datePublished\":\"2025-03-12T00:57:41+00:00\",\"mainEntityOfPage\":{\"@id\":\"https:\/\/brasilnoticias.org\/site\/ludmilla-fiscina-apresenta-projeto-para-instituir-o-mes-estadual-de-combate-ao-cancer-de-cabeca-e-pescoco\/\"},\"wordCount\":426,\"commentCount\":0,\"publisher\":{\"@id\":\"https:\/\/brasilnoticias.org\/site\/#organization\"},\"image\":{\"@id\":\"https:\/\/brasilnoticias.org\/site\/ludmilla-fiscina-apresenta-projeto-para-instituir-o-mes-estadual-de-combate-ao-cancer-de-cabeca-e-pescoco\/#primaryimage\"},\"thumbnailUrl\":\"https:\/\/brasilnoticias.org\/site\/wp-content\/uploads\/2025\/03\/IMAGEM_NOTICIA_0-2.jpg\",\"articleSection\":[\"Pol\u00edtica\",\"\u00daltimas\"],\"inLanguage\":\"pt-PT\",\"potentialAction\":[{\"@type\":\"CommentAction\",\"name\":\"Comment\",\"target\":[\"https:\/\/brasilnoticias.org\/site\/ludmilla-fiscina-apresenta-projeto-para-instituir-o-mes-estadual-de-combate-ao-cancer-de-cabeca-e-pescoco\/#respond\"]}]},{\"@type\":\"WebPage\",\"@id\":\"https:\/\/brasilnoticias.org\/site\/ludmilla-fiscina-apresenta-projeto-para-instituir-o-mes-estadual-de-combate-ao-cancer-de-cabeca-e-pescoco\/\",\"url\":\"https:\/\/brasilnoticias.org\/site\/ludmilla-fiscina-apresenta-projeto-para-instituir-o-mes-estadual-de-combate-ao-cancer-de-cabeca-e-pescoco\/\",\"name\":\"Ludmilla Fiscina apresenta projeto para instituir o M\u00eas Estadual de Combate ao C\u00e2ncer de Cabe\u00e7a e Pesco\u00e7o - Brasil not\u00edcias\",\"isPartOf\":{\"@id\":\"https:\/\/brasilnoticias.org\/site\/#website\"},\"primaryImageOfPage\":{\"@id\":\"https:\/\/brasilnoticias.org\/site\/ludmilla-fiscina-apresenta-projeto-para-instituir-o-mes-estadual-de-combate-ao-cancer-de-cabeca-e-pescoco\/#primaryimage\"},\"image\":{\"@id\":\"https:\/\/brasilnoticias.org\/site\/ludmilla-fiscina-apresenta-projeto-para-instituir-o-mes-estadual-de-combate-ao-cancer-de-cabeca-e-pescoco\/#primaryimage\"},\"thumbnailUrl\":\"https:\/\/brasilnoticias.org\/site\/wp-content\/uploads\/2025\/03\/IMAGEM_NOTICIA_0-2.jpg\",\"datePublished\":\"2025-03-12T00:57:41+00:00\",\"breadcrumb\":{\"@id\":\"https:\/\/brasilnoticias.org\/site\/ludmilla-fiscina-apresenta-projeto-para-instituir-o-mes-estadual-de-combate-ao-cancer-de-cabeca-e-pescoco\/#breadcrumb\"},\"inLanguage\":\"pt-PT\",\"potentialAction\":[{\"@type\":\"ReadAction\",\"target\":[\"https:\/\/brasilnoticias.org\/site\/ludmilla-fiscina-apresenta-projeto-para-instituir-o-mes-estadual-de-combate-ao-cancer-de-cabeca-e-pescoco\/\"]}]},{\"@type\":\"ImageObject\",\"inLanguage\":\"pt-PT\",\"@id\":\"https:\/\/brasilnoticias.org\/site\/ludmilla-fiscina-apresenta-projeto-para-instituir-o-mes-estadual-de-combate-ao-cancer-de-cabeca-e-pescoco\/#primaryimage\",\"url\":\"https:\/\/brasilnoticias.org\/site\/wp-content\/uploads\/2025\/03\/IMAGEM_NOTICIA_0-2.jpg\",\"contentUrl\":\"https:\/\/brasilnoticias.org\/site\/wp-content\/uploads\/2025\/03\/IMAGEM_NOTICIA_0-2.jpg\",\"width\":850,\"height\":400},{\"@type\":\"BreadcrumbList\",\"@id\":\"https:\/\/brasilnoticias.org\/site\/ludmilla-fiscina-apresenta-projeto-para-instituir-o-mes-estadual-de-combate-ao-cancer-de-cabeca-e-pescoco\/#breadcrumb\",\"itemListElement\":[{\"@type\":\"ListItem\",\"position\":1,\"name\":\"In\u00edcio\",\"item\":\"https:\/\/brasilnoticias.org\/site\/\"},{\"@type\":\"ListItem\",\"position\":2,\"name\":\"Ludmilla Fiscina apresenta projeto para instituir o M\u00eas Estadual de Combate ao C\u00e2ncer de Cabe\u00e7a e Pesco\u00e7o\"}]},{\"@type\":\"WebSite\",\"@id\":\"https:\/\/brasilnoticias.org\/site\/#website\",\"url\":\"https:\/\/brasilnoticias.org\/site\/\",\"name\":\"Brasil not\u00edcias\",\"description\":\"Brasil not\u00edcias\",\"publisher\":{\"@id\":\"https:\/\/brasilnoticias.org\/site\/#organization\"},\"potentialAction\":[{\"@type\":\"SearchAction\",\"target\":{\"@type\":\"EntryPoint\",\"urlTemplate\":\"https:\/\/brasilnoticias.org\/site\/?s={search_term_string}\"},\"query-input\":{\"@type\":\"PropertyValueSpecification\",\"valueRequired\":true,\"valueName\":\"search_term_string\"}}],\"inLanguage\":\"pt-PT\"},{\"@type\":\"Organization\",\"@id\":\"https:\/\/brasilnoticias.org\/site\/#organization\",\"name\":\"Brasil not\u00edcias\",\"url\":\"https:\/\/brasilnoticias.org\/site\/\",\"logo\":{\"@type\":\"ImageObject\",\"inLanguage\":\"pt-PT\",\"@id\":\"https:\/\/brasilnoticias.org\/site\/#\/schema\/logo\/image\/\",\"url\":\"https:\/\/brasilnoticias.org\/site\/wp-content\/uploads\/2022\/05\/cropped-brasilnoticias-mini.jpg\",\"contentUrl\":\"https:\/\/brasilnoticias.org\/site\/wp-content\/uploads\/2022\/05\/cropped-brasilnoticias-mini.jpg\",\"width\":314,\"height\":86,\"caption\":\"Brasil not\u00edcias\"},\"image\":{\"@id\":\"https:\/\/brasilnoticias.org\/site\/#\/schema\/logo\/image\/\"}},{\"@type\":\"Person\",\"@id\":\"https:\/\/brasilnoticias.org\/site\/#\/schema\/person\/03bbbfe6c7634ad18c26444ea39049fa\",\"name\":\"Reda\u00e7\u00e3o\",\"image\":{\"@type\":\"ImageObject\",\"inLanguage\":\"pt-PT\",\"@id\":\"https:\/\/brasilnoticias.org\/site\/#\/schema\/person\/image\/\",\"url\":\"https:\/\/secure.gravatar.com\/avatar\/9ecaf7327a696cb23ad926fedded5f1f04d7049de9e445375d55b48c001a6e42?s=96&d=mm&r=g\",\"contentUrl\":\"https:\/\/secure.gravatar.com\/avatar\/9ecaf7327a696cb23ad926fedded5f1f04d7049de9e445375d55b48c001a6e42?s=96&d=mm&r=g\",\"caption\":\"Reda\u00e7\u00e3o\"},\"url\":\"https:\/\/brasilnoticias.org\/site\/author\/henrique\/\"}]}<\/script>\n<!-- \/ Yoast SEO plugin. -->","yoast_head_json":{"title":"Ludmilla Fiscina apresenta projeto para instituir o M\u00eas Estadual de Combate ao C\u00e2ncer de Cabe\u00e7a e Pesco\u00e7o - Brasil not\u00edcias","robots":{"index":"index","follow":"follow","max-snippet":"max-snippet:-1","max-image-preview":"max-image-preview:large","max-video-preview":"max-video-preview:-1"},"canonical":"https:\/\/brasilnoticias.org\/site\/ludmilla-fiscina-apresenta-projeto-para-instituir-o-mes-estadual-de-combate-ao-cancer-de-cabeca-e-pescoco\/","og_locale":"pt_PT","og_type":"article","og_title":"Ludmilla Fiscina apresenta projeto para instituir o M\u00eas Estadual de Combate ao C\u00e2ncer de Cabe\u00e7a e Pesco\u00e7o - Brasil not\u00edcias","og_description":"A deputada estadual Ludmilla Fiscina (PV) protocolou, nesta ter\u00e7a-feira (11), o Projeto de Lei N\u00ba 25698\/2025, que prop\u00f5e a institui\u00e7\u00e3o","og_url":"https:\/\/brasilnoticias.org\/site\/ludmilla-fiscina-apresenta-projeto-para-instituir-o-mes-estadual-de-combate-ao-cancer-de-cabeca-e-pescoco\/","og_site_name":"Brasil not\u00edcias","article_published_time":"2025-03-12T00:57:41+00:00","og_image":[{"width":850,"height":400,"url":"https:\/\/brasilnoticias.org\/site\/wp-content\/uploads\/2025\/03\/IMAGEM_NOTICIA_0-2.jpg","type":"image\/jpeg"}],"author":"Reda\u00e7\u00e3o","twitter_card":"summary_large_image","twitter_misc":{"Escrito por":"Reda\u00e7\u00e3o"},"schema":{"@context":"https:\/\/schema.org","@graph":[{"@type":"Article","@id":"https:\/\/brasilnoticias.org\/site\/ludmilla-fiscina-apresenta-projeto-para-instituir-o-mes-estadual-de-combate-ao-cancer-de-cabeca-e-pescoco\/#article","isPartOf":{"@id":"https:\/\/brasilnoticias.org\/site\/ludmilla-fiscina-apresenta-projeto-para-instituir-o-mes-estadual-de-combate-ao-cancer-de-cabeca-e-pescoco\/"},"author":{"name":"Reda\u00e7\u00e3o","@id":"https:\/\/brasilnoticias.org\/site\/#\/schema\/person\/03bbbfe6c7634ad18c26444ea39049fa"},"headline":"Ludmilla Fiscina apresenta projeto para instituir o M\u00eas Estadual de Combate ao C\u00e2ncer de Cabe\u00e7a e Pesco\u00e7o","datePublished":"2025-03-12T00:57:41+00:00","mainEntityOfPage":{"@id":"https:\/\/brasilnoticias.org\/site\/ludmilla-fiscina-apresenta-projeto-para-instituir-o-mes-estadual-de-combate-ao-cancer-de-cabeca-e-pescoco\/"},"wordCount":426,"commentCount":0,"publisher":{"@id":"https:\/\/brasilnoticias.org\/site\/#organization"},"image":{"@id":"https:\/\/brasilnoticias.org\/site\/ludmilla-fiscina-apresenta-projeto-para-instituir-o-mes-estadual-de-combate-ao-cancer-de-cabeca-e-pescoco\/#primaryimage"},"thumbnailUrl":"https:\/\/brasilnoticias.org\/site\/wp-content\/uploads\/2025\/03\/IMAGEM_NOTICIA_0-2.jpg","articleSection":["Pol\u00edtica","\u00daltimas"],"inLanguage":"pt-PT","potentialAction":[{"@type":"CommentAction","name":"Comment","target":["https:\/\/brasilnoticias.org\/site\/ludmilla-fiscina-apresenta-projeto-para-instituir-o-mes-estadual-de-combate-ao-cancer-de-cabeca-e-pescoco\/#respond"]}]},{"@type":"WebPage","@id":"https:\/\/brasilnoticias.org\/site\/ludmilla-fiscina-apresenta-projeto-para-instituir-o-mes-estadual-de-combate-ao-cancer-de-cabeca-e-pescoco\/","url":"https:\/\/brasilnoticias.org\/site\/ludmilla-fiscina-apresenta-projeto-para-instituir-o-mes-estadual-de-combate-ao-cancer-de-cabeca-e-pescoco\/","name":"Ludmilla Fiscina apresenta projeto para instituir o M\u00eas Estadual de Combate ao C\u00e2ncer de Cabe\u00e7a e Pesco\u00e7o - Brasil not\u00edcias","isPartOf":{"@id":"https:\/\/brasilnoticias.org\/site\/#website"},"primaryImageOfPage":{"@id":"https:\/\/brasilnoticias.org\/site\/ludmilla-fiscina-apresenta-projeto-para-instituir-o-mes-estadual-de-combate-ao-cancer-de-cabeca-e-pescoco\/#primaryimage"},"image":{"@id":"https:\/\/brasilnoticias.org\/site\/ludmilla-fiscina-apresenta-projeto-para-instituir-o-mes-estadual-de-combate-ao-cancer-de-cabeca-e-pescoco\/#primaryimage"},"thumbnailUrl":"https:\/\/brasilnoticias.org\/site\/wp-content\/uploads\/2025\/03\/IMAGEM_NOTICIA_0-2.jpg","datePublished":"2025-03-12T00:57:41+00:00","breadcrumb":{"@id":"https:\/\/brasilnoticias.org\/site\/ludmilla-fiscina-apresenta-projeto-para-instituir-o-mes-estadual-de-combate-ao-cancer-de-cabeca-e-pescoco\/#breadcrumb"},"inLanguage":"pt-PT","potentialAction":[{"@type":"ReadAction","target":["https:\/\/brasilnoticias.org\/site\/ludmilla-fiscina-apresenta-projeto-para-instituir-o-mes-estadual-de-combate-ao-cancer-de-cabeca-e-pescoco\/"]}]},{"@type":"ImageObject","inLanguage":"pt-PT","@id":"https:\/\/brasilnoticias.org\/site\/ludmilla-fiscina-apresenta-projeto-para-instituir-o-mes-estadual-de-combate-ao-cancer-de-cabeca-e-pescoco\/#primaryimage","url":"https:\/\/brasilnoticias.org\/site\/wp-content\/uploads\/2025\/03\/IMAGEM_NOTICIA_0-2.jpg","contentUrl":"https:\/\/brasilnoticias.org\/site\/wp-content\/uploads\/2025\/03\/IMAGEM_NOTICIA_0-2.jpg","width":850,"height":400},{"@type":"BreadcrumbList","@id":"https:\/\/brasilnoticias.org\/site\/ludmilla-fiscina-apresenta-projeto-para-instituir-o-mes-estadual-de-combate-ao-cancer-de-cabeca-e-pescoco\/#breadcrumb","itemListElement":[{"@type":"ListItem","position":1,"name":"In\u00edcio","item":"https:\/\/brasilnoticias.org\/site\/"},{"@type":"ListItem","position":2,"name":"Ludmilla Fiscina apresenta projeto para instituir o M\u00eas Estadual de Combate ao C\u00e2ncer de Cabe\u00e7a e Pesco\u00e7o"}]},{"@type":"WebSite","@id":"https:\/\/brasilnoticias.org\/site\/#website","url":"https:\/\/brasilnoticias.org\/site\/","name":"Brasil not\u00edcias","description":"Brasil not\u00edcias","publisher":{"@id":"https:\/\/brasilnoticias.org\/site\/#organization"},"potentialAction":[{"@type":"SearchAction","target":{"@type":"EntryPoint","urlTemplate":"https:\/\/brasilnoticias.org\/site\/?s={search_term_string}"},"query-input":{"@type":"PropertyValueSpecification","valueRequired":true,"valueName":"search_term_string"}}],"inLanguage":"pt-PT"},{"@type":"Organization","@id":"https:\/\/brasilnoticias.org\/site\/#organization","name":"Brasil not\u00edcias","url":"https:\/\/brasilnoticias.org\/site\/","logo":{"@type":"ImageObject","inLanguage":"pt-PT","@id":"https:\/\/brasilnoticias.org\/site\/#\/schema\/logo\/image\/","url":"https:\/\/brasilnoticias.org\/site\/wp-content\/uploads\/2022\/05\/cropped-brasilnoticias-mini.jpg","contentUrl":"https:\/\/brasilnoticias.org\/site\/wp-content\/uploads\/2022\/05\/cropped-brasilnoticias-mini.jpg","width":314,"height":86,"caption":"Brasil not\u00edcias"},"image":{"@id":"https:\/\/brasilnoticias.org\/site\/#\/schema\/logo\/image\/"}},{"@type":"Person","@id":"https:\/\/brasilnoticias.org\/site\/#\/schema\/person\/03bbbfe6c7634ad18c26444ea39049fa","name":"Reda\u00e7\u00e3o","image":{"@type":"ImageObject","inLanguage":"pt-PT","@id":"https:\/\/brasilnoticias.org\/site\/#\/schema\/person\/image\/","url":"https:\/\/secure.gravatar.com\/avatar\/9ecaf7327a696cb23ad926fedded5f1f04d7049de9e445375d55b48c001a6e42?s=96&d=mm&r=g","contentUrl":"https:\/\/secure.gravatar.com\/avatar\/9ecaf7327a696cb23ad926fedded5f1f04d7049de9e445375d55b48c001a6e42?s=96&d=mm&r=g","caption":"Reda\u00e7\u00e3o"},"url":"https:\/\/brasilnoticias.org\/site\/author\/henrique\/"}]}},"_links":{"self":[{"href":"https:\/\/brasilnoticias.org\/site\/wp-json\/wp\/v2\/posts\/16957","targetHints":{"allow":["GET"]}}],"collection":[{"href":"https:\/\/brasilnoticias.org\/site\/wp-json\/wp\/v2\/posts"}],"about":[{"href":"https:\/\/brasilnoticias.org\/site\/wp-json\/wp\/v2\/types\/post"}],"author":[{"embeddable":true,"href":"https:\/\/brasilnoticias.org\/site\/wp-json\/wp\/v2\/users\/4"}],"replies":[{"embeddable":true,"href":"https:\/\/brasilnoticias.org\/site\/wp-json\/wp\/v2\/comments?post=16957"}],"version-history":[{"count":1,"href":"https:\/\/brasilnoticias.org\/site\/wp-json\/wp\/v2\/posts\/16957\/revisions"}],"predecessor-version":[{"id":16959,"href":"https:\/\/brasilnoticias.org\/site\/wp-json\/wp\/v2\/posts\/16957\/revisions\/16959"}],"wp:featuredmedia":[{"embeddable":true,"href":"https:\/\/brasilnoticias.org\/site\/wp-json\/wp\/v2\/media\/16958"}],"wp:attachment":[{"href":"https:\/\/brasilnoticias.org\/site\/wp-json\/wp\/v2\/media?parent=16957"}],"wp:term":[{"taxonomy":"category","embeddable":true,"href":"https:\/\/brasilnoticias.org\/site\/wp-json\/wp\/v2\/categories?post=16957"},{"taxonomy":"post_tag","embeddable":true,"href":"https:\/\/brasilnoticias.org\/site\/wp-json\/wp\/v2\/tags?post=16957"}],"curies":[{"name":"wp","href":"https:\/\/api.w.org\/{rel}","templated":true}]}}