{"id":16967,"date":"2025-03-13T18:09:58","date_gmt":"2025-03-13T21:09:58","guid":{"rendered":"https:\/\/brasilnoticias.org\/site\/?p=16967"},"modified":"2025-03-13T18:09:58","modified_gmt":"2025-03-13T21:09:58","slug":"marinho-comemora-aprovacao-de-projeto-que-beneficia-pais-e-maes-atipicos","status":"publish","type":"post","link":"https:\/\/brasilnoticias.org\/site\/marinho-comemora-aprovacao-de-projeto-que-beneficia-pais-e-maes-atipicos\/","title":{"rendered":"Marinho comemora aprova\u00e7\u00e3o de projeto que beneficia pais e m\u00e3es at\u00edpicos"},"content":{"rendered":"<p>O deputado federal M\u00e1rcio Marinho (Republicanos-BA) utilizou as suas redes sociais para comemorar a aprova\u00e7\u00e3o do Projeto de Lei 3124\/23, que garante aos pais e m\u00e3es at\u00edpicos atendimento psicossocial priorit\u00e1rio pelo Sistema \u00danico de Sa\u00fade (SUS). <\/p>\n<p>O projeto foi votado na C\u00e2mara dos Deputados e contou com o voto favor\u00e1vel do parlamentar. <\/p>\n<p>S\u00e3o considerados pais at\u00edpicos aqueles que criam filhos com alguma necessidade especial, seja ela f\u00edsica, emocional, cognitiva, comportamental, incluindo o transtorno do espectro autista (TEA), s\u00edndrome de Down, transtorno do d\u00e9ficit de aten\u00e7\u00e3o e hiperatividade (TDAH), paralisia cerebral, entre outras. <\/p>\n<p>Para Marinho, a aprova\u00e7\u00e3o do projeto que contou com o seu apoio \u00e9 um avan\u00e7o importante no cuidado dos pais at\u00edpicos. \u201cEu tenho dois irm\u00e3os com defici\u00eancia mental e cresci vendo a luta de minha m\u00e3e para cuidar deles, muitas vezes esquecendo de si mesma para poder dar todo o suporte necess\u00e1rio.  A dor de minha m\u00e3e, hoje, \u00e9 a dor de muitas m\u00e3es que desejam cuidar de seus filhos, mas n\u00e3o possuem o suporte para tamb\u00e9m cuidarem de si\u201d, relatou.<\/p>\n<p>Sobre a regulamenta\u00e7\u00e3o do cord\u00e3o que identifica pessoas autistas, Marinho disse que \u201ca regulamenta\u00e7\u00e3o \u00e9 importante porque credibiliza o ato e imp\u00f5e o respeito necess\u00e1rio  que deveria ser natural\u201d. <\/p>\n<p> O projeto agora segue para aprecia\u00e7\u00e3o no Senado. <\/p>\n<p>Texto: Ascom M\u00e1rcio Marinho<br \/>\nFoto:\u00a0Douglas\u00a0Gomes<\/p>\n","protected":false},"excerpt":{"rendered":"<p>O deputado federal M\u00e1rcio Marinho (Republicanos-BA) utilizou as suas redes sociais para comemorar a aprova\u00e7\u00e3o do Projeto de Lei 3124\/23,<\/p>\n","protected":false},"author":4,"featured_media":16968,"comment_status":"open","ping_status":"open","sticky":false,"template":"","format":"standard","meta":{"colormag_page_container_layout":"default_layout","colormag_page_sidebar_layout":"default_layout","_FSMCFIC_featured_image_caption":"","_FSMCFIC_featured_image_nocaption":"","_FSMCFIC_featured_image_hide":"","footnotes":""},"categories":[5,1],"tags":[],"class_list":["post-16967","post","type-post","status-publish","format-standard","has-post-thumbnail","hentry","category-politica","category-ultimas"],"yoast_head":"<!-- This site is optimized with the Yoast SEO plugin v27.1.1 - https:\/\/yoast.com\/product\/yoast-seo-wordpress\/ -->\n<title>Marinho comemora aprova\u00e7\u00e3o de projeto que beneficia pais e m\u00e3es at\u00edpicos - Brasil not\u00edcias<\/title>\n<meta name=\"robots\" content=\"index, follow, max-snippet:-1, max-image-preview:large, max-video-preview:-1\" \/>\n<link rel=\"canonical\" href=\"https:\/\/brasilnoticias.org\/site\/marinho-comemora-aprovacao-de-projeto-que-beneficia-pais-e-maes-atipicos\/\" \/>\n<meta property=\"og:locale\" content=\"pt_PT\" \/>\n<meta property=\"og:type\" content=\"article\" \/>\n<meta property=\"og:title\" content=\"Marinho comemora aprova\u00e7\u00e3o de projeto que beneficia pais e m\u00e3es at\u00edpicos - Brasil not\u00edcias\" \/>\n<meta property=\"og:description\" content=\"O deputado federal M\u00e1rcio Marinho (Republicanos-BA) utilizou as suas redes sociais para comemorar a aprova\u00e7\u00e3o do Projeto de Lei 3124\/23,\" \/>\n<meta property=\"og:url\" content=\"https:\/\/brasilnoticias.org\/site\/marinho-comemora-aprovacao-de-projeto-que-beneficia-pais-e-maes-atipicos\/\" \/>\n<meta property=\"og:site_name\" content=\"Brasil not\u00edcias\" \/>\n<meta property=\"article:published_time\" content=\"2025-03-13T21:09:58+00:00\" \/>\n<meta property=\"og:image\" content=\"https:\/\/brasilnoticias.org\/site\/wp-content\/uploads\/2025\/03\/Imagem-do-WhatsApp-de-2025-03-13-as-17.34.55_68b62e7f.jpg\" \/>\n\t<meta property=\"og:image:width\" content=\"1600\" \/>\n\t<meta property=\"og:image:height\" content=\"1067\" \/>\n\t<meta property=\"og:image:type\" content=\"image\/jpeg\" \/>\n<meta name=\"author\" content=\"Reda\u00e7\u00e3o\" \/>\n<meta name=\"twitter:card\" content=\"summary_large_image\" \/>\n<meta name=\"twitter:label1\" content=\"Escrito por\" \/>\n\t<meta name=\"twitter:data1\" content=\"Reda\u00e7\u00e3o\" \/>\n\t<meta name=\"twitter:label2\" content=\"Tempo estimado de leitura\" \/>\n\t<meta name=\"twitter:data2\" content=\"1 minuto\" \/>\n<script type=\"application\/ld+json\" class=\"yoast-schema-graph\">{\"@context\":\"https:\/\/schema.org\",\"@graph\":[{\"@type\":\"Article\",\"@id\":\"https:\/\/brasilnoticias.org\/site\/marinho-comemora-aprovacao-de-projeto-que-beneficia-pais-e-maes-atipicos\/#article\",\"isPartOf\":{\"@id\":\"https:\/\/brasilnoticias.org\/site\/marinho-comemora-aprovacao-de-projeto-que-beneficia-pais-e-maes-atipicos\/\"},\"author\":{\"name\":\"Reda\u00e7\u00e3o\",\"@id\":\"https:\/\/brasilnoticias.org\/site\/#\/schema\/person\/03bbbfe6c7634ad18c26444ea39049fa\"},\"headline\":\"Marinho comemora aprova\u00e7\u00e3o de projeto que beneficia pais e m\u00e3es at\u00edpicos\",\"datePublished\":\"2025-03-13T21:09:58+00:00\",\"mainEntityOfPage\":{\"@id\":\"https:\/\/brasilnoticias.org\/site\/marinho-comemora-aprovacao-de-projeto-que-beneficia-pais-e-maes-atipicos\/\"},\"wordCount\":259,\"commentCount\":0,\"publisher\":{\"@id\":\"https:\/\/brasilnoticias.org\/site\/#organization\"},\"image\":{\"@id\":\"https:\/\/brasilnoticias.org\/site\/marinho-comemora-aprovacao-de-projeto-que-beneficia-pais-e-maes-atipicos\/#primaryimage\"},\"thumbnailUrl\":\"https:\/\/brasilnoticias.org\/site\/wp-content\/uploads\/2025\/03\/Imagem-do-WhatsApp-de-2025-03-13-as-17.34.55_68b62e7f.jpg\",\"articleSection\":[\"Pol\u00edtica\",\"\u00daltimas\"],\"inLanguage\":\"pt-PT\",\"potentialAction\":[{\"@type\":\"CommentAction\",\"name\":\"Comment\",\"target\":[\"https:\/\/brasilnoticias.org\/site\/marinho-comemora-aprovacao-de-projeto-que-beneficia-pais-e-maes-atipicos\/#respond\"]}]},{\"@type\":\"WebPage\",\"@id\":\"https:\/\/brasilnoticias.org\/site\/marinho-comemora-aprovacao-de-projeto-que-beneficia-pais-e-maes-atipicos\/\",\"url\":\"https:\/\/brasilnoticias.org\/site\/marinho-comemora-aprovacao-de-projeto-que-beneficia-pais-e-maes-atipicos\/\",\"name\":\"Marinho comemora aprova\u00e7\u00e3o de projeto que beneficia pais e m\u00e3es at\u00edpicos - Brasil not\u00edcias\",\"isPartOf\":{\"@id\":\"https:\/\/brasilnoticias.org\/site\/#website\"},\"primaryImageOfPage\":{\"@id\":\"https:\/\/brasilnoticias.org\/site\/marinho-comemora-aprovacao-de-projeto-que-beneficia-pais-e-maes-atipicos\/#primaryimage\"},\"image\":{\"@id\":\"https:\/\/brasilnoticias.org\/site\/marinho-comemora-aprovacao-de-projeto-que-beneficia-pais-e-maes-atipicos\/#primaryimage\"},\"thumbnailUrl\":\"https:\/\/brasilnoticias.org\/site\/wp-content\/uploads\/2025\/03\/Imagem-do-WhatsApp-de-2025-03-13-as-17.34.55_68b62e7f.jpg\",\"datePublished\":\"2025-03-13T21:09:58+00:00\",\"breadcrumb\":{\"@id\":\"https:\/\/brasilnoticias.org\/site\/marinho-comemora-aprovacao-de-projeto-que-beneficia-pais-e-maes-atipicos\/#breadcrumb\"},\"inLanguage\":\"pt-PT\",\"potentialAction\":[{\"@type\":\"ReadAction\",\"target\":[\"https:\/\/brasilnoticias.org\/site\/marinho-comemora-aprovacao-de-projeto-que-beneficia-pais-e-maes-atipicos\/\"]}]},{\"@type\":\"ImageObject\",\"inLanguage\":\"pt-PT\",\"@id\":\"https:\/\/brasilnoticias.org\/site\/marinho-comemora-aprovacao-de-projeto-que-beneficia-pais-e-maes-atipicos\/#primaryimage\",\"url\":\"https:\/\/brasilnoticias.org\/site\/wp-content\/uploads\/2025\/03\/Imagem-do-WhatsApp-de-2025-03-13-as-17.34.55_68b62e7f.jpg\",\"contentUrl\":\"https:\/\/brasilnoticias.org\/site\/wp-content\/uploads\/2025\/03\/Imagem-do-WhatsApp-de-2025-03-13-as-17.34.55_68b62e7f.jpg\",\"width\":1600,\"height\":1067},{\"@type\":\"BreadcrumbList\",\"@id\":\"https:\/\/brasilnoticias.org\/site\/marinho-comemora-aprovacao-de-projeto-que-beneficia-pais-e-maes-atipicos\/#breadcrumb\",\"itemListElement\":[{\"@type\":\"ListItem\",\"position\":1,\"name\":\"In\u00edcio\",\"item\":\"https:\/\/brasilnoticias.org\/site\/\"},{\"@type\":\"ListItem\",\"position\":2,\"name\":\"Marinho comemora aprova\u00e7\u00e3o de projeto que beneficia pais e m\u00e3es at\u00edpicos\"}]},{\"@type\":\"WebSite\",\"@id\":\"https:\/\/brasilnoticias.org\/site\/#website\",\"url\":\"https:\/\/brasilnoticias.org\/site\/\",\"name\":\"Brasil not\u00edcias\",\"description\":\"Brasil not\u00edcias\",\"publisher\":{\"@id\":\"https:\/\/brasilnoticias.org\/site\/#organization\"},\"potentialAction\":[{\"@type\":\"SearchAction\",\"target\":{\"@type\":\"EntryPoint\",\"urlTemplate\":\"https:\/\/brasilnoticias.org\/site\/?s={search_term_string}\"},\"query-input\":{\"@type\":\"PropertyValueSpecification\",\"valueRequired\":true,\"valueName\":\"search_term_string\"}}],\"inLanguage\":\"pt-PT\"},{\"@type\":\"Organization\",\"@id\":\"https:\/\/brasilnoticias.org\/site\/#organization\",\"name\":\"Brasil not\u00edcias\",\"url\":\"https:\/\/brasilnoticias.org\/site\/\",\"logo\":{\"@type\":\"ImageObject\",\"inLanguage\":\"pt-PT\",\"@id\":\"https:\/\/brasilnoticias.org\/site\/#\/schema\/logo\/image\/\",\"url\":\"https:\/\/brasilnoticias.org\/site\/wp-content\/uploads\/2022\/05\/cropped-brasilnoticias-mini.jpg\",\"contentUrl\":\"https:\/\/brasilnoticias.org\/site\/wp-content\/uploads\/2022\/05\/cropped-brasilnoticias-mini.jpg\",\"width\":314,\"height\":86,\"caption\":\"Brasil not\u00edcias\"},\"image\":{\"@id\":\"https:\/\/brasilnoticias.org\/site\/#\/schema\/logo\/image\/\"}},{\"@type\":\"Person\",\"@id\":\"https:\/\/brasilnoticias.org\/site\/#\/schema\/person\/03bbbfe6c7634ad18c26444ea39049fa\",\"name\":\"Reda\u00e7\u00e3o\",\"image\":{\"@type\":\"ImageObject\",\"inLanguage\":\"pt-PT\",\"@id\":\"https:\/\/brasilnoticias.org\/site\/#\/schema\/person\/image\/\",\"url\":\"https:\/\/secure.gravatar.com\/avatar\/9ecaf7327a696cb23ad926fedded5f1f04d7049de9e445375d55b48c001a6e42?s=96&d=mm&r=g\",\"contentUrl\":\"https:\/\/secure.gravatar.com\/avatar\/9ecaf7327a696cb23ad926fedded5f1f04d7049de9e445375d55b48c001a6e42?s=96&d=mm&r=g\",\"caption\":\"Reda\u00e7\u00e3o\"},\"url\":\"https:\/\/brasilnoticias.org\/site\/author\/henrique\/\"}]}<\/script>\n<!-- \/ Yoast SEO plugin. -->","yoast_head_json":{"title":"Marinho comemora aprova\u00e7\u00e3o de projeto que beneficia pais e m\u00e3es at\u00edpicos - Brasil not\u00edcias","robots":{"index":"index","follow":"follow","max-snippet":"max-snippet:-1","max-image-preview":"max-image-preview:large","max-video-preview":"max-video-preview:-1"},"canonical":"https:\/\/brasilnoticias.org\/site\/marinho-comemora-aprovacao-de-projeto-que-beneficia-pais-e-maes-atipicos\/","og_locale":"pt_PT","og_type":"article","og_title":"Marinho comemora aprova\u00e7\u00e3o de projeto que beneficia pais e m\u00e3es at\u00edpicos - Brasil not\u00edcias","og_description":"O deputado federal M\u00e1rcio Marinho (Republicanos-BA) utilizou as suas redes sociais para comemorar a aprova\u00e7\u00e3o do Projeto de Lei 3124\/23,","og_url":"https:\/\/brasilnoticias.org\/site\/marinho-comemora-aprovacao-de-projeto-que-beneficia-pais-e-maes-atipicos\/","og_site_name":"Brasil not\u00edcias","article_published_time":"2025-03-13T21:09:58+00:00","og_image":[{"width":1600,"height":1067,"url":"https:\/\/brasilnoticias.org\/site\/wp-content\/uploads\/2025\/03\/Imagem-do-WhatsApp-de-2025-03-13-as-17.34.55_68b62e7f.jpg","type":"image\/jpeg"}],"author":"Reda\u00e7\u00e3o","twitter_card":"summary_large_image","twitter_misc":{"Escrito por":"Reda\u00e7\u00e3o","Tempo estimado de leitura":"1 minuto"},"schema":{"@context":"https:\/\/schema.org","@graph":[{"@type":"Article","@id":"https:\/\/brasilnoticias.org\/site\/marinho-comemora-aprovacao-de-projeto-que-beneficia-pais-e-maes-atipicos\/#article","isPartOf":{"@id":"https:\/\/brasilnoticias.org\/site\/marinho-comemora-aprovacao-de-projeto-que-beneficia-pais-e-maes-atipicos\/"},"author":{"name":"Reda\u00e7\u00e3o","@id":"https:\/\/brasilnoticias.org\/site\/#\/schema\/person\/03bbbfe6c7634ad18c26444ea39049fa"},"headline":"Marinho comemora aprova\u00e7\u00e3o de projeto que beneficia pais e m\u00e3es at\u00edpicos","datePublished":"2025-03-13T21:09:58+00:00","mainEntityOfPage":{"@id":"https:\/\/brasilnoticias.org\/site\/marinho-comemora-aprovacao-de-projeto-que-beneficia-pais-e-maes-atipicos\/"},"wordCount":259,"commentCount":0,"publisher":{"@id":"https:\/\/brasilnoticias.org\/site\/#organization"},"image":{"@id":"https:\/\/brasilnoticias.org\/site\/marinho-comemora-aprovacao-de-projeto-que-beneficia-pais-e-maes-atipicos\/#primaryimage"},"thumbnailUrl":"https:\/\/brasilnoticias.org\/site\/wp-content\/uploads\/2025\/03\/Imagem-do-WhatsApp-de-2025-03-13-as-17.34.55_68b62e7f.jpg","articleSection":["Pol\u00edtica","\u00daltimas"],"inLanguage":"pt-PT","potentialAction":[{"@type":"CommentAction","name":"Comment","target":["https:\/\/brasilnoticias.org\/site\/marinho-comemora-aprovacao-de-projeto-que-beneficia-pais-e-maes-atipicos\/#respond"]}]},{"@type":"WebPage","@id":"https:\/\/brasilnoticias.org\/site\/marinho-comemora-aprovacao-de-projeto-que-beneficia-pais-e-maes-atipicos\/","url":"https:\/\/brasilnoticias.org\/site\/marinho-comemora-aprovacao-de-projeto-que-beneficia-pais-e-maes-atipicos\/","name":"Marinho comemora aprova\u00e7\u00e3o de projeto que beneficia pais e m\u00e3es at\u00edpicos - Brasil not\u00edcias","isPartOf":{"@id":"https:\/\/brasilnoticias.org\/site\/#website"},"primaryImageOfPage":{"@id":"https:\/\/brasilnoticias.org\/site\/marinho-comemora-aprovacao-de-projeto-que-beneficia-pais-e-maes-atipicos\/#primaryimage"},"image":{"@id":"https:\/\/brasilnoticias.org\/site\/marinho-comemora-aprovacao-de-projeto-que-beneficia-pais-e-maes-atipicos\/#primaryimage"},"thumbnailUrl":"https:\/\/brasilnoticias.org\/site\/wp-content\/uploads\/2025\/03\/Imagem-do-WhatsApp-de-2025-03-13-as-17.34.55_68b62e7f.jpg","datePublished":"2025-03-13T21:09:58+00:00","breadcrumb":{"@id":"https:\/\/brasilnoticias.org\/site\/marinho-comemora-aprovacao-de-projeto-que-beneficia-pais-e-maes-atipicos\/#breadcrumb"},"inLanguage":"pt-PT","potentialAction":[{"@type":"ReadAction","target":["https:\/\/brasilnoticias.org\/site\/marinho-comemora-aprovacao-de-projeto-que-beneficia-pais-e-maes-atipicos\/"]}]},{"@type":"ImageObject","inLanguage":"pt-PT","@id":"https:\/\/brasilnoticias.org\/site\/marinho-comemora-aprovacao-de-projeto-que-beneficia-pais-e-maes-atipicos\/#primaryimage","url":"https:\/\/brasilnoticias.org\/site\/wp-content\/uploads\/2025\/03\/Imagem-do-WhatsApp-de-2025-03-13-as-17.34.55_68b62e7f.jpg","contentUrl":"https:\/\/brasilnoticias.org\/site\/wp-content\/uploads\/2025\/03\/Imagem-do-WhatsApp-de-2025-03-13-as-17.34.55_68b62e7f.jpg","width":1600,"height":1067},{"@type":"BreadcrumbList","@id":"https:\/\/brasilnoticias.org\/site\/marinho-comemora-aprovacao-de-projeto-que-beneficia-pais-e-maes-atipicos\/#breadcrumb","itemListElement":[{"@type":"ListItem","position":1,"name":"In\u00edcio","item":"https:\/\/brasilnoticias.org\/site\/"},{"@type":"ListItem","position":2,"name":"Marinho comemora aprova\u00e7\u00e3o de projeto que beneficia pais e m\u00e3es at\u00edpicos"}]},{"@type":"WebSite","@id":"https:\/\/brasilnoticias.org\/site\/#website","url":"https:\/\/brasilnoticias.org\/site\/","name":"Brasil not\u00edcias","description":"Brasil not\u00edcias","publisher":{"@id":"https:\/\/brasilnoticias.org\/site\/#organization"},"potentialAction":[{"@type":"SearchAction","target":{"@type":"EntryPoint","urlTemplate":"https:\/\/brasilnoticias.org\/site\/?s={search_term_string}"},"query-input":{"@type":"PropertyValueSpecification","valueRequired":true,"valueName":"search_term_string"}}],"inLanguage":"pt-PT"},{"@type":"Organization","@id":"https:\/\/brasilnoticias.org\/site\/#organization","name":"Brasil not\u00edcias","url":"https:\/\/brasilnoticias.org\/site\/","logo":{"@type":"ImageObject","inLanguage":"pt-PT","@id":"https:\/\/brasilnoticias.org\/site\/#\/schema\/logo\/image\/","url":"https:\/\/brasilnoticias.org\/site\/wp-content\/uploads\/2022\/05\/cropped-brasilnoticias-mini.jpg","contentUrl":"https:\/\/brasilnoticias.org\/site\/wp-content\/uploads\/2022\/05\/cropped-brasilnoticias-mini.jpg","width":314,"height":86,"caption":"Brasil not\u00edcias"},"image":{"@id":"https:\/\/brasilnoticias.org\/site\/#\/schema\/logo\/image\/"}},{"@type":"Person","@id":"https:\/\/brasilnoticias.org\/site\/#\/schema\/person\/03bbbfe6c7634ad18c26444ea39049fa","name":"Reda\u00e7\u00e3o","image":{"@type":"ImageObject","inLanguage":"pt-PT","@id":"https:\/\/brasilnoticias.org\/site\/#\/schema\/person\/image\/","url":"https:\/\/secure.gravatar.com\/avatar\/9ecaf7327a696cb23ad926fedded5f1f04d7049de9e445375d55b48c001a6e42?s=96&d=mm&r=g","contentUrl":"https:\/\/secure.gravatar.com\/avatar\/9ecaf7327a696cb23ad926fedded5f1f04d7049de9e445375d55b48c001a6e42?s=96&d=mm&r=g","caption":"Reda\u00e7\u00e3o"},"url":"https:\/\/brasilnoticias.org\/site\/author\/henrique\/"}]}},"_links":{"self":[{"href":"https:\/\/brasilnoticias.org\/site\/wp-json\/wp\/v2\/posts\/16967","targetHints":{"allow":["GET"]}}],"collection":[{"href":"https:\/\/brasilnoticias.org\/site\/wp-json\/wp\/v2\/posts"}],"about":[{"href":"https:\/\/brasilnoticias.org\/site\/wp-json\/wp\/v2\/types\/post"}],"author":[{"embeddable":true,"href":"https:\/\/brasilnoticias.org\/site\/wp-json\/wp\/v2\/users\/4"}],"replies":[{"embeddable":true,"href":"https:\/\/brasilnoticias.org\/site\/wp-json\/wp\/v2\/comments?post=16967"}],"version-history":[{"count":1,"href":"https:\/\/brasilnoticias.org\/site\/wp-json\/wp\/v2\/posts\/16967\/revisions"}],"predecessor-version":[{"id":16969,"href":"https:\/\/brasilnoticias.org\/site\/wp-json\/wp\/v2\/posts\/16967\/revisions\/16969"}],"wp:featuredmedia":[{"embeddable":true,"href":"https:\/\/brasilnoticias.org\/site\/wp-json\/wp\/v2\/media\/16968"}],"wp:attachment":[{"href":"https:\/\/brasilnoticias.org\/site\/wp-json\/wp\/v2\/media?parent=16967"}],"wp:term":[{"taxonomy":"category","embeddable":true,"href":"https:\/\/brasilnoticias.org\/site\/wp-json\/wp\/v2\/categories?post=16967"},{"taxonomy":"post_tag","embeddable":true,"href":"https:\/\/brasilnoticias.org\/site\/wp-json\/wp\/v2\/tags?post=16967"}],"curies":[{"name":"wp","href":"https:\/\/api.w.org\/{rel}","templated":true}]}}