{"id":16983,"date":"2025-03-18T16:04:05","date_gmt":"2025-03-18T19:04:05","guid":{"rendered":"https:\/\/brasilnoticias.org\/site\/?p=16983"},"modified":"2025-03-18T16:04:05","modified_gmt":"2025-03-18T19:04:05","slug":"golpe-de-estado-mais-12-envolvidos-podem-ser-julgados-a-pedido-da-pgr","status":"publish","type":"post","link":"https:\/\/brasilnoticias.org\/site\/golpe-de-estado-mais-12-envolvidos-podem-ser-julgados-a-pedido-da-pgr\/","title":{"rendered":"Golpe de Estado: mais 12 envolvidos podem ser julgados a pedido da PGR"},"content":{"rendered":"<p>Em manifesta\u00e7\u00e3o enviada na segunda-feira (17), Paulo Gonet rebateu argumentos das defesas dos acusados<\/p>\n<p>O procurador-geral da Rep\u00fablica, Paulo Gonet, solicitou ao Supremo Tribunal Federal (STF) que mais 12 dos 34 denunciados por tentativa de golpe de Estado sejam transformados em r\u00e9us. Em manifesta\u00e7\u00e3o enviada na segunda-feira (17), ele rebateu argumentos das defesas desses acusados, que alegam nulidades no processo e negam envolvimento no crime.<\/p>\n<p>O ministro Alexandre de Moraes, relator do caso, liberou a parte da den\u00fancia referente ao grupo de militares acusados de planejar e executar a\u00e7\u00f5es t\u00e1ticas. Todos os envolvidos s\u00e3o denunciados por golpe de Estado, tentativa de aboli\u00e7\u00e3o do Estado Democr\u00e1tico de Direito, organiza\u00e7\u00e3o criminosa armada, dano qualificado e destrui\u00e7\u00e3o de patrim\u00f4nio p\u00fablico.<\/p>\n<p>Gonet afirmou que, neste momento, responderia apenas \u00e0s quest\u00f5es preliminares levantadas pelos advogados, sem analisar o m\u00e9rito das defesas. Ele refutou alega\u00e7\u00f5es de que o STF n\u00e3o teria compet\u00eancia para julgar o caso e que os acusados n\u00e3o tiveram acesso integral \u00e0s provas. Tamb\u00e9m sustentou que as turmas da Corte s\u00e3o respons\u00e1veis pelo julgamento, conforme o Regimento Interno.<\/p>\n<p>A argumenta\u00e7\u00e3o do procurador segue a linha de manifesta\u00e7\u00f5es anteriores, como a referente ao n\u00facleo central da conspira\u00e7\u00e3o, que inclui o ex-presidente Jair Bolsonaro, apontado como l\u00edder. Para a PGR, a den\u00fancia detalha os crimes e as circunst\u00e2ncias, justificando que os 12 acusados sejam julgados pelo Supremo.<\/p>\n<p>Foto: Jo\u00e9dson Alves\/Ag\u00eancia Brasil<br \/>\nPor: Metro1<\/p>\n","protected":false},"excerpt":{"rendered":"<p>Em manifesta\u00e7\u00e3o enviada na segunda-feira (17), Paulo Gonet rebateu argumentos das defesas dos acusados O procurador-geral da Rep\u00fablica, Paulo Gonet,<\/p>\n","protected":false},"author":4,"featured_media":16984,"comment_status":"open","ping_status":"open","sticky":false,"template":"","format":"standard","meta":{"colormag_page_container_layout":"default_layout","colormag_page_sidebar_layout":"default_layout","_FSMCFIC_featured_image_caption":"","_FSMCFIC_featured_image_nocaption":"","_FSMCFIC_featured_image_hide":"","footnotes":""},"categories":[7,1],"tags":[],"class_list":["post-16983","post","type-post","status-publish","format-standard","has-post-thumbnail","hentry","category-justica","category-ultimas"],"yoast_head":"<!-- This site is optimized with the Yoast SEO plugin v27.1.1 - https:\/\/yoast.com\/product\/yoast-seo-wordpress\/ -->\n<title>Golpe de Estado: mais 12 envolvidos podem ser julgados a pedido da PGR - Brasil not\u00edcias<\/title>\n<meta name=\"robots\" content=\"index, follow, max-snippet:-1, max-image-preview:large, max-video-preview:-1\" \/>\n<link rel=\"canonical\" href=\"https:\/\/brasilnoticias.org\/site\/golpe-de-estado-mais-12-envolvidos-podem-ser-julgados-a-pedido-da-pgr\/\" \/>\n<meta property=\"og:locale\" content=\"pt_PT\" \/>\n<meta property=\"og:type\" content=\"article\" \/>\n<meta property=\"og:title\" content=\"Golpe de Estado: mais 12 envolvidos podem ser julgados a pedido da PGR - Brasil not\u00edcias\" \/>\n<meta property=\"og:description\" content=\"Em manifesta\u00e7\u00e3o enviada na segunda-feira (17), Paulo Gonet rebateu argumentos das defesas dos acusados O procurador-geral da Rep\u00fablica, Paulo Gonet,\" \/>\n<meta property=\"og:url\" content=\"https:\/\/brasilnoticias.org\/site\/golpe-de-estado-mais-12-envolvidos-podem-ser-julgados-a-pedido-da-pgr\/\" \/>\n<meta property=\"og:site_name\" content=\"Brasil not\u00edcias\" \/>\n<meta property=\"article:published_time\" content=\"2025-03-18T19:04:05+00:00\" \/>\n<meta property=\"og:image\" content=\"https:\/\/brasilnoticias.org\/site\/wp-content\/uploads\/2025\/03\/162576golpe-de-estado-mais-12-envolvidos-podem-ser-julgados-a-pedido-da-pgr-3.jpg\" \/>\n\t<meta property=\"og:image:width\" content=\"1600\" \/>\n\t<meta property=\"og:image:height\" content=\"752\" \/>\n\t<meta property=\"og:image:type\" content=\"image\/jpeg\" \/>\n<meta name=\"author\" content=\"Reda\u00e7\u00e3o\" \/>\n<meta name=\"twitter:card\" content=\"summary_large_image\" \/>\n<meta name=\"twitter:label1\" content=\"Escrito por\" \/>\n\t<meta name=\"twitter:data1\" content=\"Reda\u00e7\u00e3o\" \/>\n<script type=\"application\/ld+json\" class=\"yoast-schema-graph\">{\"@context\":\"https:\/\/schema.org\",\"@graph\":[{\"@type\":\"Article\",\"@id\":\"https:\/\/brasilnoticias.org\/site\/golpe-de-estado-mais-12-envolvidos-podem-ser-julgados-a-pedido-da-pgr\/#article\",\"isPartOf\":{\"@id\":\"https:\/\/brasilnoticias.org\/site\/golpe-de-estado-mais-12-envolvidos-podem-ser-julgados-a-pedido-da-pgr\/\"},\"author\":{\"name\":\"Reda\u00e7\u00e3o\",\"@id\":\"https:\/\/brasilnoticias.org\/site\/#\/schema\/person\/03bbbfe6c7634ad18c26444ea39049fa\"},\"headline\":\"Golpe de Estado: mais 12 envolvidos podem ser julgados a pedido da PGR\",\"datePublished\":\"2025-03-18T19:04:05+00:00\",\"mainEntityOfPage\":{\"@id\":\"https:\/\/brasilnoticias.org\/site\/golpe-de-estado-mais-12-envolvidos-podem-ser-julgados-a-pedido-da-pgr\/\"},\"wordCount\":268,\"commentCount\":0,\"publisher\":{\"@id\":\"https:\/\/brasilnoticias.org\/site\/#organization\"},\"image\":{\"@id\":\"https:\/\/brasilnoticias.org\/site\/golpe-de-estado-mais-12-envolvidos-podem-ser-julgados-a-pedido-da-pgr\/#primaryimage\"},\"thumbnailUrl\":\"https:\/\/brasilnoticias.org\/site\/wp-content\/uploads\/2025\/03\/162576golpe-de-estado-mais-12-envolvidos-podem-ser-julgados-a-pedido-da-pgr-3.jpg\",\"articleSection\":[\"Justi\u00e7a\",\"\u00daltimas\"],\"inLanguage\":\"pt-PT\",\"potentialAction\":[{\"@type\":\"CommentAction\",\"name\":\"Comment\",\"target\":[\"https:\/\/brasilnoticias.org\/site\/golpe-de-estado-mais-12-envolvidos-podem-ser-julgados-a-pedido-da-pgr\/#respond\"]}]},{\"@type\":\"WebPage\",\"@id\":\"https:\/\/brasilnoticias.org\/site\/golpe-de-estado-mais-12-envolvidos-podem-ser-julgados-a-pedido-da-pgr\/\",\"url\":\"https:\/\/brasilnoticias.org\/site\/golpe-de-estado-mais-12-envolvidos-podem-ser-julgados-a-pedido-da-pgr\/\",\"name\":\"Golpe de Estado: mais 12 envolvidos podem ser julgados a pedido da PGR - Brasil not\u00edcias\",\"isPartOf\":{\"@id\":\"https:\/\/brasilnoticias.org\/site\/#website\"},\"primaryImageOfPage\":{\"@id\":\"https:\/\/brasilnoticias.org\/site\/golpe-de-estado-mais-12-envolvidos-podem-ser-julgados-a-pedido-da-pgr\/#primaryimage\"},\"image\":{\"@id\":\"https:\/\/brasilnoticias.org\/site\/golpe-de-estado-mais-12-envolvidos-podem-ser-julgados-a-pedido-da-pgr\/#primaryimage\"},\"thumbnailUrl\":\"https:\/\/brasilnoticias.org\/site\/wp-content\/uploads\/2025\/03\/162576golpe-de-estado-mais-12-envolvidos-podem-ser-julgados-a-pedido-da-pgr-3.jpg\",\"datePublished\":\"2025-03-18T19:04:05+00:00\",\"breadcrumb\":{\"@id\":\"https:\/\/brasilnoticias.org\/site\/golpe-de-estado-mais-12-envolvidos-podem-ser-julgados-a-pedido-da-pgr\/#breadcrumb\"},\"inLanguage\":\"pt-PT\",\"potentialAction\":[{\"@type\":\"ReadAction\",\"target\":[\"https:\/\/brasilnoticias.org\/site\/golpe-de-estado-mais-12-envolvidos-podem-ser-julgados-a-pedido-da-pgr\/\"]}]},{\"@type\":\"ImageObject\",\"inLanguage\":\"pt-PT\",\"@id\":\"https:\/\/brasilnoticias.org\/site\/golpe-de-estado-mais-12-envolvidos-podem-ser-julgados-a-pedido-da-pgr\/#primaryimage\",\"url\":\"https:\/\/brasilnoticias.org\/site\/wp-content\/uploads\/2025\/03\/162576golpe-de-estado-mais-12-envolvidos-podem-ser-julgados-a-pedido-da-pgr-3.jpg\",\"contentUrl\":\"https:\/\/brasilnoticias.org\/site\/wp-content\/uploads\/2025\/03\/162576golpe-de-estado-mais-12-envolvidos-podem-ser-julgados-a-pedido-da-pgr-3.jpg\",\"width\":1600,\"height\":752},{\"@type\":\"BreadcrumbList\",\"@id\":\"https:\/\/brasilnoticias.org\/site\/golpe-de-estado-mais-12-envolvidos-podem-ser-julgados-a-pedido-da-pgr\/#breadcrumb\",\"itemListElement\":[{\"@type\":\"ListItem\",\"position\":1,\"name\":\"In\u00edcio\",\"item\":\"https:\/\/brasilnoticias.org\/site\/\"},{\"@type\":\"ListItem\",\"position\":2,\"name\":\"Golpe de Estado: mais 12 envolvidos podem ser julgados a pedido da PGR\"}]},{\"@type\":\"WebSite\",\"@id\":\"https:\/\/brasilnoticias.org\/site\/#website\",\"url\":\"https:\/\/brasilnoticias.org\/site\/\",\"name\":\"Brasil not\u00edcias\",\"description\":\"Brasil not\u00edcias\",\"publisher\":{\"@id\":\"https:\/\/brasilnoticias.org\/site\/#organization\"},\"potentialAction\":[{\"@type\":\"SearchAction\",\"target\":{\"@type\":\"EntryPoint\",\"urlTemplate\":\"https:\/\/brasilnoticias.org\/site\/?s={search_term_string}\"},\"query-input\":{\"@type\":\"PropertyValueSpecification\",\"valueRequired\":true,\"valueName\":\"search_term_string\"}}],\"inLanguage\":\"pt-PT\"},{\"@type\":\"Organization\",\"@id\":\"https:\/\/brasilnoticias.org\/site\/#organization\",\"name\":\"Brasil not\u00edcias\",\"url\":\"https:\/\/brasilnoticias.org\/site\/\",\"logo\":{\"@type\":\"ImageObject\",\"inLanguage\":\"pt-PT\",\"@id\":\"https:\/\/brasilnoticias.org\/site\/#\/schema\/logo\/image\/\",\"url\":\"https:\/\/brasilnoticias.org\/site\/wp-content\/uploads\/2022\/05\/cropped-brasilnoticias-mini.jpg\",\"contentUrl\":\"https:\/\/brasilnoticias.org\/site\/wp-content\/uploads\/2022\/05\/cropped-brasilnoticias-mini.jpg\",\"width\":314,\"height\":86,\"caption\":\"Brasil not\u00edcias\"},\"image\":{\"@id\":\"https:\/\/brasilnoticias.org\/site\/#\/schema\/logo\/image\/\"}},{\"@type\":\"Person\",\"@id\":\"https:\/\/brasilnoticias.org\/site\/#\/schema\/person\/03bbbfe6c7634ad18c26444ea39049fa\",\"name\":\"Reda\u00e7\u00e3o\",\"image\":{\"@type\":\"ImageObject\",\"inLanguage\":\"pt-PT\",\"@id\":\"https:\/\/brasilnoticias.org\/site\/#\/schema\/person\/image\/\",\"url\":\"https:\/\/secure.gravatar.com\/avatar\/9ecaf7327a696cb23ad926fedded5f1f04d7049de9e445375d55b48c001a6e42?s=96&d=mm&r=g\",\"contentUrl\":\"https:\/\/secure.gravatar.com\/avatar\/9ecaf7327a696cb23ad926fedded5f1f04d7049de9e445375d55b48c001a6e42?s=96&d=mm&r=g\",\"caption\":\"Reda\u00e7\u00e3o\"},\"url\":\"https:\/\/brasilnoticias.org\/site\/author\/henrique\/\"}]}<\/script>\n<!-- \/ Yoast SEO plugin. -->","yoast_head_json":{"title":"Golpe de Estado: mais 12 envolvidos podem ser julgados a pedido da PGR - Brasil not\u00edcias","robots":{"index":"index","follow":"follow","max-snippet":"max-snippet:-1","max-image-preview":"max-image-preview:large","max-video-preview":"max-video-preview:-1"},"canonical":"https:\/\/brasilnoticias.org\/site\/golpe-de-estado-mais-12-envolvidos-podem-ser-julgados-a-pedido-da-pgr\/","og_locale":"pt_PT","og_type":"article","og_title":"Golpe de Estado: mais 12 envolvidos podem ser julgados a pedido da PGR - Brasil not\u00edcias","og_description":"Em manifesta\u00e7\u00e3o enviada na segunda-feira (17), Paulo Gonet rebateu argumentos das defesas dos acusados O procurador-geral da Rep\u00fablica, Paulo Gonet,","og_url":"https:\/\/brasilnoticias.org\/site\/golpe-de-estado-mais-12-envolvidos-podem-ser-julgados-a-pedido-da-pgr\/","og_site_name":"Brasil not\u00edcias","article_published_time":"2025-03-18T19:04:05+00:00","og_image":[{"width":1600,"height":752,"url":"https:\/\/brasilnoticias.org\/site\/wp-content\/uploads\/2025\/03\/162576golpe-de-estado-mais-12-envolvidos-podem-ser-julgados-a-pedido-da-pgr-3.jpg","type":"image\/jpeg"}],"author":"Reda\u00e7\u00e3o","twitter_card":"summary_large_image","twitter_misc":{"Escrito por":"Reda\u00e7\u00e3o"},"schema":{"@context":"https:\/\/schema.org","@graph":[{"@type":"Article","@id":"https:\/\/brasilnoticias.org\/site\/golpe-de-estado-mais-12-envolvidos-podem-ser-julgados-a-pedido-da-pgr\/#article","isPartOf":{"@id":"https:\/\/brasilnoticias.org\/site\/golpe-de-estado-mais-12-envolvidos-podem-ser-julgados-a-pedido-da-pgr\/"},"author":{"name":"Reda\u00e7\u00e3o","@id":"https:\/\/brasilnoticias.org\/site\/#\/schema\/person\/03bbbfe6c7634ad18c26444ea39049fa"},"headline":"Golpe de Estado: mais 12 envolvidos podem ser julgados a pedido da PGR","datePublished":"2025-03-18T19:04:05+00:00","mainEntityOfPage":{"@id":"https:\/\/brasilnoticias.org\/site\/golpe-de-estado-mais-12-envolvidos-podem-ser-julgados-a-pedido-da-pgr\/"},"wordCount":268,"commentCount":0,"publisher":{"@id":"https:\/\/brasilnoticias.org\/site\/#organization"},"image":{"@id":"https:\/\/brasilnoticias.org\/site\/golpe-de-estado-mais-12-envolvidos-podem-ser-julgados-a-pedido-da-pgr\/#primaryimage"},"thumbnailUrl":"https:\/\/brasilnoticias.org\/site\/wp-content\/uploads\/2025\/03\/162576golpe-de-estado-mais-12-envolvidos-podem-ser-julgados-a-pedido-da-pgr-3.jpg","articleSection":["Justi\u00e7a","\u00daltimas"],"inLanguage":"pt-PT","potentialAction":[{"@type":"CommentAction","name":"Comment","target":["https:\/\/brasilnoticias.org\/site\/golpe-de-estado-mais-12-envolvidos-podem-ser-julgados-a-pedido-da-pgr\/#respond"]}]},{"@type":"WebPage","@id":"https:\/\/brasilnoticias.org\/site\/golpe-de-estado-mais-12-envolvidos-podem-ser-julgados-a-pedido-da-pgr\/","url":"https:\/\/brasilnoticias.org\/site\/golpe-de-estado-mais-12-envolvidos-podem-ser-julgados-a-pedido-da-pgr\/","name":"Golpe de Estado: mais 12 envolvidos podem ser julgados a pedido da PGR - Brasil not\u00edcias","isPartOf":{"@id":"https:\/\/brasilnoticias.org\/site\/#website"},"primaryImageOfPage":{"@id":"https:\/\/brasilnoticias.org\/site\/golpe-de-estado-mais-12-envolvidos-podem-ser-julgados-a-pedido-da-pgr\/#primaryimage"},"image":{"@id":"https:\/\/brasilnoticias.org\/site\/golpe-de-estado-mais-12-envolvidos-podem-ser-julgados-a-pedido-da-pgr\/#primaryimage"},"thumbnailUrl":"https:\/\/brasilnoticias.org\/site\/wp-content\/uploads\/2025\/03\/162576golpe-de-estado-mais-12-envolvidos-podem-ser-julgados-a-pedido-da-pgr-3.jpg","datePublished":"2025-03-18T19:04:05+00:00","breadcrumb":{"@id":"https:\/\/brasilnoticias.org\/site\/golpe-de-estado-mais-12-envolvidos-podem-ser-julgados-a-pedido-da-pgr\/#breadcrumb"},"inLanguage":"pt-PT","potentialAction":[{"@type":"ReadAction","target":["https:\/\/brasilnoticias.org\/site\/golpe-de-estado-mais-12-envolvidos-podem-ser-julgados-a-pedido-da-pgr\/"]}]},{"@type":"ImageObject","inLanguage":"pt-PT","@id":"https:\/\/brasilnoticias.org\/site\/golpe-de-estado-mais-12-envolvidos-podem-ser-julgados-a-pedido-da-pgr\/#primaryimage","url":"https:\/\/brasilnoticias.org\/site\/wp-content\/uploads\/2025\/03\/162576golpe-de-estado-mais-12-envolvidos-podem-ser-julgados-a-pedido-da-pgr-3.jpg","contentUrl":"https:\/\/brasilnoticias.org\/site\/wp-content\/uploads\/2025\/03\/162576golpe-de-estado-mais-12-envolvidos-podem-ser-julgados-a-pedido-da-pgr-3.jpg","width":1600,"height":752},{"@type":"BreadcrumbList","@id":"https:\/\/brasilnoticias.org\/site\/golpe-de-estado-mais-12-envolvidos-podem-ser-julgados-a-pedido-da-pgr\/#breadcrumb","itemListElement":[{"@type":"ListItem","position":1,"name":"In\u00edcio","item":"https:\/\/brasilnoticias.org\/site\/"},{"@type":"ListItem","position":2,"name":"Golpe de Estado: mais 12 envolvidos podem ser julgados a pedido da PGR"}]},{"@type":"WebSite","@id":"https:\/\/brasilnoticias.org\/site\/#website","url":"https:\/\/brasilnoticias.org\/site\/","name":"Brasil not\u00edcias","description":"Brasil not\u00edcias","publisher":{"@id":"https:\/\/brasilnoticias.org\/site\/#organization"},"potentialAction":[{"@type":"SearchAction","target":{"@type":"EntryPoint","urlTemplate":"https:\/\/brasilnoticias.org\/site\/?s={search_term_string}"},"query-input":{"@type":"PropertyValueSpecification","valueRequired":true,"valueName":"search_term_string"}}],"inLanguage":"pt-PT"},{"@type":"Organization","@id":"https:\/\/brasilnoticias.org\/site\/#organization","name":"Brasil not\u00edcias","url":"https:\/\/brasilnoticias.org\/site\/","logo":{"@type":"ImageObject","inLanguage":"pt-PT","@id":"https:\/\/brasilnoticias.org\/site\/#\/schema\/logo\/image\/","url":"https:\/\/brasilnoticias.org\/site\/wp-content\/uploads\/2022\/05\/cropped-brasilnoticias-mini.jpg","contentUrl":"https:\/\/brasilnoticias.org\/site\/wp-content\/uploads\/2022\/05\/cropped-brasilnoticias-mini.jpg","width":314,"height":86,"caption":"Brasil not\u00edcias"},"image":{"@id":"https:\/\/brasilnoticias.org\/site\/#\/schema\/logo\/image\/"}},{"@type":"Person","@id":"https:\/\/brasilnoticias.org\/site\/#\/schema\/person\/03bbbfe6c7634ad18c26444ea39049fa","name":"Reda\u00e7\u00e3o","image":{"@type":"ImageObject","inLanguage":"pt-PT","@id":"https:\/\/brasilnoticias.org\/site\/#\/schema\/person\/image\/","url":"https:\/\/secure.gravatar.com\/avatar\/9ecaf7327a696cb23ad926fedded5f1f04d7049de9e445375d55b48c001a6e42?s=96&d=mm&r=g","contentUrl":"https:\/\/secure.gravatar.com\/avatar\/9ecaf7327a696cb23ad926fedded5f1f04d7049de9e445375d55b48c001a6e42?s=96&d=mm&r=g","caption":"Reda\u00e7\u00e3o"},"url":"https:\/\/brasilnoticias.org\/site\/author\/henrique\/"}]}},"_links":{"self":[{"href":"https:\/\/brasilnoticias.org\/site\/wp-json\/wp\/v2\/posts\/16983","targetHints":{"allow":["GET"]}}],"collection":[{"href":"https:\/\/brasilnoticias.org\/site\/wp-json\/wp\/v2\/posts"}],"about":[{"href":"https:\/\/brasilnoticias.org\/site\/wp-json\/wp\/v2\/types\/post"}],"author":[{"embeddable":true,"href":"https:\/\/brasilnoticias.org\/site\/wp-json\/wp\/v2\/users\/4"}],"replies":[{"embeddable":true,"href":"https:\/\/brasilnoticias.org\/site\/wp-json\/wp\/v2\/comments?post=16983"}],"version-history":[{"count":1,"href":"https:\/\/brasilnoticias.org\/site\/wp-json\/wp\/v2\/posts\/16983\/revisions"}],"predecessor-version":[{"id":16985,"href":"https:\/\/brasilnoticias.org\/site\/wp-json\/wp\/v2\/posts\/16983\/revisions\/16985"}],"wp:featuredmedia":[{"embeddable":true,"href":"https:\/\/brasilnoticias.org\/site\/wp-json\/wp\/v2\/media\/16984"}],"wp:attachment":[{"href":"https:\/\/brasilnoticias.org\/site\/wp-json\/wp\/v2\/media?parent=16983"}],"wp:term":[{"taxonomy":"category","embeddable":true,"href":"https:\/\/brasilnoticias.org\/site\/wp-json\/wp\/v2\/categories?post=16983"},{"taxonomy":"post_tag","embeddable":true,"href":"https:\/\/brasilnoticias.org\/site\/wp-json\/wp\/v2\/tags?post=16983"}],"curies":[{"name":"wp","href":"https:\/\/api.w.org\/{rel}","templated":true}]}}