{"id":17000,"date":"2025-03-25T23:01:57","date_gmt":"2025-03-26T02:01:57","guid":{"rendered":"https:\/\/brasilnoticias.org\/site\/?p=17000"},"modified":"2025-03-25T23:01:57","modified_gmt":"2025-03-26T02:01:57","slug":"jogador-do-bragantino-deixa-uti-e-respira-sem-aparelhos-diz-hospital","status":"publish","type":"post","link":"https:\/\/brasilnoticias.org\/site\/jogador-do-bragantino-deixa-uti-e-respira-sem-aparelhos-diz-hospital\/","title":{"rendered":"Jogador do Bragantino deixa UTI e respira sem aparelhos, diz hospital"},"content":{"rendered":"<p>Seu quadro de sa\u00fade \u00e9 est\u00e1vel; acompanhamento neurol\u00f3gico continua necess\u00e1rio<\/p>\n<p>O jogador Pedro Severino (19) deixou a UTI do Hospital Unimed de Ribeir\u00e3o Preto e foi transferido para o quarto. O atacante do sub-20 do Bragantino sofreu um grave traumatismo craniano ap\u00f3s um acidente de carro na rodovia Anhanguera, em Americana. Em boletim m\u00e9dico divulgado nesta segunda-feira informou que ele respira de forma espont\u00e2nea e n\u00e3o necessita mais de ventila\u00e7\u00e3o mec\u00e2nica. Seu quadro de sa\u00fade \u00e9 est\u00e1vel, mas o acompanhamento neurol\u00f3gico continua necess\u00e1rio.<\/p>\n<p>A transfer\u00eancia ocorre ap\u00f3s semanas de evolu\u00e7\u00e3o, desde que o protocolo de morte encef\u00e1lica foi interrompido. No in\u00edcio de mar\u00e7o, o Hospital Municipal Dr. Waldemar Tebaldi, em Americana, iniciou o procedimento, mas Pedro apresentou sinais de rea\u00e7\u00e3o ao tossir ap\u00f3s a retirada da seda\u00e7\u00e3o. Isso fez com que o protocolo fosse suspenso e ele fosse transferido para o Hospital Unimed em Ribeir\u00e3o Preto.<\/p>\n<p>O atleta estava no banco traseiro do ve\u00edculo, que colidiu contra a traseira de um caminh\u00e3o. Desde o acidente, ele segue em tratamento intensivo e sua recupera\u00e7\u00e3o continua sendo monitorada de perto pela equipe m\u00e9dica.<\/p>\n<p>Foto: Reprodu\u00e7\u00e3o<br \/>\nPor: Metro1<\/p>\n","protected":false},"excerpt":{"rendered":"<p>Seu quadro de sa\u00fade \u00e9 est\u00e1vel; acompanhamento neurol\u00f3gico continua necess\u00e1rio O jogador Pedro Severino (19) deixou a UTI do Hospital<\/p>\n","protected":false},"author":4,"featured_media":17001,"comment_status":"open","ping_status":"open","sticky":false,"template":"","format":"standard","meta":{"colormag_page_container_layout":"default_layout","colormag_page_sidebar_layout":"default_layout","_FSMCFIC_featured_image_caption":"","_FSMCFIC_featured_image_nocaption":"","_FSMCFIC_featured_image_hide":"","footnotes":""},"categories":[4,1],"tags":[],"class_list":["post-17000","post","type-post","status-publish","format-standard","has-post-thumbnail","hentry","category-esporte","category-ultimas"],"yoast_head":"<!-- This site is optimized with the Yoast SEO plugin v27.1.1 - https:\/\/yoast.com\/product\/yoast-seo-wordpress\/ -->\n<title>Jogador do Bragantino deixa UTI e respira sem aparelhos, diz hospital - Brasil not\u00edcias<\/title>\n<meta name=\"robots\" content=\"index, follow, max-snippet:-1, max-image-preview:large, max-video-preview:-1\" \/>\n<link rel=\"canonical\" href=\"https:\/\/brasilnoticias.org\/site\/jogador-do-bragantino-deixa-uti-e-respira-sem-aparelhos-diz-hospital\/\" \/>\n<meta property=\"og:locale\" content=\"pt_PT\" \/>\n<meta property=\"og:type\" content=\"article\" \/>\n<meta property=\"og:title\" content=\"Jogador do Bragantino deixa UTI e respira sem aparelhos, diz hospital - Brasil not\u00edcias\" \/>\n<meta property=\"og:description\" content=\"Seu quadro de sa\u00fade \u00e9 est\u00e1vel; acompanhamento neurol\u00f3gico continua necess\u00e1rio O jogador Pedro Severino (19) deixou a UTI do Hospital\" \/>\n<meta property=\"og:url\" content=\"https:\/\/brasilnoticias.org\/site\/jogador-do-bragantino-deixa-uti-e-respira-sem-aparelhos-diz-hospital\/\" \/>\n<meta property=\"og:site_name\" content=\"Brasil not\u00edcias\" \/>\n<meta property=\"article:published_time\" content=\"2025-03-26T02:01:57+00:00\" \/>\n<meta property=\"og:image\" content=\"https:\/\/brasilnoticias.org\/site\/wp-content\/uploads\/2025\/03\/162818jogador-do-bragantino-deixa-uti-e-respira-sem-aparelhos-diz-hospital-3.jpg\" \/>\n\t<meta property=\"og:image:width\" content=\"1600\" \/>\n\t<meta property=\"og:image:height\" content=\"752\" \/>\n\t<meta property=\"og:image:type\" content=\"image\/jpeg\" \/>\n<meta name=\"author\" content=\"Reda\u00e7\u00e3o\" \/>\n<meta name=\"twitter:card\" content=\"summary_large_image\" \/>\n<meta name=\"twitter:label1\" content=\"Escrito por\" \/>\n\t<meta name=\"twitter:data1\" content=\"Reda\u00e7\u00e3o\" \/>\n\t<meta name=\"twitter:label2\" content=\"Tempo estimado de leitura\" \/>\n\t<meta name=\"twitter:data2\" content=\"1 minuto\" \/>\n<script type=\"application\/ld+json\" class=\"yoast-schema-graph\">{\"@context\":\"https:\/\/schema.org\",\"@graph\":[{\"@type\":\"Article\",\"@id\":\"https:\/\/brasilnoticias.org\/site\/jogador-do-bragantino-deixa-uti-e-respira-sem-aparelhos-diz-hospital\/#article\",\"isPartOf\":{\"@id\":\"https:\/\/brasilnoticias.org\/site\/jogador-do-bragantino-deixa-uti-e-respira-sem-aparelhos-diz-hospital\/\"},\"author\":{\"name\":\"Reda\u00e7\u00e3o\",\"@id\":\"https:\/\/brasilnoticias.org\/site\/#\/schema\/person\/03bbbfe6c7634ad18c26444ea39049fa\"},\"headline\":\"Jogador do Bragantino deixa UTI e respira sem aparelhos, diz hospital\",\"datePublished\":\"2025-03-26T02:01:57+00:00\",\"mainEntityOfPage\":{\"@id\":\"https:\/\/brasilnoticias.org\/site\/jogador-do-bragantino-deixa-uti-e-respira-sem-aparelhos-diz-hospital\/\"},\"wordCount\":223,\"commentCount\":0,\"publisher\":{\"@id\":\"https:\/\/brasilnoticias.org\/site\/#organization\"},\"image\":{\"@id\":\"https:\/\/brasilnoticias.org\/site\/jogador-do-bragantino-deixa-uti-e-respira-sem-aparelhos-diz-hospital\/#primaryimage\"},\"thumbnailUrl\":\"https:\/\/brasilnoticias.org\/site\/wp-content\/uploads\/2025\/03\/162818jogador-do-bragantino-deixa-uti-e-respira-sem-aparelhos-diz-hospital-3.jpg\",\"articleSection\":[\"Esporte\",\"\u00daltimas\"],\"inLanguage\":\"pt-PT\",\"potentialAction\":[{\"@type\":\"CommentAction\",\"name\":\"Comment\",\"target\":[\"https:\/\/brasilnoticias.org\/site\/jogador-do-bragantino-deixa-uti-e-respira-sem-aparelhos-diz-hospital\/#respond\"]}]},{\"@type\":\"WebPage\",\"@id\":\"https:\/\/brasilnoticias.org\/site\/jogador-do-bragantino-deixa-uti-e-respira-sem-aparelhos-diz-hospital\/\",\"url\":\"https:\/\/brasilnoticias.org\/site\/jogador-do-bragantino-deixa-uti-e-respira-sem-aparelhos-diz-hospital\/\",\"name\":\"Jogador do Bragantino deixa UTI e respira sem aparelhos, diz hospital - Brasil not\u00edcias\",\"isPartOf\":{\"@id\":\"https:\/\/brasilnoticias.org\/site\/#website\"},\"primaryImageOfPage\":{\"@id\":\"https:\/\/brasilnoticias.org\/site\/jogador-do-bragantino-deixa-uti-e-respira-sem-aparelhos-diz-hospital\/#primaryimage\"},\"image\":{\"@id\":\"https:\/\/brasilnoticias.org\/site\/jogador-do-bragantino-deixa-uti-e-respira-sem-aparelhos-diz-hospital\/#primaryimage\"},\"thumbnailUrl\":\"https:\/\/brasilnoticias.org\/site\/wp-content\/uploads\/2025\/03\/162818jogador-do-bragantino-deixa-uti-e-respira-sem-aparelhos-diz-hospital-3.jpg\",\"datePublished\":\"2025-03-26T02:01:57+00:00\",\"breadcrumb\":{\"@id\":\"https:\/\/brasilnoticias.org\/site\/jogador-do-bragantino-deixa-uti-e-respira-sem-aparelhos-diz-hospital\/#breadcrumb\"},\"inLanguage\":\"pt-PT\",\"potentialAction\":[{\"@type\":\"ReadAction\",\"target\":[\"https:\/\/brasilnoticias.org\/site\/jogador-do-bragantino-deixa-uti-e-respira-sem-aparelhos-diz-hospital\/\"]}]},{\"@type\":\"ImageObject\",\"inLanguage\":\"pt-PT\",\"@id\":\"https:\/\/brasilnoticias.org\/site\/jogador-do-bragantino-deixa-uti-e-respira-sem-aparelhos-diz-hospital\/#primaryimage\",\"url\":\"https:\/\/brasilnoticias.org\/site\/wp-content\/uploads\/2025\/03\/162818jogador-do-bragantino-deixa-uti-e-respira-sem-aparelhos-diz-hospital-3.jpg\",\"contentUrl\":\"https:\/\/brasilnoticias.org\/site\/wp-content\/uploads\/2025\/03\/162818jogador-do-bragantino-deixa-uti-e-respira-sem-aparelhos-diz-hospital-3.jpg\",\"width\":1600,\"height\":752},{\"@type\":\"BreadcrumbList\",\"@id\":\"https:\/\/brasilnoticias.org\/site\/jogador-do-bragantino-deixa-uti-e-respira-sem-aparelhos-diz-hospital\/#breadcrumb\",\"itemListElement\":[{\"@type\":\"ListItem\",\"position\":1,\"name\":\"In\u00edcio\",\"item\":\"https:\/\/brasilnoticias.org\/site\/\"},{\"@type\":\"ListItem\",\"position\":2,\"name\":\"Jogador do Bragantino deixa UTI e respira sem aparelhos, diz hospital\"}]},{\"@type\":\"WebSite\",\"@id\":\"https:\/\/brasilnoticias.org\/site\/#website\",\"url\":\"https:\/\/brasilnoticias.org\/site\/\",\"name\":\"Brasil not\u00edcias\",\"description\":\"Brasil not\u00edcias\",\"publisher\":{\"@id\":\"https:\/\/brasilnoticias.org\/site\/#organization\"},\"potentialAction\":[{\"@type\":\"SearchAction\",\"target\":{\"@type\":\"EntryPoint\",\"urlTemplate\":\"https:\/\/brasilnoticias.org\/site\/?s={search_term_string}\"},\"query-input\":{\"@type\":\"PropertyValueSpecification\",\"valueRequired\":true,\"valueName\":\"search_term_string\"}}],\"inLanguage\":\"pt-PT\"},{\"@type\":\"Organization\",\"@id\":\"https:\/\/brasilnoticias.org\/site\/#organization\",\"name\":\"Brasil not\u00edcias\",\"url\":\"https:\/\/brasilnoticias.org\/site\/\",\"logo\":{\"@type\":\"ImageObject\",\"inLanguage\":\"pt-PT\",\"@id\":\"https:\/\/brasilnoticias.org\/site\/#\/schema\/logo\/image\/\",\"url\":\"https:\/\/brasilnoticias.org\/site\/wp-content\/uploads\/2022\/05\/cropped-brasilnoticias-mini.jpg\",\"contentUrl\":\"https:\/\/brasilnoticias.org\/site\/wp-content\/uploads\/2022\/05\/cropped-brasilnoticias-mini.jpg\",\"width\":314,\"height\":86,\"caption\":\"Brasil not\u00edcias\"},\"image\":{\"@id\":\"https:\/\/brasilnoticias.org\/site\/#\/schema\/logo\/image\/\"}},{\"@type\":\"Person\",\"@id\":\"https:\/\/brasilnoticias.org\/site\/#\/schema\/person\/03bbbfe6c7634ad18c26444ea39049fa\",\"name\":\"Reda\u00e7\u00e3o\",\"image\":{\"@type\":\"ImageObject\",\"inLanguage\":\"pt-PT\",\"@id\":\"https:\/\/brasilnoticias.org\/site\/#\/schema\/person\/image\/\",\"url\":\"https:\/\/secure.gravatar.com\/avatar\/9ecaf7327a696cb23ad926fedded5f1f04d7049de9e445375d55b48c001a6e42?s=96&d=mm&r=g\",\"contentUrl\":\"https:\/\/secure.gravatar.com\/avatar\/9ecaf7327a696cb23ad926fedded5f1f04d7049de9e445375d55b48c001a6e42?s=96&d=mm&r=g\",\"caption\":\"Reda\u00e7\u00e3o\"},\"url\":\"https:\/\/brasilnoticias.org\/site\/author\/henrique\/\"}]}<\/script>\n<!-- \/ Yoast SEO plugin. -->","yoast_head_json":{"title":"Jogador do Bragantino deixa UTI e respira sem aparelhos, diz hospital - Brasil not\u00edcias","robots":{"index":"index","follow":"follow","max-snippet":"max-snippet:-1","max-image-preview":"max-image-preview:large","max-video-preview":"max-video-preview:-1"},"canonical":"https:\/\/brasilnoticias.org\/site\/jogador-do-bragantino-deixa-uti-e-respira-sem-aparelhos-diz-hospital\/","og_locale":"pt_PT","og_type":"article","og_title":"Jogador do Bragantino deixa UTI e respira sem aparelhos, diz hospital - Brasil not\u00edcias","og_description":"Seu quadro de sa\u00fade \u00e9 est\u00e1vel; acompanhamento neurol\u00f3gico continua necess\u00e1rio O jogador Pedro Severino (19) deixou a UTI do Hospital","og_url":"https:\/\/brasilnoticias.org\/site\/jogador-do-bragantino-deixa-uti-e-respira-sem-aparelhos-diz-hospital\/","og_site_name":"Brasil not\u00edcias","article_published_time":"2025-03-26T02:01:57+00:00","og_image":[{"width":1600,"height":752,"url":"https:\/\/brasilnoticias.org\/site\/wp-content\/uploads\/2025\/03\/162818jogador-do-bragantino-deixa-uti-e-respira-sem-aparelhos-diz-hospital-3.jpg","type":"image\/jpeg"}],"author":"Reda\u00e7\u00e3o","twitter_card":"summary_large_image","twitter_misc":{"Escrito por":"Reda\u00e7\u00e3o","Tempo estimado de leitura":"1 minuto"},"schema":{"@context":"https:\/\/schema.org","@graph":[{"@type":"Article","@id":"https:\/\/brasilnoticias.org\/site\/jogador-do-bragantino-deixa-uti-e-respira-sem-aparelhos-diz-hospital\/#article","isPartOf":{"@id":"https:\/\/brasilnoticias.org\/site\/jogador-do-bragantino-deixa-uti-e-respira-sem-aparelhos-diz-hospital\/"},"author":{"name":"Reda\u00e7\u00e3o","@id":"https:\/\/brasilnoticias.org\/site\/#\/schema\/person\/03bbbfe6c7634ad18c26444ea39049fa"},"headline":"Jogador do Bragantino deixa UTI e respira sem aparelhos, diz hospital","datePublished":"2025-03-26T02:01:57+00:00","mainEntityOfPage":{"@id":"https:\/\/brasilnoticias.org\/site\/jogador-do-bragantino-deixa-uti-e-respira-sem-aparelhos-diz-hospital\/"},"wordCount":223,"commentCount":0,"publisher":{"@id":"https:\/\/brasilnoticias.org\/site\/#organization"},"image":{"@id":"https:\/\/brasilnoticias.org\/site\/jogador-do-bragantino-deixa-uti-e-respira-sem-aparelhos-diz-hospital\/#primaryimage"},"thumbnailUrl":"https:\/\/brasilnoticias.org\/site\/wp-content\/uploads\/2025\/03\/162818jogador-do-bragantino-deixa-uti-e-respira-sem-aparelhos-diz-hospital-3.jpg","articleSection":["Esporte","\u00daltimas"],"inLanguage":"pt-PT","potentialAction":[{"@type":"CommentAction","name":"Comment","target":["https:\/\/brasilnoticias.org\/site\/jogador-do-bragantino-deixa-uti-e-respira-sem-aparelhos-diz-hospital\/#respond"]}]},{"@type":"WebPage","@id":"https:\/\/brasilnoticias.org\/site\/jogador-do-bragantino-deixa-uti-e-respira-sem-aparelhos-diz-hospital\/","url":"https:\/\/brasilnoticias.org\/site\/jogador-do-bragantino-deixa-uti-e-respira-sem-aparelhos-diz-hospital\/","name":"Jogador do Bragantino deixa UTI e respira sem aparelhos, diz hospital - Brasil not\u00edcias","isPartOf":{"@id":"https:\/\/brasilnoticias.org\/site\/#website"},"primaryImageOfPage":{"@id":"https:\/\/brasilnoticias.org\/site\/jogador-do-bragantino-deixa-uti-e-respira-sem-aparelhos-diz-hospital\/#primaryimage"},"image":{"@id":"https:\/\/brasilnoticias.org\/site\/jogador-do-bragantino-deixa-uti-e-respira-sem-aparelhos-diz-hospital\/#primaryimage"},"thumbnailUrl":"https:\/\/brasilnoticias.org\/site\/wp-content\/uploads\/2025\/03\/162818jogador-do-bragantino-deixa-uti-e-respira-sem-aparelhos-diz-hospital-3.jpg","datePublished":"2025-03-26T02:01:57+00:00","breadcrumb":{"@id":"https:\/\/brasilnoticias.org\/site\/jogador-do-bragantino-deixa-uti-e-respira-sem-aparelhos-diz-hospital\/#breadcrumb"},"inLanguage":"pt-PT","potentialAction":[{"@type":"ReadAction","target":["https:\/\/brasilnoticias.org\/site\/jogador-do-bragantino-deixa-uti-e-respira-sem-aparelhos-diz-hospital\/"]}]},{"@type":"ImageObject","inLanguage":"pt-PT","@id":"https:\/\/brasilnoticias.org\/site\/jogador-do-bragantino-deixa-uti-e-respira-sem-aparelhos-diz-hospital\/#primaryimage","url":"https:\/\/brasilnoticias.org\/site\/wp-content\/uploads\/2025\/03\/162818jogador-do-bragantino-deixa-uti-e-respira-sem-aparelhos-diz-hospital-3.jpg","contentUrl":"https:\/\/brasilnoticias.org\/site\/wp-content\/uploads\/2025\/03\/162818jogador-do-bragantino-deixa-uti-e-respira-sem-aparelhos-diz-hospital-3.jpg","width":1600,"height":752},{"@type":"BreadcrumbList","@id":"https:\/\/brasilnoticias.org\/site\/jogador-do-bragantino-deixa-uti-e-respira-sem-aparelhos-diz-hospital\/#breadcrumb","itemListElement":[{"@type":"ListItem","position":1,"name":"In\u00edcio","item":"https:\/\/brasilnoticias.org\/site\/"},{"@type":"ListItem","position":2,"name":"Jogador do Bragantino deixa UTI e respira sem aparelhos, diz hospital"}]},{"@type":"WebSite","@id":"https:\/\/brasilnoticias.org\/site\/#website","url":"https:\/\/brasilnoticias.org\/site\/","name":"Brasil not\u00edcias","description":"Brasil not\u00edcias","publisher":{"@id":"https:\/\/brasilnoticias.org\/site\/#organization"},"potentialAction":[{"@type":"SearchAction","target":{"@type":"EntryPoint","urlTemplate":"https:\/\/brasilnoticias.org\/site\/?s={search_term_string}"},"query-input":{"@type":"PropertyValueSpecification","valueRequired":true,"valueName":"search_term_string"}}],"inLanguage":"pt-PT"},{"@type":"Organization","@id":"https:\/\/brasilnoticias.org\/site\/#organization","name":"Brasil not\u00edcias","url":"https:\/\/brasilnoticias.org\/site\/","logo":{"@type":"ImageObject","inLanguage":"pt-PT","@id":"https:\/\/brasilnoticias.org\/site\/#\/schema\/logo\/image\/","url":"https:\/\/brasilnoticias.org\/site\/wp-content\/uploads\/2022\/05\/cropped-brasilnoticias-mini.jpg","contentUrl":"https:\/\/brasilnoticias.org\/site\/wp-content\/uploads\/2022\/05\/cropped-brasilnoticias-mini.jpg","width":314,"height":86,"caption":"Brasil not\u00edcias"},"image":{"@id":"https:\/\/brasilnoticias.org\/site\/#\/schema\/logo\/image\/"}},{"@type":"Person","@id":"https:\/\/brasilnoticias.org\/site\/#\/schema\/person\/03bbbfe6c7634ad18c26444ea39049fa","name":"Reda\u00e7\u00e3o","image":{"@type":"ImageObject","inLanguage":"pt-PT","@id":"https:\/\/brasilnoticias.org\/site\/#\/schema\/person\/image\/","url":"https:\/\/secure.gravatar.com\/avatar\/9ecaf7327a696cb23ad926fedded5f1f04d7049de9e445375d55b48c001a6e42?s=96&d=mm&r=g","contentUrl":"https:\/\/secure.gravatar.com\/avatar\/9ecaf7327a696cb23ad926fedded5f1f04d7049de9e445375d55b48c001a6e42?s=96&d=mm&r=g","caption":"Reda\u00e7\u00e3o"},"url":"https:\/\/brasilnoticias.org\/site\/author\/henrique\/"}]}},"_links":{"self":[{"href":"https:\/\/brasilnoticias.org\/site\/wp-json\/wp\/v2\/posts\/17000","targetHints":{"allow":["GET"]}}],"collection":[{"href":"https:\/\/brasilnoticias.org\/site\/wp-json\/wp\/v2\/posts"}],"about":[{"href":"https:\/\/brasilnoticias.org\/site\/wp-json\/wp\/v2\/types\/post"}],"author":[{"embeddable":true,"href":"https:\/\/brasilnoticias.org\/site\/wp-json\/wp\/v2\/users\/4"}],"replies":[{"embeddable":true,"href":"https:\/\/brasilnoticias.org\/site\/wp-json\/wp\/v2\/comments?post=17000"}],"version-history":[{"count":1,"href":"https:\/\/brasilnoticias.org\/site\/wp-json\/wp\/v2\/posts\/17000\/revisions"}],"predecessor-version":[{"id":17002,"href":"https:\/\/brasilnoticias.org\/site\/wp-json\/wp\/v2\/posts\/17000\/revisions\/17002"}],"wp:featuredmedia":[{"embeddable":true,"href":"https:\/\/brasilnoticias.org\/site\/wp-json\/wp\/v2\/media\/17001"}],"wp:attachment":[{"href":"https:\/\/brasilnoticias.org\/site\/wp-json\/wp\/v2\/media?parent=17000"}],"wp:term":[{"taxonomy":"category","embeddable":true,"href":"https:\/\/brasilnoticias.org\/site\/wp-json\/wp\/v2\/categories?post=17000"},{"taxonomy":"post_tag","embeddable":true,"href":"https:\/\/brasilnoticias.org\/site\/wp-json\/wp\/v2\/tags?post=17000"}],"curies":[{"name":"wp","href":"https:\/\/api.w.org\/{rel}","templated":true}]}}