{"id":17012,"date":"2025-03-26T16:44:02","date_gmt":"2025-03-26T19:44:02","guid":{"rendered":"https:\/\/brasilnoticias.org\/site\/?p=17012"},"modified":"2025-03-26T16:44:02","modified_gmt":"2025-03-26T19:44:02","slug":"stf-torna-bolsonaro-e-outros-sete-reus-por-tentativa-de-golpe","status":"publish","type":"post","link":"https:\/\/brasilnoticias.org\/site\/stf-torna-bolsonaro-e-outros-sete-reus-por-tentativa-de-golpe\/","title":{"rendered":"STF torna Bolsonaro e outros sete r\u00e9us por tentativa de golpe"},"content":{"rendered":"<p>Durante a sess\u00e3o da Primeira Turma do Supremo Tribunal Federal (STF) que analisa a den\u00fancia contra o ex-presidente Jair Bolsonaro (PL) e outros investigados por suposta tentativa de golpe, o ministro Luix Fux suscitou uma diverg\u00eancia, contr\u00e1ria \u00e0 compet\u00eancia do Supremo Tribunal Federal (STF) para julgar o caso. Isso levantou para a defesa a possibilidade de eventual anula\u00e7\u00e3o, no futuro, de eventual condena\u00e7\u00e3o por tentativa de golpe.<\/p>\n<p>As cr\u00edticas do ministro sobre a dela\u00e7\u00e3o premiada de Mauro Cid, ex-ajudante de ordens de Bolsonaro, tamb\u00e9m chamaram a aten\u00e7\u00e3o das defesas, que tamb\u00e9m poder\u00e3o, no futuro, suscitar a anula\u00e7\u00e3o de toda a colabora\u00e7\u00e3o e de toda a investiga\u00e7\u00e3o baseada nela.<\/p>\n<p>Durante a an\u00e1lise de quest\u00f5es preliminares &#8211; questionamentos sobre a regularidade da investiga\u00e7\u00e3o &#8211; levantadas pelas defesas de Bolsonaro e de outros sete acusados, Fux acolheu o pedido para retirar o caso do STF, por aus\u00eancia de foro privilegiado dos envolvidos; e defendeu, se fosse mantida a compet\u00eancia da Corte, a remessa do caso para o plen\u00e1rio, composto por todos os 11 ministros.<\/p>\n<p>Informa\u00e7\u00f5es da Gazeta do Povo \/ Foto: Ant\u00f4nio Augusto\/Divulga\u00e7\u00e3o STF<\/p>\n","protected":false},"excerpt":{"rendered":"<p>Durante a sess\u00e3o da Primeira Turma do Supremo Tribunal Federal (STF) que analisa a den\u00fancia contra o ex-presidente Jair Bolsonaro<\/p>\n","protected":false},"author":4,"featured_media":17013,"comment_status":"open","ping_status":"open","sticky":false,"template":"","format":"standard","meta":{"colormag_page_container_layout":"default_layout","colormag_page_sidebar_layout":"default_layout","_FSMCFIC_featured_image_caption":"","_FSMCFIC_featured_image_nocaption":"","_FSMCFIC_featured_image_hide":"","footnotes":""},"categories":[5,1],"tags":[],"class_list":["post-17012","post","type-post","status-publish","format-standard","has-post-thumbnail","hentry","category-politica","category-ultimas"],"yoast_head":"<!-- This site is optimized with the Yoast SEO plugin v27.1.1 - https:\/\/yoast.com\/product\/yoast-seo-wordpress\/ -->\n<title>STF torna Bolsonaro e outros sete r\u00e9us por tentativa de golpe - Brasil not\u00edcias<\/title>\n<meta name=\"robots\" content=\"index, follow, max-snippet:-1, max-image-preview:large, max-video-preview:-1\" \/>\n<link rel=\"canonical\" href=\"https:\/\/brasilnoticias.org\/site\/stf-torna-bolsonaro-e-outros-sete-reus-por-tentativa-de-golpe\/\" \/>\n<meta property=\"og:locale\" content=\"pt_PT\" \/>\n<meta property=\"og:type\" content=\"article\" \/>\n<meta property=\"og:title\" content=\"STF torna Bolsonaro e outros sete r\u00e9us por tentativa de golpe - Brasil not\u00edcias\" \/>\n<meta property=\"og:description\" content=\"Durante a sess\u00e3o da Primeira Turma do Supremo Tribunal Federal (STF) que analisa a den\u00fancia contra o ex-presidente Jair Bolsonaro\" \/>\n<meta property=\"og:url\" content=\"https:\/\/brasilnoticias.org\/site\/stf-torna-bolsonaro-e-outros-sete-reus-por-tentativa-de-golpe\/\" \/>\n<meta property=\"og:site_name\" content=\"Brasil not\u00edcias\" \/>\n<meta property=\"article:published_time\" content=\"2025-03-26T19:44:02+00:00\" \/>\n<meta property=\"og:image\" content=\"https:\/\/brasilnoticias.org\/site\/wp-content\/uploads\/2025\/03\/IMAGEM_NOTICIA_0-5.jpg\" \/>\n\t<meta property=\"og:image:width\" content=\"850\" \/>\n\t<meta property=\"og:image:height\" content=\"400\" \/>\n\t<meta property=\"og:image:type\" content=\"image\/jpeg\" \/>\n<meta name=\"author\" content=\"Reda\u00e7\u00e3o\" \/>\n<meta name=\"twitter:card\" content=\"summary_large_image\" \/>\n<meta name=\"twitter:label1\" content=\"Escrito por\" \/>\n\t<meta name=\"twitter:data1\" content=\"Reda\u00e7\u00e3o\" \/>\n<script type=\"application\/ld+json\" class=\"yoast-schema-graph\">{\"@context\":\"https:\/\/schema.org\",\"@graph\":[{\"@type\":\"Article\",\"@id\":\"https:\/\/brasilnoticias.org\/site\/stf-torna-bolsonaro-e-outros-sete-reus-por-tentativa-de-golpe\/#article\",\"isPartOf\":{\"@id\":\"https:\/\/brasilnoticias.org\/site\/stf-torna-bolsonaro-e-outros-sete-reus-por-tentativa-de-golpe\/\"},\"author\":{\"name\":\"Reda\u00e7\u00e3o\",\"@id\":\"https:\/\/brasilnoticias.org\/site\/#\/schema\/person\/03bbbfe6c7634ad18c26444ea39049fa\"},\"headline\":\"STF torna Bolsonaro e outros sete r\u00e9us por tentativa de golpe\",\"datePublished\":\"2025-03-26T19:44:02+00:00\",\"mainEntityOfPage\":{\"@id\":\"https:\/\/brasilnoticias.org\/site\/stf-torna-bolsonaro-e-outros-sete-reus-por-tentativa-de-golpe\/\"},\"wordCount\":216,\"commentCount\":0,\"publisher\":{\"@id\":\"https:\/\/brasilnoticias.org\/site\/#organization\"},\"image\":{\"@id\":\"https:\/\/brasilnoticias.org\/site\/stf-torna-bolsonaro-e-outros-sete-reus-por-tentativa-de-golpe\/#primaryimage\"},\"thumbnailUrl\":\"https:\/\/brasilnoticias.org\/site\/wp-content\/uploads\/2025\/03\/IMAGEM_NOTICIA_0-5.jpg\",\"articleSection\":[\"Pol\u00edtica\",\"\u00daltimas\"],\"inLanguage\":\"pt-PT\",\"potentialAction\":[{\"@type\":\"CommentAction\",\"name\":\"Comment\",\"target\":[\"https:\/\/brasilnoticias.org\/site\/stf-torna-bolsonaro-e-outros-sete-reus-por-tentativa-de-golpe\/#respond\"]}]},{\"@type\":\"WebPage\",\"@id\":\"https:\/\/brasilnoticias.org\/site\/stf-torna-bolsonaro-e-outros-sete-reus-por-tentativa-de-golpe\/\",\"url\":\"https:\/\/brasilnoticias.org\/site\/stf-torna-bolsonaro-e-outros-sete-reus-por-tentativa-de-golpe\/\",\"name\":\"STF torna Bolsonaro e outros sete r\u00e9us por tentativa de golpe - Brasil not\u00edcias\",\"isPartOf\":{\"@id\":\"https:\/\/brasilnoticias.org\/site\/#website\"},\"primaryImageOfPage\":{\"@id\":\"https:\/\/brasilnoticias.org\/site\/stf-torna-bolsonaro-e-outros-sete-reus-por-tentativa-de-golpe\/#primaryimage\"},\"image\":{\"@id\":\"https:\/\/brasilnoticias.org\/site\/stf-torna-bolsonaro-e-outros-sete-reus-por-tentativa-de-golpe\/#primaryimage\"},\"thumbnailUrl\":\"https:\/\/brasilnoticias.org\/site\/wp-content\/uploads\/2025\/03\/IMAGEM_NOTICIA_0-5.jpg\",\"datePublished\":\"2025-03-26T19:44:02+00:00\",\"breadcrumb\":{\"@id\":\"https:\/\/brasilnoticias.org\/site\/stf-torna-bolsonaro-e-outros-sete-reus-por-tentativa-de-golpe\/#breadcrumb\"},\"inLanguage\":\"pt-PT\",\"potentialAction\":[{\"@type\":\"ReadAction\",\"target\":[\"https:\/\/brasilnoticias.org\/site\/stf-torna-bolsonaro-e-outros-sete-reus-por-tentativa-de-golpe\/\"]}]},{\"@type\":\"ImageObject\",\"inLanguage\":\"pt-PT\",\"@id\":\"https:\/\/brasilnoticias.org\/site\/stf-torna-bolsonaro-e-outros-sete-reus-por-tentativa-de-golpe\/#primaryimage\",\"url\":\"https:\/\/brasilnoticias.org\/site\/wp-content\/uploads\/2025\/03\/IMAGEM_NOTICIA_0-5.jpg\",\"contentUrl\":\"https:\/\/brasilnoticias.org\/site\/wp-content\/uploads\/2025\/03\/IMAGEM_NOTICIA_0-5.jpg\",\"width\":850,\"height\":400},{\"@type\":\"BreadcrumbList\",\"@id\":\"https:\/\/brasilnoticias.org\/site\/stf-torna-bolsonaro-e-outros-sete-reus-por-tentativa-de-golpe\/#breadcrumb\",\"itemListElement\":[{\"@type\":\"ListItem\",\"position\":1,\"name\":\"In\u00edcio\",\"item\":\"https:\/\/brasilnoticias.org\/site\/\"},{\"@type\":\"ListItem\",\"position\":2,\"name\":\"STF torna Bolsonaro e outros sete r\u00e9us por tentativa de golpe\"}]},{\"@type\":\"WebSite\",\"@id\":\"https:\/\/brasilnoticias.org\/site\/#website\",\"url\":\"https:\/\/brasilnoticias.org\/site\/\",\"name\":\"Brasil not\u00edcias\",\"description\":\"Brasil not\u00edcias\",\"publisher\":{\"@id\":\"https:\/\/brasilnoticias.org\/site\/#organization\"},\"potentialAction\":[{\"@type\":\"SearchAction\",\"target\":{\"@type\":\"EntryPoint\",\"urlTemplate\":\"https:\/\/brasilnoticias.org\/site\/?s={search_term_string}\"},\"query-input\":{\"@type\":\"PropertyValueSpecification\",\"valueRequired\":true,\"valueName\":\"search_term_string\"}}],\"inLanguage\":\"pt-PT\"},{\"@type\":\"Organization\",\"@id\":\"https:\/\/brasilnoticias.org\/site\/#organization\",\"name\":\"Brasil not\u00edcias\",\"url\":\"https:\/\/brasilnoticias.org\/site\/\",\"logo\":{\"@type\":\"ImageObject\",\"inLanguage\":\"pt-PT\",\"@id\":\"https:\/\/brasilnoticias.org\/site\/#\/schema\/logo\/image\/\",\"url\":\"https:\/\/brasilnoticias.org\/site\/wp-content\/uploads\/2022\/05\/cropped-brasilnoticias-mini.jpg\",\"contentUrl\":\"https:\/\/brasilnoticias.org\/site\/wp-content\/uploads\/2022\/05\/cropped-brasilnoticias-mini.jpg\",\"width\":314,\"height\":86,\"caption\":\"Brasil not\u00edcias\"},\"image\":{\"@id\":\"https:\/\/brasilnoticias.org\/site\/#\/schema\/logo\/image\/\"}},{\"@type\":\"Person\",\"@id\":\"https:\/\/brasilnoticias.org\/site\/#\/schema\/person\/03bbbfe6c7634ad18c26444ea39049fa\",\"name\":\"Reda\u00e7\u00e3o\",\"image\":{\"@type\":\"ImageObject\",\"inLanguage\":\"pt-PT\",\"@id\":\"https:\/\/brasilnoticias.org\/site\/#\/schema\/person\/image\/\",\"url\":\"https:\/\/secure.gravatar.com\/avatar\/9ecaf7327a696cb23ad926fedded5f1f04d7049de9e445375d55b48c001a6e42?s=96&d=mm&r=g\",\"contentUrl\":\"https:\/\/secure.gravatar.com\/avatar\/9ecaf7327a696cb23ad926fedded5f1f04d7049de9e445375d55b48c001a6e42?s=96&d=mm&r=g\",\"caption\":\"Reda\u00e7\u00e3o\"},\"url\":\"https:\/\/brasilnoticias.org\/site\/author\/henrique\/\"}]}<\/script>\n<!-- \/ Yoast SEO plugin. -->","yoast_head_json":{"title":"STF torna Bolsonaro e outros sete r\u00e9us por tentativa de golpe - Brasil not\u00edcias","robots":{"index":"index","follow":"follow","max-snippet":"max-snippet:-1","max-image-preview":"max-image-preview:large","max-video-preview":"max-video-preview:-1"},"canonical":"https:\/\/brasilnoticias.org\/site\/stf-torna-bolsonaro-e-outros-sete-reus-por-tentativa-de-golpe\/","og_locale":"pt_PT","og_type":"article","og_title":"STF torna Bolsonaro e outros sete r\u00e9us por tentativa de golpe - Brasil not\u00edcias","og_description":"Durante a sess\u00e3o da Primeira Turma do Supremo Tribunal Federal (STF) que analisa a den\u00fancia contra o ex-presidente Jair Bolsonaro","og_url":"https:\/\/brasilnoticias.org\/site\/stf-torna-bolsonaro-e-outros-sete-reus-por-tentativa-de-golpe\/","og_site_name":"Brasil not\u00edcias","article_published_time":"2025-03-26T19:44:02+00:00","og_image":[{"width":850,"height":400,"url":"https:\/\/brasilnoticias.org\/site\/wp-content\/uploads\/2025\/03\/IMAGEM_NOTICIA_0-5.jpg","type":"image\/jpeg"}],"author":"Reda\u00e7\u00e3o","twitter_card":"summary_large_image","twitter_misc":{"Escrito por":"Reda\u00e7\u00e3o"},"schema":{"@context":"https:\/\/schema.org","@graph":[{"@type":"Article","@id":"https:\/\/brasilnoticias.org\/site\/stf-torna-bolsonaro-e-outros-sete-reus-por-tentativa-de-golpe\/#article","isPartOf":{"@id":"https:\/\/brasilnoticias.org\/site\/stf-torna-bolsonaro-e-outros-sete-reus-por-tentativa-de-golpe\/"},"author":{"name":"Reda\u00e7\u00e3o","@id":"https:\/\/brasilnoticias.org\/site\/#\/schema\/person\/03bbbfe6c7634ad18c26444ea39049fa"},"headline":"STF torna Bolsonaro e outros sete r\u00e9us por tentativa de golpe","datePublished":"2025-03-26T19:44:02+00:00","mainEntityOfPage":{"@id":"https:\/\/brasilnoticias.org\/site\/stf-torna-bolsonaro-e-outros-sete-reus-por-tentativa-de-golpe\/"},"wordCount":216,"commentCount":0,"publisher":{"@id":"https:\/\/brasilnoticias.org\/site\/#organization"},"image":{"@id":"https:\/\/brasilnoticias.org\/site\/stf-torna-bolsonaro-e-outros-sete-reus-por-tentativa-de-golpe\/#primaryimage"},"thumbnailUrl":"https:\/\/brasilnoticias.org\/site\/wp-content\/uploads\/2025\/03\/IMAGEM_NOTICIA_0-5.jpg","articleSection":["Pol\u00edtica","\u00daltimas"],"inLanguage":"pt-PT","potentialAction":[{"@type":"CommentAction","name":"Comment","target":["https:\/\/brasilnoticias.org\/site\/stf-torna-bolsonaro-e-outros-sete-reus-por-tentativa-de-golpe\/#respond"]}]},{"@type":"WebPage","@id":"https:\/\/brasilnoticias.org\/site\/stf-torna-bolsonaro-e-outros-sete-reus-por-tentativa-de-golpe\/","url":"https:\/\/brasilnoticias.org\/site\/stf-torna-bolsonaro-e-outros-sete-reus-por-tentativa-de-golpe\/","name":"STF torna Bolsonaro e outros sete r\u00e9us por tentativa de golpe - Brasil not\u00edcias","isPartOf":{"@id":"https:\/\/brasilnoticias.org\/site\/#website"},"primaryImageOfPage":{"@id":"https:\/\/brasilnoticias.org\/site\/stf-torna-bolsonaro-e-outros-sete-reus-por-tentativa-de-golpe\/#primaryimage"},"image":{"@id":"https:\/\/brasilnoticias.org\/site\/stf-torna-bolsonaro-e-outros-sete-reus-por-tentativa-de-golpe\/#primaryimage"},"thumbnailUrl":"https:\/\/brasilnoticias.org\/site\/wp-content\/uploads\/2025\/03\/IMAGEM_NOTICIA_0-5.jpg","datePublished":"2025-03-26T19:44:02+00:00","breadcrumb":{"@id":"https:\/\/brasilnoticias.org\/site\/stf-torna-bolsonaro-e-outros-sete-reus-por-tentativa-de-golpe\/#breadcrumb"},"inLanguage":"pt-PT","potentialAction":[{"@type":"ReadAction","target":["https:\/\/brasilnoticias.org\/site\/stf-torna-bolsonaro-e-outros-sete-reus-por-tentativa-de-golpe\/"]}]},{"@type":"ImageObject","inLanguage":"pt-PT","@id":"https:\/\/brasilnoticias.org\/site\/stf-torna-bolsonaro-e-outros-sete-reus-por-tentativa-de-golpe\/#primaryimage","url":"https:\/\/brasilnoticias.org\/site\/wp-content\/uploads\/2025\/03\/IMAGEM_NOTICIA_0-5.jpg","contentUrl":"https:\/\/brasilnoticias.org\/site\/wp-content\/uploads\/2025\/03\/IMAGEM_NOTICIA_0-5.jpg","width":850,"height":400},{"@type":"BreadcrumbList","@id":"https:\/\/brasilnoticias.org\/site\/stf-torna-bolsonaro-e-outros-sete-reus-por-tentativa-de-golpe\/#breadcrumb","itemListElement":[{"@type":"ListItem","position":1,"name":"In\u00edcio","item":"https:\/\/brasilnoticias.org\/site\/"},{"@type":"ListItem","position":2,"name":"STF torna Bolsonaro e outros sete r\u00e9us por tentativa de golpe"}]},{"@type":"WebSite","@id":"https:\/\/brasilnoticias.org\/site\/#website","url":"https:\/\/brasilnoticias.org\/site\/","name":"Brasil not\u00edcias","description":"Brasil not\u00edcias","publisher":{"@id":"https:\/\/brasilnoticias.org\/site\/#organization"},"potentialAction":[{"@type":"SearchAction","target":{"@type":"EntryPoint","urlTemplate":"https:\/\/brasilnoticias.org\/site\/?s={search_term_string}"},"query-input":{"@type":"PropertyValueSpecification","valueRequired":true,"valueName":"search_term_string"}}],"inLanguage":"pt-PT"},{"@type":"Organization","@id":"https:\/\/brasilnoticias.org\/site\/#organization","name":"Brasil not\u00edcias","url":"https:\/\/brasilnoticias.org\/site\/","logo":{"@type":"ImageObject","inLanguage":"pt-PT","@id":"https:\/\/brasilnoticias.org\/site\/#\/schema\/logo\/image\/","url":"https:\/\/brasilnoticias.org\/site\/wp-content\/uploads\/2022\/05\/cropped-brasilnoticias-mini.jpg","contentUrl":"https:\/\/brasilnoticias.org\/site\/wp-content\/uploads\/2022\/05\/cropped-brasilnoticias-mini.jpg","width":314,"height":86,"caption":"Brasil not\u00edcias"},"image":{"@id":"https:\/\/brasilnoticias.org\/site\/#\/schema\/logo\/image\/"}},{"@type":"Person","@id":"https:\/\/brasilnoticias.org\/site\/#\/schema\/person\/03bbbfe6c7634ad18c26444ea39049fa","name":"Reda\u00e7\u00e3o","image":{"@type":"ImageObject","inLanguage":"pt-PT","@id":"https:\/\/brasilnoticias.org\/site\/#\/schema\/person\/image\/","url":"https:\/\/secure.gravatar.com\/avatar\/9ecaf7327a696cb23ad926fedded5f1f04d7049de9e445375d55b48c001a6e42?s=96&d=mm&r=g","contentUrl":"https:\/\/secure.gravatar.com\/avatar\/9ecaf7327a696cb23ad926fedded5f1f04d7049de9e445375d55b48c001a6e42?s=96&d=mm&r=g","caption":"Reda\u00e7\u00e3o"},"url":"https:\/\/brasilnoticias.org\/site\/author\/henrique\/"}]}},"_links":{"self":[{"href":"https:\/\/brasilnoticias.org\/site\/wp-json\/wp\/v2\/posts\/17012","targetHints":{"allow":["GET"]}}],"collection":[{"href":"https:\/\/brasilnoticias.org\/site\/wp-json\/wp\/v2\/posts"}],"about":[{"href":"https:\/\/brasilnoticias.org\/site\/wp-json\/wp\/v2\/types\/post"}],"author":[{"embeddable":true,"href":"https:\/\/brasilnoticias.org\/site\/wp-json\/wp\/v2\/users\/4"}],"replies":[{"embeddable":true,"href":"https:\/\/brasilnoticias.org\/site\/wp-json\/wp\/v2\/comments?post=17012"}],"version-history":[{"count":1,"href":"https:\/\/brasilnoticias.org\/site\/wp-json\/wp\/v2\/posts\/17012\/revisions"}],"predecessor-version":[{"id":17014,"href":"https:\/\/brasilnoticias.org\/site\/wp-json\/wp\/v2\/posts\/17012\/revisions\/17014"}],"wp:featuredmedia":[{"embeddable":true,"href":"https:\/\/brasilnoticias.org\/site\/wp-json\/wp\/v2\/media\/17013"}],"wp:attachment":[{"href":"https:\/\/brasilnoticias.org\/site\/wp-json\/wp\/v2\/media?parent=17012"}],"wp:term":[{"taxonomy":"category","embeddable":true,"href":"https:\/\/brasilnoticias.org\/site\/wp-json\/wp\/v2\/categories?post=17012"},{"taxonomy":"post_tag","embeddable":true,"href":"https:\/\/brasilnoticias.org\/site\/wp-json\/wp\/v2\/tags?post=17012"}],"curies":[{"name":"wp","href":"https:\/\/api.w.org\/{rel}","templated":true}]}}