{"id":17015,"date":"2025-03-26T16:45:18","date_gmt":"2025-03-26T19:45:18","guid":{"rendered":"https:\/\/brasilnoticias.org\/site\/?p=17015"},"modified":"2025-03-26T16:45:18","modified_gmt":"2025-03-26T19:45:18","slug":"prefeitura-de-salvador-chega-a-marca-de-70-campos-de-grama-sintetica-nas-comunidades","status":"publish","type":"post","link":"https:\/\/brasilnoticias.org\/site\/prefeitura-de-salvador-chega-a-marca-de-70-campos-de-grama-sintetica-nas-comunidades\/","title":{"rendered":"Prefeitura de Salvador chega \u00e0 marca de 70 campos de grama sint\u00e9tica nas comunidades"},"content":{"rendered":"<p>A Prefeitura de Salvador, atrav\u00e9s da Secretaria de Promo\u00e7\u00e3o Social, Combate \u00e0 Pobreza, Esportes e Lazer (Sempre), chegou a 70 campos de grama sint\u00e9tica j\u00e1 inaugurados na cidade. A iniciativa vem transformando a vida da popula\u00e7\u00e3o assistida, n\u00e3o apenas no \u00e2mbito da pr\u00e1tica de esportes e da promo\u00e7\u00e3o do lazer, mas tamb\u00e9m em outras \u00e1reas, pois a utiliza\u00e7\u00e3o dos equipamentos esportivos pelas comunidades apresenta reflexos na educa\u00e7\u00e3o, no social, na infraestrutura dos bairros e at\u00e9 mesmo na seguran\u00e7a.<\/p>\n<p>&#8220;Lidamos, no dia a dia, com a pobreza e a vulnerabilidade social, e sentimos na pele a possibilidade de ascens\u00e3o social e de mudan\u00e7a de vida a partir de projetos esportivos. Quando o menino est\u00e1 em um campo de futebol, praticando, socializando, ele fica mais focado, mais disciplinado, melhora suas notas, e o relacionamento em casa&#8221;, destacou o titular da Sempre, J\u00fanior Magalh\u00e3es.<\/p>\n<p>Al\u00e9m disso, ele elencou que a mudan\u00e7a ultrapassa os gramados. &#8220;Atinge toda comunidade e seu entorno. Isso \u00e9 vis\u00edvel, pois movimenta a economia, com a implanta\u00e7\u00e3o do com\u00e9rcio informal. Aliado a isso, o conv\u00edvio social tem aumentado consideravelmente, a disciplina nas escolas, por meio das escolinhas de futebol, que levam oportunidades para a vida dessas crian\u00e7as e adolescentes&#8221;, emendou o secret\u00e1rio.<\/p>\n<p>O l\u00edder comunit\u00e1rio F\u00e1bio Morais n\u00e3o poupou elogios ao campo sint\u00e9tico que os moradores de S\u00e3o Crist\u00f3v\u00e3o receberam, juntamente com a entrega da nova Arena Planeta, em junho do ano passado. &#8220;A entrega do espa\u00e7o trouxe uma grande melhoria para nossa comunidade e nosso bairro, em todos os aspectos: esporte, lazer e bem-estar. Hoje, temos um parquinho para as crian\u00e7as, uma academia ao ar livre, e todos na comunidade podem aproveitar esses espa\u00e7os. O campo sint\u00e9tico \u00e9 uma nova realidade para o nosso bairro, algo que antes n\u00e3o existia em nenhum local&#8221;, disse.<\/p>\n<p>&#8220;Se eu for listar todas as melhorias que esse espa\u00e7o trouxe, eu ficaria o dia todo falando, mas o impacto que ele trouxe para o nosso bairro foi muito positivo. A Arena Planeta era um sonho da comunidade, e, ap\u00f3s mais de 40 anos de luta, ela chegou ainda melhor do que esper\u00e1vamos&#8221;, completou F\u00e1bio Morais.<\/p>\n<p>Bora Bah\u00eaa Meu Bairro &#8211; O secret\u00e1rio J\u00fanior Magalh\u00e3es citou tamb\u00e9m o projeto Bora Bah\u00eaa Meu Bairro, uma parceria entre a administra\u00e7\u00e3o municipal e o Esporte Clube Bahia, presente em 11 bairros da cidade, a exemplo de Val\u00e9ria e Boca do Rio.<\/p>\n<p>Em cada uma dessas localidades, 120 crian\u00e7as t\u00eam a oportunidade de se desenvolver no esporte sob o olhar atento dos profissionais. H\u00e1 a possibilidade de integrar a base do time baiano, caso apresentem bom desempenho em campo. As crian\u00e7as e adolescentes tamb\u00e9m recebem todo o suporte necess\u00e1rio para a pr\u00e1tica do futebol, como material esportivo e alimenta\u00e7\u00e3o.<\/p>\n<p>Al\u00e9m de se desenvolverem fisicamente e socialmente, &#8220;os jovens s\u00e3o incentivados a manter boas notas, um crit\u00e9rio essencial para continuar no projeto&#8221;, ressaltou o titular da Sempre, reiterando a possibilidade de revela\u00e7\u00e3o de novos talentos no futebol. &#8220;O sonho de muitos deles e de suas fam\u00edlias tamb\u00e9m&#8221;, continuou J\u00fanior Magalh\u00e3es.<\/p>\n<p>Atualmente, nesses campos reformados pela Prefeitura de Salvador, 1.320 crian\u00e7as e adolescentes, de 6 a 14 anos, est\u00e3o praticando futebol sob a supervis\u00e3o de monitores profissionais da pr\u00f3pria comunidade.<\/p>\n<p>Foto: Valter Pontes \/ Secom PMS<\/p>\n","protected":false},"excerpt":{"rendered":"<p>A Prefeitura de Salvador, atrav\u00e9s da Secretaria de Promo\u00e7\u00e3o Social, Combate \u00e0 Pobreza, Esportes e Lazer (Sempre), chegou a 70<\/p>\n","protected":false},"author":4,"featured_media":17016,"comment_status":"open","ping_status":"open","sticky":false,"template":"","format":"standard","meta":{"colormag_page_container_layout":"default_layout","colormag_page_sidebar_layout":"default_layout","_FSMCFIC_featured_image_caption":"","_FSMCFIC_featured_image_nocaption":"","_FSMCFIC_featured_image_hide":"","footnotes":""},"categories":[2,1],"tags":[],"class_list":["post-17015","post","type-post","status-publish","format-standard","has-post-thumbnail","hentry","category-noticias","category-ultimas"],"yoast_head":"<!-- This site is optimized with the Yoast SEO plugin v27.1.1 - https:\/\/yoast.com\/product\/yoast-seo-wordpress\/ -->\n<title>Prefeitura de Salvador chega \u00e0 marca de 70 campos de grama sint\u00e9tica nas comunidades - Brasil not\u00edcias<\/title>\n<meta name=\"robots\" content=\"index, follow, max-snippet:-1, max-image-preview:large, max-video-preview:-1\" \/>\n<link rel=\"canonical\" href=\"https:\/\/brasilnoticias.org\/site\/prefeitura-de-salvador-chega-a-marca-de-70-campos-de-grama-sintetica-nas-comunidades\/\" \/>\n<meta property=\"og:locale\" content=\"pt_PT\" \/>\n<meta property=\"og:type\" content=\"article\" \/>\n<meta property=\"og:title\" content=\"Prefeitura de Salvador chega \u00e0 marca de 70 campos de grama sint\u00e9tica nas comunidades - Brasil not\u00edcias\" \/>\n<meta property=\"og:description\" content=\"A Prefeitura de Salvador, atrav\u00e9s da Secretaria de Promo\u00e7\u00e3o Social, Combate \u00e0 Pobreza, Esportes e Lazer (Sempre), chegou a 70\" \/>\n<meta property=\"og:url\" content=\"https:\/\/brasilnoticias.org\/site\/prefeitura-de-salvador-chega-a-marca-de-70-campos-de-grama-sintetica-nas-comunidades\/\" \/>\n<meta property=\"og:site_name\" content=\"Brasil not\u00edcias\" \/>\n<meta property=\"article:published_time\" content=\"2025-03-26T19:45:18+00:00\" \/>\n<meta property=\"og:image\" content=\"https:\/\/brasilnoticias.org\/site\/wp-content\/uploads\/2025\/03\/IMAGEM_NOTICIA_0-1-2.jpg\" \/>\n\t<meta property=\"og:image:width\" content=\"850\" \/>\n\t<meta property=\"og:image:height\" content=\"400\" \/>\n\t<meta property=\"og:image:type\" content=\"image\/jpeg\" \/>\n<meta name=\"author\" content=\"Reda\u00e7\u00e3o\" \/>\n<meta name=\"twitter:card\" content=\"summary_large_image\" \/>\n<meta name=\"twitter:label1\" content=\"Escrito por\" \/>\n\t<meta name=\"twitter:data1\" content=\"Reda\u00e7\u00e3o\" \/>\n\t<meta name=\"twitter:label2\" content=\"Tempo estimado de leitura\" \/>\n\t<meta name=\"twitter:data2\" content=\"1 minuto\" \/>\n<script type=\"application\/ld+json\" class=\"yoast-schema-graph\">{\"@context\":\"https:\/\/schema.org\",\"@graph\":[{\"@type\":\"Article\",\"@id\":\"https:\/\/brasilnoticias.org\/site\/prefeitura-de-salvador-chega-a-marca-de-70-campos-de-grama-sintetica-nas-comunidades\/#article\",\"isPartOf\":{\"@id\":\"https:\/\/brasilnoticias.org\/site\/prefeitura-de-salvador-chega-a-marca-de-70-campos-de-grama-sintetica-nas-comunidades\/\"},\"author\":{\"name\":\"Reda\u00e7\u00e3o\",\"@id\":\"https:\/\/brasilnoticias.org\/site\/#\/schema\/person\/03bbbfe6c7634ad18c26444ea39049fa\"},\"headline\":\"Prefeitura de Salvador chega \u00e0 marca de 70 campos de grama sint\u00e9tica nas comunidades\",\"datePublished\":\"2025-03-26T19:45:18+00:00\",\"mainEntityOfPage\":{\"@id\":\"https:\/\/brasilnoticias.org\/site\/prefeitura-de-salvador-chega-a-marca-de-70-campos-de-grama-sintetica-nas-comunidades\/\"},\"wordCount\":604,\"commentCount\":0,\"publisher\":{\"@id\":\"https:\/\/brasilnoticias.org\/site\/#organization\"},\"image\":{\"@id\":\"https:\/\/brasilnoticias.org\/site\/prefeitura-de-salvador-chega-a-marca-de-70-campos-de-grama-sintetica-nas-comunidades\/#primaryimage\"},\"thumbnailUrl\":\"https:\/\/brasilnoticias.org\/site\/wp-content\/uploads\/2025\/03\/IMAGEM_NOTICIA_0-1-2.jpg\",\"articleSection\":[\"Not\u00edcias\",\"\u00daltimas\"],\"inLanguage\":\"pt-PT\",\"potentialAction\":[{\"@type\":\"CommentAction\",\"name\":\"Comment\",\"target\":[\"https:\/\/brasilnoticias.org\/site\/prefeitura-de-salvador-chega-a-marca-de-70-campos-de-grama-sintetica-nas-comunidades\/#respond\"]}]},{\"@type\":\"WebPage\",\"@id\":\"https:\/\/brasilnoticias.org\/site\/prefeitura-de-salvador-chega-a-marca-de-70-campos-de-grama-sintetica-nas-comunidades\/\",\"url\":\"https:\/\/brasilnoticias.org\/site\/prefeitura-de-salvador-chega-a-marca-de-70-campos-de-grama-sintetica-nas-comunidades\/\",\"name\":\"Prefeitura de Salvador chega \u00e0 marca de 70 campos de grama sint\u00e9tica nas comunidades - Brasil not\u00edcias\",\"isPartOf\":{\"@id\":\"https:\/\/brasilnoticias.org\/site\/#website\"},\"primaryImageOfPage\":{\"@id\":\"https:\/\/brasilnoticias.org\/site\/prefeitura-de-salvador-chega-a-marca-de-70-campos-de-grama-sintetica-nas-comunidades\/#primaryimage\"},\"image\":{\"@id\":\"https:\/\/brasilnoticias.org\/site\/prefeitura-de-salvador-chega-a-marca-de-70-campos-de-grama-sintetica-nas-comunidades\/#primaryimage\"},\"thumbnailUrl\":\"https:\/\/brasilnoticias.org\/site\/wp-content\/uploads\/2025\/03\/IMAGEM_NOTICIA_0-1-2.jpg\",\"datePublished\":\"2025-03-26T19:45:18+00:00\",\"breadcrumb\":{\"@id\":\"https:\/\/brasilnoticias.org\/site\/prefeitura-de-salvador-chega-a-marca-de-70-campos-de-grama-sintetica-nas-comunidades\/#breadcrumb\"},\"inLanguage\":\"pt-PT\",\"potentialAction\":[{\"@type\":\"ReadAction\",\"target\":[\"https:\/\/brasilnoticias.org\/site\/prefeitura-de-salvador-chega-a-marca-de-70-campos-de-grama-sintetica-nas-comunidades\/\"]}]},{\"@type\":\"ImageObject\",\"inLanguage\":\"pt-PT\",\"@id\":\"https:\/\/brasilnoticias.org\/site\/prefeitura-de-salvador-chega-a-marca-de-70-campos-de-grama-sintetica-nas-comunidades\/#primaryimage\",\"url\":\"https:\/\/brasilnoticias.org\/site\/wp-content\/uploads\/2025\/03\/IMAGEM_NOTICIA_0-1-2.jpg\",\"contentUrl\":\"https:\/\/brasilnoticias.org\/site\/wp-content\/uploads\/2025\/03\/IMAGEM_NOTICIA_0-1-2.jpg\",\"width\":850,\"height\":400},{\"@type\":\"BreadcrumbList\",\"@id\":\"https:\/\/brasilnoticias.org\/site\/prefeitura-de-salvador-chega-a-marca-de-70-campos-de-grama-sintetica-nas-comunidades\/#breadcrumb\",\"itemListElement\":[{\"@type\":\"ListItem\",\"position\":1,\"name\":\"In\u00edcio\",\"item\":\"https:\/\/brasilnoticias.org\/site\/\"},{\"@type\":\"ListItem\",\"position\":2,\"name\":\"Prefeitura de Salvador chega \u00e0 marca de 70 campos de grama sint\u00e9tica nas comunidades\"}]},{\"@type\":\"WebSite\",\"@id\":\"https:\/\/brasilnoticias.org\/site\/#website\",\"url\":\"https:\/\/brasilnoticias.org\/site\/\",\"name\":\"Brasil not\u00edcias\",\"description\":\"Brasil not\u00edcias\",\"publisher\":{\"@id\":\"https:\/\/brasilnoticias.org\/site\/#organization\"},\"potentialAction\":[{\"@type\":\"SearchAction\",\"target\":{\"@type\":\"EntryPoint\",\"urlTemplate\":\"https:\/\/brasilnoticias.org\/site\/?s={search_term_string}\"},\"query-input\":{\"@type\":\"PropertyValueSpecification\",\"valueRequired\":true,\"valueName\":\"search_term_string\"}}],\"inLanguage\":\"pt-PT\"},{\"@type\":\"Organization\",\"@id\":\"https:\/\/brasilnoticias.org\/site\/#organization\",\"name\":\"Brasil not\u00edcias\",\"url\":\"https:\/\/brasilnoticias.org\/site\/\",\"logo\":{\"@type\":\"ImageObject\",\"inLanguage\":\"pt-PT\",\"@id\":\"https:\/\/brasilnoticias.org\/site\/#\/schema\/logo\/image\/\",\"url\":\"https:\/\/brasilnoticias.org\/site\/wp-content\/uploads\/2022\/05\/cropped-brasilnoticias-mini.jpg\",\"contentUrl\":\"https:\/\/brasilnoticias.org\/site\/wp-content\/uploads\/2022\/05\/cropped-brasilnoticias-mini.jpg\",\"width\":314,\"height\":86,\"caption\":\"Brasil not\u00edcias\"},\"image\":{\"@id\":\"https:\/\/brasilnoticias.org\/site\/#\/schema\/logo\/image\/\"}},{\"@type\":\"Person\",\"@id\":\"https:\/\/brasilnoticias.org\/site\/#\/schema\/person\/03bbbfe6c7634ad18c26444ea39049fa\",\"name\":\"Reda\u00e7\u00e3o\",\"image\":{\"@type\":\"ImageObject\",\"inLanguage\":\"pt-PT\",\"@id\":\"https:\/\/brasilnoticias.org\/site\/#\/schema\/person\/image\/\",\"url\":\"https:\/\/secure.gravatar.com\/avatar\/9ecaf7327a696cb23ad926fedded5f1f04d7049de9e445375d55b48c001a6e42?s=96&d=mm&r=g\",\"contentUrl\":\"https:\/\/secure.gravatar.com\/avatar\/9ecaf7327a696cb23ad926fedded5f1f04d7049de9e445375d55b48c001a6e42?s=96&d=mm&r=g\",\"caption\":\"Reda\u00e7\u00e3o\"},\"url\":\"https:\/\/brasilnoticias.org\/site\/author\/henrique\/\"}]}<\/script>\n<!-- \/ Yoast SEO plugin. -->","yoast_head_json":{"title":"Prefeitura de Salvador chega \u00e0 marca de 70 campos de grama sint\u00e9tica nas comunidades - Brasil not\u00edcias","robots":{"index":"index","follow":"follow","max-snippet":"max-snippet:-1","max-image-preview":"max-image-preview:large","max-video-preview":"max-video-preview:-1"},"canonical":"https:\/\/brasilnoticias.org\/site\/prefeitura-de-salvador-chega-a-marca-de-70-campos-de-grama-sintetica-nas-comunidades\/","og_locale":"pt_PT","og_type":"article","og_title":"Prefeitura de Salvador chega \u00e0 marca de 70 campos de grama sint\u00e9tica nas comunidades - Brasil not\u00edcias","og_description":"A Prefeitura de Salvador, atrav\u00e9s da Secretaria de Promo\u00e7\u00e3o Social, Combate \u00e0 Pobreza, Esportes e Lazer (Sempre), chegou a 70","og_url":"https:\/\/brasilnoticias.org\/site\/prefeitura-de-salvador-chega-a-marca-de-70-campos-de-grama-sintetica-nas-comunidades\/","og_site_name":"Brasil not\u00edcias","article_published_time":"2025-03-26T19:45:18+00:00","og_image":[{"width":850,"height":400,"url":"https:\/\/brasilnoticias.org\/site\/wp-content\/uploads\/2025\/03\/IMAGEM_NOTICIA_0-1-2.jpg","type":"image\/jpeg"}],"author":"Reda\u00e7\u00e3o","twitter_card":"summary_large_image","twitter_misc":{"Escrito por":"Reda\u00e7\u00e3o","Tempo estimado de leitura":"1 minuto"},"schema":{"@context":"https:\/\/schema.org","@graph":[{"@type":"Article","@id":"https:\/\/brasilnoticias.org\/site\/prefeitura-de-salvador-chega-a-marca-de-70-campos-de-grama-sintetica-nas-comunidades\/#article","isPartOf":{"@id":"https:\/\/brasilnoticias.org\/site\/prefeitura-de-salvador-chega-a-marca-de-70-campos-de-grama-sintetica-nas-comunidades\/"},"author":{"name":"Reda\u00e7\u00e3o","@id":"https:\/\/brasilnoticias.org\/site\/#\/schema\/person\/03bbbfe6c7634ad18c26444ea39049fa"},"headline":"Prefeitura de Salvador chega \u00e0 marca de 70 campos de grama sint\u00e9tica nas comunidades","datePublished":"2025-03-26T19:45:18+00:00","mainEntityOfPage":{"@id":"https:\/\/brasilnoticias.org\/site\/prefeitura-de-salvador-chega-a-marca-de-70-campos-de-grama-sintetica-nas-comunidades\/"},"wordCount":604,"commentCount":0,"publisher":{"@id":"https:\/\/brasilnoticias.org\/site\/#organization"},"image":{"@id":"https:\/\/brasilnoticias.org\/site\/prefeitura-de-salvador-chega-a-marca-de-70-campos-de-grama-sintetica-nas-comunidades\/#primaryimage"},"thumbnailUrl":"https:\/\/brasilnoticias.org\/site\/wp-content\/uploads\/2025\/03\/IMAGEM_NOTICIA_0-1-2.jpg","articleSection":["Not\u00edcias","\u00daltimas"],"inLanguage":"pt-PT","potentialAction":[{"@type":"CommentAction","name":"Comment","target":["https:\/\/brasilnoticias.org\/site\/prefeitura-de-salvador-chega-a-marca-de-70-campos-de-grama-sintetica-nas-comunidades\/#respond"]}]},{"@type":"WebPage","@id":"https:\/\/brasilnoticias.org\/site\/prefeitura-de-salvador-chega-a-marca-de-70-campos-de-grama-sintetica-nas-comunidades\/","url":"https:\/\/brasilnoticias.org\/site\/prefeitura-de-salvador-chega-a-marca-de-70-campos-de-grama-sintetica-nas-comunidades\/","name":"Prefeitura de Salvador chega \u00e0 marca de 70 campos de grama sint\u00e9tica nas comunidades - Brasil not\u00edcias","isPartOf":{"@id":"https:\/\/brasilnoticias.org\/site\/#website"},"primaryImageOfPage":{"@id":"https:\/\/brasilnoticias.org\/site\/prefeitura-de-salvador-chega-a-marca-de-70-campos-de-grama-sintetica-nas-comunidades\/#primaryimage"},"image":{"@id":"https:\/\/brasilnoticias.org\/site\/prefeitura-de-salvador-chega-a-marca-de-70-campos-de-grama-sintetica-nas-comunidades\/#primaryimage"},"thumbnailUrl":"https:\/\/brasilnoticias.org\/site\/wp-content\/uploads\/2025\/03\/IMAGEM_NOTICIA_0-1-2.jpg","datePublished":"2025-03-26T19:45:18+00:00","breadcrumb":{"@id":"https:\/\/brasilnoticias.org\/site\/prefeitura-de-salvador-chega-a-marca-de-70-campos-de-grama-sintetica-nas-comunidades\/#breadcrumb"},"inLanguage":"pt-PT","potentialAction":[{"@type":"ReadAction","target":["https:\/\/brasilnoticias.org\/site\/prefeitura-de-salvador-chega-a-marca-de-70-campos-de-grama-sintetica-nas-comunidades\/"]}]},{"@type":"ImageObject","inLanguage":"pt-PT","@id":"https:\/\/brasilnoticias.org\/site\/prefeitura-de-salvador-chega-a-marca-de-70-campos-de-grama-sintetica-nas-comunidades\/#primaryimage","url":"https:\/\/brasilnoticias.org\/site\/wp-content\/uploads\/2025\/03\/IMAGEM_NOTICIA_0-1-2.jpg","contentUrl":"https:\/\/brasilnoticias.org\/site\/wp-content\/uploads\/2025\/03\/IMAGEM_NOTICIA_0-1-2.jpg","width":850,"height":400},{"@type":"BreadcrumbList","@id":"https:\/\/brasilnoticias.org\/site\/prefeitura-de-salvador-chega-a-marca-de-70-campos-de-grama-sintetica-nas-comunidades\/#breadcrumb","itemListElement":[{"@type":"ListItem","position":1,"name":"In\u00edcio","item":"https:\/\/brasilnoticias.org\/site\/"},{"@type":"ListItem","position":2,"name":"Prefeitura de Salvador chega \u00e0 marca de 70 campos de grama sint\u00e9tica nas comunidades"}]},{"@type":"WebSite","@id":"https:\/\/brasilnoticias.org\/site\/#website","url":"https:\/\/brasilnoticias.org\/site\/","name":"Brasil not\u00edcias","description":"Brasil not\u00edcias","publisher":{"@id":"https:\/\/brasilnoticias.org\/site\/#organization"},"potentialAction":[{"@type":"SearchAction","target":{"@type":"EntryPoint","urlTemplate":"https:\/\/brasilnoticias.org\/site\/?s={search_term_string}"},"query-input":{"@type":"PropertyValueSpecification","valueRequired":true,"valueName":"search_term_string"}}],"inLanguage":"pt-PT"},{"@type":"Organization","@id":"https:\/\/brasilnoticias.org\/site\/#organization","name":"Brasil not\u00edcias","url":"https:\/\/brasilnoticias.org\/site\/","logo":{"@type":"ImageObject","inLanguage":"pt-PT","@id":"https:\/\/brasilnoticias.org\/site\/#\/schema\/logo\/image\/","url":"https:\/\/brasilnoticias.org\/site\/wp-content\/uploads\/2022\/05\/cropped-brasilnoticias-mini.jpg","contentUrl":"https:\/\/brasilnoticias.org\/site\/wp-content\/uploads\/2022\/05\/cropped-brasilnoticias-mini.jpg","width":314,"height":86,"caption":"Brasil not\u00edcias"},"image":{"@id":"https:\/\/brasilnoticias.org\/site\/#\/schema\/logo\/image\/"}},{"@type":"Person","@id":"https:\/\/brasilnoticias.org\/site\/#\/schema\/person\/03bbbfe6c7634ad18c26444ea39049fa","name":"Reda\u00e7\u00e3o","image":{"@type":"ImageObject","inLanguage":"pt-PT","@id":"https:\/\/brasilnoticias.org\/site\/#\/schema\/person\/image\/","url":"https:\/\/secure.gravatar.com\/avatar\/9ecaf7327a696cb23ad926fedded5f1f04d7049de9e445375d55b48c001a6e42?s=96&d=mm&r=g","contentUrl":"https:\/\/secure.gravatar.com\/avatar\/9ecaf7327a696cb23ad926fedded5f1f04d7049de9e445375d55b48c001a6e42?s=96&d=mm&r=g","caption":"Reda\u00e7\u00e3o"},"url":"https:\/\/brasilnoticias.org\/site\/author\/henrique\/"}]}},"_links":{"self":[{"href":"https:\/\/brasilnoticias.org\/site\/wp-json\/wp\/v2\/posts\/17015","targetHints":{"allow":["GET"]}}],"collection":[{"href":"https:\/\/brasilnoticias.org\/site\/wp-json\/wp\/v2\/posts"}],"about":[{"href":"https:\/\/brasilnoticias.org\/site\/wp-json\/wp\/v2\/types\/post"}],"author":[{"embeddable":true,"href":"https:\/\/brasilnoticias.org\/site\/wp-json\/wp\/v2\/users\/4"}],"replies":[{"embeddable":true,"href":"https:\/\/brasilnoticias.org\/site\/wp-json\/wp\/v2\/comments?post=17015"}],"version-history":[{"count":1,"href":"https:\/\/brasilnoticias.org\/site\/wp-json\/wp\/v2\/posts\/17015\/revisions"}],"predecessor-version":[{"id":17017,"href":"https:\/\/brasilnoticias.org\/site\/wp-json\/wp\/v2\/posts\/17015\/revisions\/17017"}],"wp:featuredmedia":[{"embeddable":true,"href":"https:\/\/brasilnoticias.org\/site\/wp-json\/wp\/v2\/media\/17016"}],"wp:attachment":[{"href":"https:\/\/brasilnoticias.org\/site\/wp-json\/wp\/v2\/media?parent=17015"}],"wp:term":[{"taxonomy":"category","embeddable":true,"href":"https:\/\/brasilnoticias.org\/site\/wp-json\/wp\/v2\/categories?post=17015"},{"taxonomy":"post_tag","embeddable":true,"href":"https:\/\/brasilnoticias.org\/site\/wp-json\/wp\/v2\/tags?post=17015"}],"curies":[{"name":"wp","href":"https:\/\/api.w.org\/{rel}","templated":true}]}}