{"id":1702,"date":"2022-10-08T07:30:02","date_gmt":"2022-10-08T10:30:02","guid":{"rendered":"https:\/\/brasilnoticias.org\/site\/?p=1702"},"modified":"2022-10-07T20:47:13","modified_gmt":"2022-10-07T23:47:13","slug":"variola-dos-macacos-primeiro-lote-de-vacinas-chega-ao-brasil","status":"publish","type":"post","link":"https:\/\/brasilnoticias.org\/site\/variola-dos-macacos-primeiro-lote-de-vacinas-chega-ao-brasil\/","title":{"rendered":"Var\u00edola dos macacos: Primeiro lote de vacinas chega ao Brasil"},"content":{"rendered":"<div class=\"styles__Body-sc-1ffquwr-7 ePhtZb\">\n<p>O Minist\u00e9rio da Sa\u00fade informou que o primeiro lote importado de vacinas Jynneos\/MVA-BN, contra o v\u00edrus Monkeypox, causador da var\u00edola dos macacos, chegou ao Brasil nesta ter\u00e7a-feira (4).<\/p>\n<p>A remessa inicial, que foi entregue no Aeroporto de Guarulhos, em S\u00e3o Paulo, \u00e9 composta pelo total de 9,8 mil doses do imunizante.<\/p>\n<p>Al\u00e9m disso, com a utiliza\u00e7\u00e3o do fundo da Organiza\u00e7\u00e3o Pan-Americana de Sa\u00fade (Opas), outras 50 mil doses foram adquiridas para serem estudadas em territ\u00f3rio brasileiro, conforme foi recomendado pela Organiza\u00e7\u00e3o Mundial de Sa\u00fade (OMS).<\/p>\n<p>As unidades restantes dos imunizantes t\u00eam previs\u00e3o de chegada ao pa\u00eds at\u00e9 o final do segundo semestre de 2022. Elas ser\u00e3o analisadas pela Funda\u00e7\u00e3o Oswaldo Cruz (Fiocruz) antes de uma decis\u00e3o ser tomada a respeito da libera\u00e7\u00e3o da aplica\u00e7\u00e3o das vacinas.<\/p>\n<p>\u201c\u00c9 importante ressaltar que as vacinas s\u00e3o seguras e atualmente s\u00e3o utilizadas contra a var\u00edola humana ou var\u00edola comum. Por isso, o estudo pretende gerar evid\u00eancias sobre efetividade, imunogenicidade e seguran\u00e7a da vacina contra a var\u00edola dos macacos e, assim, orientar a decis\u00e3o dos gestores\u201d, afirmou a OMS, em nota.<\/p>\n<\/div>\n<div class=\"styles__RelatedWrapper-sc-1ffquwr-8 byMLWm\"><\/div>\n<p class=\"image-credit\">Foto:\u00a0<b>Reprodu\u00e7\u00e3o\/ Mufid Majnun<\/b><\/p>\n<p class=\"author\">Por:\u00a0<b>Metro1<\/b><\/p>\n","protected":false},"excerpt":{"rendered":"<p>O Minist\u00e9rio da Sa\u00fade informou que o primeiro lote importado de vacinas Jynneos\/MVA-BN, contra o v\u00edrus Monkeypox, causador da var\u00edola<\/p>\n","protected":false},"author":1,"featured_media":1703,"comment_status":"open","ping_status":"open","sticky":false,"template":"","format":"standard","meta":{"colormag_page_container_layout":"default_layout","colormag_page_sidebar_layout":"default_layout","_FSMCFIC_featured_image_caption":"","_FSMCFIC_featured_image_nocaption":"","_FSMCFIC_featured_image_hide":"","footnotes":""},"categories":[2,1],"tags":[],"class_list":["post-1702","post","type-post","status-publish","format-standard","has-post-thumbnail","hentry","category-noticias","category-ultimas"],"yoast_head":"<!-- This site is optimized with the Yoast SEO plugin v27.1.1 - https:\/\/yoast.com\/product\/yoast-seo-wordpress\/ -->\n<title>Var\u00edola dos macacos: Primeiro lote de vacinas chega ao Brasil - Brasil not\u00edcias<\/title>\n<meta name=\"robots\" content=\"index, follow, max-snippet:-1, max-image-preview:large, max-video-preview:-1\" \/>\n<link rel=\"canonical\" href=\"https:\/\/brasilnoticias.org\/site\/variola-dos-macacos-primeiro-lote-de-vacinas-chega-ao-brasil\/\" \/>\n<meta property=\"og:locale\" content=\"pt_PT\" \/>\n<meta property=\"og:type\" content=\"article\" \/>\n<meta property=\"og:title\" content=\"Var\u00edola dos macacos: Primeiro lote de vacinas chega ao Brasil - Brasil not\u00edcias\" \/>\n<meta property=\"og:description\" content=\"O Minist\u00e9rio da Sa\u00fade informou que o primeiro lote importado de vacinas Jynneos\/MVA-BN, contra o v\u00edrus Monkeypox, causador da var\u00edola\" \/>\n<meta property=\"og:url\" content=\"https:\/\/brasilnoticias.org\/site\/variola-dos-macacos-primeiro-lote-de-vacinas-chega-ao-brasil\/\" \/>\n<meta property=\"og:site_name\" content=\"Brasil not\u00edcias\" \/>\n<meta property=\"article:published_time\" content=\"2022-10-08T10:30:02+00:00\" \/>\n<meta property=\"og:image\" content=\"https:\/\/brasilnoticias.org\/site\/wp-content\/uploads\/2022\/10\/129155variola-dos-macacos-primeiro-lote-de-vacinas-chega-ao-brasil-3.jpg\" \/>\n\t<meta property=\"og:image:width\" content=\"1600\" \/>\n\t<meta property=\"og:image:height\" content=\"752\" \/>\n\t<meta property=\"og:image:type\" content=\"image\/jpeg\" \/>\n<meta name=\"author\" content=\"Reda\u00e7\u00e3o\" \/>\n<meta name=\"twitter:card\" content=\"summary_large_image\" \/>\n<meta name=\"twitter:label1\" content=\"Escrito por\" \/>\n\t<meta name=\"twitter:data1\" content=\"Reda\u00e7\u00e3o\" \/>\n\t<meta name=\"twitter:label2\" content=\"Tempo estimado de leitura\" \/>\n\t<meta name=\"twitter:data2\" content=\"1 minuto\" \/>\n<script type=\"application\/ld+json\" class=\"yoast-schema-graph\">{\"@context\":\"https:\/\/schema.org\",\"@graph\":[{\"@type\":\"Article\",\"@id\":\"https:\/\/brasilnoticias.org\/site\/variola-dos-macacos-primeiro-lote-de-vacinas-chega-ao-brasil\/#article\",\"isPartOf\":{\"@id\":\"https:\/\/brasilnoticias.org\/site\/variola-dos-macacos-primeiro-lote-de-vacinas-chega-ao-brasil\/\"},\"author\":{\"name\":\"Reda\u00e7\u00e3o\",\"@id\":\"https:\/\/brasilnoticias.org\/site\/#\/schema\/person\/a0e05b973ec4d15c658d51911e53507b\"},\"headline\":\"Var\u00edola dos macacos: Primeiro lote de vacinas chega ao Brasil\",\"datePublished\":\"2022-10-08T10:30:02+00:00\",\"mainEntityOfPage\":{\"@id\":\"https:\/\/brasilnoticias.org\/site\/variola-dos-macacos-primeiro-lote-de-vacinas-chega-ao-brasil\/\"},\"wordCount\":218,\"commentCount\":0,\"publisher\":{\"@id\":\"https:\/\/brasilnoticias.org\/site\/#organization\"},\"image\":{\"@id\":\"https:\/\/brasilnoticias.org\/site\/variola-dos-macacos-primeiro-lote-de-vacinas-chega-ao-brasil\/#primaryimage\"},\"thumbnailUrl\":\"https:\/\/brasilnoticias.org\/site\/wp-content\/uploads\/2022\/10\/129155variola-dos-macacos-primeiro-lote-de-vacinas-chega-ao-brasil-3.jpg\",\"articleSection\":[\"Not\u00edcias\",\"\u00daltimas\"],\"inLanguage\":\"pt-PT\",\"potentialAction\":[{\"@type\":\"CommentAction\",\"name\":\"Comment\",\"target\":[\"https:\/\/brasilnoticias.org\/site\/variola-dos-macacos-primeiro-lote-de-vacinas-chega-ao-brasil\/#respond\"]}]},{\"@type\":\"WebPage\",\"@id\":\"https:\/\/brasilnoticias.org\/site\/variola-dos-macacos-primeiro-lote-de-vacinas-chega-ao-brasil\/\",\"url\":\"https:\/\/brasilnoticias.org\/site\/variola-dos-macacos-primeiro-lote-de-vacinas-chega-ao-brasil\/\",\"name\":\"Var\u00edola dos macacos: Primeiro lote de vacinas chega ao Brasil - Brasil not\u00edcias\",\"isPartOf\":{\"@id\":\"https:\/\/brasilnoticias.org\/site\/#website\"},\"primaryImageOfPage\":{\"@id\":\"https:\/\/brasilnoticias.org\/site\/variola-dos-macacos-primeiro-lote-de-vacinas-chega-ao-brasil\/#primaryimage\"},\"image\":{\"@id\":\"https:\/\/brasilnoticias.org\/site\/variola-dos-macacos-primeiro-lote-de-vacinas-chega-ao-brasil\/#primaryimage\"},\"thumbnailUrl\":\"https:\/\/brasilnoticias.org\/site\/wp-content\/uploads\/2022\/10\/129155variola-dos-macacos-primeiro-lote-de-vacinas-chega-ao-brasil-3.jpg\",\"datePublished\":\"2022-10-08T10:30:02+00:00\",\"breadcrumb\":{\"@id\":\"https:\/\/brasilnoticias.org\/site\/variola-dos-macacos-primeiro-lote-de-vacinas-chega-ao-brasil\/#breadcrumb\"},\"inLanguage\":\"pt-PT\",\"potentialAction\":[{\"@type\":\"ReadAction\",\"target\":[\"https:\/\/brasilnoticias.org\/site\/variola-dos-macacos-primeiro-lote-de-vacinas-chega-ao-brasil\/\"]}]},{\"@type\":\"ImageObject\",\"inLanguage\":\"pt-PT\",\"@id\":\"https:\/\/brasilnoticias.org\/site\/variola-dos-macacos-primeiro-lote-de-vacinas-chega-ao-brasil\/#primaryimage\",\"url\":\"https:\/\/brasilnoticias.org\/site\/wp-content\/uploads\/2022\/10\/129155variola-dos-macacos-primeiro-lote-de-vacinas-chega-ao-brasil-3.jpg\",\"contentUrl\":\"https:\/\/brasilnoticias.org\/site\/wp-content\/uploads\/2022\/10\/129155variola-dos-macacos-primeiro-lote-de-vacinas-chega-ao-brasil-3.jpg\",\"width\":1600,\"height\":752},{\"@type\":\"BreadcrumbList\",\"@id\":\"https:\/\/brasilnoticias.org\/site\/variola-dos-macacos-primeiro-lote-de-vacinas-chega-ao-brasil\/#breadcrumb\",\"itemListElement\":[{\"@type\":\"ListItem\",\"position\":1,\"name\":\"In\u00edcio\",\"item\":\"https:\/\/brasilnoticias.org\/site\/\"},{\"@type\":\"ListItem\",\"position\":2,\"name\":\"Var\u00edola dos macacos: Primeiro lote de vacinas chega ao Brasil\"}]},{\"@type\":\"WebSite\",\"@id\":\"https:\/\/brasilnoticias.org\/site\/#website\",\"url\":\"https:\/\/brasilnoticias.org\/site\/\",\"name\":\"Brasil not\u00edcias\",\"description\":\"Brasil not\u00edcias\",\"publisher\":{\"@id\":\"https:\/\/brasilnoticias.org\/site\/#organization\"},\"potentialAction\":[{\"@type\":\"SearchAction\",\"target\":{\"@type\":\"EntryPoint\",\"urlTemplate\":\"https:\/\/brasilnoticias.org\/site\/?s={search_term_string}\"},\"query-input\":{\"@type\":\"PropertyValueSpecification\",\"valueRequired\":true,\"valueName\":\"search_term_string\"}}],\"inLanguage\":\"pt-PT\"},{\"@type\":\"Organization\",\"@id\":\"https:\/\/brasilnoticias.org\/site\/#organization\",\"name\":\"Brasil not\u00edcias\",\"url\":\"https:\/\/brasilnoticias.org\/site\/\",\"logo\":{\"@type\":\"ImageObject\",\"inLanguage\":\"pt-PT\",\"@id\":\"https:\/\/brasilnoticias.org\/site\/#\/schema\/logo\/image\/\",\"url\":\"https:\/\/brasilnoticias.org\/site\/wp-content\/uploads\/2022\/05\/cropped-brasilnoticias-mini.jpg\",\"contentUrl\":\"https:\/\/brasilnoticias.org\/site\/wp-content\/uploads\/2022\/05\/cropped-brasilnoticias-mini.jpg\",\"width\":314,\"height\":86,\"caption\":\"Brasil not\u00edcias\"},\"image\":{\"@id\":\"https:\/\/brasilnoticias.org\/site\/#\/schema\/logo\/image\/\"}},{\"@type\":\"Person\",\"@id\":\"https:\/\/brasilnoticias.org\/site\/#\/schema\/person\/a0e05b973ec4d15c658d51911e53507b\",\"name\":\"Reda\u00e7\u00e3o\",\"image\":{\"@type\":\"ImageObject\",\"inLanguage\":\"pt-PT\",\"@id\":\"https:\/\/brasilnoticias.org\/site\/#\/schema\/person\/image\/\",\"url\":\"https:\/\/secure.gravatar.com\/avatar\/75d8b050df2de108b08ae78dfb8e374892df24a383c67db9c46a9c604f6aee9c?s=96&d=mm&r=g\",\"contentUrl\":\"https:\/\/secure.gravatar.com\/avatar\/75d8b050df2de108b08ae78dfb8e374892df24a383c67db9c46a9c604f6aee9c?s=96&d=mm&r=g\",\"caption\":\"Reda\u00e7\u00e3o\"},\"sameAs\":[\"https:\/\/brasilnoticias.org\/site\"],\"url\":\"https:\/\/brasilnoticias.org\/site\/author\/fernandozsngmail-com\/\"}]}<\/script>\n<!-- \/ Yoast SEO plugin. -->","yoast_head_json":{"title":"Var\u00edola dos macacos: Primeiro lote de vacinas chega ao Brasil - Brasil not\u00edcias","robots":{"index":"index","follow":"follow","max-snippet":"max-snippet:-1","max-image-preview":"max-image-preview:large","max-video-preview":"max-video-preview:-1"},"canonical":"https:\/\/brasilnoticias.org\/site\/variola-dos-macacos-primeiro-lote-de-vacinas-chega-ao-brasil\/","og_locale":"pt_PT","og_type":"article","og_title":"Var\u00edola dos macacos: Primeiro lote de vacinas chega ao Brasil - Brasil not\u00edcias","og_description":"O Minist\u00e9rio da Sa\u00fade informou que o primeiro lote importado de vacinas Jynneos\/MVA-BN, contra o v\u00edrus Monkeypox, causador da var\u00edola","og_url":"https:\/\/brasilnoticias.org\/site\/variola-dos-macacos-primeiro-lote-de-vacinas-chega-ao-brasil\/","og_site_name":"Brasil not\u00edcias","article_published_time":"2022-10-08T10:30:02+00:00","og_image":[{"width":1600,"height":752,"url":"https:\/\/brasilnoticias.org\/site\/wp-content\/uploads\/2022\/10\/129155variola-dos-macacos-primeiro-lote-de-vacinas-chega-ao-brasil-3.jpg","type":"image\/jpeg"}],"author":"Reda\u00e7\u00e3o","twitter_card":"summary_large_image","twitter_misc":{"Escrito por":"Reda\u00e7\u00e3o","Tempo estimado de leitura":"1 minuto"},"schema":{"@context":"https:\/\/schema.org","@graph":[{"@type":"Article","@id":"https:\/\/brasilnoticias.org\/site\/variola-dos-macacos-primeiro-lote-de-vacinas-chega-ao-brasil\/#article","isPartOf":{"@id":"https:\/\/brasilnoticias.org\/site\/variola-dos-macacos-primeiro-lote-de-vacinas-chega-ao-brasil\/"},"author":{"name":"Reda\u00e7\u00e3o","@id":"https:\/\/brasilnoticias.org\/site\/#\/schema\/person\/a0e05b973ec4d15c658d51911e53507b"},"headline":"Var\u00edola dos macacos: Primeiro lote de vacinas chega ao Brasil","datePublished":"2022-10-08T10:30:02+00:00","mainEntityOfPage":{"@id":"https:\/\/brasilnoticias.org\/site\/variola-dos-macacos-primeiro-lote-de-vacinas-chega-ao-brasil\/"},"wordCount":218,"commentCount":0,"publisher":{"@id":"https:\/\/brasilnoticias.org\/site\/#organization"},"image":{"@id":"https:\/\/brasilnoticias.org\/site\/variola-dos-macacos-primeiro-lote-de-vacinas-chega-ao-brasil\/#primaryimage"},"thumbnailUrl":"https:\/\/brasilnoticias.org\/site\/wp-content\/uploads\/2022\/10\/129155variola-dos-macacos-primeiro-lote-de-vacinas-chega-ao-brasil-3.jpg","articleSection":["Not\u00edcias","\u00daltimas"],"inLanguage":"pt-PT","potentialAction":[{"@type":"CommentAction","name":"Comment","target":["https:\/\/brasilnoticias.org\/site\/variola-dos-macacos-primeiro-lote-de-vacinas-chega-ao-brasil\/#respond"]}]},{"@type":"WebPage","@id":"https:\/\/brasilnoticias.org\/site\/variola-dos-macacos-primeiro-lote-de-vacinas-chega-ao-brasil\/","url":"https:\/\/brasilnoticias.org\/site\/variola-dos-macacos-primeiro-lote-de-vacinas-chega-ao-brasil\/","name":"Var\u00edola dos macacos: Primeiro lote de vacinas chega ao Brasil - Brasil not\u00edcias","isPartOf":{"@id":"https:\/\/brasilnoticias.org\/site\/#website"},"primaryImageOfPage":{"@id":"https:\/\/brasilnoticias.org\/site\/variola-dos-macacos-primeiro-lote-de-vacinas-chega-ao-brasil\/#primaryimage"},"image":{"@id":"https:\/\/brasilnoticias.org\/site\/variola-dos-macacos-primeiro-lote-de-vacinas-chega-ao-brasil\/#primaryimage"},"thumbnailUrl":"https:\/\/brasilnoticias.org\/site\/wp-content\/uploads\/2022\/10\/129155variola-dos-macacos-primeiro-lote-de-vacinas-chega-ao-brasil-3.jpg","datePublished":"2022-10-08T10:30:02+00:00","breadcrumb":{"@id":"https:\/\/brasilnoticias.org\/site\/variola-dos-macacos-primeiro-lote-de-vacinas-chega-ao-brasil\/#breadcrumb"},"inLanguage":"pt-PT","potentialAction":[{"@type":"ReadAction","target":["https:\/\/brasilnoticias.org\/site\/variola-dos-macacos-primeiro-lote-de-vacinas-chega-ao-brasil\/"]}]},{"@type":"ImageObject","inLanguage":"pt-PT","@id":"https:\/\/brasilnoticias.org\/site\/variola-dos-macacos-primeiro-lote-de-vacinas-chega-ao-brasil\/#primaryimage","url":"https:\/\/brasilnoticias.org\/site\/wp-content\/uploads\/2022\/10\/129155variola-dos-macacos-primeiro-lote-de-vacinas-chega-ao-brasil-3.jpg","contentUrl":"https:\/\/brasilnoticias.org\/site\/wp-content\/uploads\/2022\/10\/129155variola-dos-macacos-primeiro-lote-de-vacinas-chega-ao-brasil-3.jpg","width":1600,"height":752},{"@type":"BreadcrumbList","@id":"https:\/\/brasilnoticias.org\/site\/variola-dos-macacos-primeiro-lote-de-vacinas-chega-ao-brasil\/#breadcrumb","itemListElement":[{"@type":"ListItem","position":1,"name":"In\u00edcio","item":"https:\/\/brasilnoticias.org\/site\/"},{"@type":"ListItem","position":2,"name":"Var\u00edola dos macacos: Primeiro lote de vacinas chega ao Brasil"}]},{"@type":"WebSite","@id":"https:\/\/brasilnoticias.org\/site\/#website","url":"https:\/\/brasilnoticias.org\/site\/","name":"Brasil not\u00edcias","description":"Brasil not\u00edcias","publisher":{"@id":"https:\/\/brasilnoticias.org\/site\/#organization"},"potentialAction":[{"@type":"SearchAction","target":{"@type":"EntryPoint","urlTemplate":"https:\/\/brasilnoticias.org\/site\/?s={search_term_string}"},"query-input":{"@type":"PropertyValueSpecification","valueRequired":true,"valueName":"search_term_string"}}],"inLanguage":"pt-PT"},{"@type":"Organization","@id":"https:\/\/brasilnoticias.org\/site\/#organization","name":"Brasil not\u00edcias","url":"https:\/\/brasilnoticias.org\/site\/","logo":{"@type":"ImageObject","inLanguage":"pt-PT","@id":"https:\/\/brasilnoticias.org\/site\/#\/schema\/logo\/image\/","url":"https:\/\/brasilnoticias.org\/site\/wp-content\/uploads\/2022\/05\/cropped-brasilnoticias-mini.jpg","contentUrl":"https:\/\/brasilnoticias.org\/site\/wp-content\/uploads\/2022\/05\/cropped-brasilnoticias-mini.jpg","width":314,"height":86,"caption":"Brasil not\u00edcias"},"image":{"@id":"https:\/\/brasilnoticias.org\/site\/#\/schema\/logo\/image\/"}},{"@type":"Person","@id":"https:\/\/brasilnoticias.org\/site\/#\/schema\/person\/a0e05b973ec4d15c658d51911e53507b","name":"Reda\u00e7\u00e3o","image":{"@type":"ImageObject","inLanguage":"pt-PT","@id":"https:\/\/brasilnoticias.org\/site\/#\/schema\/person\/image\/","url":"https:\/\/secure.gravatar.com\/avatar\/75d8b050df2de108b08ae78dfb8e374892df24a383c67db9c46a9c604f6aee9c?s=96&d=mm&r=g","contentUrl":"https:\/\/secure.gravatar.com\/avatar\/75d8b050df2de108b08ae78dfb8e374892df24a383c67db9c46a9c604f6aee9c?s=96&d=mm&r=g","caption":"Reda\u00e7\u00e3o"},"sameAs":["https:\/\/brasilnoticias.org\/site"],"url":"https:\/\/brasilnoticias.org\/site\/author\/fernandozsngmail-com\/"}]}},"_links":{"self":[{"href":"https:\/\/brasilnoticias.org\/site\/wp-json\/wp\/v2\/posts\/1702","targetHints":{"allow":["GET"]}}],"collection":[{"href":"https:\/\/brasilnoticias.org\/site\/wp-json\/wp\/v2\/posts"}],"about":[{"href":"https:\/\/brasilnoticias.org\/site\/wp-json\/wp\/v2\/types\/post"}],"author":[{"embeddable":true,"href":"https:\/\/brasilnoticias.org\/site\/wp-json\/wp\/v2\/users\/1"}],"replies":[{"embeddable":true,"href":"https:\/\/brasilnoticias.org\/site\/wp-json\/wp\/v2\/comments?post=1702"}],"version-history":[{"count":1,"href":"https:\/\/brasilnoticias.org\/site\/wp-json\/wp\/v2\/posts\/1702\/revisions"}],"predecessor-version":[{"id":1704,"href":"https:\/\/brasilnoticias.org\/site\/wp-json\/wp\/v2\/posts\/1702\/revisions\/1704"}],"wp:featuredmedia":[{"embeddable":true,"href":"https:\/\/brasilnoticias.org\/site\/wp-json\/wp\/v2\/media\/1703"}],"wp:attachment":[{"href":"https:\/\/brasilnoticias.org\/site\/wp-json\/wp\/v2\/media?parent=1702"}],"wp:term":[{"taxonomy":"category","embeddable":true,"href":"https:\/\/brasilnoticias.org\/site\/wp-json\/wp\/v2\/categories?post=1702"},{"taxonomy":"post_tag","embeddable":true,"href":"https:\/\/brasilnoticias.org\/site\/wp-json\/wp\/v2\/tags?post=1702"}],"curies":[{"name":"wp","href":"https:\/\/api.w.org\/{rel}","templated":true}]}}