{"id":17036,"date":"2025-04-01T10:31:10","date_gmt":"2025-04-01T13:31:10","guid":{"rendered":"https:\/\/brasilnoticias.org\/site\/?p=17036"},"modified":"2025-04-04T06:16:04","modified_gmt":"2025-04-04T09:16:04","slug":"paguei-r12-mil-jornalista-que-denunciou-rachadinha-de-carballal-e-foi-condenado-desabafa","status":"publish","type":"post","link":"https:\/\/brasilnoticias.org\/site\/paguei-r12-mil-jornalista-que-denunciou-rachadinha-de-carballal-e-foi-condenado-desabafa\/","title":{"rendered":"\u201cPAGUEI R$12 MIL\u201d: Jornalista que denunciou \u201crachadinha de Carballal\u201d e foi condenado desabafa"},"content":{"rendered":"<p>O radialista e jornalista Andr\u00e9 Esp\u00ednola, da CBN Salvador, comentou nesta segunda-feira (31\/03) a condena\u00e7\u00e3o, em primeira inst\u00e2ncia, do ex-vereador e atual presidente da Companhia Baiana de Pesquisa Mineral (CBPM), Henrique Carballal, por rachadinha na C\u00e2mara Municipal de Salvador.<\/p>\n<p>A den\u00fancia original foi levada ao ar por Esp\u00ednola ap\u00f3s o ent\u00e3o chefe de gabinete do vereador, Alex Bombom, relatar um suposto esquema no qual pelo menos 19 servidores repassavam sal\u00e1rios ou parte dos vencimentos a Carballal. \u00c0 \u00e9poca, o ex-parlamentar reagiu com uma a\u00e7\u00e3o judicial contra o comunicador.<\/p>\n<p>O processo rendeu a Andr\u00e9 Esp\u00ednola uma condena\u00e7\u00e3o por danos morais e materiais, com pagamento de R$12 mil ao pol\u00edtico. Agora, com a confirma\u00e7\u00e3o judicial da pr\u00e1tica il\u00edcita que havia sido denunciada por ele, o radialista fez um forte desabafo ao vivo.<\/p>\n<p>\u201cPaguei R$12 mil reais a essa criatura\u201d, declarou Esp\u00ednola, chamando Carballal de \u201cpersona non grata\u201d. \u201cEu quero saber agora quem vai me devolver esse dinheiro. Quem invernizou a barata?\u201d, ironizou o comunicador, em refer\u00eancia a um ditado popular.<\/p>\n<p>Durante a transmiss\u00e3o, Esp\u00ednola criticou a Justi\u00e7a e questionou a falta de apoio ao trabalho investigativo da imprensa. \u201cA justi\u00e7a est\u00e1 sendo feita agora, mas e antes? Denunciei com base em provas, mas fui condenado por falar a verdade. Que justi\u00e7a \u00e9 essa que n\u00e3o respeita a pr\u00f3pria justi\u00e7a?\u201d, lamentou.<\/p>\n<p>Apesar da condena\u00e7\u00e3o, ainda cabe recurso por parte de Henrique Carballal.<\/p>\n<p>Foto: Divulga\u00e7\u00e3o<br \/>\nInforme Baiano<\/p>\n","protected":false},"excerpt":{"rendered":"<p>O radialista e jornalista Andr\u00e9 Esp\u00ednola, da CBN Salvador, comentou nesta segunda-feira (31\/03) a condena\u00e7\u00e3o, em primeira inst\u00e2ncia, do ex-vereador<\/p>\n","protected":false},"author":4,"featured_media":17037,"comment_status":"open","ping_status":"open","sticky":false,"template":"","format":"standard","meta":{"colormag_page_container_layout":"default_layout","colormag_page_sidebar_layout":"default_layout","_FSMCFIC_featured_image_caption":"","_FSMCFIC_featured_image_nocaption":"","_FSMCFIC_featured_image_hide":"","footnotes":""},"categories":[5,1],"tags":[],"class_list":["post-17036","post","type-post","status-publish","format-standard","has-post-thumbnail","hentry","category-politica","category-ultimas"],"yoast_head":"<!-- This site is optimized with the Yoast SEO plugin v27.1.1 - https:\/\/yoast.com\/product\/yoast-seo-wordpress\/ -->\n<title>\u201cPAGUEI R$12 MIL\u201d: Jornalista que denunciou \u201crachadinha de Carballal\u201d e foi condenado desabafa - Brasil not\u00edcias<\/title>\n<meta name=\"robots\" content=\"index, follow, max-snippet:-1, max-image-preview:large, max-video-preview:-1\" \/>\n<link rel=\"canonical\" href=\"https:\/\/brasilnoticias.org\/site\/paguei-r12-mil-jornalista-que-denunciou-rachadinha-de-carballal-e-foi-condenado-desabafa\/\" \/>\n<meta property=\"og:locale\" content=\"pt_PT\" \/>\n<meta property=\"og:type\" content=\"article\" \/>\n<meta property=\"og:title\" content=\"\u201cPAGUEI R$12 MIL\u201d: Jornalista que denunciou \u201crachadinha de Carballal\u201d e foi condenado desabafa - Brasil not\u00edcias\" \/>\n<meta property=\"og:description\" content=\"O radialista e jornalista Andr\u00e9 Esp\u00ednola, da CBN Salvador, comentou nesta segunda-feira (31\/03) a condena\u00e7\u00e3o, em primeira inst\u00e2ncia, do ex-vereador\" \/>\n<meta property=\"og:url\" content=\"https:\/\/brasilnoticias.org\/site\/paguei-r12-mil-jornalista-que-denunciou-rachadinha-de-carballal-e-foi-condenado-desabafa\/\" \/>\n<meta property=\"og:site_name\" content=\"Brasil not\u00edcias\" \/>\n<meta property=\"article:published_time\" content=\"2025-04-01T13:31:10+00:00\" \/>\n<meta property=\"article:modified_time\" content=\"2025-04-04T09:16:04+00:00\" \/>\n<meta property=\"og:image\" content=\"https:\/\/brasilnoticias.org\/site\/wp-content\/uploads\/2025\/03\/IMG_1901.jpeg\" \/>\n\t<meta property=\"og:image:width\" content=\"1068\" \/>\n\t<meta property=\"og:image:height\" content=\"801\" \/>\n\t<meta property=\"og:image:type\" content=\"image\/jpeg\" \/>\n<meta name=\"author\" content=\"Reda\u00e7\u00e3o\" \/>\n<meta name=\"twitter:card\" content=\"summary_large_image\" \/>\n<meta name=\"twitter:label1\" content=\"Escrito por\" \/>\n\t<meta name=\"twitter:data1\" content=\"Reda\u00e7\u00e3o\" \/>\n\t<meta name=\"twitter:label2\" content=\"Tempo estimado de leitura\" \/>\n\t<meta name=\"twitter:data2\" content=\"2 minutos\" \/>\n<script type=\"application\/ld+json\" class=\"yoast-schema-graph\">{\"@context\":\"https:\/\/schema.org\",\"@graph\":[{\"@type\":\"Article\",\"@id\":\"https:\/\/brasilnoticias.org\/site\/paguei-r12-mil-jornalista-que-denunciou-rachadinha-de-carballal-e-foi-condenado-desabafa\/#article\",\"isPartOf\":{\"@id\":\"https:\/\/brasilnoticias.org\/site\/paguei-r12-mil-jornalista-que-denunciou-rachadinha-de-carballal-e-foi-condenado-desabafa\/\"},\"author\":{\"name\":\"Reda\u00e7\u00e3o\",\"@id\":\"https:\/\/brasilnoticias.org\/site\/#\/schema\/person\/03bbbfe6c7634ad18c26444ea39049fa\"},\"headline\":\"\u201cPAGUEI R$12 MIL\u201d: Jornalista que denunciou \u201crachadinha de Carballal\u201d e foi condenado desabafa\",\"datePublished\":\"2025-04-01T13:31:10+00:00\",\"dateModified\":\"2025-04-04T09:16:04+00:00\",\"mainEntityOfPage\":{\"@id\":\"https:\/\/brasilnoticias.org\/site\/paguei-r12-mil-jornalista-que-denunciou-rachadinha-de-carballal-e-foi-condenado-desabafa\/\"},\"wordCount\":270,\"commentCount\":0,\"publisher\":{\"@id\":\"https:\/\/brasilnoticias.org\/site\/#organization\"},\"image\":{\"@id\":\"https:\/\/brasilnoticias.org\/site\/paguei-r12-mil-jornalista-que-denunciou-rachadinha-de-carballal-e-foi-condenado-desabafa\/#primaryimage\"},\"thumbnailUrl\":\"https:\/\/brasilnoticias.org\/site\/wp-content\/uploads\/2025\/03\/IMG_1901.jpeg\",\"articleSection\":[\"Pol\u00edtica\",\"\u00daltimas\"],\"inLanguage\":\"pt-PT\",\"potentialAction\":[{\"@type\":\"CommentAction\",\"name\":\"Comment\",\"target\":[\"https:\/\/brasilnoticias.org\/site\/paguei-r12-mil-jornalista-que-denunciou-rachadinha-de-carballal-e-foi-condenado-desabafa\/#respond\"]}]},{\"@type\":\"WebPage\",\"@id\":\"https:\/\/brasilnoticias.org\/site\/paguei-r12-mil-jornalista-que-denunciou-rachadinha-de-carballal-e-foi-condenado-desabafa\/\",\"url\":\"https:\/\/brasilnoticias.org\/site\/paguei-r12-mil-jornalista-que-denunciou-rachadinha-de-carballal-e-foi-condenado-desabafa\/\",\"name\":\"\u201cPAGUEI R$12 MIL\u201d: Jornalista que denunciou \u201crachadinha de Carballal\u201d e foi condenado desabafa - Brasil not\u00edcias\",\"isPartOf\":{\"@id\":\"https:\/\/brasilnoticias.org\/site\/#website\"},\"primaryImageOfPage\":{\"@id\":\"https:\/\/brasilnoticias.org\/site\/paguei-r12-mil-jornalista-que-denunciou-rachadinha-de-carballal-e-foi-condenado-desabafa\/#primaryimage\"},\"image\":{\"@id\":\"https:\/\/brasilnoticias.org\/site\/paguei-r12-mil-jornalista-que-denunciou-rachadinha-de-carballal-e-foi-condenado-desabafa\/#primaryimage\"},\"thumbnailUrl\":\"https:\/\/brasilnoticias.org\/site\/wp-content\/uploads\/2025\/03\/IMG_1901.jpeg\",\"datePublished\":\"2025-04-01T13:31:10+00:00\",\"dateModified\":\"2025-04-04T09:16:04+00:00\",\"breadcrumb\":{\"@id\":\"https:\/\/brasilnoticias.org\/site\/paguei-r12-mil-jornalista-que-denunciou-rachadinha-de-carballal-e-foi-condenado-desabafa\/#breadcrumb\"},\"inLanguage\":\"pt-PT\",\"potentialAction\":[{\"@type\":\"ReadAction\",\"target\":[\"https:\/\/brasilnoticias.org\/site\/paguei-r12-mil-jornalista-que-denunciou-rachadinha-de-carballal-e-foi-condenado-desabafa\/\"]}]},{\"@type\":\"ImageObject\",\"inLanguage\":\"pt-PT\",\"@id\":\"https:\/\/brasilnoticias.org\/site\/paguei-r12-mil-jornalista-que-denunciou-rachadinha-de-carballal-e-foi-condenado-desabafa\/#primaryimage\",\"url\":\"https:\/\/brasilnoticias.org\/site\/wp-content\/uploads\/2025\/03\/IMG_1901.jpeg\",\"contentUrl\":\"https:\/\/brasilnoticias.org\/site\/wp-content\/uploads\/2025\/03\/IMG_1901.jpeg\",\"width\":1068,\"height\":801},{\"@type\":\"BreadcrumbList\",\"@id\":\"https:\/\/brasilnoticias.org\/site\/paguei-r12-mil-jornalista-que-denunciou-rachadinha-de-carballal-e-foi-condenado-desabafa\/#breadcrumb\",\"itemListElement\":[{\"@type\":\"ListItem\",\"position\":1,\"name\":\"In\u00edcio\",\"item\":\"https:\/\/brasilnoticias.org\/site\/\"},{\"@type\":\"ListItem\",\"position\":2,\"name\":\"\u201cPAGUEI R$12 MIL\u201d: Jornalista que denunciou \u201crachadinha de Carballal\u201d e foi condenado desabafa\"}]},{\"@type\":\"WebSite\",\"@id\":\"https:\/\/brasilnoticias.org\/site\/#website\",\"url\":\"https:\/\/brasilnoticias.org\/site\/\",\"name\":\"Brasil not\u00edcias\",\"description\":\"Brasil not\u00edcias\",\"publisher\":{\"@id\":\"https:\/\/brasilnoticias.org\/site\/#organization\"},\"potentialAction\":[{\"@type\":\"SearchAction\",\"target\":{\"@type\":\"EntryPoint\",\"urlTemplate\":\"https:\/\/brasilnoticias.org\/site\/?s={search_term_string}\"},\"query-input\":{\"@type\":\"PropertyValueSpecification\",\"valueRequired\":true,\"valueName\":\"search_term_string\"}}],\"inLanguage\":\"pt-PT\"},{\"@type\":\"Organization\",\"@id\":\"https:\/\/brasilnoticias.org\/site\/#organization\",\"name\":\"Brasil not\u00edcias\",\"url\":\"https:\/\/brasilnoticias.org\/site\/\",\"logo\":{\"@type\":\"ImageObject\",\"inLanguage\":\"pt-PT\",\"@id\":\"https:\/\/brasilnoticias.org\/site\/#\/schema\/logo\/image\/\",\"url\":\"https:\/\/brasilnoticias.org\/site\/wp-content\/uploads\/2022\/05\/cropped-brasilnoticias-mini.jpg\",\"contentUrl\":\"https:\/\/brasilnoticias.org\/site\/wp-content\/uploads\/2022\/05\/cropped-brasilnoticias-mini.jpg\",\"width\":314,\"height\":86,\"caption\":\"Brasil not\u00edcias\"},\"image\":{\"@id\":\"https:\/\/brasilnoticias.org\/site\/#\/schema\/logo\/image\/\"}},{\"@type\":\"Person\",\"@id\":\"https:\/\/brasilnoticias.org\/site\/#\/schema\/person\/03bbbfe6c7634ad18c26444ea39049fa\",\"name\":\"Reda\u00e7\u00e3o\",\"image\":{\"@type\":\"ImageObject\",\"inLanguage\":\"pt-PT\",\"@id\":\"https:\/\/brasilnoticias.org\/site\/#\/schema\/person\/image\/\",\"url\":\"https:\/\/secure.gravatar.com\/avatar\/9ecaf7327a696cb23ad926fedded5f1f04d7049de9e445375d55b48c001a6e42?s=96&d=mm&r=g\",\"contentUrl\":\"https:\/\/secure.gravatar.com\/avatar\/9ecaf7327a696cb23ad926fedded5f1f04d7049de9e445375d55b48c001a6e42?s=96&d=mm&r=g\",\"caption\":\"Reda\u00e7\u00e3o\"},\"url\":\"https:\/\/brasilnoticias.org\/site\/author\/henrique\/\"}]}<\/script>\n<!-- \/ Yoast SEO plugin. -->","yoast_head_json":{"title":"\u201cPAGUEI R$12 MIL\u201d: Jornalista que denunciou \u201crachadinha de Carballal\u201d e foi condenado desabafa - Brasil not\u00edcias","robots":{"index":"index","follow":"follow","max-snippet":"max-snippet:-1","max-image-preview":"max-image-preview:large","max-video-preview":"max-video-preview:-1"},"canonical":"https:\/\/brasilnoticias.org\/site\/paguei-r12-mil-jornalista-que-denunciou-rachadinha-de-carballal-e-foi-condenado-desabafa\/","og_locale":"pt_PT","og_type":"article","og_title":"\u201cPAGUEI R$12 MIL\u201d: Jornalista que denunciou \u201crachadinha de Carballal\u201d e foi condenado desabafa - Brasil not\u00edcias","og_description":"O radialista e jornalista Andr\u00e9 Esp\u00ednola, da CBN Salvador, comentou nesta segunda-feira (31\/03) a condena\u00e7\u00e3o, em primeira inst\u00e2ncia, do ex-vereador","og_url":"https:\/\/brasilnoticias.org\/site\/paguei-r12-mil-jornalista-que-denunciou-rachadinha-de-carballal-e-foi-condenado-desabafa\/","og_site_name":"Brasil not\u00edcias","article_published_time":"2025-04-01T13:31:10+00:00","article_modified_time":"2025-04-04T09:16:04+00:00","og_image":[{"width":1068,"height":801,"url":"https:\/\/brasilnoticias.org\/site\/wp-content\/uploads\/2025\/03\/IMG_1901.jpeg","type":"image\/jpeg"}],"author":"Reda\u00e7\u00e3o","twitter_card":"summary_large_image","twitter_misc":{"Escrito por":"Reda\u00e7\u00e3o","Tempo estimado de leitura":"2 minutos"},"schema":{"@context":"https:\/\/schema.org","@graph":[{"@type":"Article","@id":"https:\/\/brasilnoticias.org\/site\/paguei-r12-mil-jornalista-que-denunciou-rachadinha-de-carballal-e-foi-condenado-desabafa\/#article","isPartOf":{"@id":"https:\/\/brasilnoticias.org\/site\/paguei-r12-mil-jornalista-que-denunciou-rachadinha-de-carballal-e-foi-condenado-desabafa\/"},"author":{"name":"Reda\u00e7\u00e3o","@id":"https:\/\/brasilnoticias.org\/site\/#\/schema\/person\/03bbbfe6c7634ad18c26444ea39049fa"},"headline":"\u201cPAGUEI R$12 MIL\u201d: Jornalista que denunciou \u201crachadinha de Carballal\u201d e foi condenado desabafa","datePublished":"2025-04-01T13:31:10+00:00","dateModified":"2025-04-04T09:16:04+00:00","mainEntityOfPage":{"@id":"https:\/\/brasilnoticias.org\/site\/paguei-r12-mil-jornalista-que-denunciou-rachadinha-de-carballal-e-foi-condenado-desabafa\/"},"wordCount":270,"commentCount":0,"publisher":{"@id":"https:\/\/brasilnoticias.org\/site\/#organization"},"image":{"@id":"https:\/\/brasilnoticias.org\/site\/paguei-r12-mil-jornalista-que-denunciou-rachadinha-de-carballal-e-foi-condenado-desabafa\/#primaryimage"},"thumbnailUrl":"https:\/\/brasilnoticias.org\/site\/wp-content\/uploads\/2025\/03\/IMG_1901.jpeg","articleSection":["Pol\u00edtica","\u00daltimas"],"inLanguage":"pt-PT","potentialAction":[{"@type":"CommentAction","name":"Comment","target":["https:\/\/brasilnoticias.org\/site\/paguei-r12-mil-jornalista-que-denunciou-rachadinha-de-carballal-e-foi-condenado-desabafa\/#respond"]}]},{"@type":"WebPage","@id":"https:\/\/brasilnoticias.org\/site\/paguei-r12-mil-jornalista-que-denunciou-rachadinha-de-carballal-e-foi-condenado-desabafa\/","url":"https:\/\/brasilnoticias.org\/site\/paguei-r12-mil-jornalista-que-denunciou-rachadinha-de-carballal-e-foi-condenado-desabafa\/","name":"\u201cPAGUEI R$12 MIL\u201d: Jornalista que denunciou \u201crachadinha de Carballal\u201d e foi condenado desabafa - Brasil not\u00edcias","isPartOf":{"@id":"https:\/\/brasilnoticias.org\/site\/#website"},"primaryImageOfPage":{"@id":"https:\/\/brasilnoticias.org\/site\/paguei-r12-mil-jornalista-que-denunciou-rachadinha-de-carballal-e-foi-condenado-desabafa\/#primaryimage"},"image":{"@id":"https:\/\/brasilnoticias.org\/site\/paguei-r12-mil-jornalista-que-denunciou-rachadinha-de-carballal-e-foi-condenado-desabafa\/#primaryimage"},"thumbnailUrl":"https:\/\/brasilnoticias.org\/site\/wp-content\/uploads\/2025\/03\/IMG_1901.jpeg","datePublished":"2025-04-01T13:31:10+00:00","dateModified":"2025-04-04T09:16:04+00:00","breadcrumb":{"@id":"https:\/\/brasilnoticias.org\/site\/paguei-r12-mil-jornalista-que-denunciou-rachadinha-de-carballal-e-foi-condenado-desabafa\/#breadcrumb"},"inLanguage":"pt-PT","potentialAction":[{"@type":"ReadAction","target":["https:\/\/brasilnoticias.org\/site\/paguei-r12-mil-jornalista-que-denunciou-rachadinha-de-carballal-e-foi-condenado-desabafa\/"]}]},{"@type":"ImageObject","inLanguage":"pt-PT","@id":"https:\/\/brasilnoticias.org\/site\/paguei-r12-mil-jornalista-que-denunciou-rachadinha-de-carballal-e-foi-condenado-desabafa\/#primaryimage","url":"https:\/\/brasilnoticias.org\/site\/wp-content\/uploads\/2025\/03\/IMG_1901.jpeg","contentUrl":"https:\/\/brasilnoticias.org\/site\/wp-content\/uploads\/2025\/03\/IMG_1901.jpeg","width":1068,"height":801},{"@type":"BreadcrumbList","@id":"https:\/\/brasilnoticias.org\/site\/paguei-r12-mil-jornalista-que-denunciou-rachadinha-de-carballal-e-foi-condenado-desabafa\/#breadcrumb","itemListElement":[{"@type":"ListItem","position":1,"name":"In\u00edcio","item":"https:\/\/brasilnoticias.org\/site\/"},{"@type":"ListItem","position":2,"name":"\u201cPAGUEI R$12 MIL\u201d: Jornalista que denunciou \u201crachadinha de Carballal\u201d e foi condenado desabafa"}]},{"@type":"WebSite","@id":"https:\/\/brasilnoticias.org\/site\/#website","url":"https:\/\/brasilnoticias.org\/site\/","name":"Brasil not\u00edcias","description":"Brasil not\u00edcias","publisher":{"@id":"https:\/\/brasilnoticias.org\/site\/#organization"},"potentialAction":[{"@type":"SearchAction","target":{"@type":"EntryPoint","urlTemplate":"https:\/\/brasilnoticias.org\/site\/?s={search_term_string}"},"query-input":{"@type":"PropertyValueSpecification","valueRequired":true,"valueName":"search_term_string"}}],"inLanguage":"pt-PT"},{"@type":"Organization","@id":"https:\/\/brasilnoticias.org\/site\/#organization","name":"Brasil not\u00edcias","url":"https:\/\/brasilnoticias.org\/site\/","logo":{"@type":"ImageObject","inLanguage":"pt-PT","@id":"https:\/\/brasilnoticias.org\/site\/#\/schema\/logo\/image\/","url":"https:\/\/brasilnoticias.org\/site\/wp-content\/uploads\/2022\/05\/cropped-brasilnoticias-mini.jpg","contentUrl":"https:\/\/brasilnoticias.org\/site\/wp-content\/uploads\/2022\/05\/cropped-brasilnoticias-mini.jpg","width":314,"height":86,"caption":"Brasil not\u00edcias"},"image":{"@id":"https:\/\/brasilnoticias.org\/site\/#\/schema\/logo\/image\/"}},{"@type":"Person","@id":"https:\/\/brasilnoticias.org\/site\/#\/schema\/person\/03bbbfe6c7634ad18c26444ea39049fa","name":"Reda\u00e7\u00e3o","image":{"@type":"ImageObject","inLanguage":"pt-PT","@id":"https:\/\/brasilnoticias.org\/site\/#\/schema\/person\/image\/","url":"https:\/\/secure.gravatar.com\/avatar\/9ecaf7327a696cb23ad926fedded5f1f04d7049de9e445375d55b48c001a6e42?s=96&d=mm&r=g","contentUrl":"https:\/\/secure.gravatar.com\/avatar\/9ecaf7327a696cb23ad926fedded5f1f04d7049de9e445375d55b48c001a6e42?s=96&d=mm&r=g","caption":"Reda\u00e7\u00e3o"},"url":"https:\/\/brasilnoticias.org\/site\/author\/henrique\/"}]}},"_links":{"self":[{"href":"https:\/\/brasilnoticias.org\/site\/wp-json\/wp\/v2\/posts\/17036","targetHints":{"allow":["GET"]}}],"collection":[{"href":"https:\/\/brasilnoticias.org\/site\/wp-json\/wp\/v2\/posts"}],"about":[{"href":"https:\/\/brasilnoticias.org\/site\/wp-json\/wp\/v2\/types\/post"}],"author":[{"embeddable":true,"href":"https:\/\/brasilnoticias.org\/site\/wp-json\/wp\/v2\/users\/4"}],"replies":[{"embeddable":true,"href":"https:\/\/brasilnoticias.org\/site\/wp-json\/wp\/v2\/comments?post=17036"}],"version-history":[{"count":1,"href":"https:\/\/brasilnoticias.org\/site\/wp-json\/wp\/v2\/posts\/17036\/revisions"}],"predecessor-version":[{"id":17038,"href":"https:\/\/brasilnoticias.org\/site\/wp-json\/wp\/v2\/posts\/17036\/revisions\/17038"}],"wp:featuredmedia":[{"embeddable":true,"href":"https:\/\/brasilnoticias.org\/site\/wp-json\/wp\/v2\/media\/17037"}],"wp:attachment":[{"href":"https:\/\/brasilnoticias.org\/site\/wp-json\/wp\/v2\/media?parent=17036"}],"wp:term":[{"taxonomy":"category","embeddable":true,"href":"https:\/\/brasilnoticias.org\/site\/wp-json\/wp\/v2\/categories?post=17036"},{"taxonomy":"post_tag","embeddable":true,"href":"https:\/\/brasilnoticias.org\/site\/wp-json\/wp\/v2\/tags?post=17036"}],"curies":[{"name":"wp","href":"https:\/\/api.w.org\/{rel}","templated":true}]}}