{"id":1705,"date":"2022-10-08T18:19:07","date_gmt":"2022-10-08T21:19:07","guid":{"rendered":"https:\/\/brasilnoticias.org\/site\/?p=1705"},"modified":"2022-10-08T18:19:07","modified_gmt":"2022-10-08T21:19:07","slug":"barragem-em-minas-gerais-entra-em-alerta-apos-aparecimento-de-trinca","status":"publish","type":"post","link":"https:\/\/brasilnoticias.org\/site\/barragem-em-minas-gerais-entra-em-alerta-apos-aparecimento-de-trinca\/","title":{"rendered":"Barragem em Minas Gerais entra em alerta ap\u00f3s aparecimento de trinca"},"content":{"rendered":"<div class=\"styles__Body-sc-1ffquwr-7 ePhtZb\">\n<p>A Barragem C\u00f3rrego do S\u00edtio (CDS) II, na cidade de Santa B\u00e1rbara, Minas Gerais, entrou em n\u00edvel de alerta 1. A mineradora afirma que a medida \u00e9 preventiva e foi tomada depois que t\u00e9cnicos identificaram uma trinca, durante uma inspe\u00e7\u00e3o de rotina.<\/p>\n<p>A mina foi vistoriada pela Ag\u00eancia Nacional de Minera\u00e7\u00e3o (ANM) na \u00faltima sexta-feira (7), que constatou uma trinca classificada com pontua\u00e7\u00e3o 10. O \u00f3rg\u00e3o informou que os diagn\u00f3sticos para o caso ainda est\u00e3o sendo feitos e que est\u00e1 monitorando a situa\u00e7\u00e3o.<\/p>\n<p>&#8220;A mudan\u00e7a para n\u00edvel 1 \u00e9 preventiva e seguir\u00e1 at\u00e9 a apresenta\u00e7\u00e3o dos estudos e an\u00e1lises da auditoria externa especializada, confirmando a seguran\u00e7a e estabilidade da barragem, \u00e0 ANM&#8221;, afirmou a mineradora, em nota.<\/p>\n<\/div>\n<div class=\"styles__RelatedWrapper-sc-1ffquwr-8 byMLWm\">\n<p>Metro 1<\/p>\n<p class=\"image-credit\">Foto:\u00a0<b>Reprodu\u00e7\u00e3o\/Google Earth\/ G1<\/b><\/p>\n<\/div>\n","protected":false},"excerpt":{"rendered":"<p>A Barragem C\u00f3rrego do S\u00edtio (CDS) II, na cidade de Santa B\u00e1rbara, Minas Gerais, entrou em n\u00edvel de alerta 1.<\/p>\n","protected":false},"author":1,"featured_media":1706,"comment_status":"open","ping_status":"open","sticky":false,"template":"","format":"standard","meta":{"colormag_page_container_layout":"default_layout","colormag_page_sidebar_layout":"default_layout","_FSMCFIC_featured_image_caption":"","_FSMCFIC_featured_image_nocaption":"","_FSMCFIC_featured_image_hide":"","footnotes":""},"categories":[2,1],"tags":[],"class_list":["post-1705","post","type-post","status-publish","format-standard","has-post-thumbnail","hentry","category-noticias","category-ultimas"],"yoast_head":"<!-- This site is optimized with the Yoast SEO plugin v27.1.1 - https:\/\/yoast.com\/product\/yoast-seo-wordpress\/ -->\n<title>Barragem em Minas Gerais entra em alerta ap\u00f3s aparecimento de trinca - Brasil not\u00edcias<\/title>\n<meta name=\"robots\" content=\"index, follow, max-snippet:-1, max-image-preview:large, max-video-preview:-1\" \/>\n<link rel=\"canonical\" href=\"https:\/\/brasilnoticias.org\/site\/barragem-em-minas-gerais-entra-em-alerta-apos-aparecimento-de-trinca\/\" \/>\n<meta property=\"og:locale\" content=\"pt_PT\" \/>\n<meta property=\"og:type\" content=\"article\" \/>\n<meta property=\"og:title\" content=\"Barragem em Minas Gerais entra em alerta ap\u00f3s aparecimento de trinca - Brasil not\u00edcias\" \/>\n<meta property=\"og:description\" content=\"A Barragem C\u00f3rrego do S\u00edtio (CDS) II, na cidade de Santa B\u00e1rbara, Minas Gerais, entrou em n\u00edvel de alerta 1.\" \/>\n<meta property=\"og:url\" content=\"https:\/\/brasilnoticias.org\/site\/barragem-em-minas-gerais-entra-em-alerta-apos-aparecimento-de-trinca\/\" \/>\n<meta property=\"og:site_name\" content=\"Brasil not\u00edcias\" \/>\n<meta property=\"article:published_time\" content=\"2022-10-08T21:19:07+00:00\" \/>\n<meta property=\"og:image\" content=\"https:\/\/brasilnoticias.org\/site\/wp-content\/uploads\/2022\/10\/129180barragem-em-minas-gerais-entra-em-alerta-apos-aparecimento-de-trinca-3.jpg\" \/>\n\t<meta property=\"og:image:width\" content=\"1600\" \/>\n\t<meta property=\"og:image:height\" content=\"752\" \/>\n\t<meta property=\"og:image:type\" content=\"image\/jpeg\" \/>\n<meta name=\"author\" content=\"Reda\u00e7\u00e3o\" \/>\n<meta name=\"twitter:card\" content=\"summary_large_image\" \/>\n<meta name=\"twitter:label1\" content=\"Escrito por\" \/>\n\t<meta name=\"twitter:data1\" content=\"Reda\u00e7\u00e3o\" \/>\n\t<meta name=\"twitter:label2\" content=\"Tempo estimado de leitura\" \/>\n\t<meta name=\"twitter:data2\" content=\"1 minuto\" \/>\n<script type=\"application\/ld+json\" class=\"yoast-schema-graph\">{\"@context\":\"https:\/\/schema.org\",\"@graph\":[{\"@type\":\"Article\",\"@id\":\"https:\/\/brasilnoticias.org\/site\/barragem-em-minas-gerais-entra-em-alerta-apos-aparecimento-de-trinca\/#article\",\"isPartOf\":{\"@id\":\"https:\/\/brasilnoticias.org\/site\/barragem-em-minas-gerais-entra-em-alerta-apos-aparecimento-de-trinca\/\"},\"author\":{\"name\":\"Reda\u00e7\u00e3o\",\"@id\":\"https:\/\/brasilnoticias.org\/site\/#\/schema\/person\/a0e05b973ec4d15c658d51911e53507b\"},\"headline\":\"Barragem em Minas Gerais entra em alerta ap\u00f3s aparecimento de trinca\",\"datePublished\":\"2022-10-08T21:19:07+00:00\",\"mainEntityOfPage\":{\"@id\":\"https:\/\/brasilnoticias.org\/site\/barragem-em-minas-gerais-entra-em-alerta-apos-aparecimento-de-trinca\/\"},\"wordCount\":147,\"commentCount\":0,\"publisher\":{\"@id\":\"https:\/\/brasilnoticias.org\/site\/#organization\"},\"image\":{\"@id\":\"https:\/\/brasilnoticias.org\/site\/barragem-em-minas-gerais-entra-em-alerta-apos-aparecimento-de-trinca\/#primaryimage\"},\"thumbnailUrl\":\"https:\/\/brasilnoticias.org\/site\/wp-content\/uploads\/2022\/10\/129180barragem-em-minas-gerais-entra-em-alerta-apos-aparecimento-de-trinca-3.jpg\",\"articleSection\":[\"Not\u00edcias\",\"\u00daltimas\"],\"inLanguage\":\"pt-PT\",\"potentialAction\":[{\"@type\":\"CommentAction\",\"name\":\"Comment\",\"target\":[\"https:\/\/brasilnoticias.org\/site\/barragem-em-minas-gerais-entra-em-alerta-apos-aparecimento-de-trinca\/#respond\"]}]},{\"@type\":\"WebPage\",\"@id\":\"https:\/\/brasilnoticias.org\/site\/barragem-em-minas-gerais-entra-em-alerta-apos-aparecimento-de-trinca\/\",\"url\":\"https:\/\/brasilnoticias.org\/site\/barragem-em-minas-gerais-entra-em-alerta-apos-aparecimento-de-trinca\/\",\"name\":\"Barragem em Minas Gerais entra em alerta ap\u00f3s aparecimento de trinca - Brasil not\u00edcias\",\"isPartOf\":{\"@id\":\"https:\/\/brasilnoticias.org\/site\/#website\"},\"primaryImageOfPage\":{\"@id\":\"https:\/\/brasilnoticias.org\/site\/barragem-em-minas-gerais-entra-em-alerta-apos-aparecimento-de-trinca\/#primaryimage\"},\"image\":{\"@id\":\"https:\/\/brasilnoticias.org\/site\/barragem-em-minas-gerais-entra-em-alerta-apos-aparecimento-de-trinca\/#primaryimage\"},\"thumbnailUrl\":\"https:\/\/brasilnoticias.org\/site\/wp-content\/uploads\/2022\/10\/129180barragem-em-minas-gerais-entra-em-alerta-apos-aparecimento-de-trinca-3.jpg\",\"datePublished\":\"2022-10-08T21:19:07+00:00\",\"breadcrumb\":{\"@id\":\"https:\/\/brasilnoticias.org\/site\/barragem-em-minas-gerais-entra-em-alerta-apos-aparecimento-de-trinca\/#breadcrumb\"},\"inLanguage\":\"pt-PT\",\"potentialAction\":[{\"@type\":\"ReadAction\",\"target\":[\"https:\/\/brasilnoticias.org\/site\/barragem-em-minas-gerais-entra-em-alerta-apos-aparecimento-de-trinca\/\"]}]},{\"@type\":\"ImageObject\",\"inLanguage\":\"pt-PT\",\"@id\":\"https:\/\/brasilnoticias.org\/site\/barragem-em-minas-gerais-entra-em-alerta-apos-aparecimento-de-trinca\/#primaryimage\",\"url\":\"https:\/\/brasilnoticias.org\/site\/wp-content\/uploads\/2022\/10\/129180barragem-em-minas-gerais-entra-em-alerta-apos-aparecimento-de-trinca-3.jpg\",\"contentUrl\":\"https:\/\/brasilnoticias.org\/site\/wp-content\/uploads\/2022\/10\/129180barragem-em-minas-gerais-entra-em-alerta-apos-aparecimento-de-trinca-3.jpg\",\"width\":1600,\"height\":752},{\"@type\":\"BreadcrumbList\",\"@id\":\"https:\/\/brasilnoticias.org\/site\/barragem-em-minas-gerais-entra-em-alerta-apos-aparecimento-de-trinca\/#breadcrumb\",\"itemListElement\":[{\"@type\":\"ListItem\",\"position\":1,\"name\":\"In\u00edcio\",\"item\":\"https:\/\/brasilnoticias.org\/site\/\"},{\"@type\":\"ListItem\",\"position\":2,\"name\":\"Barragem em Minas Gerais entra em alerta ap\u00f3s aparecimento de trinca\"}]},{\"@type\":\"WebSite\",\"@id\":\"https:\/\/brasilnoticias.org\/site\/#website\",\"url\":\"https:\/\/brasilnoticias.org\/site\/\",\"name\":\"Brasil not\u00edcias\",\"description\":\"Brasil not\u00edcias\",\"publisher\":{\"@id\":\"https:\/\/brasilnoticias.org\/site\/#organization\"},\"potentialAction\":[{\"@type\":\"SearchAction\",\"target\":{\"@type\":\"EntryPoint\",\"urlTemplate\":\"https:\/\/brasilnoticias.org\/site\/?s={search_term_string}\"},\"query-input\":{\"@type\":\"PropertyValueSpecification\",\"valueRequired\":true,\"valueName\":\"search_term_string\"}}],\"inLanguage\":\"pt-PT\"},{\"@type\":\"Organization\",\"@id\":\"https:\/\/brasilnoticias.org\/site\/#organization\",\"name\":\"Brasil not\u00edcias\",\"url\":\"https:\/\/brasilnoticias.org\/site\/\",\"logo\":{\"@type\":\"ImageObject\",\"inLanguage\":\"pt-PT\",\"@id\":\"https:\/\/brasilnoticias.org\/site\/#\/schema\/logo\/image\/\",\"url\":\"https:\/\/brasilnoticias.org\/site\/wp-content\/uploads\/2022\/05\/cropped-brasilnoticias-mini.jpg\",\"contentUrl\":\"https:\/\/brasilnoticias.org\/site\/wp-content\/uploads\/2022\/05\/cropped-brasilnoticias-mini.jpg\",\"width\":314,\"height\":86,\"caption\":\"Brasil not\u00edcias\"},\"image\":{\"@id\":\"https:\/\/brasilnoticias.org\/site\/#\/schema\/logo\/image\/\"}},{\"@type\":\"Person\",\"@id\":\"https:\/\/brasilnoticias.org\/site\/#\/schema\/person\/a0e05b973ec4d15c658d51911e53507b\",\"name\":\"Reda\u00e7\u00e3o\",\"image\":{\"@type\":\"ImageObject\",\"inLanguage\":\"pt-PT\",\"@id\":\"https:\/\/brasilnoticias.org\/site\/#\/schema\/person\/image\/\",\"url\":\"https:\/\/secure.gravatar.com\/avatar\/75d8b050df2de108b08ae78dfb8e374892df24a383c67db9c46a9c604f6aee9c?s=96&d=mm&r=g\",\"contentUrl\":\"https:\/\/secure.gravatar.com\/avatar\/75d8b050df2de108b08ae78dfb8e374892df24a383c67db9c46a9c604f6aee9c?s=96&d=mm&r=g\",\"caption\":\"Reda\u00e7\u00e3o\"},\"sameAs\":[\"https:\/\/brasilnoticias.org\/site\"],\"url\":\"https:\/\/brasilnoticias.org\/site\/author\/fernandozsngmail-com\/\"}]}<\/script>\n<!-- \/ Yoast SEO plugin. -->","yoast_head_json":{"title":"Barragem em Minas Gerais entra em alerta ap\u00f3s aparecimento de trinca - Brasil not\u00edcias","robots":{"index":"index","follow":"follow","max-snippet":"max-snippet:-1","max-image-preview":"max-image-preview:large","max-video-preview":"max-video-preview:-1"},"canonical":"https:\/\/brasilnoticias.org\/site\/barragem-em-minas-gerais-entra-em-alerta-apos-aparecimento-de-trinca\/","og_locale":"pt_PT","og_type":"article","og_title":"Barragem em Minas Gerais entra em alerta ap\u00f3s aparecimento de trinca - Brasil not\u00edcias","og_description":"A Barragem C\u00f3rrego do S\u00edtio (CDS) II, na cidade de Santa B\u00e1rbara, Minas Gerais, entrou em n\u00edvel de alerta 1.","og_url":"https:\/\/brasilnoticias.org\/site\/barragem-em-minas-gerais-entra-em-alerta-apos-aparecimento-de-trinca\/","og_site_name":"Brasil not\u00edcias","article_published_time":"2022-10-08T21:19:07+00:00","og_image":[{"width":1600,"height":752,"url":"https:\/\/brasilnoticias.org\/site\/wp-content\/uploads\/2022\/10\/129180barragem-em-minas-gerais-entra-em-alerta-apos-aparecimento-de-trinca-3.jpg","type":"image\/jpeg"}],"author":"Reda\u00e7\u00e3o","twitter_card":"summary_large_image","twitter_misc":{"Escrito por":"Reda\u00e7\u00e3o","Tempo estimado de leitura":"1 minuto"},"schema":{"@context":"https:\/\/schema.org","@graph":[{"@type":"Article","@id":"https:\/\/brasilnoticias.org\/site\/barragem-em-minas-gerais-entra-em-alerta-apos-aparecimento-de-trinca\/#article","isPartOf":{"@id":"https:\/\/brasilnoticias.org\/site\/barragem-em-minas-gerais-entra-em-alerta-apos-aparecimento-de-trinca\/"},"author":{"name":"Reda\u00e7\u00e3o","@id":"https:\/\/brasilnoticias.org\/site\/#\/schema\/person\/a0e05b973ec4d15c658d51911e53507b"},"headline":"Barragem em Minas Gerais entra em alerta ap\u00f3s aparecimento de trinca","datePublished":"2022-10-08T21:19:07+00:00","mainEntityOfPage":{"@id":"https:\/\/brasilnoticias.org\/site\/barragem-em-minas-gerais-entra-em-alerta-apos-aparecimento-de-trinca\/"},"wordCount":147,"commentCount":0,"publisher":{"@id":"https:\/\/brasilnoticias.org\/site\/#organization"},"image":{"@id":"https:\/\/brasilnoticias.org\/site\/barragem-em-minas-gerais-entra-em-alerta-apos-aparecimento-de-trinca\/#primaryimage"},"thumbnailUrl":"https:\/\/brasilnoticias.org\/site\/wp-content\/uploads\/2022\/10\/129180barragem-em-minas-gerais-entra-em-alerta-apos-aparecimento-de-trinca-3.jpg","articleSection":["Not\u00edcias","\u00daltimas"],"inLanguage":"pt-PT","potentialAction":[{"@type":"CommentAction","name":"Comment","target":["https:\/\/brasilnoticias.org\/site\/barragem-em-minas-gerais-entra-em-alerta-apos-aparecimento-de-trinca\/#respond"]}]},{"@type":"WebPage","@id":"https:\/\/brasilnoticias.org\/site\/barragem-em-minas-gerais-entra-em-alerta-apos-aparecimento-de-trinca\/","url":"https:\/\/brasilnoticias.org\/site\/barragem-em-minas-gerais-entra-em-alerta-apos-aparecimento-de-trinca\/","name":"Barragem em Minas Gerais entra em alerta ap\u00f3s aparecimento de trinca - Brasil not\u00edcias","isPartOf":{"@id":"https:\/\/brasilnoticias.org\/site\/#website"},"primaryImageOfPage":{"@id":"https:\/\/brasilnoticias.org\/site\/barragem-em-minas-gerais-entra-em-alerta-apos-aparecimento-de-trinca\/#primaryimage"},"image":{"@id":"https:\/\/brasilnoticias.org\/site\/barragem-em-minas-gerais-entra-em-alerta-apos-aparecimento-de-trinca\/#primaryimage"},"thumbnailUrl":"https:\/\/brasilnoticias.org\/site\/wp-content\/uploads\/2022\/10\/129180barragem-em-minas-gerais-entra-em-alerta-apos-aparecimento-de-trinca-3.jpg","datePublished":"2022-10-08T21:19:07+00:00","breadcrumb":{"@id":"https:\/\/brasilnoticias.org\/site\/barragem-em-minas-gerais-entra-em-alerta-apos-aparecimento-de-trinca\/#breadcrumb"},"inLanguage":"pt-PT","potentialAction":[{"@type":"ReadAction","target":["https:\/\/brasilnoticias.org\/site\/barragem-em-minas-gerais-entra-em-alerta-apos-aparecimento-de-trinca\/"]}]},{"@type":"ImageObject","inLanguage":"pt-PT","@id":"https:\/\/brasilnoticias.org\/site\/barragem-em-minas-gerais-entra-em-alerta-apos-aparecimento-de-trinca\/#primaryimage","url":"https:\/\/brasilnoticias.org\/site\/wp-content\/uploads\/2022\/10\/129180barragem-em-minas-gerais-entra-em-alerta-apos-aparecimento-de-trinca-3.jpg","contentUrl":"https:\/\/brasilnoticias.org\/site\/wp-content\/uploads\/2022\/10\/129180barragem-em-minas-gerais-entra-em-alerta-apos-aparecimento-de-trinca-3.jpg","width":1600,"height":752},{"@type":"BreadcrumbList","@id":"https:\/\/brasilnoticias.org\/site\/barragem-em-minas-gerais-entra-em-alerta-apos-aparecimento-de-trinca\/#breadcrumb","itemListElement":[{"@type":"ListItem","position":1,"name":"In\u00edcio","item":"https:\/\/brasilnoticias.org\/site\/"},{"@type":"ListItem","position":2,"name":"Barragem em Minas Gerais entra em alerta ap\u00f3s aparecimento de trinca"}]},{"@type":"WebSite","@id":"https:\/\/brasilnoticias.org\/site\/#website","url":"https:\/\/brasilnoticias.org\/site\/","name":"Brasil not\u00edcias","description":"Brasil not\u00edcias","publisher":{"@id":"https:\/\/brasilnoticias.org\/site\/#organization"},"potentialAction":[{"@type":"SearchAction","target":{"@type":"EntryPoint","urlTemplate":"https:\/\/brasilnoticias.org\/site\/?s={search_term_string}"},"query-input":{"@type":"PropertyValueSpecification","valueRequired":true,"valueName":"search_term_string"}}],"inLanguage":"pt-PT"},{"@type":"Organization","@id":"https:\/\/brasilnoticias.org\/site\/#organization","name":"Brasil not\u00edcias","url":"https:\/\/brasilnoticias.org\/site\/","logo":{"@type":"ImageObject","inLanguage":"pt-PT","@id":"https:\/\/brasilnoticias.org\/site\/#\/schema\/logo\/image\/","url":"https:\/\/brasilnoticias.org\/site\/wp-content\/uploads\/2022\/05\/cropped-brasilnoticias-mini.jpg","contentUrl":"https:\/\/brasilnoticias.org\/site\/wp-content\/uploads\/2022\/05\/cropped-brasilnoticias-mini.jpg","width":314,"height":86,"caption":"Brasil not\u00edcias"},"image":{"@id":"https:\/\/brasilnoticias.org\/site\/#\/schema\/logo\/image\/"}},{"@type":"Person","@id":"https:\/\/brasilnoticias.org\/site\/#\/schema\/person\/a0e05b973ec4d15c658d51911e53507b","name":"Reda\u00e7\u00e3o","image":{"@type":"ImageObject","inLanguage":"pt-PT","@id":"https:\/\/brasilnoticias.org\/site\/#\/schema\/person\/image\/","url":"https:\/\/secure.gravatar.com\/avatar\/75d8b050df2de108b08ae78dfb8e374892df24a383c67db9c46a9c604f6aee9c?s=96&d=mm&r=g","contentUrl":"https:\/\/secure.gravatar.com\/avatar\/75d8b050df2de108b08ae78dfb8e374892df24a383c67db9c46a9c604f6aee9c?s=96&d=mm&r=g","caption":"Reda\u00e7\u00e3o"},"sameAs":["https:\/\/brasilnoticias.org\/site"],"url":"https:\/\/brasilnoticias.org\/site\/author\/fernandozsngmail-com\/"}]}},"_links":{"self":[{"href":"https:\/\/brasilnoticias.org\/site\/wp-json\/wp\/v2\/posts\/1705","targetHints":{"allow":["GET"]}}],"collection":[{"href":"https:\/\/brasilnoticias.org\/site\/wp-json\/wp\/v2\/posts"}],"about":[{"href":"https:\/\/brasilnoticias.org\/site\/wp-json\/wp\/v2\/types\/post"}],"author":[{"embeddable":true,"href":"https:\/\/brasilnoticias.org\/site\/wp-json\/wp\/v2\/users\/1"}],"replies":[{"embeddable":true,"href":"https:\/\/brasilnoticias.org\/site\/wp-json\/wp\/v2\/comments?post=1705"}],"version-history":[{"count":2,"href":"https:\/\/brasilnoticias.org\/site\/wp-json\/wp\/v2\/posts\/1705\/revisions"}],"predecessor-version":[{"id":1734,"href":"https:\/\/brasilnoticias.org\/site\/wp-json\/wp\/v2\/posts\/1705\/revisions\/1734"}],"wp:featuredmedia":[{"embeddable":true,"href":"https:\/\/brasilnoticias.org\/site\/wp-json\/wp\/v2\/media\/1706"}],"wp:attachment":[{"href":"https:\/\/brasilnoticias.org\/site\/wp-json\/wp\/v2\/media?parent=1705"}],"wp:term":[{"taxonomy":"category","embeddable":true,"href":"https:\/\/brasilnoticias.org\/site\/wp-json\/wp\/v2\/categories?post=1705"},{"taxonomy":"post_tag","embeddable":true,"href":"https:\/\/brasilnoticias.org\/site\/wp-json\/wp\/v2\/tags?post=1705"}],"curies":[{"name":"wp","href":"https:\/\/api.w.org\/{rel}","templated":true}]}}