{"id":17055,"date":"2025-04-07T17:17:53","date_gmt":"2025-04-07T20:17:53","guid":{"rendered":"https:\/\/brasilnoticias.org\/site\/?p=17055"},"modified":"2025-04-07T17:17:53","modified_gmt":"2025-04-07T20:17:53","slug":"vitoria-perde-para-o-flamengo-e-conhece-a-segunda-derrota-consecutiva-no-brasileirao","status":"publish","type":"post","link":"https:\/\/brasilnoticias.org\/site\/vitoria-perde-para-o-flamengo-e-conhece-a-segunda-derrota-consecutiva-no-brasileirao\/","title":{"rendered":"Vit\u00f3ria perde para o Flamengo e conhece a segunda derrota consecutiva no Brasileir\u00e3o"},"content":{"rendered":"<p>Le\u00e3o foi batido pelo Mengo por 2 a 1, no Barrad\u00e3o, pela segunda rodada<\/p>\n<p>O Vit\u00f3ria conheceu sua segunda derrota consecutiva no Campeonato Brasileiro. Na noite deste domingo (6), o Le\u00e3o perdeu para o Flamengo por 2 a 1, no Barrad\u00e3o, pela segunda rodada. Arrascaeta e Bruno Henrique marcaram para o Mengo, enquanto Wellington Rato descontou para o time baiano.<\/p>\n<p>Com o resultado negativo, o Rubro-Negro baiano segue zerado ocupando a \u00faltima coloca\u00e7\u00e3o na tabela de classifica\u00e7\u00e3o. Com quatro pontos, o Mengo aparece no sexto lugar.<\/p>\n<p>Na pr\u00f3xima rodada, o Vit\u00f3ria visita o Atl\u00e9tico-MG no domingo (13), \u00e0s 20h30, na Arena MRV. Mas antes disso, o Le\u00e3o viaja at\u00e9 a Argentina para encarar o Defensa y Justicia, na quinta-feira (10), \u00e0s 19h no hor\u00e1rio de Bras\u00edlia, pela segunda jornada da Copa Sul-Americana. Com um ponto conquistado, o time baiano \u00e9 o segundo colocado do Grupo B.<\/p>\n<p>Primeiro tempo<\/p>\n<p>Com quatro minutos de bola rolando, o Flamengo teve duas chances para abrir o placar. Na primeira, Lucas Arcanjo salvou o Vit\u00f3ria ao defender o chute de Gerson, enquanto na segunda, Cebolinha cabeceou para fora. Aos 12, Gerson tocou de calcanhar para a passagem de Wesley que fez o cruzamento, mas Willian Oliveira cortou para escanteio. aos 19 minutos, o Le\u00e3o ganhou o escanteio e fez a cobran\u00e7a em jogada ensaiada. Jamerson recebeu pela esquerda, levantou na \u00e1rea, mas Gerson tirou de cabe\u00e7a. No entanto, a arbitragem invalidou o lance apontando impedimento do time baiano. O Mengo desperdi\u00e7ou outra grande oportunidade aos 30 minutos, na bola lan\u00e7ada para Juninho, que finalizou para fora. Press\u00e3o carioca e o mesmo Juninho carimbou o travess\u00e3o de Arcanjo. Aos 35, o Le\u00e3o chegou bem no ataque com Jamerson que brigou pela bola dentro da \u00e1rea e chutou para a defesa de Rossi.<\/p>\n<p>Segundo tempo<\/p>\n<p>O Vit\u00f3ria voltou dos vesti\u00e1rios querendo jogo e tentando partir para cima do advers\u00e1rio.<\/p>\n<p>Arrascaeta abre o placar para o Mengo<br \/>\nO Flamengo abriu o placar aos 16 minutos com Arrascaeta. O camisa 10 roubou a bola de Janderson, caiu, se levantou, manteve o dom\u00ednio e finalizou por baixo das pernas de Lucas Halter para marcar. Vit\u00f3ria 0x1 Flamengo<\/p>\n<p>Apesar do gol, o Le\u00e3o seguiu melhor na partida, tentando partir para cima do Mengo. Luiz Ara\u00fajo arriscou de fora da \u00e1rea, mas Lucas Arcanjo segurou.<\/p>\n<p>Wellington Rato empata para o Colossal<br \/>\nO Vit\u00f3ria empatou o jogo com Wellington Rato aos 31 minutos. O camisa 10 recebeu na direita e chutou de fora da \u00e1rea, mas a bola desviou em Gerson, matou Rossi e entrou no fundo das redes. Vit\u00f3ria 1&#215;1 Flamengo<\/p>\n<p>O t\u00e9cnico Thiago Carpini foi expulso aos 33 minutos por ter chutado a bola \u00e0 beira do gramado. Dois minutos depois, o Le\u00e3o quase virou o placar com Fabri ap\u00f3s sa\u00edda errada de Rossi. Mas o goleiro defendeu o chute do atacante do time baiano.<\/p>\n<p>Bruno Henrique marca o segundo do Mengo<br \/>\nO Flamengo marcou o segundo gol com Bruno Henrique aos 41 minutos. Jogada de Michael pela esquerda que toca para Luiz Ara\u00fajo. Ele cruza para a \u00e1rea, Lucas Halter tenta afastar, mas o camisa 27 bate de primeira para estufar as redes. Vit\u00f3ria 1&#215;2 Flamengo<\/p>\n<p>Bruno Henrique ainda obrigou Lucas Arcanjo a fazer boa defesa aos 47 minutos para evitar o terceiro gol dos cariocas.<\/p>\n<p>FICHA T\u00c9CNICA<br \/>\nVit\u00f3ria 1&#215;2 Flamengo<br \/>\nCampeonato Brasileiro &#8211; 2\u00aa rodada<br \/>\nLocal: Barrad\u00e3o, em Salvador (BA)<br \/>\nData: 06\/04\/2025 (domingo)<br \/>\nHor\u00e1rio: 18h30<br \/>\n\u00c1rbitro: Rafael Rodrigo Klein (RS)<br \/>\nAssistentes: Rafael da Silva Alves e Michael Stanislau (ambos do RS)<br \/>\nVAR: Rafael Traci (PR)<br \/>\nCart\u00e3o amarelo: N\u00e3o houve<\/p>\n<p>Cart\u00e3o vermelho: Thiago Carpini (Vit\u00f3ria)<\/p>\n<p>Gols: Wellington Rato (Vit\u00f3ria) \/ Arrascaeta, Bruno Henrique (Flamengo)<\/p>\n<p>Vit\u00f3ria: Lucas Arcanjo; Claudinho, Lucas Halter, Z\u00e9 Marcos e Jamerson; Ricardo Ryller (L\u00e9o Pereira), Willian Oliveira (Wellington Rato), Baralhas e Matheuzinho; Erick (Osvaldo) e Janderson (Fabri). T\u00e9cnico: Thiago Carpini.<\/p>\n<p>Flamengo: Rossi; Wesley, L\u00e9o Ortiz, L\u00e9o Pereira e Alex Sandro; Erick, De la Cruz (Plata), De Arrascaeta (Luiz Ara\u00fajo) e Gerson (Evertton Ara\u00fajo); Cebolinha (Bruno Henrique) e Juninho (Michael). T\u00e9cnico: Filipe Lu\u00eds.<\/p>\n<p>Foto: Victor Ferreira\/EC Vit\u00f3ria<br \/>\nPor: Leandro Arag\u00e3o<\/p>\n","protected":false},"excerpt":{"rendered":"<p>Le\u00e3o foi batido pelo Mengo por 2 a 1, no Barrad\u00e3o, pela segunda rodada O Vit\u00f3ria conheceu sua segunda derrota<\/p>\n","protected":false},"author":4,"featured_media":17056,"comment_status":"open","ping_status":"open","sticky":false,"template":"","format":"standard","meta":{"colormag_page_container_layout":"default_layout","colormag_page_sidebar_layout":"default_layout","_FSMCFIC_featured_image_caption":"","_FSMCFIC_featured_image_nocaption":"","_FSMCFIC_featured_image_hide":"","footnotes":""},"categories":[4,1],"tags":[],"class_list":["post-17055","post","type-post","status-publish","format-standard","has-post-thumbnail","hentry","category-esporte","category-ultimas"],"yoast_head":"<!-- This site is optimized with the Yoast SEO plugin v27.1.1 - https:\/\/yoast.com\/product\/yoast-seo-wordpress\/ -->\n<title>Vit\u00f3ria perde para o Flamengo e conhece a segunda derrota consecutiva no Brasileir\u00e3o - Brasil not\u00edcias<\/title>\n<meta name=\"robots\" content=\"index, follow, max-snippet:-1, max-image-preview:large, max-video-preview:-1\" \/>\n<link rel=\"canonical\" href=\"https:\/\/brasilnoticias.org\/site\/vitoria-perde-para-o-flamengo-e-conhece-a-segunda-derrota-consecutiva-no-brasileirao\/\" \/>\n<meta property=\"og:locale\" content=\"pt_PT\" \/>\n<meta property=\"og:type\" content=\"article\" \/>\n<meta property=\"og:title\" content=\"Vit\u00f3ria perde para o Flamengo e conhece a segunda derrota consecutiva no Brasileir\u00e3o - Brasil not\u00edcias\" \/>\n<meta property=\"og:description\" content=\"Le\u00e3o foi batido pelo Mengo por 2 a 1, no Barrad\u00e3o, pela segunda rodada O Vit\u00f3ria conheceu sua segunda derrota\" \/>\n<meta property=\"og:url\" content=\"https:\/\/brasilnoticias.org\/site\/vitoria-perde-para-o-flamengo-e-conhece-a-segunda-derrota-consecutiva-no-brasileirao\/\" \/>\n<meta property=\"og:site_name\" content=\"Brasil not\u00edcias\" \/>\n<meta property=\"article:published_time\" content=\"2025-04-07T20:17:53+00:00\" \/>\n<meta property=\"og:image\" content=\"https:\/\/brasilnoticias.org\/site\/wp-content\/uploads\/2025\/04\/163235vitoria-perde-para-o-flamengo-e-conhece-a-segunda-derrota-consecutiva-no-brasileirao-3.jpg\" \/>\n\t<meta property=\"og:image:width\" content=\"1600\" \/>\n\t<meta property=\"og:image:height\" content=\"752\" \/>\n\t<meta property=\"og:image:type\" content=\"image\/jpeg\" \/>\n<meta name=\"author\" content=\"Reda\u00e7\u00e3o\" \/>\n<meta name=\"twitter:card\" content=\"summary_large_image\" \/>\n<meta name=\"twitter:label1\" content=\"Escrito por\" \/>\n\t<meta name=\"twitter:data1\" content=\"Reda\u00e7\u00e3o\" \/>\n<script type=\"application\/ld+json\" class=\"yoast-schema-graph\">{\"@context\":\"https:\/\/schema.org\",\"@graph\":[{\"@type\":\"Article\",\"@id\":\"https:\/\/brasilnoticias.org\/site\/vitoria-perde-para-o-flamengo-e-conhece-a-segunda-derrota-consecutiva-no-brasileirao\/#article\",\"isPartOf\":{\"@id\":\"https:\/\/brasilnoticias.org\/site\/vitoria-perde-para-o-flamengo-e-conhece-a-segunda-derrota-consecutiva-no-brasileirao\/\"},\"author\":{\"name\":\"Reda\u00e7\u00e3o\",\"@id\":\"https:\/\/brasilnoticias.org\/site\/#\/schema\/person\/03bbbfe6c7634ad18c26444ea39049fa\"},\"headline\":\"Vit\u00f3ria perde para o Flamengo e conhece a segunda derrota consecutiva no Brasileir\u00e3o\",\"datePublished\":\"2025-04-07T20:17:53+00:00\",\"mainEntityOfPage\":{\"@id\":\"https:\/\/brasilnoticias.org\/site\/vitoria-perde-para-o-flamengo-e-conhece-a-segunda-derrota-consecutiva-no-brasileirao\/\"},\"wordCount\":721,\"commentCount\":0,\"publisher\":{\"@id\":\"https:\/\/brasilnoticias.org\/site\/#organization\"},\"image\":{\"@id\":\"https:\/\/brasilnoticias.org\/site\/vitoria-perde-para-o-flamengo-e-conhece-a-segunda-derrota-consecutiva-no-brasileirao\/#primaryimage\"},\"thumbnailUrl\":\"https:\/\/brasilnoticias.org\/site\/wp-content\/uploads\/2025\/04\/163235vitoria-perde-para-o-flamengo-e-conhece-a-segunda-derrota-consecutiva-no-brasileirao-3.jpg\",\"articleSection\":[\"Esporte\",\"\u00daltimas\"],\"inLanguage\":\"pt-PT\",\"potentialAction\":[{\"@type\":\"CommentAction\",\"name\":\"Comment\",\"target\":[\"https:\/\/brasilnoticias.org\/site\/vitoria-perde-para-o-flamengo-e-conhece-a-segunda-derrota-consecutiva-no-brasileirao\/#respond\"]}]},{\"@type\":\"WebPage\",\"@id\":\"https:\/\/brasilnoticias.org\/site\/vitoria-perde-para-o-flamengo-e-conhece-a-segunda-derrota-consecutiva-no-brasileirao\/\",\"url\":\"https:\/\/brasilnoticias.org\/site\/vitoria-perde-para-o-flamengo-e-conhece-a-segunda-derrota-consecutiva-no-brasileirao\/\",\"name\":\"Vit\u00f3ria perde para o Flamengo e conhece a segunda derrota consecutiva no Brasileir\u00e3o - Brasil not\u00edcias\",\"isPartOf\":{\"@id\":\"https:\/\/brasilnoticias.org\/site\/#website\"},\"primaryImageOfPage\":{\"@id\":\"https:\/\/brasilnoticias.org\/site\/vitoria-perde-para-o-flamengo-e-conhece-a-segunda-derrota-consecutiva-no-brasileirao\/#primaryimage\"},\"image\":{\"@id\":\"https:\/\/brasilnoticias.org\/site\/vitoria-perde-para-o-flamengo-e-conhece-a-segunda-derrota-consecutiva-no-brasileirao\/#primaryimage\"},\"thumbnailUrl\":\"https:\/\/brasilnoticias.org\/site\/wp-content\/uploads\/2025\/04\/163235vitoria-perde-para-o-flamengo-e-conhece-a-segunda-derrota-consecutiva-no-brasileirao-3.jpg\",\"datePublished\":\"2025-04-07T20:17:53+00:00\",\"breadcrumb\":{\"@id\":\"https:\/\/brasilnoticias.org\/site\/vitoria-perde-para-o-flamengo-e-conhece-a-segunda-derrota-consecutiva-no-brasileirao\/#breadcrumb\"},\"inLanguage\":\"pt-PT\",\"potentialAction\":[{\"@type\":\"ReadAction\",\"target\":[\"https:\/\/brasilnoticias.org\/site\/vitoria-perde-para-o-flamengo-e-conhece-a-segunda-derrota-consecutiva-no-brasileirao\/\"]}]},{\"@type\":\"ImageObject\",\"inLanguage\":\"pt-PT\",\"@id\":\"https:\/\/brasilnoticias.org\/site\/vitoria-perde-para-o-flamengo-e-conhece-a-segunda-derrota-consecutiva-no-brasileirao\/#primaryimage\",\"url\":\"https:\/\/brasilnoticias.org\/site\/wp-content\/uploads\/2025\/04\/163235vitoria-perde-para-o-flamengo-e-conhece-a-segunda-derrota-consecutiva-no-brasileirao-3.jpg\",\"contentUrl\":\"https:\/\/brasilnoticias.org\/site\/wp-content\/uploads\/2025\/04\/163235vitoria-perde-para-o-flamengo-e-conhece-a-segunda-derrota-consecutiva-no-brasileirao-3.jpg\",\"width\":1600,\"height\":752},{\"@type\":\"BreadcrumbList\",\"@id\":\"https:\/\/brasilnoticias.org\/site\/vitoria-perde-para-o-flamengo-e-conhece-a-segunda-derrota-consecutiva-no-brasileirao\/#breadcrumb\",\"itemListElement\":[{\"@type\":\"ListItem\",\"position\":1,\"name\":\"In\u00edcio\",\"item\":\"https:\/\/brasilnoticias.org\/site\/\"},{\"@type\":\"ListItem\",\"position\":2,\"name\":\"Vit\u00f3ria perde para o Flamengo e conhece a segunda derrota consecutiva no Brasileir\u00e3o\"}]},{\"@type\":\"WebSite\",\"@id\":\"https:\/\/brasilnoticias.org\/site\/#website\",\"url\":\"https:\/\/brasilnoticias.org\/site\/\",\"name\":\"Brasil not\u00edcias\",\"description\":\"Brasil not\u00edcias\",\"publisher\":{\"@id\":\"https:\/\/brasilnoticias.org\/site\/#organization\"},\"potentialAction\":[{\"@type\":\"SearchAction\",\"target\":{\"@type\":\"EntryPoint\",\"urlTemplate\":\"https:\/\/brasilnoticias.org\/site\/?s={search_term_string}\"},\"query-input\":{\"@type\":\"PropertyValueSpecification\",\"valueRequired\":true,\"valueName\":\"search_term_string\"}}],\"inLanguage\":\"pt-PT\"},{\"@type\":\"Organization\",\"@id\":\"https:\/\/brasilnoticias.org\/site\/#organization\",\"name\":\"Brasil not\u00edcias\",\"url\":\"https:\/\/brasilnoticias.org\/site\/\",\"logo\":{\"@type\":\"ImageObject\",\"inLanguage\":\"pt-PT\",\"@id\":\"https:\/\/brasilnoticias.org\/site\/#\/schema\/logo\/image\/\",\"url\":\"https:\/\/brasilnoticias.org\/site\/wp-content\/uploads\/2022\/05\/cropped-brasilnoticias-mini.jpg\",\"contentUrl\":\"https:\/\/brasilnoticias.org\/site\/wp-content\/uploads\/2022\/05\/cropped-brasilnoticias-mini.jpg\",\"width\":314,\"height\":86,\"caption\":\"Brasil not\u00edcias\"},\"image\":{\"@id\":\"https:\/\/brasilnoticias.org\/site\/#\/schema\/logo\/image\/\"}},{\"@type\":\"Person\",\"@id\":\"https:\/\/brasilnoticias.org\/site\/#\/schema\/person\/03bbbfe6c7634ad18c26444ea39049fa\",\"name\":\"Reda\u00e7\u00e3o\",\"image\":{\"@type\":\"ImageObject\",\"inLanguage\":\"pt-PT\",\"@id\":\"https:\/\/brasilnoticias.org\/site\/#\/schema\/person\/image\/\",\"url\":\"https:\/\/secure.gravatar.com\/avatar\/9ecaf7327a696cb23ad926fedded5f1f04d7049de9e445375d55b48c001a6e42?s=96&d=mm&r=g\",\"contentUrl\":\"https:\/\/secure.gravatar.com\/avatar\/9ecaf7327a696cb23ad926fedded5f1f04d7049de9e445375d55b48c001a6e42?s=96&d=mm&r=g\",\"caption\":\"Reda\u00e7\u00e3o\"},\"url\":\"https:\/\/brasilnoticias.org\/site\/author\/henrique\/\"}]}<\/script>\n<!-- \/ Yoast SEO plugin. -->","yoast_head_json":{"title":"Vit\u00f3ria perde para o Flamengo e conhece a segunda derrota consecutiva no Brasileir\u00e3o - Brasil not\u00edcias","robots":{"index":"index","follow":"follow","max-snippet":"max-snippet:-1","max-image-preview":"max-image-preview:large","max-video-preview":"max-video-preview:-1"},"canonical":"https:\/\/brasilnoticias.org\/site\/vitoria-perde-para-o-flamengo-e-conhece-a-segunda-derrota-consecutiva-no-brasileirao\/","og_locale":"pt_PT","og_type":"article","og_title":"Vit\u00f3ria perde para o Flamengo e conhece a segunda derrota consecutiva no Brasileir\u00e3o - Brasil not\u00edcias","og_description":"Le\u00e3o foi batido pelo Mengo por 2 a 1, no Barrad\u00e3o, pela segunda rodada O Vit\u00f3ria conheceu sua segunda derrota","og_url":"https:\/\/brasilnoticias.org\/site\/vitoria-perde-para-o-flamengo-e-conhece-a-segunda-derrota-consecutiva-no-brasileirao\/","og_site_name":"Brasil not\u00edcias","article_published_time":"2025-04-07T20:17:53+00:00","og_image":[{"width":1600,"height":752,"url":"https:\/\/brasilnoticias.org\/site\/wp-content\/uploads\/2025\/04\/163235vitoria-perde-para-o-flamengo-e-conhece-a-segunda-derrota-consecutiva-no-brasileirao-3.jpg","type":"image\/jpeg"}],"author":"Reda\u00e7\u00e3o","twitter_card":"summary_large_image","twitter_misc":{"Escrito por":"Reda\u00e7\u00e3o"},"schema":{"@context":"https:\/\/schema.org","@graph":[{"@type":"Article","@id":"https:\/\/brasilnoticias.org\/site\/vitoria-perde-para-o-flamengo-e-conhece-a-segunda-derrota-consecutiva-no-brasileirao\/#article","isPartOf":{"@id":"https:\/\/brasilnoticias.org\/site\/vitoria-perde-para-o-flamengo-e-conhece-a-segunda-derrota-consecutiva-no-brasileirao\/"},"author":{"name":"Reda\u00e7\u00e3o","@id":"https:\/\/brasilnoticias.org\/site\/#\/schema\/person\/03bbbfe6c7634ad18c26444ea39049fa"},"headline":"Vit\u00f3ria perde para o Flamengo e conhece a segunda derrota consecutiva no Brasileir\u00e3o","datePublished":"2025-04-07T20:17:53+00:00","mainEntityOfPage":{"@id":"https:\/\/brasilnoticias.org\/site\/vitoria-perde-para-o-flamengo-e-conhece-a-segunda-derrota-consecutiva-no-brasileirao\/"},"wordCount":721,"commentCount":0,"publisher":{"@id":"https:\/\/brasilnoticias.org\/site\/#organization"},"image":{"@id":"https:\/\/brasilnoticias.org\/site\/vitoria-perde-para-o-flamengo-e-conhece-a-segunda-derrota-consecutiva-no-brasileirao\/#primaryimage"},"thumbnailUrl":"https:\/\/brasilnoticias.org\/site\/wp-content\/uploads\/2025\/04\/163235vitoria-perde-para-o-flamengo-e-conhece-a-segunda-derrota-consecutiva-no-brasileirao-3.jpg","articleSection":["Esporte","\u00daltimas"],"inLanguage":"pt-PT","potentialAction":[{"@type":"CommentAction","name":"Comment","target":["https:\/\/brasilnoticias.org\/site\/vitoria-perde-para-o-flamengo-e-conhece-a-segunda-derrota-consecutiva-no-brasileirao\/#respond"]}]},{"@type":"WebPage","@id":"https:\/\/brasilnoticias.org\/site\/vitoria-perde-para-o-flamengo-e-conhece-a-segunda-derrota-consecutiva-no-brasileirao\/","url":"https:\/\/brasilnoticias.org\/site\/vitoria-perde-para-o-flamengo-e-conhece-a-segunda-derrota-consecutiva-no-brasileirao\/","name":"Vit\u00f3ria perde para o Flamengo e conhece a segunda derrota consecutiva no Brasileir\u00e3o - Brasil not\u00edcias","isPartOf":{"@id":"https:\/\/brasilnoticias.org\/site\/#website"},"primaryImageOfPage":{"@id":"https:\/\/brasilnoticias.org\/site\/vitoria-perde-para-o-flamengo-e-conhece-a-segunda-derrota-consecutiva-no-brasileirao\/#primaryimage"},"image":{"@id":"https:\/\/brasilnoticias.org\/site\/vitoria-perde-para-o-flamengo-e-conhece-a-segunda-derrota-consecutiva-no-brasileirao\/#primaryimage"},"thumbnailUrl":"https:\/\/brasilnoticias.org\/site\/wp-content\/uploads\/2025\/04\/163235vitoria-perde-para-o-flamengo-e-conhece-a-segunda-derrota-consecutiva-no-brasileirao-3.jpg","datePublished":"2025-04-07T20:17:53+00:00","breadcrumb":{"@id":"https:\/\/brasilnoticias.org\/site\/vitoria-perde-para-o-flamengo-e-conhece-a-segunda-derrota-consecutiva-no-brasileirao\/#breadcrumb"},"inLanguage":"pt-PT","potentialAction":[{"@type":"ReadAction","target":["https:\/\/brasilnoticias.org\/site\/vitoria-perde-para-o-flamengo-e-conhece-a-segunda-derrota-consecutiva-no-brasileirao\/"]}]},{"@type":"ImageObject","inLanguage":"pt-PT","@id":"https:\/\/brasilnoticias.org\/site\/vitoria-perde-para-o-flamengo-e-conhece-a-segunda-derrota-consecutiva-no-brasileirao\/#primaryimage","url":"https:\/\/brasilnoticias.org\/site\/wp-content\/uploads\/2025\/04\/163235vitoria-perde-para-o-flamengo-e-conhece-a-segunda-derrota-consecutiva-no-brasileirao-3.jpg","contentUrl":"https:\/\/brasilnoticias.org\/site\/wp-content\/uploads\/2025\/04\/163235vitoria-perde-para-o-flamengo-e-conhece-a-segunda-derrota-consecutiva-no-brasileirao-3.jpg","width":1600,"height":752},{"@type":"BreadcrumbList","@id":"https:\/\/brasilnoticias.org\/site\/vitoria-perde-para-o-flamengo-e-conhece-a-segunda-derrota-consecutiva-no-brasileirao\/#breadcrumb","itemListElement":[{"@type":"ListItem","position":1,"name":"In\u00edcio","item":"https:\/\/brasilnoticias.org\/site\/"},{"@type":"ListItem","position":2,"name":"Vit\u00f3ria perde para o Flamengo e conhece a segunda derrota consecutiva no Brasileir\u00e3o"}]},{"@type":"WebSite","@id":"https:\/\/brasilnoticias.org\/site\/#website","url":"https:\/\/brasilnoticias.org\/site\/","name":"Brasil not\u00edcias","description":"Brasil not\u00edcias","publisher":{"@id":"https:\/\/brasilnoticias.org\/site\/#organization"},"potentialAction":[{"@type":"SearchAction","target":{"@type":"EntryPoint","urlTemplate":"https:\/\/brasilnoticias.org\/site\/?s={search_term_string}"},"query-input":{"@type":"PropertyValueSpecification","valueRequired":true,"valueName":"search_term_string"}}],"inLanguage":"pt-PT"},{"@type":"Organization","@id":"https:\/\/brasilnoticias.org\/site\/#organization","name":"Brasil not\u00edcias","url":"https:\/\/brasilnoticias.org\/site\/","logo":{"@type":"ImageObject","inLanguage":"pt-PT","@id":"https:\/\/brasilnoticias.org\/site\/#\/schema\/logo\/image\/","url":"https:\/\/brasilnoticias.org\/site\/wp-content\/uploads\/2022\/05\/cropped-brasilnoticias-mini.jpg","contentUrl":"https:\/\/brasilnoticias.org\/site\/wp-content\/uploads\/2022\/05\/cropped-brasilnoticias-mini.jpg","width":314,"height":86,"caption":"Brasil not\u00edcias"},"image":{"@id":"https:\/\/brasilnoticias.org\/site\/#\/schema\/logo\/image\/"}},{"@type":"Person","@id":"https:\/\/brasilnoticias.org\/site\/#\/schema\/person\/03bbbfe6c7634ad18c26444ea39049fa","name":"Reda\u00e7\u00e3o","image":{"@type":"ImageObject","inLanguage":"pt-PT","@id":"https:\/\/brasilnoticias.org\/site\/#\/schema\/person\/image\/","url":"https:\/\/secure.gravatar.com\/avatar\/9ecaf7327a696cb23ad926fedded5f1f04d7049de9e445375d55b48c001a6e42?s=96&d=mm&r=g","contentUrl":"https:\/\/secure.gravatar.com\/avatar\/9ecaf7327a696cb23ad926fedded5f1f04d7049de9e445375d55b48c001a6e42?s=96&d=mm&r=g","caption":"Reda\u00e7\u00e3o"},"url":"https:\/\/brasilnoticias.org\/site\/author\/henrique\/"}]}},"_links":{"self":[{"href":"https:\/\/brasilnoticias.org\/site\/wp-json\/wp\/v2\/posts\/17055","targetHints":{"allow":["GET"]}}],"collection":[{"href":"https:\/\/brasilnoticias.org\/site\/wp-json\/wp\/v2\/posts"}],"about":[{"href":"https:\/\/brasilnoticias.org\/site\/wp-json\/wp\/v2\/types\/post"}],"author":[{"embeddable":true,"href":"https:\/\/brasilnoticias.org\/site\/wp-json\/wp\/v2\/users\/4"}],"replies":[{"embeddable":true,"href":"https:\/\/brasilnoticias.org\/site\/wp-json\/wp\/v2\/comments?post=17055"}],"version-history":[{"count":1,"href":"https:\/\/brasilnoticias.org\/site\/wp-json\/wp\/v2\/posts\/17055\/revisions"}],"predecessor-version":[{"id":17057,"href":"https:\/\/brasilnoticias.org\/site\/wp-json\/wp\/v2\/posts\/17055\/revisions\/17057"}],"wp:featuredmedia":[{"embeddable":true,"href":"https:\/\/brasilnoticias.org\/site\/wp-json\/wp\/v2\/media\/17056"}],"wp:attachment":[{"href":"https:\/\/brasilnoticias.org\/site\/wp-json\/wp\/v2\/media?parent=17055"}],"wp:term":[{"taxonomy":"category","embeddable":true,"href":"https:\/\/brasilnoticias.org\/site\/wp-json\/wp\/v2\/categories?post=17055"},{"taxonomy":"post_tag","embeddable":true,"href":"https:\/\/brasilnoticias.org\/site\/wp-json\/wp\/v2\/tags?post=17055"}],"curies":[{"name":"wp","href":"https:\/\/api.w.org\/{rel}","templated":true}]}}