{"id":17082,"date":"2025-04-11T17:42:32","date_gmt":"2025-04-11T20:42:32","guid":{"rendered":"https:\/\/brasilnoticias.org\/site\/?p=17082"},"modified":"2025-04-11T17:42:32","modified_gmt":"2025-04-11T20:42:32","slug":"show-lady-gaga-deve-ter-16-milhao-de-pessoas-estima-governo-do-rj","status":"publish","type":"post","link":"https:\/\/brasilnoticias.org\/site\/show-lady-gaga-deve-ter-16-milhao-de-pessoas-estima-governo-do-rj\/","title":{"rendered":"Show Lady Gaga deve ter 1,6 milh\u00e3o de pessoas, estima governo do RJ"},"content":{"rendered":"<p>Cerca de 240 mil turistas devem comparecer ao show no dia 3 de maio \u2014 192 mil devem ser estrangeiros<\/p>\n<p>O show da cantora Lady Gaga, marcado para o dia 3 de maio na Praia de Copacabana, deve reunir cerca de 1,6 milh\u00e3o de pessoas, conforme proje\u00e7\u00e3o divulgada nesta sexta-feira (11) pela Secretaria Municipal de Desenvolvimento Econ\u00f4mico (SMDE) e pela Riotur, empresa respons\u00e1vel pelo turismo no munic\u00edpio do Rio de Janeiro.<\/p>\n<p>Segundo o estudo \u201cPotenciais Impactos Econ\u00f4micos do Show da Lady Gaga no Rio \u2013 2025\u201d, cerca de 240 mil pessoas que estar\u00e3o presentes s\u00e3o turistas \u2014 sendo 80% vindos do exterior e 20% de outras regi\u00f5es do Brasil. Os moradores do Rio e da Regi\u00e3o Metropolitana devem representar a maior parte do p\u00fablico, estimado em 1,36 milh\u00e3o.<\/p>\n<p>O show integra uma agenda fixa de grandes apresenta\u00e7\u00f5es musicais que, de acordo com a Prefeitura do Rio, passa a fazer parte do Calend\u00e1rio de Eventos da cidade e ser\u00e1 realizada anualmente, sempre no m\u00eas de maio, at\u00e9 pelo menos 2028.<\/p>\n<p>No ano passado, a apresenta\u00e7\u00e3o de Madonna no mesmo local superou as expectativas da administra\u00e7\u00e3o municipal, que projetava um p\u00fablico de 1 milh\u00e3o de pessoas. Ao final, o n\u00famero alcan\u00e7ado foi o mesmo agora esperado para Lady Gaga: 1,6 milh\u00e3o.<\/p>\n<p>Foto: Fabio Motta\/Prefeitura do Rio<br \/>\nPor: Metro1<\/p>\n","protected":false},"excerpt":{"rendered":"<p>Cerca de 240 mil turistas devem comparecer ao show no dia 3 de maio \u2014 192 mil devem ser estrangeiros<\/p>\n","protected":false},"author":4,"featured_media":17083,"comment_status":"open","ping_status":"open","sticky":false,"template":"","format":"standard","meta":{"colormag_page_container_layout":"default_layout","colormag_page_sidebar_layout":"default_layout","_FSMCFIC_featured_image_caption":"","_FSMCFIC_featured_image_nocaption":"","_FSMCFIC_featured_image_hide":"","footnotes":""},"categories":[8,1],"tags":[],"class_list":["post-17082","post","type-post","status-publish","format-standard","has-post-thumbnail","hentry","category-entretenimento","category-ultimas"],"yoast_head":"<!-- This site is optimized with the Yoast SEO plugin v27.1.1 - https:\/\/yoast.com\/product\/yoast-seo-wordpress\/ -->\n<title>Show Lady Gaga deve ter 1,6 milh\u00e3o de pessoas, estima governo do RJ - Brasil not\u00edcias<\/title>\n<meta name=\"robots\" content=\"index, follow, max-snippet:-1, max-image-preview:large, max-video-preview:-1\" \/>\n<link rel=\"canonical\" href=\"https:\/\/brasilnoticias.org\/site\/show-lady-gaga-deve-ter-16-milhao-de-pessoas-estima-governo-do-rj\/\" \/>\n<meta property=\"og:locale\" content=\"pt_PT\" \/>\n<meta property=\"og:type\" content=\"article\" \/>\n<meta property=\"og:title\" content=\"Show Lady Gaga deve ter 1,6 milh\u00e3o de pessoas, estima governo do RJ - Brasil not\u00edcias\" \/>\n<meta property=\"og:description\" content=\"Cerca de 240 mil turistas devem comparecer ao show no dia 3 de maio \u2014 192 mil devem ser estrangeiros\" \/>\n<meta property=\"og:url\" content=\"https:\/\/brasilnoticias.org\/site\/show-lady-gaga-deve-ter-16-milhao-de-pessoas-estima-governo-do-rj\/\" \/>\n<meta property=\"og:site_name\" content=\"Brasil not\u00edcias\" \/>\n<meta property=\"article:published_time\" content=\"2025-04-11T20:42:32+00:00\" \/>\n<meta property=\"og:image\" content=\"https:\/\/brasilnoticias.org\/site\/wp-content\/uploads\/2025\/04\/163447show-lady-gaga-deve-ter-16-milhao-de-pessoas-estima-governo-do-rj-3.jpg\" \/>\n\t<meta property=\"og:image:width\" content=\"1600\" \/>\n\t<meta property=\"og:image:height\" content=\"752\" \/>\n\t<meta property=\"og:image:type\" content=\"image\/jpeg\" \/>\n<meta name=\"author\" content=\"Reda\u00e7\u00e3o\" \/>\n<meta name=\"twitter:card\" content=\"summary_large_image\" \/>\n<meta name=\"twitter:label1\" content=\"Escrito por\" \/>\n\t<meta name=\"twitter:data1\" content=\"Reda\u00e7\u00e3o\" \/>\n\t<meta name=\"twitter:label2\" content=\"Tempo estimado de leitura\" \/>\n\t<meta name=\"twitter:data2\" content=\"1 minuto\" \/>\n<script type=\"application\/ld+json\" class=\"yoast-schema-graph\">{\"@context\":\"https:\/\/schema.org\",\"@graph\":[{\"@type\":\"Article\",\"@id\":\"https:\/\/brasilnoticias.org\/site\/show-lady-gaga-deve-ter-16-milhao-de-pessoas-estima-governo-do-rj\/#article\",\"isPartOf\":{\"@id\":\"https:\/\/brasilnoticias.org\/site\/show-lady-gaga-deve-ter-16-milhao-de-pessoas-estima-governo-do-rj\/\"},\"author\":{\"name\":\"Reda\u00e7\u00e3o\",\"@id\":\"https:\/\/brasilnoticias.org\/site\/#\/schema\/person\/03bbbfe6c7634ad18c26444ea39049fa\"},\"headline\":\"Show Lady Gaga deve ter 1,6 milh\u00e3o de pessoas, estima governo do RJ\",\"datePublished\":\"2025-04-11T20:42:32+00:00\",\"mainEntityOfPage\":{\"@id\":\"https:\/\/brasilnoticias.org\/site\/show-lady-gaga-deve-ter-16-milhao-de-pessoas-estima-governo-do-rj\/\"},\"wordCount\":235,\"commentCount\":0,\"publisher\":{\"@id\":\"https:\/\/brasilnoticias.org\/site\/#organization\"},\"image\":{\"@id\":\"https:\/\/brasilnoticias.org\/site\/show-lady-gaga-deve-ter-16-milhao-de-pessoas-estima-governo-do-rj\/#primaryimage\"},\"thumbnailUrl\":\"https:\/\/brasilnoticias.org\/site\/wp-content\/uploads\/2025\/04\/163447show-lady-gaga-deve-ter-16-milhao-de-pessoas-estima-governo-do-rj-3.jpg\",\"articleSection\":[\"Entretenimento\",\"\u00daltimas\"],\"inLanguage\":\"pt-PT\",\"potentialAction\":[{\"@type\":\"CommentAction\",\"name\":\"Comment\",\"target\":[\"https:\/\/brasilnoticias.org\/site\/show-lady-gaga-deve-ter-16-milhao-de-pessoas-estima-governo-do-rj\/#respond\"]}]},{\"@type\":\"WebPage\",\"@id\":\"https:\/\/brasilnoticias.org\/site\/show-lady-gaga-deve-ter-16-milhao-de-pessoas-estima-governo-do-rj\/\",\"url\":\"https:\/\/brasilnoticias.org\/site\/show-lady-gaga-deve-ter-16-milhao-de-pessoas-estima-governo-do-rj\/\",\"name\":\"Show Lady Gaga deve ter 1,6 milh\u00e3o de pessoas, estima governo do RJ - Brasil not\u00edcias\",\"isPartOf\":{\"@id\":\"https:\/\/brasilnoticias.org\/site\/#website\"},\"primaryImageOfPage\":{\"@id\":\"https:\/\/brasilnoticias.org\/site\/show-lady-gaga-deve-ter-16-milhao-de-pessoas-estima-governo-do-rj\/#primaryimage\"},\"image\":{\"@id\":\"https:\/\/brasilnoticias.org\/site\/show-lady-gaga-deve-ter-16-milhao-de-pessoas-estima-governo-do-rj\/#primaryimage\"},\"thumbnailUrl\":\"https:\/\/brasilnoticias.org\/site\/wp-content\/uploads\/2025\/04\/163447show-lady-gaga-deve-ter-16-milhao-de-pessoas-estima-governo-do-rj-3.jpg\",\"datePublished\":\"2025-04-11T20:42:32+00:00\",\"breadcrumb\":{\"@id\":\"https:\/\/brasilnoticias.org\/site\/show-lady-gaga-deve-ter-16-milhao-de-pessoas-estima-governo-do-rj\/#breadcrumb\"},\"inLanguage\":\"pt-PT\",\"potentialAction\":[{\"@type\":\"ReadAction\",\"target\":[\"https:\/\/brasilnoticias.org\/site\/show-lady-gaga-deve-ter-16-milhao-de-pessoas-estima-governo-do-rj\/\"]}]},{\"@type\":\"ImageObject\",\"inLanguage\":\"pt-PT\",\"@id\":\"https:\/\/brasilnoticias.org\/site\/show-lady-gaga-deve-ter-16-milhao-de-pessoas-estima-governo-do-rj\/#primaryimage\",\"url\":\"https:\/\/brasilnoticias.org\/site\/wp-content\/uploads\/2025\/04\/163447show-lady-gaga-deve-ter-16-milhao-de-pessoas-estima-governo-do-rj-3.jpg\",\"contentUrl\":\"https:\/\/brasilnoticias.org\/site\/wp-content\/uploads\/2025\/04\/163447show-lady-gaga-deve-ter-16-milhao-de-pessoas-estima-governo-do-rj-3.jpg\",\"width\":1600,\"height\":752},{\"@type\":\"BreadcrumbList\",\"@id\":\"https:\/\/brasilnoticias.org\/site\/show-lady-gaga-deve-ter-16-milhao-de-pessoas-estima-governo-do-rj\/#breadcrumb\",\"itemListElement\":[{\"@type\":\"ListItem\",\"position\":1,\"name\":\"In\u00edcio\",\"item\":\"https:\/\/brasilnoticias.org\/site\/\"},{\"@type\":\"ListItem\",\"position\":2,\"name\":\"Show Lady Gaga deve ter 1,6 milh\u00e3o de pessoas, estima governo do RJ\"}]},{\"@type\":\"WebSite\",\"@id\":\"https:\/\/brasilnoticias.org\/site\/#website\",\"url\":\"https:\/\/brasilnoticias.org\/site\/\",\"name\":\"Brasil not\u00edcias\",\"description\":\"Brasil not\u00edcias\",\"publisher\":{\"@id\":\"https:\/\/brasilnoticias.org\/site\/#organization\"},\"potentialAction\":[{\"@type\":\"SearchAction\",\"target\":{\"@type\":\"EntryPoint\",\"urlTemplate\":\"https:\/\/brasilnoticias.org\/site\/?s={search_term_string}\"},\"query-input\":{\"@type\":\"PropertyValueSpecification\",\"valueRequired\":true,\"valueName\":\"search_term_string\"}}],\"inLanguage\":\"pt-PT\"},{\"@type\":\"Organization\",\"@id\":\"https:\/\/brasilnoticias.org\/site\/#organization\",\"name\":\"Brasil not\u00edcias\",\"url\":\"https:\/\/brasilnoticias.org\/site\/\",\"logo\":{\"@type\":\"ImageObject\",\"inLanguage\":\"pt-PT\",\"@id\":\"https:\/\/brasilnoticias.org\/site\/#\/schema\/logo\/image\/\",\"url\":\"https:\/\/brasilnoticias.org\/site\/wp-content\/uploads\/2022\/05\/cropped-brasilnoticias-mini.jpg\",\"contentUrl\":\"https:\/\/brasilnoticias.org\/site\/wp-content\/uploads\/2022\/05\/cropped-brasilnoticias-mini.jpg\",\"width\":314,\"height\":86,\"caption\":\"Brasil not\u00edcias\"},\"image\":{\"@id\":\"https:\/\/brasilnoticias.org\/site\/#\/schema\/logo\/image\/\"}},{\"@type\":\"Person\",\"@id\":\"https:\/\/brasilnoticias.org\/site\/#\/schema\/person\/03bbbfe6c7634ad18c26444ea39049fa\",\"name\":\"Reda\u00e7\u00e3o\",\"image\":{\"@type\":\"ImageObject\",\"inLanguage\":\"pt-PT\",\"@id\":\"https:\/\/brasilnoticias.org\/site\/#\/schema\/person\/image\/\",\"url\":\"https:\/\/secure.gravatar.com\/avatar\/9ecaf7327a696cb23ad926fedded5f1f04d7049de9e445375d55b48c001a6e42?s=96&d=mm&r=g\",\"contentUrl\":\"https:\/\/secure.gravatar.com\/avatar\/9ecaf7327a696cb23ad926fedded5f1f04d7049de9e445375d55b48c001a6e42?s=96&d=mm&r=g\",\"caption\":\"Reda\u00e7\u00e3o\"},\"url\":\"https:\/\/brasilnoticias.org\/site\/author\/henrique\/\"}]}<\/script>\n<!-- \/ Yoast SEO plugin. -->","yoast_head_json":{"title":"Show Lady Gaga deve ter 1,6 milh\u00e3o de pessoas, estima governo do RJ - Brasil not\u00edcias","robots":{"index":"index","follow":"follow","max-snippet":"max-snippet:-1","max-image-preview":"max-image-preview:large","max-video-preview":"max-video-preview:-1"},"canonical":"https:\/\/brasilnoticias.org\/site\/show-lady-gaga-deve-ter-16-milhao-de-pessoas-estima-governo-do-rj\/","og_locale":"pt_PT","og_type":"article","og_title":"Show Lady Gaga deve ter 1,6 milh\u00e3o de pessoas, estima governo do RJ - Brasil not\u00edcias","og_description":"Cerca de 240 mil turistas devem comparecer ao show no dia 3 de maio \u2014 192 mil devem ser estrangeiros","og_url":"https:\/\/brasilnoticias.org\/site\/show-lady-gaga-deve-ter-16-milhao-de-pessoas-estima-governo-do-rj\/","og_site_name":"Brasil not\u00edcias","article_published_time":"2025-04-11T20:42:32+00:00","og_image":[{"width":1600,"height":752,"url":"https:\/\/brasilnoticias.org\/site\/wp-content\/uploads\/2025\/04\/163447show-lady-gaga-deve-ter-16-milhao-de-pessoas-estima-governo-do-rj-3.jpg","type":"image\/jpeg"}],"author":"Reda\u00e7\u00e3o","twitter_card":"summary_large_image","twitter_misc":{"Escrito por":"Reda\u00e7\u00e3o","Tempo estimado de leitura":"1 minuto"},"schema":{"@context":"https:\/\/schema.org","@graph":[{"@type":"Article","@id":"https:\/\/brasilnoticias.org\/site\/show-lady-gaga-deve-ter-16-milhao-de-pessoas-estima-governo-do-rj\/#article","isPartOf":{"@id":"https:\/\/brasilnoticias.org\/site\/show-lady-gaga-deve-ter-16-milhao-de-pessoas-estima-governo-do-rj\/"},"author":{"name":"Reda\u00e7\u00e3o","@id":"https:\/\/brasilnoticias.org\/site\/#\/schema\/person\/03bbbfe6c7634ad18c26444ea39049fa"},"headline":"Show Lady Gaga deve ter 1,6 milh\u00e3o de pessoas, estima governo do RJ","datePublished":"2025-04-11T20:42:32+00:00","mainEntityOfPage":{"@id":"https:\/\/brasilnoticias.org\/site\/show-lady-gaga-deve-ter-16-milhao-de-pessoas-estima-governo-do-rj\/"},"wordCount":235,"commentCount":0,"publisher":{"@id":"https:\/\/brasilnoticias.org\/site\/#organization"},"image":{"@id":"https:\/\/brasilnoticias.org\/site\/show-lady-gaga-deve-ter-16-milhao-de-pessoas-estima-governo-do-rj\/#primaryimage"},"thumbnailUrl":"https:\/\/brasilnoticias.org\/site\/wp-content\/uploads\/2025\/04\/163447show-lady-gaga-deve-ter-16-milhao-de-pessoas-estima-governo-do-rj-3.jpg","articleSection":["Entretenimento","\u00daltimas"],"inLanguage":"pt-PT","potentialAction":[{"@type":"CommentAction","name":"Comment","target":["https:\/\/brasilnoticias.org\/site\/show-lady-gaga-deve-ter-16-milhao-de-pessoas-estima-governo-do-rj\/#respond"]}]},{"@type":"WebPage","@id":"https:\/\/brasilnoticias.org\/site\/show-lady-gaga-deve-ter-16-milhao-de-pessoas-estima-governo-do-rj\/","url":"https:\/\/brasilnoticias.org\/site\/show-lady-gaga-deve-ter-16-milhao-de-pessoas-estima-governo-do-rj\/","name":"Show Lady Gaga deve ter 1,6 milh\u00e3o de pessoas, estima governo do RJ - Brasil not\u00edcias","isPartOf":{"@id":"https:\/\/brasilnoticias.org\/site\/#website"},"primaryImageOfPage":{"@id":"https:\/\/brasilnoticias.org\/site\/show-lady-gaga-deve-ter-16-milhao-de-pessoas-estima-governo-do-rj\/#primaryimage"},"image":{"@id":"https:\/\/brasilnoticias.org\/site\/show-lady-gaga-deve-ter-16-milhao-de-pessoas-estima-governo-do-rj\/#primaryimage"},"thumbnailUrl":"https:\/\/brasilnoticias.org\/site\/wp-content\/uploads\/2025\/04\/163447show-lady-gaga-deve-ter-16-milhao-de-pessoas-estima-governo-do-rj-3.jpg","datePublished":"2025-04-11T20:42:32+00:00","breadcrumb":{"@id":"https:\/\/brasilnoticias.org\/site\/show-lady-gaga-deve-ter-16-milhao-de-pessoas-estima-governo-do-rj\/#breadcrumb"},"inLanguage":"pt-PT","potentialAction":[{"@type":"ReadAction","target":["https:\/\/brasilnoticias.org\/site\/show-lady-gaga-deve-ter-16-milhao-de-pessoas-estima-governo-do-rj\/"]}]},{"@type":"ImageObject","inLanguage":"pt-PT","@id":"https:\/\/brasilnoticias.org\/site\/show-lady-gaga-deve-ter-16-milhao-de-pessoas-estima-governo-do-rj\/#primaryimage","url":"https:\/\/brasilnoticias.org\/site\/wp-content\/uploads\/2025\/04\/163447show-lady-gaga-deve-ter-16-milhao-de-pessoas-estima-governo-do-rj-3.jpg","contentUrl":"https:\/\/brasilnoticias.org\/site\/wp-content\/uploads\/2025\/04\/163447show-lady-gaga-deve-ter-16-milhao-de-pessoas-estima-governo-do-rj-3.jpg","width":1600,"height":752},{"@type":"BreadcrumbList","@id":"https:\/\/brasilnoticias.org\/site\/show-lady-gaga-deve-ter-16-milhao-de-pessoas-estima-governo-do-rj\/#breadcrumb","itemListElement":[{"@type":"ListItem","position":1,"name":"In\u00edcio","item":"https:\/\/brasilnoticias.org\/site\/"},{"@type":"ListItem","position":2,"name":"Show Lady Gaga deve ter 1,6 milh\u00e3o de pessoas, estima governo do RJ"}]},{"@type":"WebSite","@id":"https:\/\/brasilnoticias.org\/site\/#website","url":"https:\/\/brasilnoticias.org\/site\/","name":"Brasil not\u00edcias","description":"Brasil not\u00edcias","publisher":{"@id":"https:\/\/brasilnoticias.org\/site\/#organization"},"potentialAction":[{"@type":"SearchAction","target":{"@type":"EntryPoint","urlTemplate":"https:\/\/brasilnoticias.org\/site\/?s={search_term_string}"},"query-input":{"@type":"PropertyValueSpecification","valueRequired":true,"valueName":"search_term_string"}}],"inLanguage":"pt-PT"},{"@type":"Organization","@id":"https:\/\/brasilnoticias.org\/site\/#organization","name":"Brasil not\u00edcias","url":"https:\/\/brasilnoticias.org\/site\/","logo":{"@type":"ImageObject","inLanguage":"pt-PT","@id":"https:\/\/brasilnoticias.org\/site\/#\/schema\/logo\/image\/","url":"https:\/\/brasilnoticias.org\/site\/wp-content\/uploads\/2022\/05\/cropped-brasilnoticias-mini.jpg","contentUrl":"https:\/\/brasilnoticias.org\/site\/wp-content\/uploads\/2022\/05\/cropped-brasilnoticias-mini.jpg","width":314,"height":86,"caption":"Brasil not\u00edcias"},"image":{"@id":"https:\/\/brasilnoticias.org\/site\/#\/schema\/logo\/image\/"}},{"@type":"Person","@id":"https:\/\/brasilnoticias.org\/site\/#\/schema\/person\/03bbbfe6c7634ad18c26444ea39049fa","name":"Reda\u00e7\u00e3o","image":{"@type":"ImageObject","inLanguage":"pt-PT","@id":"https:\/\/brasilnoticias.org\/site\/#\/schema\/person\/image\/","url":"https:\/\/secure.gravatar.com\/avatar\/9ecaf7327a696cb23ad926fedded5f1f04d7049de9e445375d55b48c001a6e42?s=96&d=mm&r=g","contentUrl":"https:\/\/secure.gravatar.com\/avatar\/9ecaf7327a696cb23ad926fedded5f1f04d7049de9e445375d55b48c001a6e42?s=96&d=mm&r=g","caption":"Reda\u00e7\u00e3o"},"url":"https:\/\/brasilnoticias.org\/site\/author\/henrique\/"}]}},"_links":{"self":[{"href":"https:\/\/brasilnoticias.org\/site\/wp-json\/wp\/v2\/posts\/17082","targetHints":{"allow":["GET"]}}],"collection":[{"href":"https:\/\/brasilnoticias.org\/site\/wp-json\/wp\/v2\/posts"}],"about":[{"href":"https:\/\/brasilnoticias.org\/site\/wp-json\/wp\/v2\/types\/post"}],"author":[{"embeddable":true,"href":"https:\/\/brasilnoticias.org\/site\/wp-json\/wp\/v2\/users\/4"}],"replies":[{"embeddable":true,"href":"https:\/\/brasilnoticias.org\/site\/wp-json\/wp\/v2\/comments?post=17082"}],"version-history":[{"count":1,"href":"https:\/\/brasilnoticias.org\/site\/wp-json\/wp\/v2\/posts\/17082\/revisions"}],"predecessor-version":[{"id":17084,"href":"https:\/\/brasilnoticias.org\/site\/wp-json\/wp\/v2\/posts\/17082\/revisions\/17084"}],"wp:featuredmedia":[{"embeddable":true,"href":"https:\/\/brasilnoticias.org\/site\/wp-json\/wp\/v2\/media\/17083"}],"wp:attachment":[{"href":"https:\/\/brasilnoticias.org\/site\/wp-json\/wp\/v2\/media?parent=17082"}],"wp:term":[{"taxonomy":"category","embeddable":true,"href":"https:\/\/brasilnoticias.org\/site\/wp-json\/wp\/v2\/categories?post=17082"},{"taxonomy":"post_tag","embeddable":true,"href":"https:\/\/brasilnoticias.org\/site\/wp-json\/wp\/v2\/tags?post=17082"}],"curies":[{"name":"wp","href":"https:\/\/api.w.org\/{rel}","templated":true}]}}