{"id":17103,"date":"2025-04-18T07:54:02","date_gmt":"2025-04-18T10:54:02","guid":{"rendered":"https:\/\/brasilnoticias.org\/site\/?p=17103"},"modified":"2025-04-18T07:54:02","modified_gmt":"2025-04-18T10:54:02","slug":"prf-inicia-operacao-de-feriado-nas-rodovias-federais","status":"publish","type":"post","link":"https:\/\/brasilnoticias.org\/site\/prf-inicia-operacao-de-feriado-nas-rodovias-federais\/","title":{"rendered":"PRF inicia opera\u00e7\u00e3o de feriado nas rodovias federais"},"content":{"rendered":"<p>Come\u00e7a nesta quinta-feira (17) a Opera\u00e7\u00e3o Semana Santa e Tiradentes 2025, da Pol\u00edcia Rodovi\u00e1ria Federal (PRF). Ser\u00e3o cinco dias de refor\u00e7o nas atividades de fiscaliza\u00e7\u00e3o em vias federais de todo o pa\u00eds, visando dar mais seguran\u00e7a a quem aproveita o feriado para pegar a estrada.<\/p>\n<p>A iniciativa busca prevenir sinistros e fiscalizar condutas irregulares por parte dos motoristas, com foco em diminuir as estat\u00edsticas de infra\u00e7\u00f5es registradas este ano.<\/p>\n<p>At\u00e9 mar\u00e7o, as infra\u00e7\u00f5es mais observadas foram:<\/p>\n<p>transitar em velocidade superior \u00e0 m\u00e1xima permitida, com mais de 1,7 milh\u00e3o de ocorr\u00eancias;<br \/>\nultrapassagens pela contram\u00e3o em trechos de linha amarela cont\u00ednua, com 55,2 mil casos;<br \/>\ncondu\u00e7\u00e3o de ve\u00edculo n\u00e3o licenciado, 65,8 mil casos;<br \/>\ne n\u00e3o uso de cinto de seguran\u00e7a, 35,4 mil ocorr\u00eancias<br \/>\n\u201cSomente nos meses de janeiro e fevereiro deste ano, a PRF contabilizou, no atendimento a sinistros de tr\u00e2nsito nas rodovias federais de todo o pa\u00eds, 280 feridos e 96 pessoas mortas que n\u00e3o faziam o uso do cinto de seguran\u00e7a\u201d, informou a PRF.<\/p>\n<p>Em igual per\u00edodo de 2024, foram 125 mortes e 313 feridos que estavam sem o equipamento de seguran\u00e7a.<\/p>\n<p>Tecnologia<\/p>\n<p>\u201cAl\u00e9m de aumentar nossa presen\u00e7a na rodovia, vamos aumentar o n\u00famero de fiscaliza\u00e7\u00f5es. Estamos nos valendo do aumento do uso da tecnologia, com radar fixo e m\u00f3vel. Temos aplicado muito os radares m\u00f3veis nessas fiscaliza\u00e7\u00f5es de velocidade\u201d, disse o diretor geral da PRF, Fernando Oliveira, ao anunciar a opera\u00e7\u00e3o.<\/p>\n<p>A PRF informa que durante os dias de opera\u00e7\u00e3o, intensificar\u00e1 a fiscaliza\u00e7\u00e3o de outras condutas irregulares que podem representar riscos.<\/p>\n<p>\u201cEntre elas, est\u00e3o a alcoolemia ao volante, o uso do celular ao volante e a falta de itens obrigat\u00f3rios de seguran\u00e7a, como o cinto e os dispositivos de reten\u00e7\u00e3o de crian\u00e7as, conhecidos popularmente como cadeirinhas\u201d.<\/p>\n<p>As a\u00e7\u00f5es durante o feriado buscam, tamb\u00e9m, combater criminalidades como tr\u00e1fico de drogas, armas e outros materiais ili?citos.<\/p>\n<p>Informa\u00e7\u00f5s do Ge \/ Foto: PRF\/Divulga\u00e7\u00e3o<\/p>\n","protected":false},"excerpt":{"rendered":"<p>Come\u00e7a nesta quinta-feira (17) a Opera\u00e7\u00e3o Semana Santa e Tiradentes 2025, da Pol\u00edcia Rodovi\u00e1ria Federal (PRF). Ser\u00e3o cinco dias de<\/p>\n","protected":false},"author":4,"featured_media":17104,"comment_status":"open","ping_status":"open","sticky":false,"template":"","format":"standard","meta":{"colormag_page_container_layout":"default_layout","colormag_page_sidebar_layout":"default_layout","_FSMCFIC_featured_image_caption":"","_FSMCFIC_featured_image_nocaption":"","_FSMCFIC_featured_image_hide":"","footnotes":""},"categories":[3,1],"tags":[],"class_list":["post-17103","post","type-post","status-publish","format-standard","has-post-thumbnail","hentry","category-policia","category-ultimas"],"yoast_head":"<!-- This site is optimized with the Yoast SEO plugin v27.1.1 - https:\/\/yoast.com\/product\/yoast-seo-wordpress\/ -->\n<title>PRF inicia opera\u00e7\u00e3o de feriado nas rodovias federais - Brasil not\u00edcias<\/title>\n<meta name=\"robots\" content=\"index, follow, max-snippet:-1, max-image-preview:large, max-video-preview:-1\" \/>\n<link rel=\"canonical\" href=\"https:\/\/brasilnoticias.org\/site\/prf-inicia-operacao-de-feriado-nas-rodovias-federais\/\" \/>\n<meta property=\"og:locale\" content=\"pt_PT\" \/>\n<meta property=\"og:type\" content=\"article\" \/>\n<meta property=\"og:title\" content=\"PRF inicia opera\u00e7\u00e3o de feriado nas rodovias federais - Brasil not\u00edcias\" \/>\n<meta property=\"og:description\" content=\"Come\u00e7a nesta quinta-feira (17) a Opera\u00e7\u00e3o Semana Santa e Tiradentes 2025, da Pol\u00edcia Rodovi\u00e1ria Federal (PRF). Ser\u00e3o cinco dias de\" \/>\n<meta property=\"og:url\" content=\"https:\/\/brasilnoticias.org\/site\/prf-inicia-operacao-de-feriado-nas-rodovias-federais\/\" \/>\n<meta property=\"og:site_name\" content=\"Brasil not\u00edcias\" \/>\n<meta property=\"article:published_time\" content=\"2025-04-18T10:54:02+00:00\" \/>\n<meta property=\"og:image\" content=\"https:\/\/brasilnoticias.org\/site\/wp-content\/uploads\/2025\/04\/IMAGEM_NOTICIA_0.jpg\" \/>\n\t<meta property=\"og:image:width\" content=\"850\" \/>\n\t<meta property=\"og:image:height\" content=\"400\" \/>\n\t<meta property=\"og:image:type\" content=\"image\/jpeg\" \/>\n<meta name=\"author\" content=\"Reda\u00e7\u00e3o\" \/>\n<meta name=\"twitter:card\" content=\"summary_large_image\" \/>\n<meta name=\"twitter:label1\" content=\"Escrito por\" \/>\n\t<meta name=\"twitter:data1\" content=\"Reda\u00e7\u00e3o\" \/>\n<script type=\"application\/ld+json\" class=\"yoast-schema-graph\">{\"@context\":\"https:\/\/schema.org\",\"@graph\":[{\"@type\":\"Article\",\"@id\":\"https:\/\/brasilnoticias.org\/site\/prf-inicia-operacao-de-feriado-nas-rodovias-federais\/#article\",\"isPartOf\":{\"@id\":\"https:\/\/brasilnoticias.org\/site\/prf-inicia-operacao-de-feriado-nas-rodovias-federais\/\"},\"author\":{\"name\":\"Reda\u00e7\u00e3o\",\"@id\":\"https:\/\/brasilnoticias.org\/site\/#\/schema\/person\/03bbbfe6c7634ad18c26444ea39049fa\"},\"headline\":\"PRF inicia opera\u00e7\u00e3o de feriado nas rodovias federais\",\"datePublished\":\"2025-04-18T10:54:02+00:00\",\"mainEntityOfPage\":{\"@id\":\"https:\/\/brasilnoticias.org\/site\/prf-inicia-operacao-de-feriado-nas-rodovias-federais\/\"},\"wordCount\":359,\"commentCount\":0,\"publisher\":{\"@id\":\"https:\/\/brasilnoticias.org\/site\/#organization\"},\"image\":{\"@id\":\"https:\/\/brasilnoticias.org\/site\/prf-inicia-operacao-de-feriado-nas-rodovias-federais\/#primaryimage\"},\"thumbnailUrl\":\"https:\/\/brasilnoticias.org\/site\/wp-content\/uploads\/2025\/04\/IMAGEM_NOTICIA_0.jpg\",\"articleSection\":[\"Pol\u00edcia\",\"\u00daltimas\"],\"inLanguage\":\"pt-PT\",\"potentialAction\":[{\"@type\":\"CommentAction\",\"name\":\"Comment\",\"target\":[\"https:\/\/brasilnoticias.org\/site\/prf-inicia-operacao-de-feriado-nas-rodovias-federais\/#respond\"]}]},{\"@type\":\"WebPage\",\"@id\":\"https:\/\/brasilnoticias.org\/site\/prf-inicia-operacao-de-feriado-nas-rodovias-federais\/\",\"url\":\"https:\/\/brasilnoticias.org\/site\/prf-inicia-operacao-de-feriado-nas-rodovias-federais\/\",\"name\":\"PRF inicia opera\u00e7\u00e3o de feriado nas rodovias federais - Brasil not\u00edcias\",\"isPartOf\":{\"@id\":\"https:\/\/brasilnoticias.org\/site\/#website\"},\"primaryImageOfPage\":{\"@id\":\"https:\/\/brasilnoticias.org\/site\/prf-inicia-operacao-de-feriado-nas-rodovias-federais\/#primaryimage\"},\"image\":{\"@id\":\"https:\/\/brasilnoticias.org\/site\/prf-inicia-operacao-de-feriado-nas-rodovias-federais\/#primaryimage\"},\"thumbnailUrl\":\"https:\/\/brasilnoticias.org\/site\/wp-content\/uploads\/2025\/04\/IMAGEM_NOTICIA_0.jpg\",\"datePublished\":\"2025-04-18T10:54:02+00:00\",\"breadcrumb\":{\"@id\":\"https:\/\/brasilnoticias.org\/site\/prf-inicia-operacao-de-feriado-nas-rodovias-federais\/#breadcrumb\"},\"inLanguage\":\"pt-PT\",\"potentialAction\":[{\"@type\":\"ReadAction\",\"target\":[\"https:\/\/brasilnoticias.org\/site\/prf-inicia-operacao-de-feriado-nas-rodovias-federais\/\"]}]},{\"@type\":\"ImageObject\",\"inLanguage\":\"pt-PT\",\"@id\":\"https:\/\/brasilnoticias.org\/site\/prf-inicia-operacao-de-feriado-nas-rodovias-federais\/#primaryimage\",\"url\":\"https:\/\/brasilnoticias.org\/site\/wp-content\/uploads\/2025\/04\/IMAGEM_NOTICIA_0.jpg\",\"contentUrl\":\"https:\/\/brasilnoticias.org\/site\/wp-content\/uploads\/2025\/04\/IMAGEM_NOTICIA_0.jpg\",\"width\":850,\"height\":400},{\"@type\":\"BreadcrumbList\",\"@id\":\"https:\/\/brasilnoticias.org\/site\/prf-inicia-operacao-de-feriado-nas-rodovias-federais\/#breadcrumb\",\"itemListElement\":[{\"@type\":\"ListItem\",\"position\":1,\"name\":\"In\u00edcio\",\"item\":\"https:\/\/brasilnoticias.org\/site\/\"},{\"@type\":\"ListItem\",\"position\":2,\"name\":\"PRF inicia opera\u00e7\u00e3o de feriado nas rodovias federais\"}]},{\"@type\":\"WebSite\",\"@id\":\"https:\/\/brasilnoticias.org\/site\/#website\",\"url\":\"https:\/\/brasilnoticias.org\/site\/\",\"name\":\"Brasil not\u00edcias\",\"description\":\"Brasil not\u00edcias\",\"publisher\":{\"@id\":\"https:\/\/brasilnoticias.org\/site\/#organization\"},\"potentialAction\":[{\"@type\":\"SearchAction\",\"target\":{\"@type\":\"EntryPoint\",\"urlTemplate\":\"https:\/\/brasilnoticias.org\/site\/?s={search_term_string}\"},\"query-input\":{\"@type\":\"PropertyValueSpecification\",\"valueRequired\":true,\"valueName\":\"search_term_string\"}}],\"inLanguage\":\"pt-PT\"},{\"@type\":\"Organization\",\"@id\":\"https:\/\/brasilnoticias.org\/site\/#organization\",\"name\":\"Brasil not\u00edcias\",\"url\":\"https:\/\/brasilnoticias.org\/site\/\",\"logo\":{\"@type\":\"ImageObject\",\"inLanguage\":\"pt-PT\",\"@id\":\"https:\/\/brasilnoticias.org\/site\/#\/schema\/logo\/image\/\",\"url\":\"https:\/\/brasilnoticias.org\/site\/wp-content\/uploads\/2022\/05\/cropped-brasilnoticias-mini.jpg\",\"contentUrl\":\"https:\/\/brasilnoticias.org\/site\/wp-content\/uploads\/2022\/05\/cropped-brasilnoticias-mini.jpg\",\"width\":314,\"height\":86,\"caption\":\"Brasil not\u00edcias\"},\"image\":{\"@id\":\"https:\/\/brasilnoticias.org\/site\/#\/schema\/logo\/image\/\"}},{\"@type\":\"Person\",\"@id\":\"https:\/\/brasilnoticias.org\/site\/#\/schema\/person\/03bbbfe6c7634ad18c26444ea39049fa\",\"name\":\"Reda\u00e7\u00e3o\",\"image\":{\"@type\":\"ImageObject\",\"inLanguage\":\"pt-PT\",\"@id\":\"https:\/\/brasilnoticias.org\/site\/#\/schema\/person\/image\/\",\"url\":\"https:\/\/secure.gravatar.com\/avatar\/9ecaf7327a696cb23ad926fedded5f1f04d7049de9e445375d55b48c001a6e42?s=96&d=mm&r=g\",\"contentUrl\":\"https:\/\/secure.gravatar.com\/avatar\/9ecaf7327a696cb23ad926fedded5f1f04d7049de9e445375d55b48c001a6e42?s=96&d=mm&r=g\",\"caption\":\"Reda\u00e7\u00e3o\"},\"url\":\"https:\/\/brasilnoticias.org\/site\/author\/henrique\/\"}]}<\/script>\n<!-- \/ Yoast SEO plugin. -->","yoast_head_json":{"title":"PRF inicia opera\u00e7\u00e3o de feriado nas rodovias federais - Brasil not\u00edcias","robots":{"index":"index","follow":"follow","max-snippet":"max-snippet:-1","max-image-preview":"max-image-preview:large","max-video-preview":"max-video-preview:-1"},"canonical":"https:\/\/brasilnoticias.org\/site\/prf-inicia-operacao-de-feriado-nas-rodovias-federais\/","og_locale":"pt_PT","og_type":"article","og_title":"PRF inicia opera\u00e7\u00e3o de feriado nas rodovias federais - Brasil not\u00edcias","og_description":"Come\u00e7a nesta quinta-feira (17) a Opera\u00e7\u00e3o Semana Santa e Tiradentes 2025, da Pol\u00edcia Rodovi\u00e1ria Federal (PRF). Ser\u00e3o cinco dias de","og_url":"https:\/\/brasilnoticias.org\/site\/prf-inicia-operacao-de-feriado-nas-rodovias-federais\/","og_site_name":"Brasil not\u00edcias","article_published_time":"2025-04-18T10:54:02+00:00","og_image":[{"width":850,"height":400,"url":"https:\/\/brasilnoticias.org\/site\/wp-content\/uploads\/2025\/04\/IMAGEM_NOTICIA_0.jpg","type":"image\/jpeg"}],"author":"Reda\u00e7\u00e3o","twitter_card":"summary_large_image","twitter_misc":{"Escrito por":"Reda\u00e7\u00e3o"},"schema":{"@context":"https:\/\/schema.org","@graph":[{"@type":"Article","@id":"https:\/\/brasilnoticias.org\/site\/prf-inicia-operacao-de-feriado-nas-rodovias-federais\/#article","isPartOf":{"@id":"https:\/\/brasilnoticias.org\/site\/prf-inicia-operacao-de-feriado-nas-rodovias-federais\/"},"author":{"name":"Reda\u00e7\u00e3o","@id":"https:\/\/brasilnoticias.org\/site\/#\/schema\/person\/03bbbfe6c7634ad18c26444ea39049fa"},"headline":"PRF inicia opera\u00e7\u00e3o de feriado nas rodovias federais","datePublished":"2025-04-18T10:54:02+00:00","mainEntityOfPage":{"@id":"https:\/\/brasilnoticias.org\/site\/prf-inicia-operacao-de-feriado-nas-rodovias-federais\/"},"wordCount":359,"commentCount":0,"publisher":{"@id":"https:\/\/brasilnoticias.org\/site\/#organization"},"image":{"@id":"https:\/\/brasilnoticias.org\/site\/prf-inicia-operacao-de-feriado-nas-rodovias-federais\/#primaryimage"},"thumbnailUrl":"https:\/\/brasilnoticias.org\/site\/wp-content\/uploads\/2025\/04\/IMAGEM_NOTICIA_0.jpg","articleSection":["Pol\u00edcia","\u00daltimas"],"inLanguage":"pt-PT","potentialAction":[{"@type":"CommentAction","name":"Comment","target":["https:\/\/brasilnoticias.org\/site\/prf-inicia-operacao-de-feriado-nas-rodovias-federais\/#respond"]}]},{"@type":"WebPage","@id":"https:\/\/brasilnoticias.org\/site\/prf-inicia-operacao-de-feriado-nas-rodovias-federais\/","url":"https:\/\/brasilnoticias.org\/site\/prf-inicia-operacao-de-feriado-nas-rodovias-federais\/","name":"PRF inicia opera\u00e7\u00e3o de feriado nas rodovias federais - Brasil not\u00edcias","isPartOf":{"@id":"https:\/\/brasilnoticias.org\/site\/#website"},"primaryImageOfPage":{"@id":"https:\/\/brasilnoticias.org\/site\/prf-inicia-operacao-de-feriado-nas-rodovias-federais\/#primaryimage"},"image":{"@id":"https:\/\/brasilnoticias.org\/site\/prf-inicia-operacao-de-feriado-nas-rodovias-federais\/#primaryimage"},"thumbnailUrl":"https:\/\/brasilnoticias.org\/site\/wp-content\/uploads\/2025\/04\/IMAGEM_NOTICIA_0.jpg","datePublished":"2025-04-18T10:54:02+00:00","breadcrumb":{"@id":"https:\/\/brasilnoticias.org\/site\/prf-inicia-operacao-de-feriado-nas-rodovias-federais\/#breadcrumb"},"inLanguage":"pt-PT","potentialAction":[{"@type":"ReadAction","target":["https:\/\/brasilnoticias.org\/site\/prf-inicia-operacao-de-feriado-nas-rodovias-federais\/"]}]},{"@type":"ImageObject","inLanguage":"pt-PT","@id":"https:\/\/brasilnoticias.org\/site\/prf-inicia-operacao-de-feriado-nas-rodovias-federais\/#primaryimage","url":"https:\/\/brasilnoticias.org\/site\/wp-content\/uploads\/2025\/04\/IMAGEM_NOTICIA_0.jpg","contentUrl":"https:\/\/brasilnoticias.org\/site\/wp-content\/uploads\/2025\/04\/IMAGEM_NOTICIA_0.jpg","width":850,"height":400},{"@type":"BreadcrumbList","@id":"https:\/\/brasilnoticias.org\/site\/prf-inicia-operacao-de-feriado-nas-rodovias-federais\/#breadcrumb","itemListElement":[{"@type":"ListItem","position":1,"name":"In\u00edcio","item":"https:\/\/brasilnoticias.org\/site\/"},{"@type":"ListItem","position":2,"name":"PRF inicia opera\u00e7\u00e3o de feriado nas rodovias federais"}]},{"@type":"WebSite","@id":"https:\/\/brasilnoticias.org\/site\/#website","url":"https:\/\/brasilnoticias.org\/site\/","name":"Brasil not\u00edcias","description":"Brasil not\u00edcias","publisher":{"@id":"https:\/\/brasilnoticias.org\/site\/#organization"},"potentialAction":[{"@type":"SearchAction","target":{"@type":"EntryPoint","urlTemplate":"https:\/\/brasilnoticias.org\/site\/?s={search_term_string}"},"query-input":{"@type":"PropertyValueSpecification","valueRequired":true,"valueName":"search_term_string"}}],"inLanguage":"pt-PT"},{"@type":"Organization","@id":"https:\/\/brasilnoticias.org\/site\/#organization","name":"Brasil not\u00edcias","url":"https:\/\/brasilnoticias.org\/site\/","logo":{"@type":"ImageObject","inLanguage":"pt-PT","@id":"https:\/\/brasilnoticias.org\/site\/#\/schema\/logo\/image\/","url":"https:\/\/brasilnoticias.org\/site\/wp-content\/uploads\/2022\/05\/cropped-brasilnoticias-mini.jpg","contentUrl":"https:\/\/brasilnoticias.org\/site\/wp-content\/uploads\/2022\/05\/cropped-brasilnoticias-mini.jpg","width":314,"height":86,"caption":"Brasil not\u00edcias"},"image":{"@id":"https:\/\/brasilnoticias.org\/site\/#\/schema\/logo\/image\/"}},{"@type":"Person","@id":"https:\/\/brasilnoticias.org\/site\/#\/schema\/person\/03bbbfe6c7634ad18c26444ea39049fa","name":"Reda\u00e7\u00e3o","image":{"@type":"ImageObject","inLanguage":"pt-PT","@id":"https:\/\/brasilnoticias.org\/site\/#\/schema\/person\/image\/","url":"https:\/\/secure.gravatar.com\/avatar\/9ecaf7327a696cb23ad926fedded5f1f04d7049de9e445375d55b48c001a6e42?s=96&d=mm&r=g","contentUrl":"https:\/\/secure.gravatar.com\/avatar\/9ecaf7327a696cb23ad926fedded5f1f04d7049de9e445375d55b48c001a6e42?s=96&d=mm&r=g","caption":"Reda\u00e7\u00e3o"},"url":"https:\/\/brasilnoticias.org\/site\/author\/henrique\/"}]}},"_links":{"self":[{"href":"https:\/\/brasilnoticias.org\/site\/wp-json\/wp\/v2\/posts\/17103","targetHints":{"allow":["GET"]}}],"collection":[{"href":"https:\/\/brasilnoticias.org\/site\/wp-json\/wp\/v2\/posts"}],"about":[{"href":"https:\/\/brasilnoticias.org\/site\/wp-json\/wp\/v2\/types\/post"}],"author":[{"embeddable":true,"href":"https:\/\/brasilnoticias.org\/site\/wp-json\/wp\/v2\/users\/4"}],"replies":[{"embeddable":true,"href":"https:\/\/brasilnoticias.org\/site\/wp-json\/wp\/v2\/comments?post=17103"}],"version-history":[{"count":1,"href":"https:\/\/brasilnoticias.org\/site\/wp-json\/wp\/v2\/posts\/17103\/revisions"}],"predecessor-version":[{"id":17105,"href":"https:\/\/brasilnoticias.org\/site\/wp-json\/wp\/v2\/posts\/17103\/revisions\/17105"}],"wp:featuredmedia":[{"embeddable":true,"href":"https:\/\/brasilnoticias.org\/site\/wp-json\/wp\/v2\/media\/17104"}],"wp:attachment":[{"href":"https:\/\/brasilnoticias.org\/site\/wp-json\/wp\/v2\/media?parent=17103"}],"wp:term":[{"taxonomy":"category","embeddable":true,"href":"https:\/\/brasilnoticias.org\/site\/wp-json\/wp\/v2\/categories?post=17103"},{"taxonomy":"post_tag","embeddable":true,"href":"https:\/\/brasilnoticias.org\/site\/wp-json\/wp\/v2\/tags?post=17103"}],"curies":[{"name":"wp","href":"https:\/\/api.w.org\/{rel}","templated":true}]}}