{"id":17106,"date":"2025-04-18T07:54:46","date_gmt":"2025-04-18T10:54:46","guid":{"rendered":"https:\/\/brasilnoticias.org\/site\/?p=17106"},"modified":"2025-04-18T07:54:46","modified_gmt":"2025-04-18T10:54:46","slug":"acm-neto-critica-jeronimo-por-deixar-situacao-sair-do-controle-e-precisar-da-forca-nacional-no-extremo-sul-da-bahia","status":"publish","type":"post","link":"https:\/\/brasilnoticias.org\/site\/acm-neto-critica-jeronimo-por-deixar-situacao-sair-do-controle-e-precisar-da-forca-nacional-no-extremo-sul-da-bahia\/","title":{"rendered":"ACM Neto critica Jer\u00f4nimo por deixar situa\u00e7\u00e3o sair do controle e precisar da For\u00e7a Nacional no Extremo Sul da Bahia"},"content":{"rendered":"<p>O ex-prefeito de Salvador e vice-presidente do Uni\u00e3o Brasil, ACM Neto, criticou a condu\u00e7\u00e3o do governador Jer\u00f4nimo Rodrigues (PT) diante da escalada de conflitos entre ind\u00edgenas e produtores rurais no Extremo Sul da Bahia. Segundo Neto, o envio da For\u00e7a Nacional \u00e0 regi\u00e3o, confirmado nesta quinta-feira (17), \u00e9 consequ\u00eancia direta da omiss\u00e3o do governo estadual.<\/p>\n<p>\u201cA situa\u00e7\u00e3o no Extremo Sul chegou a um ponto t\u00e3o grave que o Estado perdeu completamente o controle. Jer\u00f4nimo teve que pedir socorro \u00e0 For\u00e7a Nacional. Tudo isso \u00e9 resultado da omiss\u00e3o do pr\u00f3prio governo, que deixou as invas\u00f5es crescerem at\u00e9 virar um conflito fora de controle\u201d, afirmou ACM Neto.<\/p>\n<p>A presen\u00e7a da For\u00e7a Nacional foi autorizada pelo Minist\u00e9rio da Justi\u00e7a e Seguran\u00e7a P\u00fablica, com apoio do Minist\u00e9rio dos Povos Ind\u00edgenas e do Movimento Unido dos Povos e Organiza\u00e7\u00f5es Ind\u00edgenas da Bahia (Mupoiba). A medida ocorre ap\u00f3s o agravamento da tens\u00e3o na regi\u00e3o, marcada por disputas de terra e epis\u00f3dios de viol\u00eancia.<\/p>\n<p>Para ACM Neto, o governo da Bahia falhou em prevenir a crise, permitindo que o problema tomasse propor\u00e7\u00f5es t\u00e3o grandes a ponto de depender da interven\u00e7\u00e3o federal. \u201cIsso \u00e9 reflexo de anos de descaso com a seguran\u00e7a no campo e falta de media\u00e7\u00e3o efetiva por parte do Estado\u201d, completou.<\/p>\n","protected":false},"excerpt":{"rendered":"<p>O ex-prefeito de Salvador e vice-presidente do Uni\u00e3o Brasil, ACM Neto, criticou a condu\u00e7\u00e3o do governador Jer\u00f4nimo Rodrigues (PT) diante<\/p>\n","protected":false},"author":4,"featured_media":17107,"comment_status":"open","ping_status":"open","sticky":false,"template":"","format":"standard","meta":{"colormag_page_container_layout":"default_layout","colormag_page_sidebar_layout":"default_layout","_FSMCFIC_featured_image_caption":"","_FSMCFIC_featured_image_nocaption":"","_FSMCFIC_featured_image_hide":"","footnotes":""},"categories":[5,1],"tags":[],"class_list":["post-17106","post","type-post","status-publish","format-standard","has-post-thumbnail","hentry","category-politica","category-ultimas"],"yoast_head":"<!-- This site is optimized with the Yoast SEO plugin v27.1.1 - https:\/\/yoast.com\/product\/yoast-seo-wordpress\/ -->\n<title>ACM Neto critica Jer\u00f4nimo por deixar situa\u00e7\u00e3o sair do controle e precisar da For\u00e7a Nacional no Extremo Sul da Bahia - Brasil not\u00edcias<\/title>\n<meta name=\"robots\" content=\"index, follow, max-snippet:-1, max-image-preview:large, max-video-preview:-1\" \/>\n<link rel=\"canonical\" href=\"https:\/\/brasilnoticias.org\/site\/acm-neto-critica-jeronimo-por-deixar-situacao-sair-do-controle-e-precisar-da-forca-nacional-no-extremo-sul-da-bahia\/\" \/>\n<meta property=\"og:locale\" content=\"pt_PT\" \/>\n<meta property=\"og:type\" content=\"article\" \/>\n<meta property=\"og:title\" content=\"ACM Neto critica Jer\u00f4nimo por deixar situa\u00e7\u00e3o sair do controle e precisar da For\u00e7a Nacional no Extremo Sul da Bahia - Brasil not\u00edcias\" \/>\n<meta property=\"og:description\" content=\"O ex-prefeito de Salvador e vice-presidente do Uni\u00e3o Brasil, ACM Neto, criticou a condu\u00e7\u00e3o do governador Jer\u00f4nimo Rodrigues (PT) diante\" \/>\n<meta property=\"og:url\" content=\"https:\/\/brasilnoticias.org\/site\/acm-neto-critica-jeronimo-por-deixar-situacao-sair-do-controle-e-precisar-da-forca-nacional-no-extremo-sul-da-bahia\/\" \/>\n<meta property=\"og:site_name\" content=\"Brasil not\u00edcias\" \/>\n<meta property=\"article:published_time\" content=\"2025-04-18T10:54:46+00:00\" \/>\n<meta property=\"og:image\" content=\"https:\/\/brasilnoticias.org\/site\/wp-content\/uploads\/2025\/04\/IMAGEM_NOTICIA_0-1.jpg\" \/>\n\t<meta property=\"og:image:width\" content=\"850\" \/>\n\t<meta property=\"og:image:height\" content=\"400\" \/>\n\t<meta property=\"og:image:type\" content=\"image\/jpeg\" \/>\n<meta name=\"author\" content=\"Reda\u00e7\u00e3o\" \/>\n<meta name=\"twitter:card\" content=\"summary_large_image\" \/>\n<meta name=\"twitter:label1\" content=\"Escrito por\" \/>\n\t<meta name=\"twitter:data1\" content=\"Reda\u00e7\u00e3o\" \/>\n\t<meta name=\"twitter:label2\" content=\"Tempo estimado de leitura\" \/>\n\t<meta name=\"twitter:data2\" content=\"1 minuto\" \/>\n<script type=\"application\/ld+json\" class=\"yoast-schema-graph\">{\"@context\":\"https:\/\/schema.org\",\"@graph\":[{\"@type\":\"Article\",\"@id\":\"https:\/\/brasilnoticias.org\/site\/acm-neto-critica-jeronimo-por-deixar-situacao-sair-do-controle-e-precisar-da-forca-nacional-no-extremo-sul-da-bahia\/#article\",\"isPartOf\":{\"@id\":\"https:\/\/brasilnoticias.org\/site\/acm-neto-critica-jeronimo-por-deixar-situacao-sair-do-controle-e-precisar-da-forca-nacional-no-extremo-sul-da-bahia\/\"},\"author\":{\"name\":\"Reda\u00e7\u00e3o\",\"@id\":\"https:\/\/brasilnoticias.org\/site\/#\/schema\/person\/03bbbfe6c7634ad18c26444ea39049fa\"},\"headline\":\"ACM Neto critica Jer\u00f4nimo por deixar situa\u00e7\u00e3o sair do controle e precisar da For\u00e7a Nacional no Extremo Sul da Bahia\",\"datePublished\":\"2025-04-18T10:54:46+00:00\",\"mainEntityOfPage\":{\"@id\":\"https:\/\/brasilnoticias.org\/site\/acm-neto-critica-jeronimo-por-deixar-situacao-sair-do-controle-e-precisar-da-forca-nacional-no-extremo-sul-da-bahia\/\"},\"wordCount\":258,\"commentCount\":0,\"publisher\":{\"@id\":\"https:\/\/brasilnoticias.org\/site\/#organization\"},\"image\":{\"@id\":\"https:\/\/brasilnoticias.org\/site\/acm-neto-critica-jeronimo-por-deixar-situacao-sair-do-controle-e-precisar-da-forca-nacional-no-extremo-sul-da-bahia\/#primaryimage\"},\"thumbnailUrl\":\"https:\/\/brasilnoticias.org\/site\/wp-content\/uploads\/2025\/04\/IMAGEM_NOTICIA_0-1.jpg\",\"articleSection\":[\"Pol\u00edtica\",\"\u00daltimas\"],\"inLanguage\":\"pt-PT\",\"potentialAction\":[{\"@type\":\"CommentAction\",\"name\":\"Comment\",\"target\":[\"https:\/\/brasilnoticias.org\/site\/acm-neto-critica-jeronimo-por-deixar-situacao-sair-do-controle-e-precisar-da-forca-nacional-no-extremo-sul-da-bahia\/#respond\"]}]},{\"@type\":\"WebPage\",\"@id\":\"https:\/\/brasilnoticias.org\/site\/acm-neto-critica-jeronimo-por-deixar-situacao-sair-do-controle-e-precisar-da-forca-nacional-no-extremo-sul-da-bahia\/\",\"url\":\"https:\/\/brasilnoticias.org\/site\/acm-neto-critica-jeronimo-por-deixar-situacao-sair-do-controle-e-precisar-da-forca-nacional-no-extremo-sul-da-bahia\/\",\"name\":\"ACM Neto critica Jer\u00f4nimo por deixar situa\u00e7\u00e3o sair do controle e precisar da For\u00e7a Nacional no Extremo Sul da Bahia - Brasil not\u00edcias\",\"isPartOf\":{\"@id\":\"https:\/\/brasilnoticias.org\/site\/#website\"},\"primaryImageOfPage\":{\"@id\":\"https:\/\/brasilnoticias.org\/site\/acm-neto-critica-jeronimo-por-deixar-situacao-sair-do-controle-e-precisar-da-forca-nacional-no-extremo-sul-da-bahia\/#primaryimage\"},\"image\":{\"@id\":\"https:\/\/brasilnoticias.org\/site\/acm-neto-critica-jeronimo-por-deixar-situacao-sair-do-controle-e-precisar-da-forca-nacional-no-extremo-sul-da-bahia\/#primaryimage\"},\"thumbnailUrl\":\"https:\/\/brasilnoticias.org\/site\/wp-content\/uploads\/2025\/04\/IMAGEM_NOTICIA_0-1.jpg\",\"datePublished\":\"2025-04-18T10:54:46+00:00\",\"breadcrumb\":{\"@id\":\"https:\/\/brasilnoticias.org\/site\/acm-neto-critica-jeronimo-por-deixar-situacao-sair-do-controle-e-precisar-da-forca-nacional-no-extremo-sul-da-bahia\/#breadcrumb\"},\"inLanguage\":\"pt-PT\",\"potentialAction\":[{\"@type\":\"ReadAction\",\"target\":[\"https:\/\/brasilnoticias.org\/site\/acm-neto-critica-jeronimo-por-deixar-situacao-sair-do-controle-e-precisar-da-forca-nacional-no-extremo-sul-da-bahia\/\"]}]},{\"@type\":\"ImageObject\",\"inLanguage\":\"pt-PT\",\"@id\":\"https:\/\/brasilnoticias.org\/site\/acm-neto-critica-jeronimo-por-deixar-situacao-sair-do-controle-e-precisar-da-forca-nacional-no-extremo-sul-da-bahia\/#primaryimage\",\"url\":\"https:\/\/brasilnoticias.org\/site\/wp-content\/uploads\/2025\/04\/IMAGEM_NOTICIA_0-1.jpg\",\"contentUrl\":\"https:\/\/brasilnoticias.org\/site\/wp-content\/uploads\/2025\/04\/IMAGEM_NOTICIA_0-1.jpg\",\"width\":850,\"height\":400},{\"@type\":\"BreadcrumbList\",\"@id\":\"https:\/\/brasilnoticias.org\/site\/acm-neto-critica-jeronimo-por-deixar-situacao-sair-do-controle-e-precisar-da-forca-nacional-no-extremo-sul-da-bahia\/#breadcrumb\",\"itemListElement\":[{\"@type\":\"ListItem\",\"position\":1,\"name\":\"In\u00edcio\",\"item\":\"https:\/\/brasilnoticias.org\/site\/\"},{\"@type\":\"ListItem\",\"position\":2,\"name\":\"ACM Neto critica Jer\u00f4nimo por deixar situa\u00e7\u00e3o sair do controle e precisar da For\u00e7a Nacional no Extremo Sul da Bahia\"}]},{\"@type\":\"WebSite\",\"@id\":\"https:\/\/brasilnoticias.org\/site\/#website\",\"url\":\"https:\/\/brasilnoticias.org\/site\/\",\"name\":\"Brasil not\u00edcias\",\"description\":\"Brasil not\u00edcias\",\"publisher\":{\"@id\":\"https:\/\/brasilnoticias.org\/site\/#organization\"},\"potentialAction\":[{\"@type\":\"SearchAction\",\"target\":{\"@type\":\"EntryPoint\",\"urlTemplate\":\"https:\/\/brasilnoticias.org\/site\/?s={search_term_string}\"},\"query-input\":{\"@type\":\"PropertyValueSpecification\",\"valueRequired\":true,\"valueName\":\"search_term_string\"}}],\"inLanguage\":\"pt-PT\"},{\"@type\":\"Organization\",\"@id\":\"https:\/\/brasilnoticias.org\/site\/#organization\",\"name\":\"Brasil not\u00edcias\",\"url\":\"https:\/\/brasilnoticias.org\/site\/\",\"logo\":{\"@type\":\"ImageObject\",\"inLanguage\":\"pt-PT\",\"@id\":\"https:\/\/brasilnoticias.org\/site\/#\/schema\/logo\/image\/\",\"url\":\"https:\/\/brasilnoticias.org\/site\/wp-content\/uploads\/2022\/05\/cropped-brasilnoticias-mini.jpg\",\"contentUrl\":\"https:\/\/brasilnoticias.org\/site\/wp-content\/uploads\/2022\/05\/cropped-brasilnoticias-mini.jpg\",\"width\":314,\"height\":86,\"caption\":\"Brasil not\u00edcias\"},\"image\":{\"@id\":\"https:\/\/brasilnoticias.org\/site\/#\/schema\/logo\/image\/\"}},{\"@type\":\"Person\",\"@id\":\"https:\/\/brasilnoticias.org\/site\/#\/schema\/person\/03bbbfe6c7634ad18c26444ea39049fa\",\"name\":\"Reda\u00e7\u00e3o\",\"image\":{\"@type\":\"ImageObject\",\"inLanguage\":\"pt-PT\",\"@id\":\"https:\/\/brasilnoticias.org\/site\/#\/schema\/person\/image\/\",\"url\":\"https:\/\/secure.gravatar.com\/avatar\/9ecaf7327a696cb23ad926fedded5f1f04d7049de9e445375d55b48c001a6e42?s=96&d=mm&r=g\",\"contentUrl\":\"https:\/\/secure.gravatar.com\/avatar\/9ecaf7327a696cb23ad926fedded5f1f04d7049de9e445375d55b48c001a6e42?s=96&d=mm&r=g\",\"caption\":\"Reda\u00e7\u00e3o\"},\"url\":\"https:\/\/brasilnoticias.org\/site\/author\/henrique\/\"}]}<\/script>\n<!-- \/ Yoast SEO plugin. -->","yoast_head_json":{"title":"ACM Neto critica Jer\u00f4nimo por deixar situa\u00e7\u00e3o sair do controle e precisar da For\u00e7a Nacional no Extremo Sul da Bahia - Brasil not\u00edcias","robots":{"index":"index","follow":"follow","max-snippet":"max-snippet:-1","max-image-preview":"max-image-preview:large","max-video-preview":"max-video-preview:-1"},"canonical":"https:\/\/brasilnoticias.org\/site\/acm-neto-critica-jeronimo-por-deixar-situacao-sair-do-controle-e-precisar-da-forca-nacional-no-extremo-sul-da-bahia\/","og_locale":"pt_PT","og_type":"article","og_title":"ACM Neto critica Jer\u00f4nimo por deixar situa\u00e7\u00e3o sair do controle e precisar da For\u00e7a Nacional no Extremo Sul da Bahia - Brasil not\u00edcias","og_description":"O ex-prefeito de Salvador e vice-presidente do Uni\u00e3o Brasil, ACM Neto, criticou a condu\u00e7\u00e3o do governador Jer\u00f4nimo Rodrigues (PT) diante","og_url":"https:\/\/brasilnoticias.org\/site\/acm-neto-critica-jeronimo-por-deixar-situacao-sair-do-controle-e-precisar-da-forca-nacional-no-extremo-sul-da-bahia\/","og_site_name":"Brasil not\u00edcias","article_published_time":"2025-04-18T10:54:46+00:00","og_image":[{"width":850,"height":400,"url":"https:\/\/brasilnoticias.org\/site\/wp-content\/uploads\/2025\/04\/IMAGEM_NOTICIA_0-1.jpg","type":"image\/jpeg"}],"author":"Reda\u00e7\u00e3o","twitter_card":"summary_large_image","twitter_misc":{"Escrito por":"Reda\u00e7\u00e3o","Tempo estimado de leitura":"1 minuto"},"schema":{"@context":"https:\/\/schema.org","@graph":[{"@type":"Article","@id":"https:\/\/brasilnoticias.org\/site\/acm-neto-critica-jeronimo-por-deixar-situacao-sair-do-controle-e-precisar-da-forca-nacional-no-extremo-sul-da-bahia\/#article","isPartOf":{"@id":"https:\/\/brasilnoticias.org\/site\/acm-neto-critica-jeronimo-por-deixar-situacao-sair-do-controle-e-precisar-da-forca-nacional-no-extremo-sul-da-bahia\/"},"author":{"name":"Reda\u00e7\u00e3o","@id":"https:\/\/brasilnoticias.org\/site\/#\/schema\/person\/03bbbfe6c7634ad18c26444ea39049fa"},"headline":"ACM Neto critica Jer\u00f4nimo por deixar situa\u00e7\u00e3o sair do controle e precisar da For\u00e7a Nacional no Extremo Sul da Bahia","datePublished":"2025-04-18T10:54:46+00:00","mainEntityOfPage":{"@id":"https:\/\/brasilnoticias.org\/site\/acm-neto-critica-jeronimo-por-deixar-situacao-sair-do-controle-e-precisar-da-forca-nacional-no-extremo-sul-da-bahia\/"},"wordCount":258,"commentCount":0,"publisher":{"@id":"https:\/\/brasilnoticias.org\/site\/#organization"},"image":{"@id":"https:\/\/brasilnoticias.org\/site\/acm-neto-critica-jeronimo-por-deixar-situacao-sair-do-controle-e-precisar-da-forca-nacional-no-extremo-sul-da-bahia\/#primaryimage"},"thumbnailUrl":"https:\/\/brasilnoticias.org\/site\/wp-content\/uploads\/2025\/04\/IMAGEM_NOTICIA_0-1.jpg","articleSection":["Pol\u00edtica","\u00daltimas"],"inLanguage":"pt-PT","potentialAction":[{"@type":"CommentAction","name":"Comment","target":["https:\/\/brasilnoticias.org\/site\/acm-neto-critica-jeronimo-por-deixar-situacao-sair-do-controle-e-precisar-da-forca-nacional-no-extremo-sul-da-bahia\/#respond"]}]},{"@type":"WebPage","@id":"https:\/\/brasilnoticias.org\/site\/acm-neto-critica-jeronimo-por-deixar-situacao-sair-do-controle-e-precisar-da-forca-nacional-no-extremo-sul-da-bahia\/","url":"https:\/\/brasilnoticias.org\/site\/acm-neto-critica-jeronimo-por-deixar-situacao-sair-do-controle-e-precisar-da-forca-nacional-no-extremo-sul-da-bahia\/","name":"ACM Neto critica Jer\u00f4nimo por deixar situa\u00e7\u00e3o sair do controle e precisar da For\u00e7a Nacional no Extremo Sul da Bahia - Brasil not\u00edcias","isPartOf":{"@id":"https:\/\/brasilnoticias.org\/site\/#website"},"primaryImageOfPage":{"@id":"https:\/\/brasilnoticias.org\/site\/acm-neto-critica-jeronimo-por-deixar-situacao-sair-do-controle-e-precisar-da-forca-nacional-no-extremo-sul-da-bahia\/#primaryimage"},"image":{"@id":"https:\/\/brasilnoticias.org\/site\/acm-neto-critica-jeronimo-por-deixar-situacao-sair-do-controle-e-precisar-da-forca-nacional-no-extremo-sul-da-bahia\/#primaryimage"},"thumbnailUrl":"https:\/\/brasilnoticias.org\/site\/wp-content\/uploads\/2025\/04\/IMAGEM_NOTICIA_0-1.jpg","datePublished":"2025-04-18T10:54:46+00:00","breadcrumb":{"@id":"https:\/\/brasilnoticias.org\/site\/acm-neto-critica-jeronimo-por-deixar-situacao-sair-do-controle-e-precisar-da-forca-nacional-no-extremo-sul-da-bahia\/#breadcrumb"},"inLanguage":"pt-PT","potentialAction":[{"@type":"ReadAction","target":["https:\/\/brasilnoticias.org\/site\/acm-neto-critica-jeronimo-por-deixar-situacao-sair-do-controle-e-precisar-da-forca-nacional-no-extremo-sul-da-bahia\/"]}]},{"@type":"ImageObject","inLanguage":"pt-PT","@id":"https:\/\/brasilnoticias.org\/site\/acm-neto-critica-jeronimo-por-deixar-situacao-sair-do-controle-e-precisar-da-forca-nacional-no-extremo-sul-da-bahia\/#primaryimage","url":"https:\/\/brasilnoticias.org\/site\/wp-content\/uploads\/2025\/04\/IMAGEM_NOTICIA_0-1.jpg","contentUrl":"https:\/\/brasilnoticias.org\/site\/wp-content\/uploads\/2025\/04\/IMAGEM_NOTICIA_0-1.jpg","width":850,"height":400},{"@type":"BreadcrumbList","@id":"https:\/\/brasilnoticias.org\/site\/acm-neto-critica-jeronimo-por-deixar-situacao-sair-do-controle-e-precisar-da-forca-nacional-no-extremo-sul-da-bahia\/#breadcrumb","itemListElement":[{"@type":"ListItem","position":1,"name":"In\u00edcio","item":"https:\/\/brasilnoticias.org\/site\/"},{"@type":"ListItem","position":2,"name":"ACM Neto critica Jer\u00f4nimo por deixar situa\u00e7\u00e3o sair do controle e precisar da For\u00e7a Nacional no Extremo Sul da Bahia"}]},{"@type":"WebSite","@id":"https:\/\/brasilnoticias.org\/site\/#website","url":"https:\/\/brasilnoticias.org\/site\/","name":"Brasil not\u00edcias","description":"Brasil not\u00edcias","publisher":{"@id":"https:\/\/brasilnoticias.org\/site\/#organization"},"potentialAction":[{"@type":"SearchAction","target":{"@type":"EntryPoint","urlTemplate":"https:\/\/brasilnoticias.org\/site\/?s={search_term_string}"},"query-input":{"@type":"PropertyValueSpecification","valueRequired":true,"valueName":"search_term_string"}}],"inLanguage":"pt-PT"},{"@type":"Organization","@id":"https:\/\/brasilnoticias.org\/site\/#organization","name":"Brasil not\u00edcias","url":"https:\/\/brasilnoticias.org\/site\/","logo":{"@type":"ImageObject","inLanguage":"pt-PT","@id":"https:\/\/brasilnoticias.org\/site\/#\/schema\/logo\/image\/","url":"https:\/\/brasilnoticias.org\/site\/wp-content\/uploads\/2022\/05\/cropped-brasilnoticias-mini.jpg","contentUrl":"https:\/\/brasilnoticias.org\/site\/wp-content\/uploads\/2022\/05\/cropped-brasilnoticias-mini.jpg","width":314,"height":86,"caption":"Brasil not\u00edcias"},"image":{"@id":"https:\/\/brasilnoticias.org\/site\/#\/schema\/logo\/image\/"}},{"@type":"Person","@id":"https:\/\/brasilnoticias.org\/site\/#\/schema\/person\/03bbbfe6c7634ad18c26444ea39049fa","name":"Reda\u00e7\u00e3o","image":{"@type":"ImageObject","inLanguage":"pt-PT","@id":"https:\/\/brasilnoticias.org\/site\/#\/schema\/person\/image\/","url":"https:\/\/secure.gravatar.com\/avatar\/9ecaf7327a696cb23ad926fedded5f1f04d7049de9e445375d55b48c001a6e42?s=96&d=mm&r=g","contentUrl":"https:\/\/secure.gravatar.com\/avatar\/9ecaf7327a696cb23ad926fedded5f1f04d7049de9e445375d55b48c001a6e42?s=96&d=mm&r=g","caption":"Reda\u00e7\u00e3o"},"url":"https:\/\/brasilnoticias.org\/site\/author\/henrique\/"}]}},"_links":{"self":[{"href":"https:\/\/brasilnoticias.org\/site\/wp-json\/wp\/v2\/posts\/17106","targetHints":{"allow":["GET"]}}],"collection":[{"href":"https:\/\/brasilnoticias.org\/site\/wp-json\/wp\/v2\/posts"}],"about":[{"href":"https:\/\/brasilnoticias.org\/site\/wp-json\/wp\/v2\/types\/post"}],"author":[{"embeddable":true,"href":"https:\/\/brasilnoticias.org\/site\/wp-json\/wp\/v2\/users\/4"}],"replies":[{"embeddable":true,"href":"https:\/\/brasilnoticias.org\/site\/wp-json\/wp\/v2\/comments?post=17106"}],"version-history":[{"count":1,"href":"https:\/\/brasilnoticias.org\/site\/wp-json\/wp\/v2\/posts\/17106\/revisions"}],"predecessor-version":[{"id":17108,"href":"https:\/\/brasilnoticias.org\/site\/wp-json\/wp\/v2\/posts\/17106\/revisions\/17108"}],"wp:featuredmedia":[{"embeddable":true,"href":"https:\/\/brasilnoticias.org\/site\/wp-json\/wp\/v2\/media\/17107"}],"wp:attachment":[{"href":"https:\/\/brasilnoticias.org\/site\/wp-json\/wp\/v2\/media?parent=17106"}],"wp:term":[{"taxonomy":"category","embeddable":true,"href":"https:\/\/brasilnoticias.org\/site\/wp-json\/wp\/v2\/categories?post=17106"},{"taxonomy":"post_tag","embeddable":true,"href":"https:\/\/brasilnoticias.org\/site\/wp-json\/wp\/v2\/tags?post=17106"}],"curies":[{"name":"wp","href":"https:\/\/api.w.org\/{rel}","templated":true}]}}