{"id":17118,"date":"2025-04-30T14:26:46","date_gmt":"2025-04-30T17:26:46","guid":{"rendered":"https:\/\/brasilnoticias.org\/site\/?p=17118"},"modified":"2025-05-02T18:22:40","modified_gmt":"2025-05-02T21:22:40","slug":"otto-descarta-desembarque-do-governo-e-ida-de-filho-para-o-tce-ba","status":"publish","type":"post","link":"https:\/\/brasilnoticias.org\/site\/otto-descarta-desembarque-do-governo-e-ida-de-filho-para-o-tce-ba\/","title":{"rendered":"Otto descarta desembarque do governo e ida de filho para o TCE-BA"},"content":{"rendered":"<p>&#8220;Aqui na Bahia, a nossa alian\u00e7a com o PT \u00e9 liberada por Kassab para continuar e n\u00f3s vamos continuar&#8221;, afirmou o presidente estadual do PSD<\/p>\n<p>Presidente estadual do PSD, o senador Otto Alencar descartou o desembarque do partido da alian\u00e7a com o governador Jer\u00f4nimo Rodrigues (PT), mesmo que o comandante nacional da legenda, Gilberto Kassab, apoie uma poss\u00edvel candidatura de Tarc\u00edsio Gomes de Freitas (Republicanos) \u00e0 Presid\u00eancia da Rep\u00fablica.<br \/>\nA hip\u00f3tese foi ventilada por dirigentes do Uni\u00e3o Brasil na coluna Careca de Saber desta semana, que cogitaram a participa\u00e7\u00e3o do senador Angelo Coronel em uma eventual chapa encabe\u00e7ada pelo ex-prefeito de Salvador ACM Neto.<br \/>\n&#8220;Como \u00e9 que eu vou trabalhar em cima de se? Eu s\u00f3 tomo decis\u00e3o quando as coisas estiverem claras l\u00e1 em 2026. Aqui na Bahia, a nossa alian\u00e7a com o PT \u00e9 liberada por Kassab para continuar e n\u00f3s vamos continuar, n\u00e3o tem nenhuma possibilidade de ter qualquer estremecimento nisso&#8221;, garantiu o parlamentar, em conversa com o Blog do Vila.<br \/>\nEm rela\u00e7\u00e3o ao deputado federal Otto Filho, o congressista tamb\u00e9m n\u00e3o confirmou a possibilidade de o parlamentar pleitear uma vaga no Tribunal de Contas do Estado (TCE-BA) ap\u00f3s a aposentadoria do conselheiro Ant\u00f4nio Honorato.<br \/>\n&#8220;Esse neg\u00f3cio de Otto Filho, ningu\u00e9m ouviu da minha boca isso, jamais. At\u00e9 porque, o pr\u00f3prio governador n\u00e3o tratou comigo desse assunto. Ent\u00e3o, \u00e9 outra coisa que n\u00e3o procede&#8221;, refutou.<br \/>\nDe acordo com o senador, o foco dele atualmente est\u00e1 nos trabalhos da Comiss\u00e3o de Constitui\u00e7\u00e3o e Justi\u00e7a, a qual preside no Senado, e n\u00e3o nas elei\u00e7\u00f5es de 2026.<br \/>\n&#8220;N\u00f3s temos que ajudar muito o presidente Lula, sobretudo nessas mat\u00e9rias importantes para a conclus\u00e3o da reforma tribut\u00e1ria. Outras mat\u00e9rias est\u00e3o tramitando na CCJ e eu espero que a comiss\u00e3o possa produzir mais esse ano do que produziu no ano passado. Al\u00e9m disso, essa quest\u00e3o que est\u00e1 agora toda hora na imprensa sobre a anistia, eu votarei contra a anistia e vou encaminhar pelo partido PSD no Senado Federal e na C\u00e2mara, para aqueles que me seguem, votarem contra a anistia&#8221;, concluiu, sobre a possibilidade de o Congresso perdoar os mais de 500 bolsonaristas condenados pelo vandalismo em Bras\u00edlia no dia 8 de janeiro de 2023.<\/p>\n<p>Foto: Marcos Oliveira\/Ag\u00eancia Senado<br \/>\nBlog do Vila<\/p>\n","protected":false},"excerpt":{"rendered":"<p>&#8220;Aqui na Bahia, a nossa alian\u00e7a com o PT \u00e9 liberada por Kassab para continuar e n\u00f3s vamos continuar&#8221;, afirmou<\/p>\n","protected":false},"author":4,"featured_media":17119,"comment_status":"open","ping_status":"open","sticky":false,"template":"","format":"standard","meta":{"colormag_page_container_layout":"default_layout","colormag_page_sidebar_layout":"default_layout","_FSMCFIC_featured_image_caption":"","_FSMCFIC_featured_image_nocaption":"","_FSMCFIC_featured_image_hide":"","footnotes":""},"categories":[7,1],"tags":[],"class_list":["post-17118","post","type-post","status-publish","format-standard","has-post-thumbnail","hentry","category-justica","category-ultimas"],"yoast_head":"<!-- This site is optimized with the Yoast SEO plugin v27.1.1 - https:\/\/yoast.com\/product\/yoast-seo-wordpress\/ -->\n<title>Otto descarta desembarque do governo e ida de filho para o TCE-BA - Brasil not\u00edcias<\/title>\n<meta name=\"robots\" content=\"index, follow, max-snippet:-1, max-image-preview:large, max-video-preview:-1\" \/>\n<link rel=\"canonical\" href=\"https:\/\/brasilnoticias.org\/site\/otto-descarta-desembarque-do-governo-e-ida-de-filho-para-o-tce-ba\/\" \/>\n<meta property=\"og:locale\" content=\"pt_PT\" \/>\n<meta property=\"og:type\" content=\"article\" \/>\n<meta property=\"og:title\" content=\"Otto descarta desembarque do governo e ida de filho para o TCE-BA - Brasil not\u00edcias\" \/>\n<meta property=\"og:description\" content=\"&#8220;Aqui na Bahia, a nossa alian\u00e7a com o PT \u00e9 liberada por Kassab para continuar e n\u00f3s vamos continuar&#8221;, afirmou\" \/>\n<meta property=\"og:url\" content=\"https:\/\/brasilnoticias.org\/site\/otto-descarta-desembarque-do-governo-e-ida-de-filho-para-o-tce-ba\/\" \/>\n<meta property=\"og:site_name\" content=\"Brasil not\u00edcias\" \/>\n<meta property=\"article:published_time\" content=\"2025-04-30T17:26:46+00:00\" \/>\n<meta property=\"article:modified_time\" content=\"2025-05-02T21:22:40+00:00\" \/>\n<meta property=\"og:image\" content=\"https:\/\/brasilnoticias.org\/site\/wp-content\/uploads\/2025\/04\/IMG_2363.jpeg\" \/>\n\t<meta property=\"og:image:width\" content=\"2048\" \/>\n\t<meta property=\"og:image:height\" content=\"1364\" \/>\n\t<meta property=\"og:image:type\" content=\"image\/jpeg\" \/>\n<meta name=\"author\" content=\"Reda\u00e7\u00e3o\" \/>\n<meta name=\"twitter:card\" content=\"summary_large_image\" \/>\n<meta name=\"twitter:label1\" content=\"Escrito por\" \/>\n\t<meta name=\"twitter:data1\" content=\"Reda\u00e7\u00e3o\" \/>\n\t<meta name=\"twitter:label2\" content=\"Tempo estimado de leitura\" \/>\n\t<meta name=\"twitter:data2\" content=\"3 minutos\" \/>\n<script type=\"application\/ld+json\" class=\"yoast-schema-graph\">{\"@context\":\"https:\/\/schema.org\",\"@graph\":[{\"@type\":\"Article\",\"@id\":\"https:\/\/brasilnoticias.org\/site\/otto-descarta-desembarque-do-governo-e-ida-de-filho-para-o-tce-ba\/#article\",\"isPartOf\":{\"@id\":\"https:\/\/brasilnoticias.org\/site\/otto-descarta-desembarque-do-governo-e-ida-de-filho-para-o-tce-ba\/\"},\"author\":{\"name\":\"Reda\u00e7\u00e3o\",\"@id\":\"https:\/\/brasilnoticias.org\/site\/#\/schema\/person\/03bbbfe6c7634ad18c26444ea39049fa\"},\"headline\":\"Otto descarta desembarque do governo e ida de filho para o TCE-BA\",\"datePublished\":\"2025-04-30T17:26:46+00:00\",\"dateModified\":\"2025-05-02T21:22:40+00:00\",\"mainEntityOfPage\":{\"@id\":\"https:\/\/brasilnoticias.org\/site\/otto-descarta-desembarque-do-governo-e-ida-de-filho-para-o-tce-ba\/\"},\"wordCount\":417,\"commentCount\":0,\"publisher\":{\"@id\":\"https:\/\/brasilnoticias.org\/site\/#organization\"},\"image\":{\"@id\":\"https:\/\/brasilnoticias.org\/site\/otto-descarta-desembarque-do-governo-e-ida-de-filho-para-o-tce-ba\/#primaryimage\"},\"thumbnailUrl\":\"https:\/\/brasilnoticias.org\/site\/wp-content\/uploads\/2025\/04\/IMG_2363.jpeg\",\"articleSection\":[\"Justi\u00e7a\",\"\u00daltimas\"],\"inLanguage\":\"pt-PT\",\"potentialAction\":[{\"@type\":\"CommentAction\",\"name\":\"Comment\",\"target\":[\"https:\/\/brasilnoticias.org\/site\/otto-descarta-desembarque-do-governo-e-ida-de-filho-para-o-tce-ba\/#respond\"]}]},{\"@type\":\"WebPage\",\"@id\":\"https:\/\/brasilnoticias.org\/site\/otto-descarta-desembarque-do-governo-e-ida-de-filho-para-o-tce-ba\/\",\"url\":\"https:\/\/brasilnoticias.org\/site\/otto-descarta-desembarque-do-governo-e-ida-de-filho-para-o-tce-ba\/\",\"name\":\"Otto descarta desembarque do governo e ida de filho para o TCE-BA - Brasil not\u00edcias\",\"isPartOf\":{\"@id\":\"https:\/\/brasilnoticias.org\/site\/#website\"},\"primaryImageOfPage\":{\"@id\":\"https:\/\/brasilnoticias.org\/site\/otto-descarta-desembarque-do-governo-e-ida-de-filho-para-o-tce-ba\/#primaryimage\"},\"image\":{\"@id\":\"https:\/\/brasilnoticias.org\/site\/otto-descarta-desembarque-do-governo-e-ida-de-filho-para-o-tce-ba\/#primaryimage\"},\"thumbnailUrl\":\"https:\/\/brasilnoticias.org\/site\/wp-content\/uploads\/2025\/04\/IMG_2363.jpeg\",\"datePublished\":\"2025-04-30T17:26:46+00:00\",\"dateModified\":\"2025-05-02T21:22:40+00:00\",\"breadcrumb\":{\"@id\":\"https:\/\/brasilnoticias.org\/site\/otto-descarta-desembarque-do-governo-e-ida-de-filho-para-o-tce-ba\/#breadcrumb\"},\"inLanguage\":\"pt-PT\",\"potentialAction\":[{\"@type\":\"ReadAction\",\"target\":[\"https:\/\/brasilnoticias.org\/site\/otto-descarta-desembarque-do-governo-e-ida-de-filho-para-o-tce-ba\/\"]}]},{\"@type\":\"ImageObject\",\"inLanguage\":\"pt-PT\",\"@id\":\"https:\/\/brasilnoticias.org\/site\/otto-descarta-desembarque-do-governo-e-ida-de-filho-para-o-tce-ba\/#primaryimage\",\"url\":\"https:\/\/brasilnoticias.org\/site\/wp-content\/uploads\/2025\/04\/IMG_2363.jpeg\",\"contentUrl\":\"https:\/\/brasilnoticias.org\/site\/wp-content\/uploads\/2025\/04\/IMG_2363.jpeg\",\"width\":2048,\"height\":1364},{\"@type\":\"BreadcrumbList\",\"@id\":\"https:\/\/brasilnoticias.org\/site\/otto-descarta-desembarque-do-governo-e-ida-de-filho-para-o-tce-ba\/#breadcrumb\",\"itemListElement\":[{\"@type\":\"ListItem\",\"position\":1,\"name\":\"In\u00edcio\",\"item\":\"https:\/\/brasilnoticias.org\/site\/\"},{\"@type\":\"ListItem\",\"position\":2,\"name\":\"Otto descarta desembarque do governo e ida de filho para o TCE-BA\"}]},{\"@type\":\"WebSite\",\"@id\":\"https:\/\/brasilnoticias.org\/site\/#website\",\"url\":\"https:\/\/brasilnoticias.org\/site\/\",\"name\":\"Brasil not\u00edcias\",\"description\":\"Brasil not\u00edcias\",\"publisher\":{\"@id\":\"https:\/\/brasilnoticias.org\/site\/#organization\"},\"potentialAction\":[{\"@type\":\"SearchAction\",\"target\":{\"@type\":\"EntryPoint\",\"urlTemplate\":\"https:\/\/brasilnoticias.org\/site\/?s={search_term_string}\"},\"query-input\":{\"@type\":\"PropertyValueSpecification\",\"valueRequired\":true,\"valueName\":\"search_term_string\"}}],\"inLanguage\":\"pt-PT\"},{\"@type\":\"Organization\",\"@id\":\"https:\/\/brasilnoticias.org\/site\/#organization\",\"name\":\"Brasil not\u00edcias\",\"url\":\"https:\/\/brasilnoticias.org\/site\/\",\"logo\":{\"@type\":\"ImageObject\",\"inLanguage\":\"pt-PT\",\"@id\":\"https:\/\/brasilnoticias.org\/site\/#\/schema\/logo\/image\/\",\"url\":\"https:\/\/brasilnoticias.org\/site\/wp-content\/uploads\/2022\/05\/cropped-brasilnoticias-mini.jpg\",\"contentUrl\":\"https:\/\/brasilnoticias.org\/site\/wp-content\/uploads\/2022\/05\/cropped-brasilnoticias-mini.jpg\",\"width\":314,\"height\":86,\"caption\":\"Brasil not\u00edcias\"},\"image\":{\"@id\":\"https:\/\/brasilnoticias.org\/site\/#\/schema\/logo\/image\/\"}},{\"@type\":\"Person\",\"@id\":\"https:\/\/brasilnoticias.org\/site\/#\/schema\/person\/03bbbfe6c7634ad18c26444ea39049fa\",\"name\":\"Reda\u00e7\u00e3o\",\"image\":{\"@type\":\"ImageObject\",\"inLanguage\":\"pt-PT\",\"@id\":\"https:\/\/brasilnoticias.org\/site\/#\/schema\/person\/image\/\",\"url\":\"https:\/\/secure.gravatar.com\/avatar\/9ecaf7327a696cb23ad926fedded5f1f04d7049de9e445375d55b48c001a6e42?s=96&d=mm&r=g\",\"contentUrl\":\"https:\/\/secure.gravatar.com\/avatar\/9ecaf7327a696cb23ad926fedded5f1f04d7049de9e445375d55b48c001a6e42?s=96&d=mm&r=g\",\"caption\":\"Reda\u00e7\u00e3o\"},\"url\":\"https:\/\/brasilnoticias.org\/site\/author\/henrique\/\"}]}<\/script>\n<!-- \/ Yoast SEO plugin. -->","yoast_head_json":{"title":"Otto descarta desembarque do governo e ida de filho para o TCE-BA - Brasil not\u00edcias","robots":{"index":"index","follow":"follow","max-snippet":"max-snippet:-1","max-image-preview":"max-image-preview:large","max-video-preview":"max-video-preview:-1"},"canonical":"https:\/\/brasilnoticias.org\/site\/otto-descarta-desembarque-do-governo-e-ida-de-filho-para-o-tce-ba\/","og_locale":"pt_PT","og_type":"article","og_title":"Otto descarta desembarque do governo e ida de filho para o TCE-BA - Brasil not\u00edcias","og_description":"&#8220;Aqui na Bahia, a nossa alian\u00e7a com o PT \u00e9 liberada por Kassab para continuar e n\u00f3s vamos continuar&#8221;, afirmou","og_url":"https:\/\/brasilnoticias.org\/site\/otto-descarta-desembarque-do-governo-e-ida-de-filho-para-o-tce-ba\/","og_site_name":"Brasil not\u00edcias","article_published_time":"2025-04-30T17:26:46+00:00","article_modified_time":"2025-05-02T21:22:40+00:00","og_image":[{"width":2048,"height":1364,"url":"https:\/\/brasilnoticias.org\/site\/wp-content\/uploads\/2025\/04\/IMG_2363.jpeg","type":"image\/jpeg"}],"author":"Reda\u00e7\u00e3o","twitter_card":"summary_large_image","twitter_misc":{"Escrito por":"Reda\u00e7\u00e3o","Tempo estimado de leitura":"3 minutos"},"schema":{"@context":"https:\/\/schema.org","@graph":[{"@type":"Article","@id":"https:\/\/brasilnoticias.org\/site\/otto-descarta-desembarque-do-governo-e-ida-de-filho-para-o-tce-ba\/#article","isPartOf":{"@id":"https:\/\/brasilnoticias.org\/site\/otto-descarta-desembarque-do-governo-e-ida-de-filho-para-o-tce-ba\/"},"author":{"name":"Reda\u00e7\u00e3o","@id":"https:\/\/brasilnoticias.org\/site\/#\/schema\/person\/03bbbfe6c7634ad18c26444ea39049fa"},"headline":"Otto descarta desembarque do governo e ida de filho para o TCE-BA","datePublished":"2025-04-30T17:26:46+00:00","dateModified":"2025-05-02T21:22:40+00:00","mainEntityOfPage":{"@id":"https:\/\/brasilnoticias.org\/site\/otto-descarta-desembarque-do-governo-e-ida-de-filho-para-o-tce-ba\/"},"wordCount":417,"commentCount":0,"publisher":{"@id":"https:\/\/brasilnoticias.org\/site\/#organization"},"image":{"@id":"https:\/\/brasilnoticias.org\/site\/otto-descarta-desembarque-do-governo-e-ida-de-filho-para-o-tce-ba\/#primaryimage"},"thumbnailUrl":"https:\/\/brasilnoticias.org\/site\/wp-content\/uploads\/2025\/04\/IMG_2363.jpeg","articleSection":["Justi\u00e7a","\u00daltimas"],"inLanguage":"pt-PT","potentialAction":[{"@type":"CommentAction","name":"Comment","target":["https:\/\/brasilnoticias.org\/site\/otto-descarta-desembarque-do-governo-e-ida-de-filho-para-o-tce-ba\/#respond"]}]},{"@type":"WebPage","@id":"https:\/\/brasilnoticias.org\/site\/otto-descarta-desembarque-do-governo-e-ida-de-filho-para-o-tce-ba\/","url":"https:\/\/brasilnoticias.org\/site\/otto-descarta-desembarque-do-governo-e-ida-de-filho-para-o-tce-ba\/","name":"Otto descarta desembarque do governo e ida de filho para o TCE-BA - Brasil not\u00edcias","isPartOf":{"@id":"https:\/\/brasilnoticias.org\/site\/#website"},"primaryImageOfPage":{"@id":"https:\/\/brasilnoticias.org\/site\/otto-descarta-desembarque-do-governo-e-ida-de-filho-para-o-tce-ba\/#primaryimage"},"image":{"@id":"https:\/\/brasilnoticias.org\/site\/otto-descarta-desembarque-do-governo-e-ida-de-filho-para-o-tce-ba\/#primaryimage"},"thumbnailUrl":"https:\/\/brasilnoticias.org\/site\/wp-content\/uploads\/2025\/04\/IMG_2363.jpeg","datePublished":"2025-04-30T17:26:46+00:00","dateModified":"2025-05-02T21:22:40+00:00","breadcrumb":{"@id":"https:\/\/brasilnoticias.org\/site\/otto-descarta-desembarque-do-governo-e-ida-de-filho-para-o-tce-ba\/#breadcrumb"},"inLanguage":"pt-PT","potentialAction":[{"@type":"ReadAction","target":["https:\/\/brasilnoticias.org\/site\/otto-descarta-desembarque-do-governo-e-ida-de-filho-para-o-tce-ba\/"]}]},{"@type":"ImageObject","inLanguage":"pt-PT","@id":"https:\/\/brasilnoticias.org\/site\/otto-descarta-desembarque-do-governo-e-ida-de-filho-para-o-tce-ba\/#primaryimage","url":"https:\/\/brasilnoticias.org\/site\/wp-content\/uploads\/2025\/04\/IMG_2363.jpeg","contentUrl":"https:\/\/brasilnoticias.org\/site\/wp-content\/uploads\/2025\/04\/IMG_2363.jpeg","width":2048,"height":1364},{"@type":"BreadcrumbList","@id":"https:\/\/brasilnoticias.org\/site\/otto-descarta-desembarque-do-governo-e-ida-de-filho-para-o-tce-ba\/#breadcrumb","itemListElement":[{"@type":"ListItem","position":1,"name":"In\u00edcio","item":"https:\/\/brasilnoticias.org\/site\/"},{"@type":"ListItem","position":2,"name":"Otto descarta desembarque do governo e ida de filho para o TCE-BA"}]},{"@type":"WebSite","@id":"https:\/\/brasilnoticias.org\/site\/#website","url":"https:\/\/brasilnoticias.org\/site\/","name":"Brasil not\u00edcias","description":"Brasil not\u00edcias","publisher":{"@id":"https:\/\/brasilnoticias.org\/site\/#organization"},"potentialAction":[{"@type":"SearchAction","target":{"@type":"EntryPoint","urlTemplate":"https:\/\/brasilnoticias.org\/site\/?s={search_term_string}"},"query-input":{"@type":"PropertyValueSpecification","valueRequired":true,"valueName":"search_term_string"}}],"inLanguage":"pt-PT"},{"@type":"Organization","@id":"https:\/\/brasilnoticias.org\/site\/#organization","name":"Brasil not\u00edcias","url":"https:\/\/brasilnoticias.org\/site\/","logo":{"@type":"ImageObject","inLanguage":"pt-PT","@id":"https:\/\/brasilnoticias.org\/site\/#\/schema\/logo\/image\/","url":"https:\/\/brasilnoticias.org\/site\/wp-content\/uploads\/2022\/05\/cropped-brasilnoticias-mini.jpg","contentUrl":"https:\/\/brasilnoticias.org\/site\/wp-content\/uploads\/2022\/05\/cropped-brasilnoticias-mini.jpg","width":314,"height":86,"caption":"Brasil not\u00edcias"},"image":{"@id":"https:\/\/brasilnoticias.org\/site\/#\/schema\/logo\/image\/"}},{"@type":"Person","@id":"https:\/\/brasilnoticias.org\/site\/#\/schema\/person\/03bbbfe6c7634ad18c26444ea39049fa","name":"Reda\u00e7\u00e3o","image":{"@type":"ImageObject","inLanguage":"pt-PT","@id":"https:\/\/brasilnoticias.org\/site\/#\/schema\/person\/image\/","url":"https:\/\/secure.gravatar.com\/avatar\/9ecaf7327a696cb23ad926fedded5f1f04d7049de9e445375d55b48c001a6e42?s=96&d=mm&r=g","contentUrl":"https:\/\/secure.gravatar.com\/avatar\/9ecaf7327a696cb23ad926fedded5f1f04d7049de9e445375d55b48c001a6e42?s=96&d=mm&r=g","caption":"Reda\u00e7\u00e3o"},"url":"https:\/\/brasilnoticias.org\/site\/author\/henrique\/"}]}},"_links":{"self":[{"href":"https:\/\/brasilnoticias.org\/site\/wp-json\/wp\/v2\/posts\/17118","targetHints":{"allow":["GET"]}}],"collection":[{"href":"https:\/\/brasilnoticias.org\/site\/wp-json\/wp\/v2\/posts"}],"about":[{"href":"https:\/\/brasilnoticias.org\/site\/wp-json\/wp\/v2\/types\/post"}],"author":[{"embeddable":true,"href":"https:\/\/brasilnoticias.org\/site\/wp-json\/wp\/v2\/users\/4"}],"replies":[{"embeddable":true,"href":"https:\/\/brasilnoticias.org\/site\/wp-json\/wp\/v2\/comments?post=17118"}],"version-history":[{"count":1,"href":"https:\/\/brasilnoticias.org\/site\/wp-json\/wp\/v2\/posts\/17118\/revisions"}],"predecessor-version":[{"id":17120,"href":"https:\/\/brasilnoticias.org\/site\/wp-json\/wp\/v2\/posts\/17118\/revisions\/17120"}],"wp:featuredmedia":[{"embeddable":true,"href":"https:\/\/brasilnoticias.org\/site\/wp-json\/wp\/v2\/media\/17119"}],"wp:attachment":[{"href":"https:\/\/brasilnoticias.org\/site\/wp-json\/wp\/v2\/media?parent=17118"}],"wp:term":[{"taxonomy":"category","embeddable":true,"href":"https:\/\/brasilnoticias.org\/site\/wp-json\/wp\/v2\/categories?post=17118"},{"taxonomy":"post_tag","embeddable":true,"href":"https:\/\/brasilnoticias.org\/site\/wp-json\/wp\/v2\/tags?post=17118"}],"curies":[{"name":"wp","href":"https:\/\/api.w.org\/{rel}","templated":true}]}}