{"id":17121,"date":"2025-04-30T12:55:51","date_gmt":"2025-04-30T15:55:51","guid":{"rendered":"https:\/\/brasilnoticias.org\/site\/?p=17121"},"modified":"2025-05-02T18:24:30","modified_gmt":"2025-05-02T21:24:30","slug":"lucio-crava-mdb-com-pt-na-ba-e-ironiza-dirigentes-da-uniao-sobre-overclean-colocam-secretario-em-mg-e-empresario-na-nacional","status":"publish","type":"post","link":"https:\/\/brasilnoticias.org\/site\/lucio-crava-mdb-com-pt-na-ba-e-ironiza-dirigentes-da-uniao-sobre-overclean-colocam-secretario-em-mg-e-empresario-na-nacional\/","title":{"rendered":"L\u00facio crava MDB com PT na BA e ironiza dirigentes da Uni\u00e3o sobre Overclean: &#8216;Colocam secret\u00e1rio em MG e empres\u00e1rio na nacional&#8217;"},"content":{"rendered":"<p>Assim como o senador Otto Alencar (PSD), um dos caciques do MDB na Bahia, o presidente da legenda em Salvador, L\u00facio Vieira Lima, negou qualquer chance de composi\u00e7\u00e3o com a oposi\u00e7\u00e3o ao governo em 2026, mesmo que o prefeito de S\u00e3o Paulo Ricardo Nunes e outras lideran\u00e7as nacionais do partido decidam marchar com uma poss\u00edvel candidatura presidencial de Tarc\u00edsio Gomes de Freitas (Republicanos).<br \/>\n&#8220;N\u00e3o tem nada a ver a decis\u00e3o que o governador Tarc\u00edsio venha a tomar com a decis\u00e3o do MDB da Bahia. Em resposta ao an\u00f4nimo que falou que o MDB Nacional ordenaria e ter\u00edamos que aceitar, os Vieira Lima n\u00e3o s\u00e3o como os dirigentes do Uni\u00e3o Brasil, que colocam secret\u00e1rio em Minas Gerais [Bruno Barral, Educa\u00e7\u00e3o de Belo Horizonte] e empres\u00e1rio na nacional [Jos\u00e9 Marcos Moura, o &#8216;Rei do Lixo&#8217;, preso na Opera\u00e7\u00e3o Overclean por suspeita de desviar R$ 1,4 bilh\u00e3o]. Segundo que eu assumo o que eu falo, n\u00e3o sou an\u00f4nimo&#8221;, criticou o emedebista, em entrevista ao Blog do Vila, sobre as declara\u00e7\u00f5es de dirigentes do UB \u00e0 coluna Careca de Saber.<br \/>\nDe acordo com L\u00facio, n\u00e3o h\u00e1 possibilidade de recomposi\u00e7\u00e3o com o vice-presidente nacional do Uni\u00e3o, ACM Neto, pois o MDB j\u00e1 definiu que estar\u00e1 no palanque do governador Jer\u00f4nimo Rodrigues (PT) \u00e0 reelei\u00e7\u00e3o.<br \/>\n&#8220;N\u00e3o existe a hip\u00f3tese de apoiar ACM Neto. Primeiramente porque o governador Jer\u00f4nimo tem feito um grande governo para a Bahia e tem cumprido todos os compromissos assumidos com o MDB. Ent\u00e3o, n\u00e3o tem raz\u00e3o nenhuma, nem pela Bahia nem pelo partido, de tomar uma posi\u00e7\u00e3o diferente de apoiar a reelei\u00e7\u00e3o do governador Jer\u00f4nimo. E segundo que, diante desse desgaste pol\u00edtico que o ex-prefeito est\u00e1 e tamb\u00e9m com essas opera\u00e7\u00f5es todas que cada vez mais chegam perto do seu grupo pol\u00edtico, est\u00e1 ficando impratic\u00e1vel. Eu arrisco at\u00e9 a dizer que \u00e9 imposs\u00edvel a candidatura dele para governador. N\u00f3s vamos apoiar a candidatura dele de deputado? N\u00e3o h\u00e1 hip\u00f3tese. Para voc\u00ea ter ideia, \u00e9 mais f\u00e1cil o MDB apoiar a reelei\u00e7\u00e3o de Jer\u00f4nimo do que o pr\u00f3prio PT&#8221;, comparou.<br \/>\nAtualmente, os emedebistas ocupam a vice-governadoria com Geraldo J\u00fanior e pretendem se manter na chapa majorit\u00e1ria de 2026.<\/p>\n<p>Foto: Marcos Oliveira\/Ag\u00eancia Senado<br \/>\nBlog do vila<\/p>\n","protected":false},"excerpt":{"rendered":"<p>Assim como o senador Otto Alencar (PSD), um dos caciques do MDB na Bahia, o presidente da legenda em Salvador,<\/p>\n","protected":false},"author":4,"featured_media":17122,"comment_status":"open","ping_status":"open","sticky":false,"template":"","format":"standard","meta":{"colormag_page_container_layout":"default_layout","colormag_page_sidebar_layout":"default_layout","_FSMCFIC_featured_image_caption":"","_FSMCFIC_featured_image_nocaption":"","_FSMCFIC_featured_image_hide":"","footnotes":""},"categories":[7,1],"tags":[],"class_list":["post-17121","post","type-post","status-publish","format-standard","has-post-thumbnail","hentry","category-justica","category-ultimas"],"yoast_head":"<!-- This site is optimized with the Yoast SEO plugin v27.1.1 - https:\/\/yoast.com\/product\/yoast-seo-wordpress\/ -->\n<title>L\u00facio crava MDB com PT na BA e ironiza dirigentes da Uni\u00e3o sobre Overclean: &#039;Colocam secret\u00e1rio em MG e empres\u00e1rio na nacional&#039; - Brasil not\u00edcias<\/title>\n<meta name=\"robots\" content=\"index, follow, max-snippet:-1, max-image-preview:large, max-video-preview:-1\" \/>\n<link rel=\"canonical\" href=\"https:\/\/brasilnoticias.org\/site\/lucio-crava-mdb-com-pt-na-ba-e-ironiza-dirigentes-da-uniao-sobre-overclean-colocam-secretario-em-mg-e-empresario-na-nacional\/\" \/>\n<meta property=\"og:locale\" content=\"pt_PT\" \/>\n<meta property=\"og:type\" content=\"article\" \/>\n<meta property=\"og:title\" content=\"L\u00facio crava MDB com PT na BA e ironiza dirigentes da Uni\u00e3o sobre Overclean: &#039;Colocam secret\u00e1rio em MG e empres\u00e1rio na nacional&#039; - Brasil not\u00edcias\" \/>\n<meta property=\"og:description\" content=\"Assim como o senador Otto Alencar (PSD), um dos caciques do MDB na Bahia, o presidente da legenda em Salvador,\" \/>\n<meta property=\"og:url\" content=\"https:\/\/brasilnoticias.org\/site\/lucio-crava-mdb-com-pt-na-ba-e-ironiza-dirigentes-da-uniao-sobre-overclean-colocam-secretario-em-mg-e-empresario-na-nacional\/\" \/>\n<meta property=\"og:site_name\" content=\"Brasil not\u00edcias\" \/>\n<meta property=\"article:published_time\" content=\"2025-04-30T15:55:51+00:00\" \/>\n<meta property=\"article:modified_time\" content=\"2025-05-02T21:24:30+00:00\" \/>\n<meta property=\"og:image\" content=\"https:\/\/brasilnoticias.org\/site\/wp-content\/uploads\/2025\/04\/IMG_2489.jpeg\" \/>\n\t<meta property=\"og:image:width\" content=\"2048\" \/>\n\t<meta property=\"og:image:height\" content=\"1364\" \/>\n\t<meta property=\"og:image:type\" content=\"image\/jpeg\" \/>\n<meta name=\"author\" content=\"Reda\u00e7\u00e3o\" \/>\n<meta name=\"twitter:card\" content=\"summary_large_image\" \/>\n<meta name=\"twitter:label1\" content=\"Escrito por\" \/>\n\t<meta name=\"twitter:data1\" content=\"Reda\u00e7\u00e3o\" \/>\n\t<meta name=\"twitter:label2\" content=\"Tempo estimado de leitura\" \/>\n\t<meta name=\"twitter:data2\" content=\"3 minutos\" \/>\n<script type=\"application\/ld+json\" class=\"yoast-schema-graph\">{\"@context\":\"https:\/\/schema.org\",\"@graph\":[{\"@type\":\"Article\",\"@id\":\"https:\/\/brasilnoticias.org\/site\/lucio-crava-mdb-com-pt-na-ba-e-ironiza-dirigentes-da-uniao-sobre-overclean-colocam-secretario-em-mg-e-empresario-na-nacional\/#article\",\"isPartOf\":{\"@id\":\"https:\/\/brasilnoticias.org\/site\/lucio-crava-mdb-com-pt-na-ba-e-ironiza-dirigentes-da-uniao-sobre-overclean-colocam-secretario-em-mg-e-empresario-na-nacional\/\"},\"author\":{\"name\":\"Reda\u00e7\u00e3o\",\"@id\":\"https:\/\/brasilnoticias.org\/site\/#\/schema\/person\/03bbbfe6c7634ad18c26444ea39049fa\"},\"headline\":\"L\u00facio crava MDB com PT na BA e ironiza dirigentes da Uni\u00e3o sobre Overclean: &#8216;Colocam secret\u00e1rio em MG e empres\u00e1rio na nacional&#8217;\",\"datePublished\":\"2025-04-30T15:55:51+00:00\",\"dateModified\":\"2025-05-02T21:24:30+00:00\",\"mainEntityOfPage\":{\"@id\":\"https:\/\/brasilnoticias.org\/site\/lucio-crava-mdb-com-pt-na-ba-e-ironiza-dirigentes-da-uniao-sobre-overclean-colocam-secretario-em-mg-e-empresario-na-nacional\/\"},\"wordCount\":437,\"commentCount\":0,\"publisher\":{\"@id\":\"https:\/\/brasilnoticias.org\/site\/#organization\"},\"image\":{\"@id\":\"https:\/\/brasilnoticias.org\/site\/lucio-crava-mdb-com-pt-na-ba-e-ironiza-dirigentes-da-uniao-sobre-overclean-colocam-secretario-em-mg-e-empresario-na-nacional\/#primaryimage\"},\"thumbnailUrl\":\"https:\/\/brasilnoticias.org\/site\/wp-content\/uploads\/2025\/04\/IMG_2489.jpeg\",\"articleSection\":[\"Justi\u00e7a\",\"\u00daltimas\"],\"inLanguage\":\"pt-PT\",\"potentialAction\":[{\"@type\":\"CommentAction\",\"name\":\"Comment\",\"target\":[\"https:\/\/brasilnoticias.org\/site\/lucio-crava-mdb-com-pt-na-ba-e-ironiza-dirigentes-da-uniao-sobre-overclean-colocam-secretario-em-mg-e-empresario-na-nacional\/#respond\"]}]},{\"@type\":\"WebPage\",\"@id\":\"https:\/\/brasilnoticias.org\/site\/lucio-crava-mdb-com-pt-na-ba-e-ironiza-dirigentes-da-uniao-sobre-overclean-colocam-secretario-em-mg-e-empresario-na-nacional\/\",\"url\":\"https:\/\/brasilnoticias.org\/site\/lucio-crava-mdb-com-pt-na-ba-e-ironiza-dirigentes-da-uniao-sobre-overclean-colocam-secretario-em-mg-e-empresario-na-nacional\/\",\"name\":\"L\u00facio crava MDB com PT na BA e ironiza dirigentes da Uni\u00e3o sobre Overclean: 'Colocam secret\u00e1rio em MG e empres\u00e1rio na nacional' - Brasil not\u00edcias\",\"isPartOf\":{\"@id\":\"https:\/\/brasilnoticias.org\/site\/#website\"},\"primaryImageOfPage\":{\"@id\":\"https:\/\/brasilnoticias.org\/site\/lucio-crava-mdb-com-pt-na-ba-e-ironiza-dirigentes-da-uniao-sobre-overclean-colocam-secretario-em-mg-e-empresario-na-nacional\/#primaryimage\"},\"image\":{\"@id\":\"https:\/\/brasilnoticias.org\/site\/lucio-crava-mdb-com-pt-na-ba-e-ironiza-dirigentes-da-uniao-sobre-overclean-colocam-secretario-em-mg-e-empresario-na-nacional\/#primaryimage\"},\"thumbnailUrl\":\"https:\/\/brasilnoticias.org\/site\/wp-content\/uploads\/2025\/04\/IMG_2489.jpeg\",\"datePublished\":\"2025-04-30T15:55:51+00:00\",\"dateModified\":\"2025-05-02T21:24:30+00:00\",\"breadcrumb\":{\"@id\":\"https:\/\/brasilnoticias.org\/site\/lucio-crava-mdb-com-pt-na-ba-e-ironiza-dirigentes-da-uniao-sobre-overclean-colocam-secretario-em-mg-e-empresario-na-nacional\/#breadcrumb\"},\"inLanguage\":\"pt-PT\",\"potentialAction\":[{\"@type\":\"ReadAction\",\"target\":[\"https:\/\/brasilnoticias.org\/site\/lucio-crava-mdb-com-pt-na-ba-e-ironiza-dirigentes-da-uniao-sobre-overclean-colocam-secretario-em-mg-e-empresario-na-nacional\/\"]}]},{\"@type\":\"ImageObject\",\"inLanguage\":\"pt-PT\",\"@id\":\"https:\/\/brasilnoticias.org\/site\/lucio-crava-mdb-com-pt-na-ba-e-ironiza-dirigentes-da-uniao-sobre-overclean-colocam-secretario-em-mg-e-empresario-na-nacional\/#primaryimage\",\"url\":\"https:\/\/brasilnoticias.org\/site\/wp-content\/uploads\/2025\/04\/IMG_2489.jpeg\",\"contentUrl\":\"https:\/\/brasilnoticias.org\/site\/wp-content\/uploads\/2025\/04\/IMG_2489.jpeg\",\"width\":2048,\"height\":1364},{\"@type\":\"BreadcrumbList\",\"@id\":\"https:\/\/brasilnoticias.org\/site\/lucio-crava-mdb-com-pt-na-ba-e-ironiza-dirigentes-da-uniao-sobre-overclean-colocam-secretario-em-mg-e-empresario-na-nacional\/#breadcrumb\",\"itemListElement\":[{\"@type\":\"ListItem\",\"position\":1,\"name\":\"In\u00edcio\",\"item\":\"https:\/\/brasilnoticias.org\/site\/\"},{\"@type\":\"ListItem\",\"position\":2,\"name\":\"L\u00facio crava MDB com PT na BA e ironiza dirigentes da Uni\u00e3o sobre Overclean: &#8216;Colocam secret\u00e1rio em MG e empres\u00e1rio na nacional&#8217;\"}]},{\"@type\":\"WebSite\",\"@id\":\"https:\/\/brasilnoticias.org\/site\/#website\",\"url\":\"https:\/\/brasilnoticias.org\/site\/\",\"name\":\"Brasil not\u00edcias\",\"description\":\"Brasil not\u00edcias\",\"publisher\":{\"@id\":\"https:\/\/brasilnoticias.org\/site\/#organization\"},\"potentialAction\":[{\"@type\":\"SearchAction\",\"target\":{\"@type\":\"EntryPoint\",\"urlTemplate\":\"https:\/\/brasilnoticias.org\/site\/?s={search_term_string}\"},\"query-input\":{\"@type\":\"PropertyValueSpecification\",\"valueRequired\":true,\"valueName\":\"search_term_string\"}}],\"inLanguage\":\"pt-PT\"},{\"@type\":\"Organization\",\"@id\":\"https:\/\/brasilnoticias.org\/site\/#organization\",\"name\":\"Brasil not\u00edcias\",\"url\":\"https:\/\/brasilnoticias.org\/site\/\",\"logo\":{\"@type\":\"ImageObject\",\"inLanguage\":\"pt-PT\",\"@id\":\"https:\/\/brasilnoticias.org\/site\/#\/schema\/logo\/image\/\",\"url\":\"https:\/\/brasilnoticias.org\/site\/wp-content\/uploads\/2022\/05\/cropped-brasilnoticias-mini.jpg\",\"contentUrl\":\"https:\/\/brasilnoticias.org\/site\/wp-content\/uploads\/2022\/05\/cropped-brasilnoticias-mini.jpg\",\"width\":314,\"height\":86,\"caption\":\"Brasil not\u00edcias\"},\"image\":{\"@id\":\"https:\/\/brasilnoticias.org\/site\/#\/schema\/logo\/image\/\"}},{\"@type\":\"Person\",\"@id\":\"https:\/\/brasilnoticias.org\/site\/#\/schema\/person\/03bbbfe6c7634ad18c26444ea39049fa\",\"name\":\"Reda\u00e7\u00e3o\",\"image\":{\"@type\":\"ImageObject\",\"inLanguage\":\"pt-PT\",\"@id\":\"https:\/\/brasilnoticias.org\/site\/#\/schema\/person\/image\/\",\"url\":\"https:\/\/secure.gravatar.com\/avatar\/9ecaf7327a696cb23ad926fedded5f1f04d7049de9e445375d55b48c001a6e42?s=96&d=mm&r=g\",\"contentUrl\":\"https:\/\/secure.gravatar.com\/avatar\/9ecaf7327a696cb23ad926fedded5f1f04d7049de9e445375d55b48c001a6e42?s=96&d=mm&r=g\",\"caption\":\"Reda\u00e7\u00e3o\"},\"url\":\"https:\/\/brasilnoticias.org\/site\/author\/henrique\/\"}]}<\/script>\n<!-- \/ Yoast SEO plugin. -->","yoast_head_json":{"title":"L\u00facio crava MDB com PT na BA e ironiza dirigentes da Uni\u00e3o sobre Overclean: 'Colocam secret\u00e1rio em MG e empres\u00e1rio na nacional' - Brasil not\u00edcias","robots":{"index":"index","follow":"follow","max-snippet":"max-snippet:-1","max-image-preview":"max-image-preview:large","max-video-preview":"max-video-preview:-1"},"canonical":"https:\/\/brasilnoticias.org\/site\/lucio-crava-mdb-com-pt-na-ba-e-ironiza-dirigentes-da-uniao-sobre-overclean-colocam-secretario-em-mg-e-empresario-na-nacional\/","og_locale":"pt_PT","og_type":"article","og_title":"L\u00facio crava MDB com PT na BA e ironiza dirigentes da Uni\u00e3o sobre Overclean: 'Colocam secret\u00e1rio em MG e empres\u00e1rio na nacional' - Brasil not\u00edcias","og_description":"Assim como o senador Otto Alencar (PSD), um dos caciques do MDB na Bahia, o presidente da legenda em Salvador,","og_url":"https:\/\/brasilnoticias.org\/site\/lucio-crava-mdb-com-pt-na-ba-e-ironiza-dirigentes-da-uniao-sobre-overclean-colocam-secretario-em-mg-e-empresario-na-nacional\/","og_site_name":"Brasil not\u00edcias","article_published_time":"2025-04-30T15:55:51+00:00","article_modified_time":"2025-05-02T21:24:30+00:00","og_image":[{"width":2048,"height":1364,"url":"https:\/\/brasilnoticias.org\/site\/wp-content\/uploads\/2025\/04\/IMG_2489.jpeg","type":"image\/jpeg"}],"author":"Reda\u00e7\u00e3o","twitter_card":"summary_large_image","twitter_misc":{"Escrito por":"Reda\u00e7\u00e3o","Tempo estimado de leitura":"3 minutos"},"schema":{"@context":"https:\/\/schema.org","@graph":[{"@type":"Article","@id":"https:\/\/brasilnoticias.org\/site\/lucio-crava-mdb-com-pt-na-ba-e-ironiza-dirigentes-da-uniao-sobre-overclean-colocam-secretario-em-mg-e-empresario-na-nacional\/#article","isPartOf":{"@id":"https:\/\/brasilnoticias.org\/site\/lucio-crava-mdb-com-pt-na-ba-e-ironiza-dirigentes-da-uniao-sobre-overclean-colocam-secretario-em-mg-e-empresario-na-nacional\/"},"author":{"name":"Reda\u00e7\u00e3o","@id":"https:\/\/brasilnoticias.org\/site\/#\/schema\/person\/03bbbfe6c7634ad18c26444ea39049fa"},"headline":"L\u00facio crava MDB com PT na BA e ironiza dirigentes da Uni\u00e3o sobre Overclean: &#8216;Colocam secret\u00e1rio em MG e empres\u00e1rio na nacional&#8217;","datePublished":"2025-04-30T15:55:51+00:00","dateModified":"2025-05-02T21:24:30+00:00","mainEntityOfPage":{"@id":"https:\/\/brasilnoticias.org\/site\/lucio-crava-mdb-com-pt-na-ba-e-ironiza-dirigentes-da-uniao-sobre-overclean-colocam-secretario-em-mg-e-empresario-na-nacional\/"},"wordCount":437,"commentCount":0,"publisher":{"@id":"https:\/\/brasilnoticias.org\/site\/#organization"},"image":{"@id":"https:\/\/brasilnoticias.org\/site\/lucio-crava-mdb-com-pt-na-ba-e-ironiza-dirigentes-da-uniao-sobre-overclean-colocam-secretario-em-mg-e-empresario-na-nacional\/#primaryimage"},"thumbnailUrl":"https:\/\/brasilnoticias.org\/site\/wp-content\/uploads\/2025\/04\/IMG_2489.jpeg","articleSection":["Justi\u00e7a","\u00daltimas"],"inLanguage":"pt-PT","potentialAction":[{"@type":"CommentAction","name":"Comment","target":["https:\/\/brasilnoticias.org\/site\/lucio-crava-mdb-com-pt-na-ba-e-ironiza-dirigentes-da-uniao-sobre-overclean-colocam-secretario-em-mg-e-empresario-na-nacional\/#respond"]}]},{"@type":"WebPage","@id":"https:\/\/brasilnoticias.org\/site\/lucio-crava-mdb-com-pt-na-ba-e-ironiza-dirigentes-da-uniao-sobre-overclean-colocam-secretario-em-mg-e-empresario-na-nacional\/","url":"https:\/\/brasilnoticias.org\/site\/lucio-crava-mdb-com-pt-na-ba-e-ironiza-dirigentes-da-uniao-sobre-overclean-colocam-secretario-em-mg-e-empresario-na-nacional\/","name":"L\u00facio crava MDB com PT na BA e ironiza dirigentes da Uni\u00e3o sobre Overclean: 'Colocam secret\u00e1rio em MG e empres\u00e1rio na nacional' - Brasil not\u00edcias","isPartOf":{"@id":"https:\/\/brasilnoticias.org\/site\/#website"},"primaryImageOfPage":{"@id":"https:\/\/brasilnoticias.org\/site\/lucio-crava-mdb-com-pt-na-ba-e-ironiza-dirigentes-da-uniao-sobre-overclean-colocam-secretario-em-mg-e-empresario-na-nacional\/#primaryimage"},"image":{"@id":"https:\/\/brasilnoticias.org\/site\/lucio-crava-mdb-com-pt-na-ba-e-ironiza-dirigentes-da-uniao-sobre-overclean-colocam-secretario-em-mg-e-empresario-na-nacional\/#primaryimage"},"thumbnailUrl":"https:\/\/brasilnoticias.org\/site\/wp-content\/uploads\/2025\/04\/IMG_2489.jpeg","datePublished":"2025-04-30T15:55:51+00:00","dateModified":"2025-05-02T21:24:30+00:00","breadcrumb":{"@id":"https:\/\/brasilnoticias.org\/site\/lucio-crava-mdb-com-pt-na-ba-e-ironiza-dirigentes-da-uniao-sobre-overclean-colocam-secretario-em-mg-e-empresario-na-nacional\/#breadcrumb"},"inLanguage":"pt-PT","potentialAction":[{"@type":"ReadAction","target":["https:\/\/brasilnoticias.org\/site\/lucio-crava-mdb-com-pt-na-ba-e-ironiza-dirigentes-da-uniao-sobre-overclean-colocam-secretario-em-mg-e-empresario-na-nacional\/"]}]},{"@type":"ImageObject","inLanguage":"pt-PT","@id":"https:\/\/brasilnoticias.org\/site\/lucio-crava-mdb-com-pt-na-ba-e-ironiza-dirigentes-da-uniao-sobre-overclean-colocam-secretario-em-mg-e-empresario-na-nacional\/#primaryimage","url":"https:\/\/brasilnoticias.org\/site\/wp-content\/uploads\/2025\/04\/IMG_2489.jpeg","contentUrl":"https:\/\/brasilnoticias.org\/site\/wp-content\/uploads\/2025\/04\/IMG_2489.jpeg","width":2048,"height":1364},{"@type":"BreadcrumbList","@id":"https:\/\/brasilnoticias.org\/site\/lucio-crava-mdb-com-pt-na-ba-e-ironiza-dirigentes-da-uniao-sobre-overclean-colocam-secretario-em-mg-e-empresario-na-nacional\/#breadcrumb","itemListElement":[{"@type":"ListItem","position":1,"name":"In\u00edcio","item":"https:\/\/brasilnoticias.org\/site\/"},{"@type":"ListItem","position":2,"name":"L\u00facio crava MDB com PT na BA e ironiza dirigentes da Uni\u00e3o sobre Overclean: &#8216;Colocam secret\u00e1rio em MG e empres\u00e1rio na nacional&#8217;"}]},{"@type":"WebSite","@id":"https:\/\/brasilnoticias.org\/site\/#website","url":"https:\/\/brasilnoticias.org\/site\/","name":"Brasil not\u00edcias","description":"Brasil not\u00edcias","publisher":{"@id":"https:\/\/brasilnoticias.org\/site\/#organization"},"potentialAction":[{"@type":"SearchAction","target":{"@type":"EntryPoint","urlTemplate":"https:\/\/brasilnoticias.org\/site\/?s={search_term_string}"},"query-input":{"@type":"PropertyValueSpecification","valueRequired":true,"valueName":"search_term_string"}}],"inLanguage":"pt-PT"},{"@type":"Organization","@id":"https:\/\/brasilnoticias.org\/site\/#organization","name":"Brasil not\u00edcias","url":"https:\/\/brasilnoticias.org\/site\/","logo":{"@type":"ImageObject","inLanguage":"pt-PT","@id":"https:\/\/brasilnoticias.org\/site\/#\/schema\/logo\/image\/","url":"https:\/\/brasilnoticias.org\/site\/wp-content\/uploads\/2022\/05\/cropped-brasilnoticias-mini.jpg","contentUrl":"https:\/\/brasilnoticias.org\/site\/wp-content\/uploads\/2022\/05\/cropped-brasilnoticias-mini.jpg","width":314,"height":86,"caption":"Brasil not\u00edcias"},"image":{"@id":"https:\/\/brasilnoticias.org\/site\/#\/schema\/logo\/image\/"}},{"@type":"Person","@id":"https:\/\/brasilnoticias.org\/site\/#\/schema\/person\/03bbbfe6c7634ad18c26444ea39049fa","name":"Reda\u00e7\u00e3o","image":{"@type":"ImageObject","inLanguage":"pt-PT","@id":"https:\/\/brasilnoticias.org\/site\/#\/schema\/person\/image\/","url":"https:\/\/secure.gravatar.com\/avatar\/9ecaf7327a696cb23ad926fedded5f1f04d7049de9e445375d55b48c001a6e42?s=96&d=mm&r=g","contentUrl":"https:\/\/secure.gravatar.com\/avatar\/9ecaf7327a696cb23ad926fedded5f1f04d7049de9e445375d55b48c001a6e42?s=96&d=mm&r=g","caption":"Reda\u00e7\u00e3o"},"url":"https:\/\/brasilnoticias.org\/site\/author\/henrique\/"}]}},"_links":{"self":[{"href":"https:\/\/brasilnoticias.org\/site\/wp-json\/wp\/v2\/posts\/17121","targetHints":{"allow":["GET"]}}],"collection":[{"href":"https:\/\/brasilnoticias.org\/site\/wp-json\/wp\/v2\/posts"}],"about":[{"href":"https:\/\/brasilnoticias.org\/site\/wp-json\/wp\/v2\/types\/post"}],"author":[{"embeddable":true,"href":"https:\/\/brasilnoticias.org\/site\/wp-json\/wp\/v2\/users\/4"}],"replies":[{"embeddable":true,"href":"https:\/\/brasilnoticias.org\/site\/wp-json\/wp\/v2\/comments?post=17121"}],"version-history":[{"count":1,"href":"https:\/\/brasilnoticias.org\/site\/wp-json\/wp\/v2\/posts\/17121\/revisions"}],"predecessor-version":[{"id":17123,"href":"https:\/\/brasilnoticias.org\/site\/wp-json\/wp\/v2\/posts\/17121\/revisions\/17123"}],"wp:featuredmedia":[{"embeddable":true,"href":"https:\/\/brasilnoticias.org\/site\/wp-json\/wp\/v2\/media\/17122"}],"wp:attachment":[{"href":"https:\/\/brasilnoticias.org\/site\/wp-json\/wp\/v2\/media?parent=17121"}],"wp:term":[{"taxonomy":"category","embeddable":true,"href":"https:\/\/brasilnoticias.org\/site\/wp-json\/wp\/v2\/categories?post=17121"},{"taxonomy":"post_tag","embeddable":true,"href":"https:\/\/brasilnoticias.org\/site\/wp-json\/wp\/v2\/tags?post=17121"}],"curies":[{"name":"wp","href":"https:\/\/api.w.org\/{rel}","templated":true}]}}