{"id":17182,"date":"2025-05-09T10:02:43","date_gmt":"2025-05-09T13:02:43","guid":{"rendered":"https:\/\/brasilnoticias.org\/site\/?p=17182"},"modified":"2025-05-09T10:02:43","modified_gmt":"2025-05-09T13:02:43","slug":"comandada-por-rui-casa-civil-ignorou-processo-por-improbidade-ao-nomear-ex-diretor-do-inss-diz-jornal","status":"publish","type":"post","link":"https:\/\/brasilnoticias.org\/site\/comandada-por-rui-casa-civil-ignorou-processo-por-improbidade-ao-nomear-ex-diretor-do-inss-diz-jornal\/","title":{"rendered":"Comandada por Rui, Casa Civil ignorou processo por improbidade ao nomear ex-diretor do INSS, diz jornal"},"content":{"rendered":"<p>Reportagem da Folha aponta que nomea\u00e7\u00e3o de Andr\u00e9 Fidelis ocorreu enquanto ele ainda era alvo de questionamento judicial por suposta irregularidade<\/p>\n<p>A Casa Civil da Presid\u00eancia da Rep\u00fablica, comandada pelo ex-governador da Bahia Rui Costa (PT), ignorou a exist\u00eancia de um processo de improbidade administrativa contra o ent\u00e3o indicado \u00e0 Diretoria de Benef\u00edcios do INSS, Andr\u00e9 Fidelis, ao autorizar sua nomea\u00e7\u00e3o em fevereiro de 2023. De acordo com a reportagem da Folha de S. Paulo, \u00e0 \u00e9poca, a autarquia ainda atuava na Justi\u00e7a em busca da condena\u00e7\u00e3o do pr\u00f3prio servidor.<br \/>\nA Diretoria de Benef\u00edcios \u00e9 uma das \u00e1reas mais sens\u00edveis do Instituto Nacional do Seguro Social, respons\u00e1vel por gerenciar toda a folha de pagamentos da autarquia e os controversos descontos associativos em aposentadorias e pens\u00f5es. No momento em que foi nomeado, Fidelis ainda respondia a embargos de declara\u00e7\u00e3o no Tribunal Regional Federal da 5\u00aa Regi\u00e3o (TRF-5), etapa do processo que discutia sua puni\u00e7\u00e3o por contratar, sem licita\u00e7\u00e3o, servi\u00e7os de seguran\u00e7a noturna em 2016, quando era superintendente do INSS no Norte\/Centro-Oeste.<br \/>\nApesar disso, a Secretaria para Assuntos Jur\u00eddicos (SAJ) da Casa Civil n\u00e3o considerou o processo um \u00f3bice para a nomea\u00e7\u00e3o. T\u00e9cnicos do pr\u00f3prio INSS alertaram o governo federal sobre o hist\u00f3rico de Fidelis, mas o nome foi mantido por influ\u00eancia pol\u00edtica da Confedera\u00e7\u00e3o Nacional de Agricultores Familiares (Conafer), entidade ligada ao ent\u00e3o diretor e uma das investigadas pela Pol\u00edcia Federal em outro esc\u00e2ndalo relacionado aos mesmos descontos.<br \/>\nA Casa Civil justificou a nomea\u00e7\u00e3o afirmando que \u201co referido processo administrativo foi declarado nulo pela Justi\u00e7a Federal, decis\u00e3o confirmada em segunda inst\u00e2ncia em 2022 e transitada em julgado pelo STJ em outubro de 2023\u201d. Ainda assim, quando a nomea\u00e7\u00e3o foi efetivada, o processo ainda tramitava na fase recursal, o que tornava a situa\u00e7\u00e3o jur\u00eddica de Fidelis indefinida.<br \/>\nFidelis permaneceu no cargo at\u00e9 julho de 2024, quando foi exonerado pelo ent\u00e3o ministro da Previd\u00eancia, Carlos Lupi (PDT), sob a acusa\u00e7\u00e3o de atrasar uma auditoria nos sistemas de descontos associativos \u2013 justamente o setor sob sua responsabilidade.<br \/>\nO ex-diretor disse que n\u00e3o havia qualquer impedimento legal para sua nomea\u00e7\u00e3o e ressaltou que a decis\u00e3o judicial j\u00e1 lhe era favor\u00e1vel no momento da posse.<\/p>\n<p>Foto: Fabio Rodrigues-Pozzebom\/Ag\u00eancia Brasil<br \/>\nBlog do Vila<\/p>\n","protected":false},"excerpt":{"rendered":"<p>Reportagem da Folha aponta que nomea\u00e7\u00e3o de Andr\u00e9 Fidelis ocorreu enquanto ele ainda era alvo de questionamento judicial por suposta<\/p>\n","protected":false},"author":4,"featured_media":17183,"comment_status":"open","ping_status":"open","sticky":false,"template":"","format":"standard","meta":{"colormag_page_container_layout":"default_layout","colormag_page_sidebar_layout":"default_layout","_FSMCFIC_featured_image_caption":"","_FSMCFIC_featured_image_nocaption":"","_FSMCFIC_featured_image_hide":"","footnotes":""},"categories":[5,1],"tags":[],"class_list":["post-17182","post","type-post","status-publish","format-standard","has-post-thumbnail","hentry","category-politica","category-ultimas"],"yoast_head":"<!-- This site is optimized with the Yoast SEO plugin v27.1.1 - https:\/\/yoast.com\/product\/yoast-seo-wordpress\/ -->\n<title>Comandada por Rui, Casa Civil ignorou processo por improbidade ao nomear ex-diretor do INSS, diz jornal - Brasil not\u00edcias<\/title>\n<meta name=\"robots\" content=\"index, follow, max-snippet:-1, max-image-preview:large, max-video-preview:-1\" \/>\n<link rel=\"canonical\" href=\"https:\/\/brasilnoticias.org\/site\/comandada-por-rui-casa-civil-ignorou-processo-por-improbidade-ao-nomear-ex-diretor-do-inss-diz-jornal\/\" \/>\n<meta property=\"og:locale\" content=\"pt_PT\" \/>\n<meta property=\"og:type\" content=\"article\" \/>\n<meta property=\"og:title\" content=\"Comandada por Rui, Casa Civil ignorou processo por improbidade ao nomear ex-diretor do INSS, diz jornal - Brasil not\u00edcias\" \/>\n<meta property=\"og:description\" content=\"Reportagem da Folha aponta que nomea\u00e7\u00e3o de Andr\u00e9 Fidelis ocorreu enquanto ele ainda era alvo de questionamento judicial por suposta\" \/>\n<meta property=\"og:url\" content=\"https:\/\/brasilnoticias.org\/site\/comandada-por-rui-casa-civil-ignorou-processo-por-improbidade-ao-nomear-ex-diretor-do-inss-diz-jornal\/\" \/>\n<meta property=\"og:site_name\" content=\"Brasil not\u00edcias\" \/>\n<meta property=\"article:published_time\" content=\"2025-05-09T13:02:43+00:00\" \/>\n<meta property=\"og:image\" content=\"https:\/\/brasilnoticias.org\/site\/wp-content\/uploads\/2025\/05\/IMG_2712.jpeg\" \/>\n\t<meta property=\"og:image:width\" content=\"2048\" \/>\n\t<meta property=\"og:image:height\" content=\"1365\" \/>\n\t<meta property=\"og:image:type\" content=\"image\/jpeg\" \/>\n<meta name=\"author\" content=\"Reda\u00e7\u00e3o\" \/>\n<meta name=\"twitter:card\" content=\"summary_large_image\" \/>\n<meta name=\"twitter:label1\" content=\"Escrito por\" \/>\n\t<meta name=\"twitter:data1\" content=\"Reda\u00e7\u00e3o\" \/>\n\t<meta name=\"twitter:label2\" content=\"Tempo estimado de leitura\" \/>\n\t<meta name=\"twitter:data2\" content=\"1 minuto\" \/>\n<script type=\"application\/ld+json\" class=\"yoast-schema-graph\">{\"@context\":\"https:\/\/schema.org\",\"@graph\":[{\"@type\":\"Article\",\"@id\":\"https:\/\/brasilnoticias.org\/site\/comandada-por-rui-casa-civil-ignorou-processo-por-improbidade-ao-nomear-ex-diretor-do-inss-diz-jornal\/#article\",\"isPartOf\":{\"@id\":\"https:\/\/brasilnoticias.org\/site\/comandada-por-rui-casa-civil-ignorou-processo-por-improbidade-ao-nomear-ex-diretor-do-inss-diz-jornal\/\"},\"author\":{\"name\":\"Reda\u00e7\u00e3o\",\"@id\":\"https:\/\/brasilnoticias.org\/site\/#\/schema\/person\/03bbbfe6c7634ad18c26444ea39049fa\"},\"headline\":\"Comandada por Rui, Casa Civil ignorou processo por improbidade ao nomear ex-diretor do INSS, diz jornal\",\"datePublished\":\"2025-05-09T13:02:43+00:00\",\"mainEntityOfPage\":{\"@id\":\"https:\/\/brasilnoticias.org\/site\/comandada-por-rui-casa-civil-ignorou-processo-por-improbidade-ao-nomear-ex-diretor-do-inss-diz-jornal\/\"},\"wordCount\":421,\"commentCount\":0,\"publisher\":{\"@id\":\"https:\/\/brasilnoticias.org\/site\/#organization\"},\"image\":{\"@id\":\"https:\/\/brasilnoticias.org\/site\/comandada-por-rui-casa-civil-ignorou-processo-por-improbidade-ao-nomear-ex-diretor-do-inss-diz-jornal\/#primaryimage\"},\"thumbnailUrl\":\"https:\/\/brasilnoticias.org\/site\/wp-content\/uploads\/2025\/05\/IMG_2712.jpeg\",\"articleSection\":[\"Pol\u00edtica\",\"\u00daltimas\"],\"inLanguage\":\"pt-PT\",\"potentialAction\":[{\"@type\":\"CommentAction\",\"name\":\"Comment\",\"target\":[\"https:\/\/brasilnoticias.org\/site\/comandada-por-rui-casa-civil-ignorou-processo-por-improbidade-ao-nomear-ex-diretor-do-inss-diz-jornal\/#respond\"]}]},{\"@type\":\"WebPage\",\"@id\":\"https:\/\/brasilnoticias.org\/site\/comandada-por-rui-casa-civil-ignorou-processo-por-improbidade-ao-nomear-ex-diretor-do-inss-diz-jornal\/\",\"url\":\"https:\/\/brasilnoticias.org\/site\/comandada-por-rui-casa-civil-ignorou-processo-por-improbidade-ao-nomear-ex-diretor-do-inss-diz-jornal\/\",\"name\":\"Comandada por Rui, Casa Civil ignorou processo por improbidade ao nomear ex-diretor do INSS, diz jornal - Brasil not\u00edcias\",\"isPartOf\":{\"@id\":\"https:\/\/brasilnoticias.org\/site\/#website\"},\"primaryImageOfPage\":{\"@id\":\"https:\/\/brasilnoticias.org\/site\/comandada-por-rui-casa-civil-ignorou-processo-por-improbidade-ao-nomear-ex-diretor-do-inss-diz-jornal\/#primaryimage\"},\"image\":{\"@id\":\"https:\/\/brasilnoticias.org\/site\/comandada-por-rui-casa-civil-ignorou-processo-por-improbidade-ao-nomear-ex-diretor-do-inss-diz-jornal\/#primaryimage\"},\"thumbnailUrl\":\"https:\/\/brasilnoticias.org\/site\/wp-content\/uploads\/2025\/05\/IMG_2712.jpeg\",\"datePublished\":\"2025-05-09T13:02:43+00:00\",\"breadcrumb\":{\"@id\":\"https:\/\/brasilnoticias.org\/site\/comandada-por-rui-casa-civil-ignorou-processo-por-improbidade-ao-nomear-ex-diretor-do-inss-diz-jornal\/#breadcrumb\"},\"inLanguage\":\"pt-PT\",\"potentialAction\":[{\"@type\":\"ReadAction\",\"target\":[\"https:\/\/brasilnoticias.org\/site\/comandada-por-rui-casa-civil-ignorou-processo-por-improbidade-ao-nomear-ex-diretor-do-inss-diz-jornal\/\"]}]},{\"@type\":\"ImageObject\",\"inLanguage\":\"pt-PT\",\"@id\":\"https:\/\/brasilnoticias.org\/site\/comandada-por-rui-casa-civil-ignorou-processo-por-improbidade-ao-nomear-ex-diretor-do-inss-diz-jornal\/#primaryimage\",\"url\":\"https:\/\/brasilnoticias.org\/site\/wp-content\/uploads\/2025\/05\/IMG_2712.jpeg\",\"contentUrl\":\"https:\/\/brasilnoticias.org\/site\/wp-content\/uploads\/2025\/05\/IMG_2712.jpeg\",\"width\":2048,\"height\":1365},{\"@type\":\"BreadcrumbList\",\"@id\":\"https:\/\/brasilnoticias.org\/site\/comandada-por-rui-casa-civil-ignorou-processo-por-improbidade-ao-nomear-ex-diretor-do-inss-diz-jornal\/#breadcrumb\",\"itemListElement\":[{\"@type\":\"ListItem\",\"position\":1,\"name\":\"In\u00edcio\",\"item\":\"https:\/\/brasilnoticias.org\/site\/\"},{\"@type\":\"ListItem\",\"position\":2,\"name\":\"Comandada por Rui, Casa Civil ignorou processo por improbidade ao nomear ex-diretor do INSS, diz jornal\"}]},{\"@type\":\"WebSite\",\"@id\":\"https:\/\/brasilnoticias.org\/site\/#website\",\"url\":\"https:\/\/brasilnoticias.org\/site\/\",\"name\":\"Brasil not\u00edcias\",\"description\":\"Brasil not\u00edcias\",\"publisher\":{\"@id\":\"https:\/\/brasilnoticias.org\/site\/#organization\"},\"potentialAction\":[{\"@type\":\"SearchAction\",\"target\":{\"@type\":\"EntryPoint\",\"urlTemplate\":\"https:\/\/brasilnoticias.org\/site\/?s={search_term_string}\"},\"query-input\":{\"@type\":\"PropertyValueSpecification\",\"valueRequired\":true,\"valueName\":\"search_term_string\"}}],\"inLanguage\":\"pt-PT\"},{\"@type\":\"Organization\",\"@id\":\"https:\/\/brasilnoticias.org\/site\/#organization\",\"name\":\"Brasil not\u00edcias\",\"url\":\"https:\/\/brasilnoticias.org\/site\/\",\"logo\":{\"@type\":\"ImageObject\",\"inLanguage\":\"pt-PT\",\"@id\":\"https:\/\/brasilnoticias.org\/site\/#\/schema\/logo\/image\/\",\"url\":\"https:\/\/brasilnoticias.org\/site\/wp-content\/uploads\/2022\/05\/cropped-brasilnoticias-mini.jpg\",\"contentUrl\":\"https:\/\/brasilnoticias.org\/site\/wp-content\/uploads\/2022\/05\/cropped-brasilnoticias-mini.jpg\",\"width\":314,\"height\":86,\"caption\":\"Brasil not\u00edcias\"},\"image\":{\"@id\":\"https:\/\/brasilnoticias.org\/site\/#\/schema\/logo\/image\/\"}},{\"@type\":\"Person\",\"@id\":\"https:\/\/brasilnoticias.org\/site\/#\/schema\/person\/03bbbfe6c7634ad18c26444ea39049fa\",\"name\":\"Reda\u00e7\u00e3o\",\"image\":{\"@type\":\"ImageObject\",\"inLanguage\":\"pt-PT\",\"@id\":\"https:\/\/brasilnoticias.org\/site\/#\/schema\/person\/image\/\",\"url\":\"https:\/\/secure.gravatar.com\/avatar\/9ecaf7327a696cb23ad926fedded5f1f04d7049de9e445375d55b48c001a6e42?s=96&d=mm&r=g\",\"contentUrl\":\"https:\/\/secure.gravatar.com\/avatar\/9ecaf7327a696cb23ad926fedded5f1f04d7049de9e445375d55b48c001a6e42?s=96&d=mm&r=g\",\"caption\":\"Reda\u00e7\u00e3o\"},\"url\":\"https:\/\/brasilnoticias.org\/site\/author\/henrique\/\"}]}<\/script>\n<!-- \/ Yoast SEO plugin. -->","yoast_head_json":{"title":"Comandada por Rui, Casa Civil ignorou processo por improbidade ao nomear ex-diretor do INSS, diz jornal - Brasil not\u00edcias","robots":{"index":"index","follow":"follow","max-snippet":"max-snippet:-1","max-image-preview":"max-image-preview:large","max-video-preview":"max-video-preview:-1"},"canonical":"https:\/\/brasilnoticias.org\/site\/comandada-por-rui-casa-civil-ignorou-processo-por-improbidade-ao-nomear-ex-diretor-do-inss-diz-jornal\/","og_locale":"pt_PT","og_type":"article","og_title":"Comandada por Rui, Casa Civil ignorou processo por improbidade ao nomear ex-diretor do INSS, diz jornal - Brasil not\u00edcias","og_description":"Reportagem da Folha aponta que nomea\u00e7\u00e3o de Andr\u00e9 Fidelis ocorreu enquanto ele ainda era alvo de questionamento judicial por suposta","og_url":"https:\/\/brasilnoticias.org\/site\/comandada-por-rui-casa-civil-ignorou-processo-por-improbidade-ao-nomear-ex-diretor-do-inss-diz-jornal\/","og_site_name":"Brasil not\u00edcias","article_published_time":"2025-05-09T13:02:43+00:00","og_image":[{"width":2048,"height":1365,"url":"https:\/\/brasilnoticias.org\/site\/wp-content\/uploads\/2025\/05\/IMG_2712.jpeg","type":"image\/jpeg"}],"author":"Reda\u00e7\u00e3o","twitter_card":"summary_large_image","twitter_misc":{"Escrito por":"Reda\u00e7\u00e3o","Tempo estimado de leitura":"1 minuto"},"schema":{"@context":"https:\/\/schema.org","@graph":[{"@type":"Article","@id":"https:\/\/brasilnoticias.org\/site\/comandada-por-rui-casa-civil-ignorou-processo-por-improbidade-ao-nomear-ex-diretor-do-inss-diz-jornal\/#article","isPartOf":{"@id":"https:\/\/brasilnoticias.org\/site\/comandada-por-rui-casa-civil-ignorou-processo-por-improbidade-ao-nomear-ex-diretor-do-inss-diz-jornal\/"},"author":{"name":"Reda\u00e7\u00e3o","@id":"https:\/\/brasilnoticias.org\/site\/#\/schema\/person\/03bbbfe6c7634ad18c26444ea39049fa"},"headline":"Comandada por Rui, Casa Civil ignorou processo por improbidade ao nomear ex-diretor do INSS, diz jornal","datePublished":"2025-05-09T13:02:43+00:00","mainEntityOfPage":{"@id":"https:\/\/brasilnoticias.org\/site\/comandada-por-rui-casa-civil-ignorou-processo-por-improbidade-ao-nomear-ex-diretor-do-inss-diz-jornal\/"},"wordCount":421,"commentCount":0,"publisher":{"@id":"https:\/\/brasilnoticias.org\/site\/#organization"},"image":{"@id":"https:\/\/brasilnoticias.org\/site\/comandada-por-rui-casa-civil-ignorou-processo-por-improbidade-ao-nomear-ex-diretor-do-inss-diz-jornal\/#primaryimage"},"thumbnailUrl":"https:\/\/brasilnoticias.org\/site\/wp-content\/uploads\/2025\/05\/IMG_2712.jpeg","articleSection":["Pol\u00edtica","\u00daltimas"],"inLanguage":"pt-PT","potentialAction":[{"@type":"CommentAction","name":"Comment","target":["https:\/\/brasilnoticias.org\/site\/comandada-por-rui-casa-civil-ignorou-processo-por-improbidade-ao-nomear-ex-diretor-do-inss-diz-jornal\/#respond"]}]},{"@type":"WebPage","@id":"https:\/\/brasilnoticias.org\/site\/comandada-por-rui-casa-civil-ignorou-processo-por-improbidade-ao-nomear-ex-diretor-do-inss-diz-jornal\/","url":"https:\/\/brasilnoticias.org\/site\/comandada-por-rui-casa-civil-ignorou-processo-por-improbidade-ao-nomear-ex-diretor-do-inss-diz-jornal\/","name":"Comandada por Rui, Casa Civil ignorou processo por improbidade ao nomear ex-diretor do INSS, diz jornal - Brasil not\u00edcias","isPartOf":{"@id":"https:\/\/brasilnoticias.org\/site\/#website"},"primaryImageOfPage":{"@id":"https:\/\/brasilnoticias.org\/site\/comandada-por-rui-casa-civil-ignorou-processo-por-improbidade-ao-nomear-ex-diretor-do-inss-diz-jornal\/#primaryimage"},"image":{"@id":"https:\/\/brasilnoticias.org\/site\/comandada-por-rui-casa-civil-ignorou-processo-por-improbidade-ao-nomear-ex-diretor-do-inss-diz-jornal\/#primaryimage"},"thumbnailUrl":"https:\/\/brasilnoticias.org\/site\/wp-content\/uploads\/2025\/05\/IMG_2712.jpeg","datePublished":"2025-05-09T13:02:43+00:00","breadcrumb":{"@id":"https:\/\/brasilnoticias.org\/site\/comandada-por-rui-casa-civil-ignorou-processo-por-improbidade-ao-nomear-ex-diretor-do-inss-diz-jornal\/#breadcrumb"},"inLanguage":"pt-PT","potentialAction":[{"@type":"ReadAction","target":["https:\/\/brasilnoticias.org\/site\/comandada-por-rui-casa-civil-ignorou-processo-por-improbidade-ao-nomear-ex-diretor-do-inss-diz-jornal\/"]}]},{"@type":"ImageObject","inLanguage":"pt-PT","@id":"https:\/\/brasilnoticias.org\/site\/comandada-por-rui-casa-civil-ignorou-processo-por-improbidade-ao-nomear-ex-diretor-do-inss-diz-jornal\/#primaryimage","url":"https:\/\/brasilnoticias.org\/site\/wp-content\/uploads\/2025\/05\/IMG_2712.jpeg","contentUrl":"https:\/\/brasilnoticias.org\/site\/wp-content\/uploads\/2025\/05\/IMG_2712.jpeg","width":2048,"height":1365},{"@type":"BreadcrumbList","@id":"https:\/\/brasilnoticias.org\/site\/comandada-por-rui-casa-civil-ignorou-processo-por-improbidade-ao-nomear-ex-diretor-do-inss-diz-jornal\/#breadcrumb","itemListElement":[{"@type":"ListItem","position":1,"name":"In\u00edcio","item":"https:\/\/brasilnoticias.org\/site\/"},{"@type":"ListItem","position":2,"name":"Comandada por Rui, Casa Civil ignorou processo por improbidade ao nomear ex-diretor do INSS, diz jornal"}]},{"@type":"WebSite","@id":"https:\/\/brasilnoticias.org\/site\/#website","url":"https:\/\/brasilnoticias.org\/site\/","name":"Brasil not\u00edcias","description":"Brasil not\u00edcias","publisher":{"@id":"https:\/\/brasilnoticias.org\/site\/#organization"},"potentialAction":[{"@type":"SearchAction","target":{"@type":"EntryPoint","urlTemplate":"https:\/\/brasilnoticias.org\/site\/?s={search_term_string}"},"query-input":{"@type":"PropertyValueSpecification","valueRequired":true,"valueName":"search_term_string"}}],"inLanguage":"pt-PT"},{"@type":"Organization","@id":"https:\/\/brasilnoticias.org\/site\/#organization","name":"Brasil not\u00edcias","url":"https:\/\/brasilnoticias.org\/site\/","logo":{"@type":"ImageObject","inLanguage":"pt-PT","@id":"https:\/\/brasilnoticias.org\/site\/#\/schema\/logo\/image\/","url":"https:\/\/brasilnoticias.org\/site\/wp-content\/uploads\/2022\/05\/cropped-brasilnoticias-mini.jpg","contentUrl":"https:\/\/brasilnoticias.org\/site\/wp-content\/uploads\/2022\/05\/cropped-brasilnoticias-mini.jpg","width":314,"height":86,"caption":"Brasil not\u00edcias"},"image":{"@id":"https:\/\/brasilnoticias.org\/site\/#\/schema\/logo\/image\/"}},{"@type":"Person","@id":"https:\/\/brasilnoticias.org\/site\/#\/schema\/person\/03bbbfe6c7634ad18c26444ea39049fa","name":"Reda\u00e7\u00e3o","image":{"@type":"ImageObject","inLanguage":"pt-PT","@id":"https:\/\/brasilnoticias.org\/site\/#\/schema\/person\/image\/","url":"https:\/\/secure.gravatar.com\/avatar\/9ecaf7327a696cb23ad926fedded5f1f04d7049de9e445375d55b48c001a6e42?s=96&d=mm&r=g","contentUrl":"https:\/\/secure.gravatar.com\/avatar\/9ecaf7327a696cb23ad926fedded5f1f04d7049de9e445375d55b48c001a6e42?s=96&d=mm&r=g","caption":"Reda\u00e7\u00e3o"},"url":"https:\/\/brasilnoticias.org\/site\/author\/henrique\/"}]}},"_links":{"self":[{"href":"https:\/\/brasilnoticias.org\/site\/wp-json\/wp\/v2\/posts\/17182","targetHints":{"allow":["GET"]}}],"collection":[{"href":"https:\/\/brasilnoticias.org\/site\/wp-json\/wp\/v2\/posts"}],"about":[{"href":"https:\/\/brasilnoticias.org\/site\/wp-json\/wp\/v2\/types\/post"}],"author":[{"embeddable":true,"href":"https:\/\/brasilnoticias.org\/site\/wp-json\/wp\/v2\/users\/4"}],"replies":[{"embeddable":true,"href":"https:\/\/brasilnoticias.org\/site\/wp-json\/wp\/v2\/comments?post=17182"}],"version-history":[{"count":1,"href":"https:\/\/brasilnoticias.org\/site\/wp-json\/wp\/v2\/posts\/17182\/revisions"}],"predecessor-version":[{"id":17184,"href":"https:\/\/brasilnoticias.org\/site\/wp-json\/wp\/v2\/posts\/17182\/revisions\/17184"}],"wp:featuredmedia":[{"embeddable":true,"href":"https:\/\/brasilnoticias.org\/site\/wp-json\/wp\/v2\/media\/17183"}],"wp:attachment":[{"href":"https:\/\/brasilnoticias.org\/site\/wp-json\/wp\/v2\/media?parent=17182"}],"wp:term":[{"taxonomy":"category","embeddable":true,"href":"https:\/\/brasilnoticias.org\/site\/wp-json\/wp\/v2\/categories?post=17182"},{"taxonomy":"post_tag","embeddable":true,"href":"https:\/\/brasilnoticias.org\/site\/wp-json\/wp\/v2\/tags?post=17182"}],"curies":[{"name":"wp","href":"https:\/\/api.w.org\/{rel}","templated":true}]}}