{"id":17185,"date":"2025-05-09T10:11:28","date_gmt":"2025-05-09T13:11:28","guid":{"rendered":"https:\/\/brasilnoticias.org\/site\/?p=17185"},"modified":"2025-06-03T23:06:22","modified_gmt":"2025-06-04T02:06:22","slug":"roma-estica-o-mito-e-mira-tirar-pt-do-governo-da-bahia","status":"publish","type":"post","link":"https:\/\/brasilnoticias.org\/site\/roma-estica-o-mito-e-mira-tirar-pt-do-governo-da-bahia\/","title":{"rendered":"Roma estica o mito e mira &#8216;tirar PT&#8217; do governo da Bahia"},"content":{"rendered":"<p>Mesmo com poss\u00edvel chapa Tarc\u00edsio-Ciro Nogueira, presidente estadual do PL tenta manter vivo o nome de Bolsonaro e se movimenta com ACM Neto para unir a oposi\u00e7\u00e3o na disputa pelo Pal\u00e1cio de Ondina<\/p>\n<p>Apesar de o ex-presidente Jair Bolsonaro (PL) estar ineleg\u00edvel at\u00e9 2030, ap\u00f3s ser condenado por abuso de poder pol\u00edtico e uso indevido dos meios de comunica\u00e7\u00e3o, o presidente do partido na Bahia, Jo\u00e3o Roma, insiste na tese de que o capit\u00e3o reformado poder\u00e1 ser candidato em 2026.<br \/>\nDeputados federais ouvidos pelo Blog do Vila apontam que, nos bastidores, a possibilidade de lan\u00e7amento da chapa entre o atual governador de S\u00e3o Paulo, Tarc\u00edsio Gomes de Freitas (Republicanos), e o senador Ciro Nogueira (PP-PI) tem animado a centro-direita e at\u00e9 causado &#8220;brilho nos olhos&#8221; do pr\u00f3prio Bolsonaro. <\/p>\n<p>&#8220;Olha, eu converso muito com v\u00e1rios personagens, inclusive o pr\u00f3prio Ciro Nogueira, e ele defende o nome do presidente Bolsonaro para a Presid\u00eancia da Rep\u00fablica. O que fica muito claro \u00e9 que voc\u00ea n\u00e3o v\u00ea justificativa plaus\u00edvel para dizer \u00e0 popula\u00e7\u00e3o que um homem como Bolsonaro, que hoje est\u00e1 em primeiro lugar nas pesquisas de inten\u00e7\u00e3o de votos, n\u00e3o pode ser candidato \u00e0 Presid\u00eancia da Rep\u00fablica por causa de uma reuni\u00e3o com embaixadores no Pal\u00e1cio do Planalto. Ent\u00e3o, esse tipo de condena\u00e7\u00e3o, esse Judici\u00e1rio com dois pesos e duas medidas, que transforma o processo em vingan\u00e7a, que atua de forma muito passional, \u00e9 exemplo da a\u00e7\u00e3o do atual ministro do Supremo Tribunal Federal, Alexandre Moraes. S\u00e3o coisas que n\u00e3o podemos admitir para o nosso Brasil. Portanto, n\u00f3s defendemos a elegibilidade e queremos marchar no pr\u00f3ximo ano com Jair Messias Bolsonaro como nosso candidato \u00e0 Presid\u00eancia da Rep\u00fablica&#8221;, afirmou Roma, em entrevista \u00e0 coluna. <\/p>\n<p>Nos corredores liberais, o que se fala \u00e9 que o ex-presidente sabe que n\u00e3o reverter\u00e1 a decis\u00e3o do Tribunal Superior Eleitoral (TSE) a tempo de concorrer e tem estimulado e participado dos di\u00e1logos para constru\u00e7\u00e3o de uma alternativa competitiva.<\/p>\n<p>No entanto, assim como fez o presidente Lula (PT) em 2018, ao &#8220;esticar a corda&#8221; at\u00e9 praticamente o limite legal para lan\u00e7ar o atual ministro da Fazenda, Fernando Haddad, a estrat\u00e9gia ser\u00e1 vender a narrativa de candidatura pelo m\u00e1ximo de tempo poss\u00edvel, a fim de &#8220;manter o eleitorado animado&#8221;.<br \/>\nNeto quer Tarc\u00edsio-Ciro<\/p>\n<p>Enquanto o presidente estadual do PL ainda conta com uma eventual candidatura de Jair Bolsonaro ao Pal\u00e1cio do Planalto, o grupo de ACM Neto (Uni\u00e3o Brasil) tem dado combust\u00edvel a uma poss\u00edvel chapa presidencial de Tarc\u00edsio e Nogueira. <\/p>\n<p>Na avalia\u00e7\u00e3o dos interlocutores do ex-prefeito de Salvador, com o &#8220;sofr\u00edvel&#8221; desempenho da gest\u00e3o Lula 3, a composi\u00e7\u00e3o de centro-direita nacional seria mais &#8220;leve&#8221; e n\u00e3o teria o mesmo efeito negativo observado na elei\u00e7\u00e3o estadual anterior, quando, segundo eles, o ex-presidente &#8220;tirou mais votos do que deu&#8221; ao postulante ao Governo da Bahia, em 2022. <\/p>\n<p>Apostam ainda na hip\u00f3tese de o petista sequer concorrer \u00e0 reelei\u00e7\u00e3o, devido a tr\u00eas fatores: &#8220;governo fraco&#8221;, &#8220;idade avan\u00e7ada&#8221; e &#8220;vaidade de n\u00e3o sofrer uma derrota acachapante&#8221;.<br \/>\nOutro ponto avaliado \u00e9 o de que, al\u00e9m da perda do PP, devido \u00e0 federa\u00e7\u00e3o com o Uni\u00e3o Brasil, a aproxima\u00e7\u00e3o do presidente nacional do PSD, Gilberto Kassab, com o projeto \u2013 interessado em ser escolhido sucessor em S\u00e3o Paulo, em caso de ren\u00fancia do governador \u2013 poderia obrigar o partido comandado pelo senador Otto Alencar, que nega o desembarque, a se desalinhar com o PT na Bahia.<br \/>\nO conjunto de fatores, dizem eles, seria a &#8220;p\u00e1 de cal&#8221; para o atual governador Jer\u00f4nimo Rodrigues (PT).<br \/>\nUni\u00e3o para &#8216;tirar o PT na Bahia&#8217;<\/p>\n<p>Diante do cen\u00e1rio dito &#8220;positivo&#8221; para a oposi\u00e7\u00e3o, Jo\u00e3o Roma se coloca como postulante ao Pal\u00e1cio de Ondina, mas admite abdicar da cabe\u00e7a de chapa em prol da chamada &#8220;uni\u00e3o&#8221; dos contr\u00e1rios aos petistas no estado.<br \/>\n&#8220;Nesse cen\u00e1rio aqui na Bahia, eu sou pr\u00e9-candidato a governador do Estado, mas estou mantendo conversas com Bruno Reis e ACM Neto, e com quem possa somar, para que n\u00f3s possamos, de fato, fazer uma frente e tirar o PT do governo do Estado da Bahia. Se para isso a gente precisar reconfigurar quem vai para determinado cargo, esse ou aquele, eu n\u00e3o sou dificuldade para nada disso. O que nos move \u00e9 justamente deixar muito claro que a Bahia precisa de mudan\u00e7a e n\u00f3s precisamos unir for\u00e7as para isso&#8221;, disse o ex-ministro da Cidadania.<\/p>\n<p>Os netistas desejam ter o PL na chapa, com uma vaga ao Senado, n\u00e3o s\u00f3 pelo tempo de TV, mas por apostarem em uma reedi\u00e7\u00e3o de polariza\u00e7\u00e3o no pleito estadual do pr\u00f3ximo ano, agora de forma menos desfavor\u00e1vel.<br \/>\nRoma manda recado a insatisfeitos<\/p>\n<p>At\u00e9 o in\u00edcio do per\u00edodo eleitoral, o desafio do presidente estadual do PL \u00e9 acomodar os \u00e2nimos dos seus pr\u00f3prios correligion\u00e1rios e organizar o partido de modo a n\u00e3o sofrer um novo rev\u00e9s em 2026.<\/p>\n<p>Na elei\u00e7\u00e3o municipal do ano passado, os liberais fizeram apenas um prefeito na Bahia, J\u00e2nio Natal, reeleito em Porto Seguro, contra 20 na elei\u00e7\u00e3o anterior, e 59 vereadores, ante os 276 de 2020.<\/p>\n<p>Devido aos n\u00fameros e alian\u00e7as feitas em 2022, a gest\u00e3o de Roma passou a ser questionada por v\u00e1rios integrantes da sigla, que chegaram a iniciar uma rebeli\u00e3o interna para pedir a sua sa\u00edda. Pr\u00f3ximo \u00e0 fam\u00edlia Bolsonaro, o ex-ministro negou a exist\u00eancia do movimento, mas mandou recado aos insatisfeitos.<\/p>\n<p>&#8220;Isso nunca esteve em pauta. Eu lidero o PL na Bahia com o respaldo do presidente Bolsonaro e com o presidente Valdemar da Costa Neto. Cada um tem um estilo de fazer pol\u00edtica. Eu n\u00e3o vou jamais titubear em rela\u00e7\u00e3o \u00e0 minha linha de conduta. Ent\u00e3o, o que me cabe agora \u00e9 fortalecer o nosso partido, levantar as nossas bandeiras e deixar muito claro que pessoas que n\u00e3o estejam sintonizadas com o presidente Bolsonaro devem buscar outra legenda, ao mesmo tempo em que n\u00f3s estamos trazendo novos nomes para fortalecer nossas fileiras e apresentar uma boa chapa de deputado estadual e de deputado federal, al\u00e9m de nosso caminho majorit\u00e1rio, n\u00e3o s\u00f3 respaldando a elei\u00e7\u00e3o do presidente Bolsonaro em n\u00edvel nacional, como fazendo uma mudan\u00e7a aqui na Bahia para tirar o PT&#8221;, pontuou.<\/p>\n<p>A meta ano que vem \u00e9 pelo menos manter as quatro cadeiras na Assembleia Legislativa \u2013 em 2022 foram eleitos Diego Castro, Leandro de Jesus, Raimundinho da JR e V\u00edtor Azevedo \u2013 e as tr\u00eas na C\u00e2mara dos Deputados \u2013 Roberta Roma, Capit\u00e3o Alden e Jo\u00e3o Carlos Bacelar.<\/p>\n<p>&#8220;Ser\u00e1 uma elei\u00e7\u00e3o muito disputada, certamente, mas hoje o partido tem uma vantagem em rela\u00e7\u00e3o aos outros. O PL hoje \u00e9 o maior partido do Brasil. Ele disp\u00f5e, portanto, do maior tempo de r\u00e1dio e TV, al\u00e9m de recursos para essas elei\u00e7\u00f5es e, sem d\u00favida nenhuma, \u00e9 um partido que tem bandeiras, que tem um s\u00edmbolo, que \u00e9 o presidente Bolsonaro, e que poder\u00e1 ter uma chapa bem competitiva. Na \u00faltima elei\u00e7\u00e3o, um dos deputados menos votados foi eleito pelo PL. <\/p>\n<p>Na pr\u00f3xima elei\u00e7\u00e3o, provavelmente, n\u00f3s vamos repetir tamb\u00e9m esse feito, o que gera muitas oportunidades para novas pessoas que est\u00e3o chegando agora na pol\u00edtica, que querem ter uma contribui\u00e7\u00e3o mais efetiva e somar for\u00e7as&#8221;, afirmou o presidente liberal.<br \/>\nRoberta Roma vai para reelei\u00e7\u00e3o<\/p>\n<p>Outra especula\u00e7\u00e3o negada por Jo\u00e3o Roma foi a de que a deputada federal Roberta Roma, sua esposa, poderia n\u00e3o ser candidata \u00e0 reelei\u00e7\u00e3o para que ele mesmo pudesse tentar retornar \u00e0 C\u00e2mara.<\/p>\n<p>De acordo com o presidente do PL na Bahia, a hip\u00f3tese est\u00e1 completamente descartada.<\/p>\n<p>&#8220;Roberta Roma \u00e9 candidata \u00e0 reelei\u00e7\u00e3o de deputada federal porque tem feito um excelente trabalho em Bras\u00edlia. Ela \u00e9 muito disciplinada, organizada e tem avan\u00e7ado com a sua postura. <\/p>\n<p>Recentemente, ela se reuniu com a presidente do PL Mulher, Michelle Bolsonaro, e tem muito trabalho para dar voz a todas as mulheres aqui na Bahia. Roberta foi a deputada mulher mais votada da hist\u00f3ria da Bahia e tem nos orgulhado cada vez mais com a sua representatividade&#8221;, elogiou.<\/p>\n<p>Eleita em 2022 com 160.386 votos em 2022, a parlamentar foi a sexta melhor colocada entre os 39 parlamentares eleitos no estado e superou em quase 100% o desempenho do pr\u00f3prio marido, que, em 2018, obteve 84.455 votos. <\/p>\n<p>Esta semana, ela foi anunciada como l\u00edder do &#8220;Ranking dos Pol\u00edticos&#8221; entre as mulheres baianas na C\u00e2mara.<\/p>\n<p>Foto: F\u00e1bio Rodrigues Pozzebom\/Ag\u00eancia Brasil<br \/>\nBlog do Vila<\/p>\n","protected":false},"excerpt":{"rendered":"<p>Mesmo com poss\u00edvel chapa Tarc\u00edsio-Ciro Nogueira, presidente estadual do PL tenta manter vivo o nome de Bolsonaro e se movimenta<\/p>\n","protected":false},"author":4,"featured_media":17186,"comment_status":"open","ping_status":"open","sticky":false,"template":"","format":"standard","meta":{"colormag_page_container_layout":"default_layout","colormag_page_sidebar_layout":"default_layout","_FSMCFIC_featured_image_caption":"","_FSMCFIC_featured_image_nocaption":"","_FSMCFIC_featured_image_hide":"","footnotes":""},"categories":[7,1],"tags":[],"class_list":["post-17185","post","type-post","status-publish","format-standard","has-post-thumbnail","hentry","category-justica","category-ultimas"],"yoast_head":"<!-- This site is optimized with the Yoast SEO plugin v27.1.1 - https:\/\/yoast.com\/product\/yoast-seo-wordpress\/ -->\n<title>Roma estica o mito e mira &#039;tirar PT&#039; do governo da Bahia - Brasil not\u00edcias<\/title>\n<meta name=\"robots\" content=\"index, follow, max-snippet:-1, max-image-preview:large, max-video-preview:-1\" \/>\n<link rel=\"canonical\" href=\"https:\/\/brasilnoticias.org\/site\/roma-estica-o-mito-e-mira-tirar-pt-do-governo-da-bahia\/\" \/>\n<meta property=\"og:locale\" content=\"pt_PT\" \/>\n<meta property=\"og:type\" content=\"article\" \/>\n<meta property=\"og:title\" content=\"Roma estica o mito e mira &#039;tirar PT&#039; do governo da Bahia - Brasil not\u00edcias\" \/>\n<meta property=\"og:description\" content=\"Mesmo com poss\u00edvel chapa Tarc\u00edsio-Ciro Nogueira, presidente estadual do PL tenta manter vivo o nome de Bolsonaro e se movimenta\" \/>\n<meta property=\"og:url\" content=\"https:\/\/brasilnoticias.org\/site\/roma-estica-o-mito-e-mira-tirar-pt-do-governo-da-bahia\/\" \/>\n<meta property=\"og:site_name\" content=\"Brasil not\u00edcias\" \/>\n<meta property=\"article:published_time\" content=\"2025-05-09T13:11:28+00:00\" \/>\n<meta property=\"article:modified_time\" content=\"2025-06-04T02:06:22+00:00\" \/>\n<meta property=\"og:image\" content=\"https:\/\/brasilnoticias.org\/site\/wp-content\/uploads\/2025\/05\/IMG_2713.webp\" \/>\n\t<meta property=\"og:image:width\" content=\"1024\" \/>\n\t<meta property=\"og:image:height\" content=\"768\" \/>\n\t<meta property=\"og:image:type\" content=\"image\/webp\" \/>\n<meta name=\"author\" content=\"Reda\u00e7\u00e3o\" \/>\n<meta name=\"twitter:card\" content=\"summary_large_image\" \/>\n<meta name=\"twitter:label1\" content=\"Escrito por\" \/>\n\t<meta name=\"twitter:data1\" content=\"Reda\u00e7\u00e3o\" \/>\n\t<meta name=\"twitter:label2\" content=\"Tempo estimado de leitura\" \/>\n\t<meta name=\"twitter:data2\" content=\"8 minutos\" \/>\n<script type=\"application\/ld+json\" class=\"yoast-schema-graph\">{\"@context\":\"https:\/\/schema.org\",\"@graph\":[{\"@type\":\"Article\",\"@id\":\"https:\/\/brasilnoticias.org\/site\/roma-estica-o-mito-e-mira-tirar-pt-do-governo-da-bahia\/#article\",\"isPartOf\":{\"@id\":\"https:\/\/brasilnoticias.org\/site\/roma-estica-o-mito-e-mira-tirar-pt-do-governo-da-bahia\/\"},\"author\":{\"name\":\"Reda\u00e7\u00e3o\",\"@id\":\"https:\/\/brasilnoticias.org\/site\/#\/schema\/person\/03bbbfe6c7634ad18c26444ea39049fa\"},\"headline\":\"Roma estica o mito e mira &#8216;tirar PT&#8217; do governo da Bahia\",\"datePublished\":\"2025-05-09T13:11:28+00:00\",\"dateModified\":\"2025-06-04T02:06:22+00:00\",\"mainEntityOfPage\":{\"@id\":\"https:\/\/brasilnoticias.org\/site\/roma-estica-o-mito-e-mira-tirar-pt-do-governo-da-bahia\/\"},\"wordCount\":1491,\"commentCount\":0,\"publisher\":{\"@id\":\"https:\/\/brasilnoticias.org\/site\/#organization\"},\"image\":{\"@id\":\"https:\/\/brasilnoticias.org\/site\/roma-estica-o-mito-e-mira-tirar-pt-do-governo-da-bahia\/#primaryimage\"},\"thumbnailUrl\":\"https:\/\/brasilnoticias.org\/site\/wp-content\/uploads\/2025\/05\/IMG_2713.webp\",\"articleSection\":[\"Justi\u00e7a\",\"\u00daltimas\"],\"inLanguage\":\"pt-PT\",\"potentialAction\":[{\"@type\":\"CommentAction\",\"name\":\"Comment\",\"target\":[\"https:\/\/brasilnoticias.org\/site\/roma-estica-o-mito-e-mira-tirar-pt-do-governo-da-bahia\/#respond\"]}]},{\"@type\":\"WebPage\",\"@id\":\"https:\/\/brasilnoticias.org\/site\/roma-estica-o-mito-e-mira-tirar-pt-do-governo-da-bahia\/\",\"url\":\"https:\/\/brasilnoticias.org\/site\/roma-estica-o-mito-e-mira-tirar-pt-do-governo-da-bahia\/\",\"name\":\"Roma estica o mito e mira 'tirar PT' do governo da Bahia - Brasil not\u00edcias\",\"isPartOf\":{\"@id\":\"https:\/\/brasilnoticias.org\/site\/#website\"},\"primaryImageOfPage\":{\"@id\":\"https:\/\/brasilnoticias.org\/site\/roma-estica-o-mito-e-mira-tirar-pt-do-governo-da-bahia\/#primaryimage\"},\"image\":{\"@id\":\"https:\/\/brasilnoticias.org\/site\/roma-estica-o-mito-e-mira-tirar-pt-do-governo-da-bahia\/#primaryimage\"},\"thumbnailUrl\":\"https:\/\/brasilnoticias.org\/site\/wp-content\/uploads\/2025\/05\/IMG_2713.webp\",\"datePublished\":\"2025-05-09T13:11:28+00:00\",\"dateModified\":\"2025-06-04T02:06:22+00:00\",\"breadcrumb\":{\"@id\":\"https:\/\/brasilnoticias.org\/site\/roma-estica-o-mito-e-mira-tirar-pt-do-governo-da-bahia\/#breadcrumb\"},\"inLanguage\":\"pt-PT\",\"potentialAction\":[{\"@type\":\"ReadAction\",\"target\":[\"https:\/\/brasilnoticias.org\/site\/roma-estica-o-mito-e-mira-tirar-pt-do-governo-da-bahia\/\"]}]},{\"@type\":\"ImageObject\",\"inLanguage\":\"pt-PT\",\"@id\":\"https:\/\/brasilnoticias.org\/site\/roma-estica-o-mito-e-mira-tirar-pt-do-governo-da-bahia\/#primaryimage\",\"url\":\"https:\/\/brasilnoticias.org\/site\/wp-content\/uploads\/2025\/05\/IMG_2713.webp\",\"contentUrl\":\"https:\/\/brasilnoticias.org\/site\/wp-content\/uploads\/2025\/05\/IMG_2713.webp\",\"width\":1024,\"height\":768},{\"@type\":\"BreadcrumbList\",\"@id\":\"https:\/\/brasilnoticias.org\/site\/roma-estica-o-mito-e-mira-tirar-pt-do-governo-da-bahia\/#breadcrumb\",\"itemListElement\":[{\"@type\":\"ListItem\",\"position\":1,\"name\":\"In\u00edcio\",\"item\":\"https:\/\/brasilnoticias.org\/site\/\"},{\"@type\":\"ListItem\",\"position\":2,\"name\":\"Roma estica o mito e mira &#8216;tirar PT&#8217; do governo da Bahia\"}]},{\"@type\":\"WebSite\",\"@id\":\"https:\/\/brasilnoticias.org\/site\/#website\",\"url\":\"https:\/\/brasilnoticias.org\/site\/\",\"name\":\"Brasil not\u00edcias\",\"description\":\"Brasil not\u00edcias\",\"publisher\":{\"@id\":\"https:\/\/brasilnoticias.org\/site\/#organization\"},\"potentialAction\":[{\"@type\":\"SearchAction\",\"target\":{\"@type\":\"EntryPoint\",\"urlTemplate\":\"https:\/\/brasilnoticias.org\/site\/?s={search_term_string}\"},\"query-input\":{\"@type\":\"PropertyValueSpecification\",\"valueRequired\":true,\"valueName\":\"search_term_string\"}}],\"inLanguage\":\"pt-PT\"},{\"@type\":\"Organization\",\"@id\":\"https:\/\/brasilnoticias.org\/site\/#organization\",\"name\":\"Brasil not\u00edcias\",\"url\":\"https:\/\/brasilnoticias.org\/site\/\",\"logo\":{\"@type\":\"ImageObject\",\"inLanguage\":\"pt-PT\",\"@id\":\"https:\/\/brasilnoticias.org\/site\/#\/schema\/logo\/image\/\",\"url\":\"https:\/\/brasilnoticias.org\/site\/wp-content\/uploads\/2022\/05\/cropped-brasilnoticias-mini.jpg\",\"contentUrl\":\"https:\/\/brasilnoticias.org\/site\/wp-content\/uploads\/2022\/05\/cropped-brasilnoticias-mini.jpg\",\"width\":314,\"height\":86,\"caption\":\"Brasil not\u00edcias\"},\"image\":{\"@id\":\"https:\/\/brasilnoticias.org\/site\/#\/schema\/logo\/image\/\"}},{\"@type\":\"Person\",\"@id\":\"https:\/\/brasilnoticias.org\/site\/#\/schema\/person\/03bbbfe6c7634ad18c26444ea39049fa\",\"name\":\"Reda\u00e7\u00e3o\",\"image\":{\"@type\":\"ImageObject\",\"inLanguage\":\"pt-PT\",\"@id\":\"https:\/\/brasilnoticias.org\/site\/#\/schema\/person\/image\/\",\"url\":\"https:\/\/secure.gravatar.com\/avatar\/9ecaf7327a696cb23ad926fedded5f1f04d7049de9e445375d55b48c001a6e42?s=96&d=mm&r=g\",\"contentUrl\":\"https:\/\/secure.gravatar.com\/avatar\/9ecaf7327a696cb23ad926fedded5f1f04d7049de9e445375d55b48c001a6e42?s=96&d=mm&r=g\",\"caption\":\"Reda\u00e7\u00e3o\"},\"url\":\"https:\/\/brasilnoticias.org\/site\/author\/henrique\/\"}]}<\/script>\n<!-- \/ Yoast SEO plugin. -->","yoast_head_json":{"title":"Roma estica o mito e mira 'tirar PT' do governo da Bahia - Brasil not\u00edcias","robots":{"index":"index","follow":"follow","max-snippet":"max-snippet:-1","max-image-preview":"max-image-preview:large","max-video-preview":"max-video-preview:-1"},"canonical":"https:\/\/brasilnoticias.org\/site\/roma-estica-o-mito-e-mira-tirar-pt-do-governo-da-bahia\/","og_locale":"pt_PT","og_type":"article","og_title":"Roma estica o mito e mira 'tirar PT' do governo da Bahia - Brasil not\u00edcias","og_description":"Mesmo com poss\u00edvel chapa Tarc\u00edsio-Ciro Nogueira, presidente estadual do PL tenta manter vivo o nome de Bolsonaro e se movimenta","og_url":"https:\/\/brasilnoticias.org\/site\/roma-estica-o-mito-e-mira-tirar-pt-do-governo-da-bahia\/","og_site_name":"Brasil not\u00edcias","article_published_time":"2025-05-09T13:11:28+00:00","article_modified_time":"2025-06-04T02:06:22+00:00","og_image":[{"width":1024,"height":768,"url":"https:\/\/brasilnoticias.org\/site\/wp-content\/uploads\/2025\/05\/IMG_2713.webp","type":"image\/webp"}],"author":"Reda\u00e7\u00e3o","twitter_card":"summary_large_image","twitter_misc":{"Escrito por":"Reda\u00e7\u00e3o","Tempo estimado de leitura":"8 minutos"},"schema":{"@context":"https:\/\/schema.org","@graph":[{"@type":"Article","@id":"https:\/\/brasilnoticias.org\/site\/roma-estica-o-mito-e-mira-tirar-pt-do-governo-da-bahia\/#article","isPartOf":{"@id":"https:\/\/brasilnoticias.org\/site\/roma-estica-o-mito-e-mira-tirar-pt-do-governo-da-bahia\/"},"author":{"name":"Reda\u00e7\u00e3o","@id":"https:\/\/brasilnoticias.org\/site\/#\/schema\/person\/03bbbfe6c7634ad18c26444ea39049fa"},"headline":"Roma estica o mito e mira &#8216;tirar PT&#8217; do governo da Bahia","datePublished":"2025-05-09T13:11:28+00:00","dateModified":"2025-06-04T02:06:22+00:00","mainEntityOfPage":{"@id":"https:\/\/brasilnoticias.org\/site\/roma-estica-o-mito-e-mira-tirar-pt-do-governo-da-bahia\/"},"wordCount":1491,"commentCount":0,"publisher":{"@id":"https:\/\/brasilnoticias.org\/site\/#organization"},"image":{"@id":"https:\/\/brasilnoticias.org\/site\/roma-estica-o-mito-e-mira-tirar-pt-do-governo-da-bahia\/#primaryimage"},"thumbnailUrl":"https:\/\/brasilnoticias.org\/site\/wp-content\/uploads\/2025\/05\/IMG_2713.webp","articleSection":["Justi\u00e7a","\u00daltimas"],"inLanguage":"pt-PT","potentialAction":[{"@type":"CommentAction","name":"Comment","target":["https:\/\/brasilnoticias.org\/site\/roma-estica-o-mito-e-mira-tirar-pt-do-governo-da-bahia\/#respond"]}]},{"@type":"WebPage","@id":"https:\/\/brasilnoticias.org\/site\/roma-estica-o-mito-e-mira-tirar-pt-do-governo-da-bahia\/","url":"https:\/\/brasilnoticias.org\/site\/roma-estica-o-mito-e-mira-tirar-pt-do-governo-da-bahia\/","name":"Roma estica o mito e mira 'tirar PT' do governo da Bahia - Brasil not\u00edcias","isPartOf":{"@id":"https:\/\/brasilnoticias.org\/site\/#website"},"primaryImageOfPage":{"@id":"https:\/\/brasilnoticias.org\/site\/roma-estica-o-mito-e-mira-tirar-pt-do-governo-da-bahia\/#primaryimage"},"image":{"@id":"https:\/\/brasilnoticias.org\/site\/roma-estica-o-mito-e-mira-tirar-pt-do-governo-da-bahia\/#primaryimage"},"thumbnailUrl":"https:\/\/brasilnoticias.org\/site\/wp-content\/uploads\/2025\/05\/IMG_2713.webp","datePublished":"2025-05-09T13:11:28+00:00","dateModified":"2025-06-04T02:06:22+00:00","breadcrumb":{"@id":"https:\/\/brasilnoticias.org\/site\/roma-estica-o-mito-e-mira-tirar-pt-do-governo-da-bahia\/#breadcrumb"},"inLanguage":"pt-PT","potentialAction":[{"@type":"ReadAction","target":["https:\/\/brasilnoticias.org\/site\/roma-estica-o-mito-e-mira-tirar-pt-do-governo-da-bahia\/"]}]},{"@type":"ImageObject","inLanguage":"pt-PT","@id":"https:\/\/brasilnoticias.org\/site\/roma-estica-o-mito-e-mira-tirar-pt-do-governo-da-bahia\/#primaryimage","url":"https:\/\/brasilnoticias.org\/site\/wp-content\/uploads\/2025\/05\/IMG_2713.webp","contentUrl":"https:\/\/brasilnoticias.org\/site\/wp-content\/uploads\/2025\/05\/IMG_2713.webp","width":1024,"height":768},{"@type":"BreadcrumbList","@id":"https:\/\/brasilnoticias.org\/site\/roma-estica-o-mito-e-mira-tirar-pt-do-governo-da-bahia\/#breadcrumb","itemListElement":[{"@type":"ListItem","position":1,"name":"In\u00edcio","item":"https:\/\/brasilnoticias.org\/site\/"},{"@type":"ListItem","position":2,"name":"Roma estica o mito e mira &#8216;tirar PT&#8217; do governo da Bahia"}]},{"@type":"WebSite","@id":"https:\/\/brasilnoticias.org\/site\/#website","url":"https:\/\/brasilnoticias.org\/site\/","name":"Brasil not\u00edcias","description":"Brasil not\u00edcias","publisher":{"@id":"https:\/\/brasilnoticias.org\/site\/#organization"},"potentialAction":[{"@type":"SearchAction","target":{"@type":"EntryPoint","urlTemplate":"https:\/\/brasilnoticias.org\/site\/?s={search_term_string}"},"query-input":{"@type":"PropertyValueSpecification","valueRequired":true,"valueName":"search_term_string"}}],"inLanguage":"pt-PT"},{"@type":"Organization","@id":"https:\/\/brasilnoticias.org\/site\/#organization","name":"Brasil not\u00edcias","url":"https:\/\/brasilnoticias.org\/site\/","logo":{"@type":"ImageObject","inLanguage":"pt-PT","@id":"https:\/\/brasilnoticias.org\/site\/#\/schema\/logo\/image\/","url":"https:\/\/brasilnoticias.org\/site\/wp-content\/uploads\/2022\/05\/cropped-brasilnoticias-mini.jpg","contentUrl":"https:\/\/brasilnoticias.org\/site\/wp-content\/uploads\/2022\/05\/cropped-brasilnoticias-mini.jpg","width":314,"height":86,"caption":"Brasil not\u00edcias"},"image":{"@id":"https:\/\/brasilnoticias.org\/site\/#\/schema\/logo\/image\/"}},{"@type":"Person","@id":"https:\/\/brasilnoticias.org\/site\/#\/schema\/person\/03bbbfe6c7634ad18c26444ea39049fa","name":"Reda\u00e7\u00e3o","image":{"@type":"ImageObject","inLanguage":"pt-PT","@id":"https:\/\/brasilnoticias.org\/site\/#\/schema\/person\/image\/","url":"https:\/\/secure.gravatar.com\/avatar\/9ecaf7327a696cb23ad926fedded5f1f04d7049de9e445375d55b48c001a6e42?s=96&d=mm&r=g","contentUrl":"https:\/\/secure.gravatar.com\/avatar\/9ecaf7327a696cb23ad926fedded5f1f04d7049de9e445375d55b48c001a6e42?s=96&d=mm&r=g","caption":"Reda\u00e7\u00e3o"},"url":"https:\/\/brasilnoticias.org\/site\/author\/henrique\/"}]}},"_links":{"self":[{"href":"https:\/\/brasilnoticias.org\/site\/wp-json\/wp\/v2\/posts\/17185","targetHints":{"allow":["GET"]}}],"collection":[{"href":"https:\/\/brasilnoticias.org\/site\/wp-json\/wp\/v2\/posts"}],"about":[{"href":"https:\/\/brasilnoticias.org\/site\/wp-json\/wp\/v2\/types\/post"}],"author":[{"embeddable":true,"href":"https:\/\/brasilnoticias.org\/site\/wp-json\/wp\/v2\/users\/4"}],"replies":[{"embeddable":true,"href":"https:\/\/brasilnoticias.org\/site\/wp-json\/wp\/v2\/comments?post=17185"}],"version-history":[{"count":1,"href":"https:\/\/brasilnoticias.org\/site\/wp-json\/wp\/v2\/posts\/17185\/revisions"}],"predecessor-version":[{"id":17187,"href":"https:\/\/brasilnoticias.org\/site\/wp-json\/wp\/v2\/posts\/17185\/revisions\/17187"}],"wp:featuredmedia":[{"embeddable":true,"href":"https:\/\/brasilnoticias.org\/site\/wp-json\/wp\/v2\/media\/17186"}],"wp:attachment":[{"href":"https:\/\/brasilnoticias.org\/site\/wp-json\/wp\/v2\/media?parent=17185"}],"wp:term":[{"taxonomy":"category","embeddable":true,"href":"https:\/\/brasilnoticias.org\/site\/wp-json\/wp\/v2\/categories?post=17185"},{"taxonomy":"post_tag","embeddable":true,"href":"https:\/\/brasilnoticias.org\/site\/wp-json\/wp\/v2\/tags?post=17185"}],"curies":[{"name":"wp","href":"https:\/\/api.w.org\/{rel}","templated":true}]}}