{"id":1727,"date":"2022-10-09T07:30:37","date_gmt":"2022-10-09T10:30:37","guid":{"rendered":"https:\/\/brasilnoticias.org\/site\/?p=1727"},"modified":"2022-10-08T18:55:46","modified_gmt":"2022-10-08T21:55:46","slug":"bolsonarista-deputada-estadual-mais-nova-do-pais-espera-idade-minima-para-mandato","status":"publish","type":"post","link":"https:\/\/brasilnoticias.org\/site\/bolsonarista-deputada-estadual-mais-nova-do-pais-espera-idade-minima-para-mandato\/","title":{"rendered":"Bolsonarista, deputada estadual mais nova do pa\u00eds espera idade m\u00ednima para mandato"},"content":{"rendered":"<p>A deputada estadual, Chiara Biondini (Progressistas), de 20 anos, foi eleita a deputada estadual mais jovem do pa\u00eds, com 34.126 votos em Minas Gerais. A estudante universit\u00e1ria se define como bolsonarista, cat\u00f3lica e defensora da \u2018fam\u00edlia tradicional\u2019.<\/p>\n<p>A posse da parlamentar vai acontecer apenas no dia 22 de fevereiro, n\u00e3o no dia 1.\u00ba do m\u00eas como \u00e9 tradicional para quem vai ocupar o cargo. Isso porque esta \u00e9 a data na qual completa 21 anos, idade m\u00ednima para o exerc\u00edcio do mandato.<\/p>\n<p>Chiara \u00e9 filha do pol\u00edtico Eros Biondini (PP-MG), que tem na vida p\u00fablica um mandato de deputado estadual e quatro como deputado federal. No in\u00edcio do semestre, ela deixou a Faculdade de Administra\u00e7\u00e3o de Empresas da Universidade Estadual de Campinas (Unicamp) e se transferiu para a capital do Estado, Belo Horizonte, para lan\u00e7ar a candidatura para deputada estadual. Ela agora faz \u2018corrente\u2019 pela reelei\u00e7\u00e3o do presidente Jair Bolsonaro (PL).<\/p>\n<p>Bnews<br \/>\nFoto Reprodu\u00e7\u00e3o \/ Redes Sociais<\/p>\n","protected":false},"excerpt":{"rendered":"<p>A deputada estadual, Chiara Biondini (Progressistas), de 20 anos, foi eleita a deputada estadual mais jovem do pa\u00eds, com 34.126<\/p>\n","protected":false},"author":1,"featured_media":1728,"comment_status":"open","ping_status":"open","sticky":false,"template":"","format":"standard","meta":{"colormag_page_container_layout":"default_layout","colormag_page_sidebar_layout":"default_layout","_FSMCFIC_featured_image_caption":"","_FSMCFIC_featured_image_nocaption":"","_FSMCFIC_featured_image_hide":"","footnotes":""},"categories":[5,1],"tags":[],"class_list":["post-1727","post","type-post","status-publish","format-standard","has-post-thumbnail","hentry","category-politica","category-ultimas"],"yoast_head":"<!-- This site is optimized with the Yoast SEO plugin v27.1.1 - https:\/\/yoast.com\/product\/yoast-seo-wordpress\/ -->\n<title>Bolsonarista, deputada estadual mais nova do pa\u00eds espera idade m\u00ednima para mandato - Brasil not\u00edcias<\/title>\n<meta name=\"robots\" content=\"index, follow, max-snippet:-1, max-image-preview:large, max-video-preview:-1\" \/>\n<link rel=\"canonical\" href=\"https:\/\/brasilnoticias.org\/site\/bolsonarista-deputada-estadual-mais-nova-do-pais-espera-idade-minima-para-mandato\/\" \/>\n<meta property=\"og:locale\" content=\"pt_PT\" \/>\n<meta property=\"og:type\" content=\"article\" \/>\n<meta property=\"og:title\" content=\"Bolsonarista, deputada estadual mais nova do pa\u00eds espera idade m\u00ednima para mandato - Brasil not\u00edcias\" \/>\n<meta property=\"og:description\" content=\"A deputada estadual, Chiara Biondini (Progressistas), de 20 anos, foi eleita a deputada estadual mais jovem do pa\u00eds, com 34.126\" \/>\n<meta property=\"og:url\" content=\"https:\/\/brasilnoticias.org\/site\/bolsonarista-deputada-estadual-mais-nova-do-pais-espera-idade-minima-para-mandato\/\" \/>\n<meta property=\"og:site_name\" content=\"Brasil not\u00edcias\" \/>\n<meta property=\"article:published_time\" content=\"2022-10-09T10:30:37+00:00\" \/>\n<meta property=\"og:image\" content=\"https:\/\/brasilnoticias.org\/site\/wp-content\/uploads\/2022\/10\/foto-deputada-bolsonarista_widelg.jpg\" \/>\n\t<meta property=\"og:image:width\" content=\"800\" \/>\n\t<meta property=\"og:image:height\" content=\"450\" \/>\n\t<meta property=\"og:image:type\" content=\"image\/jpeg\" \/>\n<meta name=\"author\" content=\"Reda\u00e7\u00e3o\" \/>\n<meta name=\"twitter:card\" content=\"summary_large_image\" \/>\n<meta name=\"twitter:label1\" content=\"Escrito por\" \/>\n\t<meta name=\"twitter:data1\" content=\"Reda\u00e7\u00e3o\" \/>\n\t<meta name=\"twitter:label2\" content=\"Tempo estimado de leitura\" \/>\n\t<meta name=\"twitter:data2\" content=\"1 minuto\" \/>\n<script type=\"application\/ld+json\" class=\"yoast-schema-graph\">{\"@context\":\"https:\/\/schema.org\",\"@graph\":[{\"@type\":\"Article\",\"@id\":\"https:\/\/brasilnoticias.org\/site\/bolsonarista-deputada-estadual-mais-nova-do-pais-espera-idade-minima-para-mandato\/#article\",\"isPartOf\":{\"@id\":\"https:\/\/brasilnoticias.org\/site\/bolsonarista-deputada-estadual-mais-nova-do-pais-espera-idade-minima-para-mandato\/\"},\"author\":{\"name\":\"Reda\u00e7\u00e3o\",\"@id\":\"https:\/\/brasilnoticias.org\/site\/#\/schema\/person\/a0e05b973ec4d15c658d51911e53507b\"},\"headline\":\"Bolsonarista, deputada estadual mais nova do pa\u00eds espera idade m\u00ednima para mandato\",\"datePublished\":\"2022-10-09T10:30:37+00:00\",\"mainEntityOfPage\":{\"@id\":\"https:\/\/brasilnoticias.org\/site\/bolsonarista-deputada-estadual-mais-nova-do-pais-espera-idade-minima-para-mandato\/\"},\"wordCount\":177,\"commentCount\":0,\"publisher\":{\"@id\":\"https:\/\/brasilnoticias.org\/site\/#organization\"},\"image\":{\"@id\":\"https:\/\/brasilnoticias.org\/site\/bolsonarista-deputada-estadual-mais-nova-do-pais-espera-idade-minima-para-mandato\/#primaryimage\"},\"thumbnailUrl\":\"https:\/\/brasilnoticias.org\/site\/wp-content\/uploads\/2022\/10\/foto-deputada-bolsonarista_widelg.jpg\",\"articleSection\":[\"Pol\u00edtica\",\"\u00daltimas\"],\"inLanguage\":\"pt-PT\",\"potentialAction\":[{\"@type\":\"CommentAction\",\"name\":\"Comment\",\"target\":[\"https:\/\/brasilnoticias.org\/site\/bolsonarista-deputada-estadual-mais-nova-do-pais-espera-idade-minima-para-mandato\/#respond\"]}]},{\"@type\":\"WebPage\",\"@id\":\"https:\/\/brasilnoticias.org\/site\/bolsonarista-deputada-estadual-mais-nova-do-pais-espera-idade-minima-para-mandato\/\",\"url\":\"https:\/\/brasilnoticias.org\/site\/bolsonarista-deputada-estadual-mais-nova-do-pais-espera-idade-minima-para-mandato\/\",\"name\":\"Bolsonarista, deputada estadual mais nova do pa\u00eds espera idade m\u00ednima para mandato - Brasil not\u00edcias\",\"isPartOf\":{\"@id\":\"https:\/\/brasilnoticias.org\/site\/#website\"},\"primaryImageOfPage\":{\"@id\":\"https:\/\/brasilnoticias.org\/site\/bolsonarista-deputada-estadual-mais-nova-do-pais-espera-idade-minima-para-mandato\/#primaryimage\"},\"image\":{\"@id\":\"https:\/\/brasilnoticias.org\/site\/bolsonarista-deputada-estadual-mais-nova-do-pais-espera-idade-minima-para-mandato\/#primaryimage\"},\"thumbnailUrl\":\"https:\/\/brasilnoticias.org\/site\/wp-content\/uploads\/2022\/10\/foto-deputada-bolsonarista_widelg.jpg\",\"datePublished\":\"2022-10-09T10:30:37+00:00\",\"breadcrumb\":{\"@id\":\"https:\/\/brasilnoticias.org\/site\/bolsonarista-deputada-estadual-mais-nova-do-pais-espera-idade-minima-para-mandato\/#breadcrumb\"},\"inLanguage\":\"pt-PT\",\"potentialAction\":[{\"@type\":\"ReadAction\",\"target\":[\"https:\/\/brasilnoticias.org\/site\/bolsonarista-deputada-estadual-mais-nova-do-pais-espera-idade-minima-para-mandato\/\"]}]},{\"@type\":\"ImageObject\",\"inLanguage\":\"pt-PT\",\"@id\":\"https:\/\/brasilnoticias.org\/site\/bolsonarista-deputada-estadual-mais-nova-do-pais-espera-idade-minima-para-mandato\/#primaryimage\",\"url\":\"https:\/\/brasilnoticias.org\/site\/wp-content\/uploads\/2022\/10\/foto-deputada-bolsonarista_widelg.jpg\",\"contentUrl\":\"https:\/\/brasilnoticias.org\/site\/wp-content\/uploads\/2022\/10\/foto-deputada-bolsonarista_widelg.jpg\",\"width\":800,\"height\":450},{\"@type\":\"BreadcrumbList\",\"@id\":\"https:\/\/brasilnoticias.org\/site\/bolsonarista-deputada-estadual-mais-nova-do-pais-espera-idade-minima-para-mandato\/#breadcrumb\",\"itemListElement\":[{\"@type\":\"ListItem\",\"position\":1,\"name\":\"In\u00edcio\",\"item\":\"https:\/\/brasilnoticias.org\/site\/\"},{\"@type\":\"ListItem\",\"position\":2,\"name\":\"Bolsonarista, deputada estadual mais nova do pa\u00eds espera idade m\u00ednima para mandato\"}]},{\"@type\":\"WebSite\",\"@id\":\"https:\/\/brasilnoticias.org\/site\/#website\",\"url\":\"https:\/\/brasilnoticias.org\/site\/\",\"name\":\"Brasil not\u00edcias\",\"description\":\"Brasil not\u00edcias\",\"publisher\":{\"@id\":\"https:\/\/brasilnoticias.org\/site\/#organization\"},\"potentialAction\":[{\"@type\":\"SearchAction\",\"target\":{\"@type\":\"EntryPoint\",\"urlTemplate\":\"https:\/\/brasilnoticias.org\/site\/?s={search_term_string}\"},\"query-input\":{\"@type\":\"PropertyValueSpecification\",\"valueRequired\":true,\"valueName\":\"search_term_string\"}}],\"inLanguage\":\"pt-PT\"},{\"@type\":\"Organization\",\"@id\":\"https:\/\/brasilnoticias.org\/site\/#organization\",\"name\":\"Brasil not\u00edcias\",\"url\":\"https:\/\/brasilnoticias.org\/site\/\",\"logo\":{\"@type\":\"ImageObject\",\"inLanguage\":\"pt-PT\",\"@id\":\"https:\/\/brasilnoticias.org\/site\/#\/schema\/logo\/image\/\",\"url\":\"https:\/\/brasilnoticias.org\/site\/wp-content\/uploads\/2022\/05\/cropped-brasilnoticias-mini.jpg\",\"contentUrl\":\"https:\/\/brasilnoticias.org\/site\/wp-content\/uploads\/2022\/05\/cropped-brasilnoticias-mini.jpg\",\"width\":314,\"height\":86,\"caption\":\"Brasil not\u00edcias\"},\"image\":{\"@id\":\"https:\/\/brasilnoticias.org\/site\/#\/schema\/logo\/image\/\"}},{\"@type\":\"Person\",\"@id\":\"https:\/\/brasilnoticias.org\/site\/#\/schema\/person\/a0e05b973ec4d15c658d51911e53507b\",\"name\":\"Reda\u00e7\u00e3o\",\"image\":{\"@type\":\"ImageObject\",\"inLanguage\":\"pt-PT\",\"@id\":\"https:\/\/brasilnoticias.org\/site\/#\/schema\/person\/image\/\",\"url\":\"https:\/\/secure.gravatar.com\/avatar\/75d8b050df2de108b08ae78dfb8e374892df24a383c67db9c46a9c604f6aee9c?s=96&d=mm&r=g\",\"contentUrl\":\"https:\/\/secure.gravatar.com\/avatar\/75d8b050df2de108b08ae78dfb8e374892df24a383c67db9c46a9c604f6aee9c?s=96&d=mm&r=g\",\"caption\":\"Reda\u00e7\u00e3o\"},\"sameAs\":[\"https:\/\/brasilnoticias.org\/site\"],\"url\":\"https:\/\/brasilnoticias.org\/site\/author\/fernandozsngmail-com\/\"}]}<\/script>\n<!-- \/ Yoast SEO plugin. -->","yoast_head_json":{"title":"Bolsonarista, deputada estadual mais nova do pa\u00eds espera idade m\u00ednima para mandato - Brasil not\u00edcias","robots":{"index":"index","follow":"follow","max-snippet":"max-snippet:-1","max-image-preview":"max-image-preview:large","max-video-preview":"max-video-preview:-1"},"canonical":"https:\/\/brasilnoticias.org\/site\/bolsonarista-deputada-estadual-mais-nova-do-pais-espera-idade-minima-para-mandato\/","og_locale":"pt_PT","og_type":"article","og_title":"Bolsonarista, deputada estadual mais nova do pa\u00eds espera idade m\u00ednima para mandato - Brasil not\u00edcias","og_description":"A deputada estadual, Chiara Biondini (Progressistas), de 20 anos, foi eleita a deputada estadual mais jovem do pa\u00eds, com 34.126","og_url":"https:\/\/brasilnoticias.org\/site\/bolsonarista-deputada-estadual-mais-nova-do-pais-espera-idade-minima-para-mandato\/","og_site_name":"Brasil not\u00edcias","article_published_time":"2022-10-09T10:30:37+00:00","og_image":[{"width":800,"height":450,"url":"https:\/\/brasilnoticias.org\/site\/wp-content\/uploads\/2022\/10\/foto-deputada-bolsonarista_widelg.jpg","type":"image\/jpeg"}],"author":"Reda\u00e7\u00e3o","twitter_card":"summary_large_image","twitter_misc":{"Escrito por":"Reda\u00e7\u00e3o","Tempo estimado de leitura":"1 minuto"},"schema":{"@context":"https:\/\/schema.org","@graph":[{"@type":"Article","@id":"https:\/\/brasilnoticias.org\/site\/bolsonarista-deputada-estadual-mais-nova-do-pais-espera-idade-minima-para-mandato\/#article","isPartOf":{"@id":"https:\/\/brasilnoticias.org\/site\/bolsonarista-deputada-estadual-mais-nova-do-pais-espera-idade-minima-para-mandato\/"},"author":{"name":"Reda\u00e7\u00e3o","@id":"https:\/\/brasilnoticias.org\/site\/#\/schema\/person\/a0e05b973ec4d15c658d51911e53507b"},"headline":"Bolsonarista, deputada estadual mais nova do pa\u00eds espera idade m\u00ednima para mandato","datePublished":"2022-10-09T10:30:37+00:00","mainEntityOfPage":{"@id":"https:\/\/brasilnoticias.org\/site\/bolsonarista-deputada-estadual-mais-nova-do-pais-espera-idade-minima-para-mandato\/"},"wordCount":177,"commentCount":0,"publisher":{"@id":"https:\/\/brasilnoticias.org\/site\/#organization"},"image":{"@id":"https:\/\/brasilnoticias.org\/site\/bolsonarista-deputada-estadual-mais-nova-do-pais-espera-idade-minima-para-mandato\/#primaryimage"},"thumbnailUrl":"https:\/\/brasilnoticias.org\/site\/wp-content\/uploads\/2022\/10\/foto-deputada-bolsonarista_widelg.jpg","articleSection":["Pol\u00edtica","\u00daltimas"],"inLanguage":"pt-PT","potentialAction":[{"@type":"CommentAction","name":"Comment","target":["https:\/\/brasilnoticias.org\/site\/bolsonarista-deputada-estadual-mais-nova-do-pais-espera-idade-minima-para-mandato\/#respond"]}]},{"@type":"WebPage","@id":"https:\/\/brasilnoticias.org\/site\/bolsonarista-deputada-estadual-mais-nova-do-pais-espera-idade-minima-para-mandato\/","url":"https:\/\/brasilnoticias.org\/site\/bolsonarista-deputada-estadual-mais-nova-do-pais-espera-idade-minima-para-mandato\/","name":"Bolsonarista, deputada estadual mais nova do pa\u00eds espera idade m\u00ednima para mandato - Brasil not\u00edcias","isPartOf":{"@id":"https:\/\/brasilnoticias.org\/site\/#website"},"primaryImageOfPage":{"@id":"https:\/\/brasilnoticias.org\/site\/bolsonarista-deputada-estadual-mais-nova-do-pais-espera-idade-minima-para-mandato\/#primaryimage"},"image":{"@id":"https:\/\/brasilnoticias.org\/site\/bolsonarista-deputada-estadual-mais-nova-do-pais-espera-idade-minima-para-mandato\/#primaryimage"},"thumbnailUrl":"https:\/\/brasilnoticias.org\/site\/wp-content\/uploads\/2022\/10\/foto-deputada-bolsonarista_widelg.jpg","datePublished":"2022-10-09T10:30:37+00:00","breadcrumb":{"@id":"https:\/\/brasilnoticias.org\/site\/bolsonarista-deputada-estadual-mais-nova-do-pais-espera-idade-minima-para-mandato\/#breadcrumb"},"inLanguage":"pt-PT","potentialAction":[{"@type":"ReadAction","target":["https:\/\/brasilnoticias.org\/site\/bolsonarista-deputada-estadual-mais-nova-do-pais-espera-idade-minima-para-mandato\/"]}]},{"@type":"ImageObject","inLanguage":"pt-PT","@id":"https:\/\/brasilnoticias.org\/site\/bolsonarista-deputada-estadual-mais-nova-do-pais-espera-idade-minima-para-mandato\/#primaryimage","url":"https:\/\/brasilnoticias.org\/site\/wp-content\/uploads\/2022\/10\/foto-deputada-bolsonarista_widelg.jpg","contentUrl":"https:\/\/brasilnoticias.org\/site\/wp-content\/uploads\/2022\/10\/foto-deputada-bolsonarista_widelg.jpg","width":800,"height":450},{"@type":"BreadcrumbList","@id":"https:\/\/brasilnoticias.org\/site\/bolsonarista-deputada-estadual-mais-nova-do-pais-espera-idade-minima-para-mandato\/#breadcrumb","itemListElement":[{"@type":"ListItem","position":1,"name":"In\u00edcio","item":"https:\/\/brasilnoticias.org\/site\/"},{"@type":"ListItem","position":2,"name":"Bolsonarista, deputada estadual mais nova do pa\u00eds espera idade m\u00ednima para mandato"}]},{"@type":"WebSite","@id":"https:\/\/brasilnoticias.org\/site\/#website","url":"https:\/\/brasilnoticias.org\/site\/","name":"Brasil not\u00edcias","description":"Brasil not\u00edcias","publisher":{"@id":"https:\/\/brasilnoticias.org\/site\/#organization"},"potentialAction":[{"@type":"SearchAction","target":{"@type":"EntryPoint","urlTemplate":"https:\/\/brasilnoticias.org\/site\/?s={search_term_string}"},"query-input":{"@type":"PropertyValueSpecification","valueRequired":true,"valueName":"search_term_string"}}],"inLanguage":"pt-PT"},{"@type":"Organization","@id":"https:\/\/brasilnoticias.org\/site\/#organization","name":"Brasil not\u00edcias","url":"https:\/\/brasilnoticias.org\/site\/","logo":{"@type":"ImageObject","inLanguage":"pt-PT","@id":"https:\/\/brasilnoticias.org\/site\/#\/schema\/logo\/image\/","url":"https:\/\/brasilnoticias.org\/site\/wp-content\/uploads\/2022\/05\/cropped-brasilnoticias-mini.jpg","contentUrl":"https:\/\/brasilnoticias.org\/site\/wp-content\/uploads\/2022\/05\/cropped-brasilnoticias-mini.jpg","width":314,"height":86,"caption":"Brasil not\u00edcias"},"image":{"@id":"https:\/\/brasilnoticias.org\/site\/#\/schema\/logo\/image\/"}},{"@type":"Person","@id":"https:\/\/brasilnoticias.org\/site\/#\/schema\/person\/a0e05b973ec4d15c658d51911e53507b","name":"Reda\u00e7\u00e3o","image":{"@type":"ImageObject","inLanguage":"pt-PT","@id":"https:\/\/brasilnoticias.org\/site\/#\/schema\/person\/image\/","url":"https:\/\/secure.gravatar.com\/avatar\/75d8b050df2de108b08ae78dfb8e374892df24a383c67db9c46a9c604f6aee9c?s=96&d=mm&r=g","contentUrl":"https:\/\/secure.gravatar.com\/avatar\/75d8b050df2de108b08ae78dfb8e374892df24a383c67db9c46a9c604f6aee9c?s=96&d=mm&r=g","caption":"Reda\u00e7\u00e3o"},"sameAs":["https:\/\/brasilnoticias.org\/site"],"url":"https:\/\/brasilnoticias.org\/site\/author\/fernandozsngmail-com\/"}]}},"_links":{"self":[{"href":"https:\/\/brasilnoticias.org\/site\/wp-json\/wp\/v2\/posts\/1727","targetHints":{"allow":["GET"]}}],"collection":[{"href":"https:\/\/brasilnoticias.org\/site\/wp-json\/wp\/v2\/posts"}],"about":[{"href":"https:\/\/brasilnoticias.org\/site\/wp-json\/wp\/v2\/types\/post"}],"author":[{"embeddable":true,"href":"https:\/\/brasilnoticias.org\/site\/wp-json\/wp\/v2\/users\/1"}],"replies":[{"embeddable":true,"href":"https:\/\/brasilnoticias.org\/site\/wp-json\/wp\/v2\/comments?post=1727"}],"version-history":[{"count":1,"href":"https:\/\/brasilnoticias.org\/site\/wp-json\/wp\/v2\/posts\/1727\/revisions"}],"predecessor-version":[{"id":1729,"href":"https:\/\/brasilnoticias.org\/site\/wp-json\/wp\/v2\/posts\/1727\/revisions\/1729"}],"wp:featuredmedia":[{"embeddable":true,"href":"https:\/\/brasilnoticias.org\/site\/wp-json\/wp\/v2\/media\/1728"}],"wp:attachment":[{"href":"https:\/\/brasilnoticias.org\/site\/wp-json\/wp\/v2\/media?parent=1727"}],"wp:term":[{"taxonomy":"category","embeddable":true,"href":"https:\/\/brasilnoticias.org\/site\/wp-json\/wp\/v2\/categories?post=1727"},{"taxonomy":"post_tag","embeddable":true,"href":"https:\/\/brasilnoticias.org\/site\/wp-json\/wp\/v2\/tags?post=1727"}],"curies":[{"name":"wp","href":"https:\/\/api.w.org\/{rel}","templated":true}]}}