{"id":17307,"date":"2025-06-03T14:25:21","date_gmt":"2025-06-03T17:25:21","guid":{"rendered":"https:\/\/brasilnoticias.org\/site\/?p=17307"},"modified":"2025-06-03T23:16:48","modified_gmt":"2025-06-04T02:16:48","slug":"bruno-critica-mudancas-em-zoo-e-nega-interesse-em-gestao-se-a-prefeitura-for-assumir-todas-incompetencias-do-governo-nao-tera-recursos","status":"publish","type":"post","link":"https:\/\/brasilnoticias.org\/site\/bruno-critica-mudancas-em-zoo-e-nega-interesse-em-gestao-se-a-prefeitura-for-assumir-todas-incompetencias-do-governo-nao-tera-recursos\/","title":{"rendered":"Bruno critica mudan\u00e7as em zoo e nega interesse em gest\u00e3o: &#8216;Se a Prefeitura for assumir todas incompet\u00eancias do governo, n\u00e3o ter\u00e1 recursos&#8217;"},"content":{"rendered":"<p>Prefeito sugere que governo estadual use parques &#8220;abandonados&#8221; para projetos socioambientais: &#8220;Zool\u00f3gico \u00e9 zool\u00f3gico&#8221;<\/p>\n<p>O prefeito Bruno Reis (Uni\u00e3o Brasil) criticou nesta ter\u00e7a-feira (3) a decis\u00e3o do governo Jer\u00f4nimo Rodrigues (PT) de transformar o Zool\u00f3gico de Salvador em um parque exclusivamente dedicado \u00e0 fauna brasileira, com foco na educa\u00e7\u00e3o socioambiental. Para o gestor municipal, o modelo tradicional deveria ser mantido.<\/p>\n<p>\u201cZool\u00f3gico \u00e9 zool\u00f3gico. Parque de educa\u00e7\u00e3o socioambiental \u00e9 parque de educa\u00e7\u00e3o socioambiental. Se eu fizer uma enquete com as crian\u00e7as, tenho certeza que a grande maioria vai preferir o formato anterior\u201d, afirmou Bruno, ao ressaltar que, na sua opini\u00e3o, o espa\u00e7o deveria manter bichos selvagens, como le\u00f5es, girafas e elefantes.<\/p>\n<p>O prefeito sugeriu ainda que o governo estadual utilize outros equipamentos p\u00fablicos para a implanta\u00e7\u00e3o de parques socioeducativos. \u201cPoderia pegar parques que est\u00e3o abandonados pelo Estado, como o Parque Metropolitano de Pitua\u00e7u ou o Parque do Abaet\u00e9, e a\u00ed transform\u00e1-los em parques socioeducativos, que s\u00e3o importantes. Eu defendo que tenha, n\u00f3s temos os nossos\u201d, disse, ao citar exemplos administrados pela Prefeitura, como o Jardim Bot\u00e2nico e o Parque da Cidade.<\/p>\n<p>Bruno Reis refor\u00e7ou que sua gest\u00e3o tamb\u00e9m atua na implanta\u00e7\u00e3o de novos espa\u00e7os com tal perfil, a exemplo do parque socioambiental em Canabrava, ou nos bairros de Mata Escura e Jardim Pitanga. \u201cMas zool\u00f3gico \u00e9 zool\u00f3gico e parque socioambiental \u00e9 parque socioambiental\u201d, insistiu.<\/p>\n<p>Questionado sobre a possibilidade de a Prefeitura assumir a gest\u00e3o do Zool\u00f3gico ou de criar um novo, o prefeito foi enf\u00e1tico ao rejeitar a ideia. \u201cSe a Prefeitura for assumir todas as incompet\u00eancias do governo, n\u00f3s n\u00e3o teremos recursos para isso. J\u00e1 estou assumindo na \u00e1rea de saneamento, de abastecimento de \u00e1gua, agora estamos indo para a seguran\u00e7a. Existem \u00e1reas que, infelizmente, s\u00e3o responsabilidade e atribui\u00e7\u00e3o do Estado, e cabe ao Estado dar a solu\u00e7\u00e3o\u201d, concluiu.<\/p>\n<p>O Zool\u00f3gico de Salvador, localizado no bairro de Ondina e administrado pelo Instituto do Meio Ambiente e Recursos H\u00eddricos (Inema), passou recentemente por uma reformula\u00e7\u00e3o para abrigar apenas animais da fauna brasileira, com foco na conserva\u00e7\u00e3o, pesquisa e educa\u00e7\u00e3o ambiental.<\/p>\n<p>Foto: Valter Pontes \/ Secom PMS<br \/>\nBlog do Vila<\/p>\n","protected":false},"excerpt":{"rendered":"<p>Prefeito sugere que governo estadual use parques &#8220;abandonados&#8221; para projetos socioambientais: &#8220;Zool\u00f3gico \u00e9 zool\u00f3gico&#8221; O prefeito Bruno Reis (Uni\u00e3o Brasil)<\/p>\n","protected":false},"author":4,"featured_media":17308,"comment_status":"open","ping_status":"open","sticky":false,"template":"","format":"standard","meta":{"colormag_page_container_layout":"default_layout","colormag_page_sidebar_layout":"default_layout","_FSMCFIC_featured_image_caption":"","_FSMCFIC_featured_image_nocaption":"","_FSMCFIC_featured_image_hide":"","footnotes":""},"categories":[5,1],"tags":[],"class_list":["post-17307","post","type-post","status-publish","format-standard","has-post-thumbnail","hentry","category-politica","category-ultimas"],"yoast_head":"<!-- This site is optimized with the Yoast SEO plugin v27.1.1 - https:\/\/yoast.com\/product\/yoast-seo-wordpress\/ -->\n<title>Bruno critica mudan\u00e7as em zoo e nega interesse em gest\u00e3o: &#039;Se a Prefeitura for assumir todas incompet\u00eancias do governo, n\u00e3o ter\u00e1 recursos&#039; - Brasil not\u00edcias<\/title>\n<meta name=\"robots\" content=\"index, follow, max-snippet:-1, max-image-preview:large, max-video-preview:-1\" \/>\n<link rel=\"canonical\" href=\"https:\/\/brasilnoticias.org\/site\/bruno-critica-mudancas-em-zoo-e-nega-interesse-em-gestao-se-a-prefeitura-for-assumir-todas-incompetencias-do-governo-nao-tera-recursos\/\" \/>\n<meta property=\"og:locale\" content=\"pt_PT\" \/>\n<meta property=\"og:type\" content=\"article\" \/>\n<meta property=\"og:title\" content=\"Bruno critica mudan\u00e7as em zoo e nega interesse em gest\u00e3o: &#039;Se a Prefeitura for assumir todas incompet\u00eancias do governo, n\u00e3o ter\u00e1 recursos&#039; - Brasil not\u00edcias\" \/>\n<meta property=\"og:description\" content=\"Prefeito sugere que governo estadual use parques &#8220;abandonados&#8221; para projetos socioambientais: &#8220;Zool\u00f3gico \u00e9 zool\u00f3gico&#8221; O prefeito Bruno Reis (Uni\u00e3o Brasil)\" \/>\n<meta property=\"og:url\" content=\"https:\/\/brasilnoticias.org\/site\/bruno-critica-mudancas-em-zoo-e-nega-interesse-em-gestao-se-a-prefeitura-for-assumir-todas-incompetencias-do-governo-nao-tera-recursos\/\" \/>\n<meta property=\"og:site_name\" content=\"Brasil not\u00edcias\" \/>\n<meta property=\"article:published_time\" content=\"2025-06-03T17:25:21+00:00\" \/>\n<meta property=\"article:modified_time\" content=\"2025-06-04T02:16:48+00:00\" \/>\n<meta property=\"og:image\" content=\"https:\/\/brasilnoticias.org\/site\/wp-content\/uploads\/2025\/06\/WhatsApp-Image-2025-06-03-at-12.52.19.jpeg\" \/>\n\t<meta property=\"og:image:width\" content=\"1600\" \/>\n\t<meta property=\"og:image:height\" content=\"1067\" \/>\n\t<meta property=\"og:image:type\" content=\"image\/jpeg\" \/>\n<meta name=\"author\" content=\"Reda\u00e7\u00e3o\" \/>\n<meta name=\"twitter:card\" content=\"summary_large_image\" \/>\n<meta name=\"twitter:label1\" content=\"Escrito por\" \/>\n\t<meta name=\"twitter:data1\" content=\"Reda\u00e7\u00e3o\" \/>\n\t<meta name=\"twitter:label2\" content=\"Tempo estimado de leitura\" \/>\n\t<meta name=\"twitter:data2\" content=\"3 minutos\" \/>\n<script type=\"application\/ld+json\" class=\"yoast-schema-graph\">{\"@context\":\"https:\/\/schema.org\",\"@graph\":[{\"@type\":\"Article\",\"@id\":\"https:\/\/brasilnoticias.org\/site\/bruno-critica-mudancas-em-zoo-e-nega-interesse-em-gestao-se-a-prefeitura-for-assumir-todas-incompetencias-do-governo-nao-tera-recursos\/#article\",\"isPartOf\":{\"@id\":\"https:\/\/brasilnoticias.org\/site\/bruno-critica-mudancas-em-zoo-e-nega-interesse-em-gestao-se-a-prefeitura-for-assumir-todas-incompetencias-do-governo-nao-tera-recursos\/\"},\"author\":{\"name\":\"Reda\u00e7\u00e3o\",\"@id\":\"https:\/\/brasilnoticias.org\/site\/#\/schema\/person\/03bbbfe6c7634ad18c26444ea39049fa\"},\"headline\":\"Bruno critica mudan\u00e7as em zoo e nega interesse em gest\u00e3o: &#8216;Se a Prefeitura for assumir todas incompet\u00eancias do governo, n\u00e3o ter\u00e1 recursos&#8217;\",\"datePublished\":\"2025-06-03T17:25:21+00:00\",\"dateModified\":\"2025-06-04T02:16:48+00:00\",\"mainEntityOfPage\":{\"@id\":\"https:\/\/brasilnoticias.org\/site\/bruno-critica-mudancas-em-zoo-e-nega-interesse-em-gestao-se-a-prefeitura-for-assumir-todas-incompetencias-do-governo-nao-tera-recursos\/\"},\"wordCount\":412,\"commentCount\":0,\"publisher\":{\"@id\":\"https:\/\/brasilnoticias.org\/site\/#organization\"},\"image\":{\"@id\":\"https:\/\/brasilnoticias.org\/site\/bruno-critica-mudancas-em-zoo-e-nega-interesse-em-gestao-se-a-prefeitura-for-assumir-todas-incompetencias-do-governo-nao-tera-recursos\/#primaryimage\"},\"thumbnailUrl\":\"https:\/\/brasilnoticias.org\/site\/wp-content\/uploads\/2025\/06\/WhatsApp-Image-2025-06-03-at-12.52.19.jpeg\",\"articleSection\":[\"Pol\u00edtica\",\"\u00daltimas\"],\"inLanguage\":\"pt-PT\",\"potentialAction\":[{\"@type\":\"CommentAction\",\"name\":\"Comment\",\"target\":[\"https:\/\/brasilnoticias.org\/site\/bruno-critica-mudancas-em-zoo-e-nega-interesse-em-gestao-se-a-prefeitura-for-assumir-todas-incompetencias-do-governo-nao-tera-recursos\/#respond\"]}]},{\"@type\":\"WebPage\",\"@id\":\"https:\/\/brasilnoticias.org\/site\/bruno-critica-mudancas-em-zoo-e-nega-interesse-em-gestao-se-a-prefeitura-for-assumir-todas-incompetencias-do-governo-nao-tera-recursos\/\",\"url\":\"https:\/\/brasilnoticias.org\/site\/bruno-critica-mudancas-em-zoo-e-nega-interesse-em-gestao-se-a-prefeitura-for-assumir-todas-incompetencias-do-governo-nao-tera-recursos\/\",\"name\":\"Bruno critica mudan\u00e7as em zoo e nega interesse em gest\u00e3o: 'Se a Prefeitura for assumir todas incompet\u00eancias do governo, n\u00e3o ter\u00e1 recursos' - Brasil not\u00edcias\",\"isPartOf\":{\"@id\":\"https:\/\/brasilnoticias.org\/site\/#website\"},\"primaryImageOfPage\":{\"@id\":\"https:\/\/brasilnoticias.org\/site\/bruno-critica-mudancas-em-zoo-e-nega-interesse-em-gestao-se-a-prefeitura-for-assumir-todas-incompetencias-do-governo-nao-tera-recursos\/#primaryimage\"},\"image\":{\"@id\":\"https:\/\/brasilnoticias.org\/site\/bruno-critica-mudancas-em-zoo-e-nega-interesse-em-gestao-se-a-prefeitura-for-assumir-todas-incompetencias-do-governo-nao-tera-recursos\/#primaryimage\"},\"thumbnailUrl\":\"https:\/\/brasilnoticias.org\/site\/wp-content\/uploads\/2025\/06\/WhatsApp-Image-2025-06-03-at-12.52.19.jpeg\",\"datePublished\":\"2025-06-03T17:25:21+00:00\",\"dateModified\":\"2025-06-04T02:16:48+00:00\",\"breadcrumb\":{\"@id\":\"https:\/\/brasilnoticias.org\/site\/bruno-critica-mudancas-em-zoo-e-nega-interesse-em-gestao-se-a-prefeitura-for-assumir-todas-incompetencias-do-governo-nao-tera-recursos\/#breadcrumb\"},\"inLanguage\":\"pt-PT\",\"potentialAction\":[{\"@type\":\"ReadAction\",\"target\":[\"https:\/\/brasilnoticias.org\/site\/bruno-critica-mudancas-em-zoo-e-nega-interesse-em-gestao-se-a-prefeitura-for-assumir-todas-incompetencias-do-governo-nao-tera-recursos\/\"]}]},{\"@type\":\"ImageObject\",\"inLanguage\":\"pt-PT\",\"@id\":\"https:\/\/brasilnoticias.org\/site\/bruno-critica-mudancas-em-zoo-e-nega-interesse-em-gestao-se-a-prefeitura-for-assumir-todas-incompetencias-do-governo-nao-tera-recursos\/#primaryimage\",\"url\":\"https:\/\/brasilnoticias.org\/site\/wp-content\/uploads\/2025\/06\/WhatsApp-Image-2025-06-03-at-12.52.19.jpeg\",\"contentUrl\":\"https:\/\/brasilnoticias.org\/site\/wp-content\/uploads\/2025\/06\/WhatsApp-Image-2025-06-03-at-12.52.19.jpeg\",\"width\":1600,\"height\":1067},{\"@type\":\"BreadcrumbList\",\"@id\":\"https:\/\/brasilnoticias.org\/site\/bruno-critica-mudancas-em-zoo-e-nega-interesse-em-gestao-se-a-prefeitura-for-assumir-todas-incompetencias-do-governo-nao-tera-recursos\/#breadcrumb\",\"itemListElement\":[{\"@type\":\"ListItem\",\"position\":1,\"name\":\"In\u00edcio\",\"item\":\"https:\/\/brasilnoticias.org\/site\/\"},{\"@type\":\"ListItem\",\"position\":2,\"name\":\"Bruno critica mudan\u00e7as em zoo e nega interesse em gest\u00e3o: &#8216;Se a Prefeitura for assumir todas incompet\u00eancias do governo, n\u00e3o ter\u00e1 recursos&#8217;\"}]},{\"@type\":\"WebSite\",\"@id\":\"https:\/\/brasilnoticias.org\/site\/#website\",\"url\":\"https:\/\/brasilnoticias.org\/site\/\",\"name\":\"Brasil not\u00edcias\",\"description\":\"Brasil not\u00edcias\",\"publisher\":{\"@id\":\"https:\/\/brasilnoticias.org\/site\/#organization\"},\"potentialAction\":[{\"@type\":\"SearchAction\",\"target\":{\"@type\":\"EntryPoint\",\"urlTemplate\":\"https:\/\/brasilnoticias.org\/site\/?s={search_term_string}\"},\"query-input\":{\"@type\":\"PropertyValueSpecification\",\"valueRequired\":true,\"valueName\":\"search_term_string\"}}],\"inLanguage\":\"pt-PT\"},{\"@type\":\"Organization\",\"@id\":\"https:\/\/brasilnoticias.org\/site\/#organization\",\"name\":\"Brasil not\u00edcias\",\"url\":\"https:\/\/brasilnoticias.org\/site\/\",\"logo\":{\"@type\":\"ImageObject\",\"inLanguage\":\"pt-PT\",\"@id\":\"https:\/\/brasilnoticias.org\/site\/#\/schema\/logo\/image\/\",\"url\":\"https:\/\/brasilnoticias.org\/site\/wp-content\/uploads\/2022\/05\/cropped-brasilnoticias-mini.jpg\",\"contentUrl\":\"https:\/\/brasilnoticias.org\/site\/wp-content\/uploads\/2022\/05\/cropped-brasilnoticias-mini.jpg\",\"width\":314,\"height\":86,\"caption\":\"Brasil not\u00edcias\"},\"image\":{\"@id\":\"https:\/\/brasilnoticias.org\/site\/#\/schema\/logo\/image\/\"}},{\"@type\":\"Person\",\"@id\":\"https:\/\/brasilnoticias.org\/site\/#\/schema\/person\/03bbbfe6c7634ad18c26444ea39049fa\",\"name\":\"Reda\u00e7\u00e3o\",\"image\":{\"@type\":\"ImageObject\",\"inLanguage\":\"pt-PT\",\"@id\":\"https:\/\/brasilnoticias.org\/site\/#\/schema\/person\/image\/\",\"url\":\"https:\/\/secure.gravatar.com\/avatar\/9ecaf7327a696cb23ad926fedded5f1f04d7049de9e445375d55b48c001a6e42?s=96&d=mm&r=g\",\"contentUrl\":\"https:\/\/secure.gravatar.com\/avatar\/9ecaf7327a696cb23ad926fedded5f1f04d7049de9e445375d55b48c001a6e42?s=96&d=mm&r=g\",\"caption\":\"Reda\u00e7\u00e3o\"},\"url\":\"https:\/\/brasilnoticias.org\/site\/author\/henrique\/\"}]}<\/script>\n<!-- \/ Yoast SEO plugin. -->","yoast_head_json":{"title":"Bruno critica mudan\u00e7as em zoo e nega interesse em gest\u00e3o: 'Se a Prefeitura for assumir todas incompet\u00eancias do governo, n\u00e3o ter\u00e1 recursos' - Brasil not\u00edcias","robots":{"index":"index","follow":"follow","max-snippet":"max-snippet:-1","max-image-preview":"max-image-preview:large","max-video-preview":"max-video-preview:-1"},"canonical":"https:\/\/brasilnoticias.org\/site\/bruno-critica-mudancas-em-zoo-e-nega-interesse-em-gestao-se-a-prefeitura-for-assumir-todas-incompetencias-do-governo-nao-tera-recursos\/","og_locale":"pt_PT","og_type":"article","og_title":"Bruno critica mudan\u00e7as em zoo e nega interesse em gest\u00e3o: 'Se a Prefeitura for assumir todas incompet\u00eancias do governo, n\u00e3o ter\u00e1 recursos' - Brasil not\u00edcias","og_description":"Prefeito sugere que governo estadual use parques &#8220;abandonados&#8221; para projetos socioambientais: &#8220;Zool\u00f3gico \u00e9 zool\u00f3gico&#8221; O prefeito Bruno Reis (Uni\u00e3o Brasil)","og_url":"https:\/\/brasilnoticias.org\/site\/bruno-critica-mudancas-em-zoo-e-nega-interesse-em-gestao-se-a-prefeitura-for-assumir-todas-incompetencias-do-governo-nao-tera-recursos\/","og_site_name":"Brasil not\u00edcias","article_published_time":"2025-06-03T17:25:21+00:00","article_modified_time":"2025-06-04T02:16:48+00:00","og_image":[{"width":1600,"height":1067,"url":"https:\/\/brasilnoticias.org\/site\/wp-content\/uploads\/2025\/06\/WhatsApp-Image-2025-06-03-at-12.52.19.jpeg","type":"image\/jpeg"}],"author":"Reda\u00e7\u00e3o","twitter_card":"summary_large_image","twitter_misc":{"Escrito por":"Reda\u00e7\u00e3o","Tempo estimado de leitura":"3 minutos"},"schema":{"@context":"https:\/\/schema.org","@graph":[{"@type":"Article","@id":"https:\/\/brasilnoticias.org\/site\/bruno-critica-mudancas-em-zoo-e-nega-interesse-em-gestao-se-a-prefeitura-for-assumir-todas-incompetencias-do-governo-nao-tera-recursos\/#article","isPartOf":{"@id":"https:\/\/brasilnoticias.org\/site\/bruno-critica-mudancas-em-zoo-e-nega-interesse-em-gestao-se-a-prefeitura-for-assumir-todas-incompetencias-do-governo-nao-tera-recursos\/"},"author":{"name":"Reda\u00e7\u00e3o","@id":"https:\/\/brasilnoticias.org\/site\/#\/schema\/person\/03bbbfe6c7634ad18c26444ea39049fa"},"headline":"Bruno critica mudan\u00e7as em zoo e nega interesse em gest\u00e3o: &#8216;Se a Prefeitura for assumir todas incompet\u00eancias do governo, n\u00e3o ter\u00e1 recursos&#8217;","datePublished":"2025-06-03T17:25:21+00:00","dateModified":"2025-06-04T02:16:48+00:00","mainEntityOfPage":{"@id":"https:\/\/brasilnoticias.org\/site\/bruno-critica-mudancas-em-zoo-e-nega-interesse-em-gestao-se-a-prefeitura-for-assumir-todas-incompetencias-do-governo-nao-tera-recursos\/"},"wordCount":412,"commentCount":0,"publisher":{"@id":"https:\/\/brasilnoticias.org\/site\/#organization"},"image":{"@id":"https:\/\/brasilnoticias.org\/site\/bruno-critica-mudancas-em-zoo-e-nega-interesse-em-gestao-se-a-prefeitura-for-assumir-todas-incompetencias-do-governo-nao-tera-recursos\/#primaryimage"},"thumbnailUrl":"https:\/\/brasilnoticias.org\/site\/wp-content\/uploads\/2025\/06\/WhatsApp-Image-2025-06-03-at-12.52.19.jpeg","articleSection":["Pol\u00edtica","\u00daltimas"],"inLanguage":"pt-PT","potentialAction":[{"@type":"CommentAction","name":"Comment","target":["https:\/\/brasilnoticias.org\/site\/bruno-critica-mudancas-em-zoo-e-nega-interesse-em-gestao-se-a-prefeitura-for-assumir-todas-incompetencias-do-governo-nao-tera-recursos\/#respond"]}]},{"@type":"WebPage","@id":"https:\/\/brasilnoticias.org\/site\/bruno-critica-mudancas-em-zoo-e-nega-interesse-em-gestao-se-a-prefeitura-for-assumir-todas-incompetencias-do-governo-nao-tera-recursos\/","url":"https:\/\/brasilnoticias.org\/site\/bruno-critica-mudancas-em-zoo-e-nega-interesse-em-gestao-se-a-prefeitura-for-assumir-todas-incompetencias-do-governo-nao-tera-recursos\/","name":"Bruno critica mudan\u00e7as em zoo e nega interesse em gest\u00e3o: 'Se a Prefeitura for assumir todas incompet\u00eancias do governo, n\u00e3o ter\u00e1 recursos' - Brasil not\u00edcias","isPartOf":{"@id":"https:\/\/brasilnoticias.org\/site\/#website"},"primaryImageOfPage":{"@id":"https:\/\/brasilnoticias.org\/site\/bruno-critica-mudancas-em-zoo-e-nega-interesse-em-gestao-se-a-prefeitura-for-assumir-todas-incompetencias-do-governo-nao-tera-recursos\/#primaryimage"},"image":{"@id":"https:\/\/brasilnoticias.org\/site\/bruno-critica-mudancas-em-zoo-e-nega-interesse-em-gestao-se-a-prefeitura-for-assumir-todas-incompetencias-do-governo-nao-tera-recursos\/#primaryimage"},"thumbnailUrl":"https:\/\/brasilnoticias.org\/site\/wp-content\/uploads\/2025\/06\/WhatsApp-Image-2025-06-03-at-12.52.19.jpeg","datePublished":"2025-06-03T17:25:21+00:00","dateModified":"2025-06-04T02:16:48+00:00","breadcrumb":{"@id":"https:\/\/brasilnoticias.org\/site\/bruno-critica-mudancas-em-zoo-e-nega-interesse-em-gestao-se-a-prefeitura-for-assumir-todas-incompetencias-do-governo-nao-tera-recursos\/#breadcrumb"},"inLanguage":"pt-PT","potentialAction":[{"@type":"ReadAction","target":["https:\/\/brasilnoticias.org\/site\/bruno-critica-mudancas-em-zoo-e-nega-interesse-em-gestao-se-a-prefeitura-for-assumir-todas-incompetencias-do-governo-nao-tera-recursos\/"]}]},{"@type":"ImageObject","inLanguage":"pt-PT","@id":"https:\/\/brasilnoticias.org\/site\/bruno-critica-mudancas-em-zoo-e-nega-interesse-em-gestao-se-a-prefeitura-for-assumir-todas-incompetencias-do-governo-nao-tera-recursos\/#primaryimage","url":"https:\/\/brasilnoticias.org\/site\/wp-content\/uploads\/2025\/06\/WhatsApp-Image-2025-06-03-at-12.52.19.jpeg","contentUrl":"https:\/\/brasilnoticias.org\/site\/wp-content\/uploads\/2025\/06\/WhatsApp-Image-2025-06-03-at-12.52.19.jpeg","width":1600,"height":1067},{"@type":"BreadcrumbList","@id":"https:\/\/brasilnoticias.org\/site\/bruno-critica-mudancas-em-zoo-e-nega-interesse-em-gestao-se-a-prefeitura-for-assumir-todas-incompetencias-do-governo-nao-tera-recursos\/#breadcrumb","itemListElement":[{"@type":"ListItem","position":1,"name":"In\u00edcio","item":"https:\/\/brasilnoticias.org\/site\/"},{"@type":"ListItem","position":2,"name":"Bruno critica mudan\u00e7as em zoo e nega interesse em gest\u00e3o: &#8216;Se a Prefeitura for assumir todas incompet\u00eancias do governo, n\u00e3o ter\u00e1 recursos&#8217;"}]},{"@type":"WebSite","@id":"https:\/\/brasilnoticias.org\/site\/#website","url":"https:\/\/brasilnoticias.org\/site\/","name":"Brasil not\u00edcias","description":"Brasil not\u00edcias","publisher":{"@id":"https:\/\/brasilnoticias.org\/site\/#organization"},"potentialAction":[{"@type":"SearchAction","target":{"@type":"EntryPoint","urlTemplate":"https:\/\/brasilnoticias.org\/site\/?s={search_term_string}"},"query-input":{"@type":"PropertyValueSpecification","valueRequired":true,"valueName":"search_term_string"}}],"inLanguage":"pt-PT"},{"@type":"Organization","@id":"https:\/\/brasilnoticias.org\/site\/#organization","name":"Brasil not\u00edcias","url":"https:\/\/brasilnoticias.org\/site\/","logo":{"@type":"ImageObject","inLanguage":"pt-PT","@id":"https:\/\/brasilnoticias.org\/site\/#\/schema\/logo\/image\/","url":"https:\/\/brasilnoticias.org\/site\/wp-content\/uploads\/2022\/05\/cropped-brasilnoticias-mini.jpg","contentUrl":"https:\/\/brasilnoticias.org\/site\/wp-content\/uploads\/2022\/05\/cropped-brasilnoticias-mini.jpg","width":314,"height":86,"caption":"Brasil not\u00edcias"},"image":{"@id":"https:\/\/brasilnoticias.org\/site\/#\/schema\/logo\/image\/"}},{"@type":"Person","@id":"https:\/\/brasilnoticias.org\/site\/#\/schema\/person\/03bbbfe6c7634ad18c26444ea39049fa","name":"Reda\u00e7\u00e3o","image":{"@type":"ImageObject","inLanguage":"pt-PT","@id":"https:\/\/brasilnoticias.org\/site\/#\/schema\/person\/image\/","url":"https:\/\/secure.gravatar.com\/avatar\/9ecaf7327a696cb23ad926fedded5f1f04d7049de9e445375d55b48c001a6e42?s=96&d=mm&r=g","contentUrl":"https:\/\/secure.gravatar.com\/avatar\/9ecaf7327a696cb23ad926fedded5f1f04d7049de9e445375d55b48c001a6e42?s=96&d=mm&r=g","caption":"Reda\u00e7\u00e3o"},"url":"https:\/\/brasilnoticias.org\/site\/author\/henrique\/"}]}},"_links":{"self":[{"href":"https:\/\/brasilnoticias.org\/site\/wp-json\/wp\/v2\/posts\/17307","targetHints":{"allow":["GET"]}}],"collection":[{"href":"https:\/\/brasilnoticias.org\/site\/wp-json\/wp\/v2\/posts"}],"about":[{"href":"https:\/\/brasilnoticias.org\/site\/wp-json\/wp\/v2\/types\/post"}],"author":[{"embeddable":true,"href":"https:\/\/brasilnoticias.org\/site\/wp-json\/wp\/v2\/users\/4"}],"replies":[{"embeddable":true,"href":"https:\/\/brasilnoticias.org\/site\/wp-json\/wp\/v2\/comments?post=17307"}],"version-history":[{"count":1,"href":"https:\/\/brasilnoticias.org\/site\/wp-json\/wp\/v2\/posts\/17307\/revisions"}],"predecessor-version":[{"id":17309,"href":"https:\/\/brasilnoticias.org\/site\/wp-json\/wp\/v2\/posts\/17307\/revisions\/17309"}],"wp:featuredmedia":[{"embeddable":true,"href":"https:\/\/brasilnoticias.org\/site\/wp-json\/wp\/v2\/media\/17308"}],"wp:attachment":[{"href":"https:\/\/brasilnoticias.org\/site\/wp-json\/wp\/v2\/media?parent=17307"}],"wp:term":[{"taxonomy":"category","embeddable":true,"href":"https:\/\/brasilnoticias.org\/site\/wp-json\/wp\/v2\/categories?post=17307"},{"taxonomy":"post_tag","embeddable":true,"href":"https:\/\/brasilnoticias.org\/site\/wp-json\/wp\/v2\/tags?post=17307"}],"curies":[{"name":"wp","href":"https:\/\/api.w.org\/{rel}","templated":true}]}}