{"id":17313,"date":"2025-06-03T14:29:14","date_gmt":"2025-06-03T17:29:14","guid":{"rendered":"https:\/\/brasilnoticias.org\/site\/?p=17313"},"modified":"2025-06-03T23:16:30","modified_gmt":"2025-06-04T02:16:30","slug":"lula-culpa-afa-de-haddad-por-crise-do-iof","status":"publish","type":"post","link":"https:\/\/brasilnoticias.org\/site\/lula-culpa-afa-de-haddad-por-crise-do-iof\/","title":{"rendered":"Lula culpa \u201caf\u00e3\u201d de Haddad por crise do IOF"},"content":{"rendered":"<p>O presidente Luiz In\u00e1cio Lula da Silva (PT) afirmou nesta ter\u00e7a-feira (3) que o ministro da Fazenda, Fernando Haddad, agiu no \u201caf\u00e3 de dar uma resposta\u201d ao anunciar o decreto que elevou o IOF (Imposto sobre Opera\u00e7\u00f5es Financeiras) sobre opera\u00e7\u00f5es cambiais, o que gerou uma crise pol\u00edtica com o Congresso Nacional.<\/p>\n<p>\u201cO Minist\u00e9rio da Fazenda est\u00e1 tentando fazer um reparo que foi um acontecimento do n\u00e3o cumprimento de uma decis\u00e3o da Suprema Corte pelos companheiros senadores, que quando aprovaram a desonera\u00e7\u00e3o, sabiam que tinha uma decis\u00e3o da Suprema Corte que era obrigado a ver a compensa\u00e7\u00e3o e ficar\u00e3o de apresentar a compensa\u00e7\u00e3o. O Haddad, no af\u00e3 de dar uma resposta logo \u00e0 sociedade, apresentou uma proposta que ele elaborou na Fazenda\u201d, declarou Lula em entrevista no Pal\u00e1cio do Planalto, em Bras\u00edlia.<\/p>\n<p>O presidente disse que \u00e9 fundamental haver ampla articula\u00e7\u00e3o pol\u00edtica antes do envio de qualquer medida ao Legislativo. \u201cAntes da gente mandar qualquer medida para o Congresso Nacional, \u00e9 importante que voc\u00eas saibam, eu sou favor\u00e1vel que n\u00e3o tem segredo. Antes de qualquer medida que a gente mande pro Congresso Nacional, n\u00f3s temos que reunir aqui, sabe, as pessoas que s\u00e3o parceiras. O presidente do Senado, o presidente da C\u00e2mara, os l\u00edderes dos partidos. S\u00e3o 12 l\u00edderes que t\u00eam influ\u00eancia nas decis\u00f5es. Ent\u00e3o, por que n\u00e3o discutir com eles? N\u00f3s j\u00e1 fizemos uma reuni\u00e3o domingo \u00e0 noite na minha casa.\u201d<\/p>\n<p>Lula indicou que um novo pacote fiscal pode ser anunciado ainda nesta ter\u00e7a-feira, antes de sua viagem oficial a Paris. Segundo ele, as propostas j\u00e1 foram discutidas com os presidentes da C\u00e2mara e do Senado e agora dependem apenas de consenso entre os l\u00edderes partid\u00e1rios.<\/p>\n<p>\u201cHoje vai ter um almo\u00e7o na minha casa com todas as pessoas envolvidas nessa discuss\u00e3o. A ideia \u00e9 saber se o acordo est\u00e1 feito ou n\u00e3o, pra que a gente possa anunciar como ser\u00e1 feita a compensa\u00e7\u00e3o que o Brasil precisa pra colocar nossas contas fiscais em ordem\u201d, afirmou.<\/p>\n<p>A equipe econ\u00f4mica busca alternativas para substituir o aumento do IOF, que seria a fonte de compensa\u00e7\u00e3o das perdas com a desonera\u00e7\u00e3o da folha at\u00e9 2027. A proposta provocou rea\u00e7\u00e3o imediata no Congresso, que se mobilizou para derrubar o decreto \u2014 algo que n\u00e3o acontece h\u00e1 25 anos. Ap\u00f3s a press\u00e3o, o governo conseguiu um prazo de dez dias para apresentar uma nova solu\u00e7\u00e3o.<\/p>\n<p>Apesar das medidas ainda estarem sob sigilo, Lula reafirmou que nenhuma proposta ser\u00e1 encaminhada ao Congresso sem o devido consenso pol\u00edtico. \u201cAntes de qualquer medida, temos que reunir os nossos parceiros: o presidente do Senado, o presidente da C\u00e2mara, os l\u00edderes dos partidos. N\u00e3o tem segredo. J\u00e1 fizemos uma reuni\u00e3o domingo \u00e0 noite, e hoje encerramos esse processo com um almo\u00e7o na minha casa\u201d, finalizou.<\/p>\n<p>Informa\u00e7\u00f5es da Gazeta Brasil \/ Foto: Marcelo Camargo\/Ag\u00eancia Brasil\/Arquvo<\/p>\n","protected":false},"excerpt":{"rendered":"<p>O presidente Luiz In\u00e1cio Lula da Silva (PT) afirmou nesta ter\u00e7a-feira (3) que o ministro da Fazenda, Fernando Haddad, agiu<\/p>\n","protected":false},"author":4,"featured_media":17315,"comment_status":"open","ping_status":"open","sticky":false,"template":"","format":"standard","meta":{"colormag_page_container_layout":"default_layout","colormag_page_sidebar_layout":"default_layout","_FSMCFIC_featured_image_caption":"","_FSMCFIC_featured_image_nocaption":"","_FSMCFIC_featured_image_hide":"","footnotes":""},"categories":[5,1],"tags":[],"class_list":["post-17313","post","type-post","status-publish","format-standard","has-post-thumbnail","hentry","category-politica","category-ultimas"],"yoast_head":"<!-- This site is optimized with the Yoast SEO plugin v27.1.1 - https:\/\/yoast.com\/product\/yoast-seo-wordpress\/ -->\n<title>Lula culpa \u201caf\u00e3\u201d de Haddad por crise do IOF - Brasil not\u00edcias<\/title>\n<meta name=\"robots\" content=\"index, follow, max-snippet:-1, max-image-preview:large, max-video-preview:-1\" \/>\n<link rel=\"canonical\" href=\"https:\/\/brasilnoticias.org\/site\/lula-culpa-afa-de-haddad-por-crise-do-iof\/\" \/>\n<meta property=\"og:locale\" content=\"pt_PT\" \/>\n<meta property=\"og:type\" content=\"article\" \/>\n<meta property=\"og:title\" content=\"Lula culpa \u201caf\u00e3\u201d de Haddad por crise do IOF - Brasil not\u00edcias\" \/>\n<meta property=\"og:description\" content=\"O presidente Luiz In\u00e1cio Lula da Silva (PT) afirmou nesta ter\u00e7a-feira (3) que o ministro da Fazenda, Fernando Haddad, agiu\" \/>\n<meta property=\"og:url\" content=\"https:\/\/brasilnoticias.org\/site\/lula-culpa-afa-de-haddad-por-crise-do-iof\/\" \/>\n<meta property=\"og:site_name\" content=\"Brasil not\u00edcias\" \/>\n<meta property=\"article:published_time\" content=\"2025-06-03T17:29:14+00:00\" \/>\n<meta property=\"article:modified_time\" content=\"2025-06-04T02:16:30+00:00\" \/>\n<meta property=\"og:image\" content=\"https:\/\/brasilnoticias.org\/site\/wp-content\/uploads\/2025\/06\/IMAGEM_NOTICIA_1.jpg\" \/>\n\t<meta property=\"og:image:width\" content=\"600\" \/>\n\t<meta property=\"og:image:height\" content=\"430\" \/>\n\t<meta property=\"og:image:type\" content=\"image\/jpeg\" \/>\n<meta name=\"author\" content=\"Reda\u00e7\u00e3o\" \/>\n<meta name=\"twitter:card\" content=\"summary_large_image\" \/>\n<meta name=\"twitter:label1\" content=\"Escrito por\" \/>\n\t<meta name=\"twitter:data1\" content=\"Reda\u00e7\u00e3o\" \/>\n\t<meta name=\"twitter:label2\" content=\"Tempo estimado de leitura\" \/>\n\t<meta name=\"twitter:data2\" content=\"1 minuto\" \/>\n<script type=\"application\/ld+json\" class=\"yoast-schema-graph\">{\"@context\":\"https:\/\/schema.org\",\"@graph\":[{\"@type\":\"Article\",\"@id\":\"https:\/\/brasilnoticias.org\/site\/lula-culpa-afa-de-haddad-por-crise-do-iof\/#article\",\"isPartOf\":{\"@id\":\"https:\/\/brasilnoticias.org\/site\/lula-culpa-afa-de-haddad-por-crise-do-iof\/\"},\"author\":{\"name\":\"Reda\u00e7\u00e3o\",\"@id\":\"https:\/\/brasilnoticias.org\/site\/#\/schema\/person\/03bbbfe6c7634ad18c26444ea39049fa\"},\"headline\":\"Lula culpa \u201caf\u00e3\u201d de Haddad por crise do IOF\",\"datePublished\":\"2025-06-03T17:29:14+00:00\",\"dateModified\":\"2025-06-04T02:16:30+00:00\",\"mainEntityOfPage\":{\"@id\":\"https:\/\/brasilnoticias.org\/site\/lula-culpa-afa-de-haddad-por-crise-do-iof\/\"},\"wordCount\":519,\"commentCount\":0,\"publisher\":{\"@id\":\"https:\/\/brasilnoticias.org\/site\/#organization\"},\"image\":{\"@id\":\"https:\/\/brasilnoticias.org\/site\/lula-culpa-afa-de-haddad-por-crise-do-iof\/#primaryimage\"},\"thumbnailUrl\":\"https:\/\/brasilnoticias.org\/site\/wp-content\/uploads\/2025\/06\/IMAGEM_NOTICIA_1.jpg\",\"articleSection\":[\"Pol\u00edtica\",\"\u00daltimas\"],\"inLanguage\":\"pt-PT\",\"potentialAction\":[{\"@type\":\"CommentAction\",\"name\":\"Comment\",\"target\":[\"https:\/\/brasilnoticias.org\/site\/lula-culpa-afa-de-haddad-por-crise-do-iof\/#respond\"]}]},{\"@type\":\"WebPage\",\"@id\":\"https:\/\/brasilnoticias.org\/site\/lula-culpa-afa-de-haddad-por-crise-do-iof\/\",\"url\":\"https:\/\/brasilnoticias.org\/site\/lula-culpa-afa-de-haddad-por-crise-do-iof\/\",\"name\":\"Lula culpa \u201caf\u00e3\u201d de Haddad por crise do IOF - Brasil not\u00edcias\",\"isPartOf\":{\"@id\":\"https:\/\/brasilnoticias.org\/site\/#website\"},\"primaryImageOfPage\":{\"@id\":\"https:\/\/brasilnoticias.org\/site\/lula-culpa-afa-de-haddad-por-crise-do-iof\/#primaryimage\"},\"image\":{\"@id\":\"https:\/\/brasilnoticias.org\/site\/lula-culpa-afa-de-haddad-por-crise-do-iof\/#primaryimage\"},\"thumbnailUrl\":\"https:\/\/brasilnoticias.org\/site\/wp-content\/uploads\/2025\/06\/IMAGEM_NOTICIA_1.jpg\",\"datePublished\":\"2025-06-03T17:29:14+00:00\",\"dateModified\":\"2025-06-04T02:16:30+00:00\",\"breadcrumb\":{\"@id\":\"https:\/\/brasilnoticias.org\/site\/lula-culpa-afa-de-haddad-por-crise-do-iof\/#breadcrumb\"},\"inLanguage\":\"pt-PT\",\"potentialAction\":[{\"@type\":\"ReadAction\",\"target\":[\"https:\/\/brasilnoticias.org\/site\/lula-culpa-afa-de-haddad-por-crise-do-iof\/\"]}]},{\"@type\":\"ImageObject\",\"inLanguage\":\"pt-PT\",\"@id\":\"https:\/\/brasilnoticias.org\/site\/lula-culpa-afa-de-haddad-por-crise-do-iof\/#primaryimage\",\"url\":\"https:\/\/brasilnoticias.org\/site\/wp-content\/uploads\/2025\/06\/IMAGEM_NOTICIA_1.jpg\",\"contentUrl\":\"https:\/\/brasilnoticias.org\/site\/wp-content\/uploads\/2025\/06\/IMAGEM_NOTICIA_1.jpg\",\"width\":600,\"height\":430},{\"@type\":\"BreadcrumbList\",\"@id\":\"https:\/\/brasilnoticias.org\/site\/lula-culpa-afa-de-haddad-por-crise-do-iof\/#breadcrumb\",\"itemListElement\":[{\"@type\":\"ListItem\",\"position\":1,\"name\":\"In\u00edcio\",\"item\":\"https:\/\/brasilnoticias.org\/site\/\"},{\"@type\":\"ListItem\",\"position\":2,\"name\":\"Lula culpa \u201caf\u00e3\u201d de Haddad por crise do IOF\"}]},{\"@type\":\"WebSite\",\"@id\":\"https:\/\/brasilnoticias.org\/site\/#website\",\"url\":\"https:\/\/brasilnoticias.org\/site\/\",\"name\":\"Brasil not\u00edcias\",\"description\":\"Brasil not\u00edcias\",\"publisher\":{\"@id\":\"https:\/\/brasilnoticias.org\/site\/#organization\"},\"potentialAction\":[{\"@type\":\"SearchAction\",\"target\":{\"@type\":\"EntryPoint\",\"urlTemplate\":\"https:\/\/brasilnoticias.org\/site\/?s={search_term_string}\"},\"query-input\":{\"@type\":\"PropertyValueSpecification\",\"valueRequired\":true,\"valueName\":\"search_term_string\"}}],\"inLanguage\":\"pt-PT\"},{\"@type\":\"Organization\",\"@id\":\"https:\/\/brasilnoticias.org\/site\/#organization\",\"name\":\"Brasil not\u00edcias\",\"url\":\"https:\/\/brasilnoticias.org\/site\/\",\"logo\":{\"@type\":\"ImageObject\",\"inLanguage\":\"pt-PT\",\"@id\":\"https:\/\/brasilnoticias.org\/site\/#\/schema\/logo\/image\/\",\"url\":\"https:\/\/brasilnoticias.org\/site\/wp-content\/uploads\/2022\/05\/cropped-brasilnoticias-mini.jpg\",\"contentUrl\":\"https:\/\/brasilnoticias.org\/site\/wp-content\/uploads\/2022\/05\/cropped-brasilnoticias-mini.jpg\",\"width\":314,\"height\":86,\"caption\":\"Brasil not\u00edcias\"},\"image\":{\"@id\":\"https:\/\/brasilnoticias.org\/site\/#\/schema\/logo\/image\/\"}},{\"@type\":\"Person\",\"@id\":\"https:\/\/brasilnoticias.org\/site\/#\/schema\/person\/03bbbfe6c7634ad18c26444ea39049fa\",\"name\":\"Reda\u00e7\u00e3o\",\"image\":{\"@type\":\"ImageObject\",\"inLanguage\":\"pt-PT\",\"@id\":\"https:\/\/brasilnoticias.org\/site\/#\/schema\/person\/image\/\",\"url\":\"https:\/\/secure.gravatar.com\/avatar\/9ecaf7327a696cb23ad926fedded5f1f04d7049de9e445375d55b48c001a6e42?s=96&d=mm&r=g\",\"contentUrl\":\"https:\/\/secure.gravatar.com\/avatar\/9ecaf7327a696cb23ad926fedded5f1f04d7049de9e445375d55b48c001a6e42?s=96&d=mm&r=g\",\"caption\":\"Reda\u00e7\u00e3o\"},\"url\":\"https:\/\/brasilnoticias.org\/site\/author\/henrique\/\"}]}<\/script>\n<!-- \/ Yoast SEO plugin. -->","yoast_head_json":{"title":"Lula culpa \u201caf\u00e3\u201d de Haddad por crise do IOF - Brasil not\u00edcias","robots":{"index":"index","follow":"follow","max-snippet":"max-snippet:-1","max-image-preview":"max-image-preview:large","max-video-preview":"max-video-preview:-1"},"canonical":"https:\/\/brasilnoticias.org\/site\/lula-culpa-afa-de-haddad-por-crise-do-iof\/","og_locale":"pt_PT","og_type":"article","og_title":"Lula culpa \u201caf\u00e3\u201d de Haddad por crise do IOF - Brasil not\u00edcias","og_description":"O presidente Luiz In\u00e1cio Lula da Silva (PT) afirmou nesta ter\u00e7a-feira (3) que o ministro da Fazenda, Fernando Haddad, agiu","og_url":"https:\/\/brasilnoticias.org\/site\/lula-culpa-afa-de-haddad-por-crise-do-iof\/","og_site_name":"Brasil not\u00edcias","article_published_time":"2025-06-03T17:29:14+00:00","article_modified_time":"2025-06-04T02:16:30+00:00","og_image":[{"width":600,"height":430,"url":"https:\/\/brasilnoticias.org\/site\/wp-content\/uploads\/2025\/06\/IMAGEM_NOTICIA_1.jpg","type":"image\/jpeg"}],"author":"Reda\u00e7\u00e3o","twitter_card":"summary_large_image","twitter_misc":{"Escrito por":"Reda\u00e7\u00e3o","Tempo estimado de leitura":"1 minuto"},"schema":{"@context":"https:\/\/schema.org","@graph":[{"@type":"Article","@id":"https:\/\/brasilnoticias.org\/site\/lula-culpa-afa-de-haddad-por-crise-do-iof\/#article","isPartOf":{"@id":"https:\/\/brasilnoticias.org\/site\/lula-culpa-afa-de-haddad-por-crise-do-iof\/"},"author":{"name":"Reda\u00e7\u00e3o","@id":"https:\/\/brasilnoticias.org\/site\/#\/schema\/person\/03bbbfe6c7634ad18c26444ea39049fa"},"headline":"Lula culpa \u201caf\u00e3\u201d de Haddad por crise do IOF","datePublished":"2025-06-03T17:29:14+00:00","dateModified":"2025-06-04T02:16:30+00:00","mainEntityOfPage":{"@id":"https:\/\/brasilnoticias.org\/site\/lula-culpa-afa-de-haddad-por-crise-do-iof\/"},"wordCount":519,"commentCount":0,"publisher":{"@id":"https:\/\/brasilnoticias.org\/site\/#organization"},"image":{"@id":"https:\/\/brasilnoticias.org\/site\/lula-culpa-afa-de-haddad-por-crise-do-iof\/#primaryimage"},"thumbnailUrl":"https:\/\/brasilnoticias.org\/site\/wp-content\/uploads\/2025\/06\/IMAGEM_NOTICIA_1.jpg","articleSection":["Pol\u00edtica","\u00daltimas"],"inLanguage":"pt-PT","potentialAction":[{"@type":"CommentAction","name":"Comment","target":["https:\/\/brasilnoticias.org\/site\/lula-culpa-afa-de-haddad-por-crise-do-iof\/#respond"]}]},{"@type":"WebPage","@id":"https:\/\/brasilnoticias.org\/site\/lula-culpa-afa-de-haddad-por-crise-do-iof\/","url":"https:\/\/brasilnoticias.org\/site\/lula-culpa-afa-de-haddad-por-crise-do-iof\/","name":"Lula culpa \u201caf\u00e3\u201d de Haddad por crise do IOF - Brasil not\u00edcias","isPartOf":{"@id":"https:\/\/brasilnoticias.org\/site\/#website"},"primaryImageOfPage":{"@id":"https:\/\/brasilnoticias.org\/site\/lula-culpa-afa-de-haddad-por-crise-do-iof\/#primaryimage"},"image":{"@id":"https:\/\/brasilnoticias.org\/site\/lula-culpa-afa-de-haddad-por-crise-do-iof\/#primaryimage"},"thumbnailUrl":"https:\/\/brasilnoticias.org\/site\/wp-content\/uploads\/2025\/06\/IMAGEM_NOTICIA_1.jpg","datePublished":"2025-06-03T17:29:14+00:00","dateModified":"2025-06-04T02:16:30+00:00","breadcrumb":{"@id":"https:\/\/brasilnoticias.org\/site\/lula-culpa-afa-de-haddad-por-crise-do-iof\/#breadcrumb"},"inLanguage":"pt-PT","potentialAction":[{"@type":"ReadAction","target":["https:\/\/brasilnoticias.org\/site\/lula-culpa-afa-de-haddad-por-crise-do-iof\/"]}]},{"@type":"ImageObject","inLanguage":"pt-PT","@id":"https:\/\/brasilnoticias.org\/site\/lula-culpa-afa-de-haddad-por-crise-do-iof\/#primaryimage","url":"https:\/\/brasilnoticias.org\/site\/wp-content\/uploads\/2025\/06\/IMAGEM_NOTICIA_1.jpg","contentUrl":"https:\/\/brasilnoticias.org\/site\/wp-content\/uploads\/2025\/06\/IMAGEM_NOTICIA_1.jpg","width":600,"height":430},{"@type":"BreadcrumbList","@id":"https:\/\/brasilnoticias.org\/site\/lula-culpa-afa-de-haddad-por-crise-do-iof\/#breadcrumb","itemListElement":[{"@type":"ListItem","position":1,"name":"In\u00edcio","item":"https:\/\/brasilnoticias.org\/site\/"},{"@type":"ListItem","position":2,"name":"Lula culpa \u201caf\u00e3\u201d de Haddad por crise do IOF"}]},{"@type":"WebSite","@id":"https:\/\/brasilnoticias.org\/site\/#website","url":"https:\/\/brasilnoticias.org\/site\/","name":"Brasil not\u00edcias","description":"Brasil not\u00edcias","publisher":{"@id":"https:\/\/brasilnoticias.org\/site\/#organization"},"potentialAction":[{"@type":"SearchAction","target":{"@type":"EntryPoint","urlTemplate":"https:\/\/brasilnoticias.org\/site\/?s={search_term_string}"},"query-input":{"@type":"PropertyValueSpecification","valueRequired":true,"valueName":"search_term_string"}}],"inLanguage":"pt-PT"},{"@type":"Organization","@id":"https:\/\/brasilnoticias.org\/site\/#organization","name":"Brasil not\u00edcias","url":"https:\/\/brasilnoticias.org\/site\/","logo":{"@type":"ImageObject","inLanguage":"pt-PT","@id":"https:\/\/brasilnoticias.org\/site\/#\/schema\/logo\/image\/","url":"https:\/\/brasilnoticias.org\/site\/wp-content\/uploads\/2022\/05\/cropped-brasilnoticias-mini.jpg","contentUrl":"https:\/\/brasilnoticias.org\/site\/wp-content\/uploads\/2022\/05\/cropped-brasilnoticias-mini.jpg","width":314,"height":86,"caption":"Brasil not\u00edcias"},"image":{"@id":"https:\/\/brasilnoticias.org\/site\/#\/schema\/logo\/image\/"}},{"@type":"Person","@id":"https:\/\/brasilnoticias.org\/site\/#\/schema\/person\/03bbbfe6c7634ad18c26444ea39049fa","name":"Reda\u00e7\u00e3o","image":{"@type":"ImageObject","inLanguage":"pt-PT","@id":"https:\/\/brasilnoticias.org\/site\/#\/schema\/person\/image\/","url":"https:\/\/secure.gravatar.com\/avatar\/9ecaf7327a696cb23ad926fedded5f1f04d7049de9e445375d55b48c001a6e42?s=96&d=mm&r=g","contentUrl":"https:\/\/secure.gravatar.com\/avatar\/9ecaf7327a696cb23ad926fedded5f1f04d7049de9e445375d55b48c001a6e42?s=96&d=mm&r=g","caption":"Reda\u00e7\u00e3o"},"url":"https:\/\/brasilnoticias.org\/site\/author\/henrique\/"}]}},"_links":{"self":[{"href":"https:\/\/brasilnoticias.org\/site\/wp-json\/wp\/v2\/posts\/17313","targetHints":{"allow":["GET"]}}],"collection":[{"href":"https:\/\/brasilnoticias.org\/site\/wp-json\/wp\/v2\/posts"}],"about":[{"href":"https:\/\/brasilnoticias.org\/site\/wp-json\/wp\/v2\/types\/post"}],"author":[{"embeddable":true,"href":"https:\/\/brasilnoticias.org\/site\/wp-json\/wp\/v2\/users\/4"}],"replies":[{"embeddable":true,"href":"https:\/\/brasilnoticias.org\/site\/wp-json\/wp\/v2\/comments?post=17313"}],"version-history":[{"count":1,"href":"https:\/\/brasilnoticias.org\/site\/wp-json\/wp\/v2\/posts\/17313\/revisions"}],"predecessor-version":[{"id":17316,"href":"https:\/\/brasilnoticias.org\/site\/wp-json\/wp\/v2\/posts\/17313\/revisions\/17316"}],"wp:featuredmedia":[{"embeddable":true,"href":"https:\/\/brasilnoticias.org\/site\/wp-json\/wp\/v2\/media\/17315"}],"wp:attachment":[{"href":"https:\/\/brasilnoticias.org\/site\/wp-json\/wp\/v2\/media?parent=17313"}],"wp:term":[{"taxonomy":"category","embeddable":true,"href":"https:\/\/brasilnoticias.org\/site\/wp-json\/wp\/v2\/categories?post=17313"},{"taxonomy":"post_tag","embeddable":true,"href":"https:\/\/brasilnoticias.org\/site\/wp-json\/wp\/v2\/tags?post=17313"}],"curies":[{"name":"wp","href":"https:\/\/api.w.org\/{rel}","templated":true}]}}