{"id":17322,"date":"2025-05-09T14:34:01","date_gmt":"2025-05-09T17:34:01","guid":{"rendered":"https:\/\/brasilnoticias.org\/site\/?p=17322"},"modified":"2025-06-03T23:06:12","modified_gmt":"2025-06-04T02:06:12","slug":"governo-federal-assume-projeto-de-ferrovia-salvador-feira-de-santana","status":"publish","type":"post","link":"https:\/\/brasilnoticias.org\/site\/governo-federal-assume-projeto-de-ferrovia-salvador-feira-de-santana\/","title":{"rendered":"Governo federal assume projeto de ferrovia Salvador-Feira de Santana"},"content":{"rendered":"<p>Tempo de viagem entre Salvador e Feira de Santana, que hoje dura em m\u00e9dia 71 minutos, poderia reduzir para 35 minutos atrav\u00e9s do trem expresso<\/p>\n<p>A Ag\u00eancia Nacional de Transportes Terrestres (ANTT) publicou um extrato de requerimento da empresa TIC Bahia Ltda. que visa obter autoriza\u00e7\u00e3o para a constru\u00e7\u00e3o e explora\u00e7\u00e3o de uma estrada de ferro com extens\u00e3o aproximada de 98 quil\u00f4metros, interligando os munic\u00edpios de Salvador e Feira de Santana, pelo prazo de 99 anos. A decis\u00e3o foi assinada por Alessandro Baumgartner, superintendente de Transporte Ferrovi\u00e1rio da ANTT. O tempo de viagem entre Salvador e Feira de Santana, por exemplo, que hoje dura em m\u00e9dia 71 minutos, poderia reduzir para 35 minutos atrav\u00e9s do trem expresso.<\/p>\n<p>A Secretaria de Desenvolvimento Urbano do Estado (Sedur) informou ao Portal A TARDE que o estudo encomendado pelo Governo da Bahia \u00e0 CCR Metr\u00f4 Bahia &#8211; empresa concession\u00e1ria do Sistema Metrovi\u00e1rio Salvador e Lauro de Freitas (SMSL) &#8211; para a viabiliza\u00e7\u00e3o da obra foi descontinuado. O projeto ferrovi\u00e1rio agora dever\u00e1 passar por etapas subsequentes, como manifesta\u00e7\u00f5es p\u00fablicas e avalia\u00e7\u00f5es t\u00e9cnicas, antes da eventual concess\u00e3o da autoriza\u00e7\u00e3o para sua execu\u00e7\u00e3o.<\/p>\n<p>Solicitante da outorga, a TIC Bahia Ltda. foi criada em novembro de 2024 e est\u00e1 localizada no munic\u00edpio de Feira de Santana. No site da Receita Federal, a empresa tem como Classifica\u00e7\u00e3o Nacional de Atividades Econ\u00f4micas (CNAE) principal &#8220;servi\u00e7os de engenharia&#8221;. O documento tamb\u00e9m aponta como atividades secund\u00e1rias o &#8220;desenvolvimento de programas de computador sob encomenda&#8221; e &#8220;aluguel de m\u00e1quinas e equipamentos para escrit\u00f3rio&#8221;.<\/p>\n<p>O esbo\u00e7o inicial do projeto foi revelado pela secret\u00e1ria da Sedur, Jusmari Oliveira, em junho do ano passado. Na \u00e9poca, o cronograma previa a finaliza\u00e7\u00e3o dos estudos de viabilidade em seis a oito meses, prometendo melhorias no transporte urbano e regional ao beneficiar cerca de 4 milh\u00f5es de pessoas nos munic\u00edpios envolvidos. <\/p>\n<p>Foto: Via Mobilidade<br \/>\nPor: Metro1<\/p>\n","protected":false},"excerpt":{"rendered":"<p>Tempo de viagem entre Salvador e Feira de Santana, que hoje dura em m\u00e9dia 71 minutos, poderia reduzir para 35<\/p>\n","protected":false},"author":4,"featured_media":17323,"comment_status":"open","ping_status":"open","sticky":false,"template":"","format":"standard","meta":{"colormag_page_container_layout":"default_layout","colormag_page_sidebar_layout":"default_layout","_FSMCFIC_featured_image_caption":"","_FSMCFIC_featured_image_nocaption":"","_FSMCFIC_featured_image_hide":"","footnotes":""},"categories":[7,1],"tags":[],"class_list":["post-17322","post","type-post","status-publish","format-standard","has-post-thumbnail","hentry","category-justica","category-ultimas"],"yoast_head":"<!-- This site is optimized with the Yoast SEO plugin v27.1.1 - https:\/\/yoast.com\/product\/yoast-seo-wordpress\/ -->\n<title>Governo federal assume projeto de ferrovia Salvador-Feira de Santana - Brasil not\u00edcias<\/title>\n<meta name=\"robots\" content=\"index, follow, max-snippet:-1, max-image-preview:large, max-video-preview:-1\" \/>\n<link rel=\"canonical\" href=\"https:\/\/brasilnoticias.org\/site\/governo-federal-assume-projeto-de-ferrovia-salvador-feira-de-santana\/\" \/>\n<meta property=\"og:locale\" content=\"pt_PT\" \/>\n<meta property=\"og:type\" content=\"article\" \/>\n<meta property=\"og:title\" content=\"Governo federal assume projeto de ferrovia Salvador-Feira de Santana - Brasil not\u00edcias\" \/>\n<meta property=\"og:description\" content=\"Tempo de viagem entre Salvador e Feira de Santana, que hoje dura em m\u00e9dia 71 minutos, poderia reduzir para 35\" \/>\n<meta property=\"og:url\" content=\"https:\/\/brasilnoticias.org\/site\/governo-federal-assume-projeto-de-ferrovia-salvador-feira-de-santana\/\" \/>\n<meta property=\"og:site_name\" content=\"Brasil not\u00edcias\" \/>\n<meta property=\"article:published_time\" content=\"2025-05-09T17:34:01+00:00\" \/>\n<meta property=\"article:modified_time\" content=\"2025-06-04T02:06:12+00:00\" \/>\n<meta property=\"og:image\" content=\"https:\/\/brasilnoticias.org\/site\/wp-content\/uploads\/2025\/06\/165646governo-federal-assume-projeto-de-ferrovia-salvador-feira-de-santana-3.jpg\" \/>\n\t<meta property=\"og:image:width\" content=\"1600\" \/>\n\t<meta property=\"og:image:height\" content=\"752\" \/>\n\t<meta property=\"og:image:type\" content=\"image\/jpeg\" \/>\n<meta name=\"author\" content=\"Reda\u00e7\u00e3o\" \/>\n<meta name=\"twitter:card\" content=\"summary_large_image\" \/>\n<meta name=\"twitter:label1\" content=\"Escrito por\" \/>\n\t<meta name=\"twitter:data1\" content=\"Reda\u00e7\u00e3o\" \/>\n\t<meta name=\"twitter:label2\" content=\"Tempo estimado de leitura\" \/>\n\t<meta name=\"twitter:data2\" content=\"2 minutos\" \/>\n<script type=\"application\/ld+json\" class=\"yoast-schema-graph\">{\"@context\":\"https:\/\/schema.org\",\"@graph\":[{\"@type\":\"Article\",\"@id\":\"https:\/\/brasilnoticias.org\/site\/governo-federal-assume-projeto-de-ferrovia-salvador-feira-de-santana\/#article\",\"isPartOf\":{\"@id\":\"https:\/\/brasilnoticias.org\/site\/governo-federal-assume-projeto-de-ferrovia-salvador-feira-de-santana\/\"},\"author\":{\"name\":\"Reda\u00e7\u00e3o\",\"@id\":\"https:\/\/brasilnoticias.org\/site\/#\/schema\/person\/03bbbfe6c7634ad18c26444ea39049fa\"},\"headline\":\"Governo federal assume projeto de ferrovia Salvador-Feira de Santana\",\"datePublished\":\"2025-05-09T17:34:01+00:00\",\"dateModified\":\"2025-06-04T02:06:12+00:00\",\"mainEntityOfPage\":{\"@id\":\"https:\/\/brasilnoticias.org\/site\/governo-federal-assume-projeto-de-ferrovia-salvador-feira-de-santana\/\"},\"wordCount\":344,\"commentCount\":0,\"publisher\":{\"@id\":\"https:\/\/brasilnoticias.org\/site\/#organization\"},\"image\":{\"@id\":\"https:\/\/brasilnoticias.org\/site\/governo-federal-assume-projeto-de-ferrovia-salvador-feira-de-santana\/#primaryimage\"},\"thumbnailUrl\":\"https:\/\/brasilnoticias.org\/site\/wp-content\/uploads\/2025\/06\/165646governo-federal-assume-projeto-de-ferrovia-salvador-feira-de-santana-3.jpg\",\"articleSection\":[\"Justi\u00e7a\",\"\u00daltimas\"],\"inLanguage\":\"pt-PT\",\"potentialAction\":[{\"@type\":\"CommentAction\",\"name\":\"Comment\",\"target\":[\"https:\/\/brasilnoticias.org\/site\/governo-federal-assume-projeto-de-ferrovia-salvador-feira-de-santana\/#respond\"]}]},{\"@type\":\"WebPage\",\"@id\":\"https:\/\/brasilnoticias.org\/site\/governo-federal-assume-projeto-de-ferrovia-salvador-feira-de-santana\/\",\"url\":\"https:\/\/brasilnoticias.org\/site\/governo-federal-assume-projeto-de-ferrovia-salvador-feira-de-santana\/\",\"name\":\"Governo federal assume projeto de ferrovia Salvador-Feira de Santana - Brasil not\u00edcias\",\"isPartOf\":{\"@id\":\"https:\/\/brasilnoticias.org\/site\/#website\"},\"primaryImageOfPage\":{\"@id\":\"https:\/\/brasilnoticias.org\/site\/governo-federal-assume-projeto-de-ferrovia-salvador-feira-de-santana\/#primaryimage\"},\"image\":{\"@id\":\"https:\/\/brasilnoticias.org\/site\/governo-federal-assume-projeto-de-ferrovia-salvador-feira-de-santana\/#primaryimage\"},\"thumbnailUrl\":\"https:\/\/brasilnoticias.org\/site\/wp-content\/uploads\/2025\/06\/165646governo-federal-assume-projeto-de-ferrovia-salvador-feira-de-santana-3.jpg\",\"datePublished\":\"2025-05-09T17:34:01+00:00\",\"dateModified\":\"2025-06-04T02:06:12+00:00\",\"breadcrumb\":{\"@id\":\"https:\/\/brasilnoticias.org\/site\/governo-federal-assume-projeto-de-ferrovia-salvador-feira-de-santana\/#breadcrumb\"},\"inLanguage\":\"pt-PT\",\"potentialAction\":[{\"@type\":\"ReadAction\",\"target\":[\"https:\/\/brasilnoticias.org\/site\/governo-federal-assume-projeto-de-ferrovia-salvador-feira-de-santana\/\"]}]},{\"@type\":\"ImageObject\",\"inLanguage\":\"pt-PT\",\"@id\":\"https:\/\/brasilnoticias.org\/site\/governo-federal-assume-projeto-de-ferrovia-salvador-feira-de-santana\/#primaryimage\",\"url\":\"https:\/\/brasilnoticias.org\/site\/wp-content\/uploads\/2025\/06\/165646governo-federal-assume-projeto-de-ferrovia-salvador-feira-de-santana-3.jpg\",\"contentUrl\":\"https:\/\/brasilnoticias.org\/site\/wp-content\/uploads\/2025\/06\/165646governo-federal-assume-projeto-de-ferrovia-salvador-feira-de-santana-3.jpg\",\"width\":1600,\"height\":752},{\"@type\":\"BreadcrumbList\",\"@id\":\"https:\/\/brasilnoticias.org\/site\/governo-federal-assume-projeto-de-ferrovia-salvador-feira-de-santana\/#breadcrumb\",\"itemListElement\":[{\"@type\":\"ListItem\",\"position\":1,\"name\":\"In\u00edcio\",\"item\":\"https:\/\/brasilnoticias.org\/site\/\"},{\"@type\":\"ListItem\",\"position\":2,\"name\":\"Governo federal assume projeto de ferrovia Salvador-Feira de Santana\"}]},{\"@type\":\"WebSite\",\"@id\":\"https:\/\/brasilnoticias.org\/site\/#website\",\"url\":\"https:\/\/brasilnoticias.org\/site\/\",\"name\":\"Brasil not\u00edcias\",\"description\":\"Brasil not\u00edcias\",\"publisher\":{\"@id\":\"https:\/\/brasilnoticias.org\/site\/#organization\"},\"potentialAction\":[{\"@type\":\"SearchAction\",\"target\":{\"@type\":\"EntryPoint\",\"urlTemplate\":\"https:\/\/brasilnoticias.org\/site\/?s={search_term_string}\"},\"query-input\":{\"@type\":\"PropertyValueSpecification\",\"valueRequired\":true,\"valueName\":\"search_term_string\"}}],\"inLanguage\":\"pt-PT\"},{\"@type\":\"Organization\",\"@id\":\"https:\/\/brasilnoticias.org\/site\/#organization\",\"name\":\"Brasil not\u00edcias\",\"url\":\"https:\/\/brasilnoticias.org\/site\/\",\"logo\":{\"@type\":\"ImageObject\",\"inLanguage\":\"pt-PT\",\"@id\":\"https:\/\/brasilnoticias.org\/site\/#\/schema\/logo\/image\/\",\"url\":\"https:\/\/brasilnoticias.org\/site\/wp-content\/uploads\/2022\/05\/cropped-brasilnoticias-mini.jpg\",\"contentUrl\":\"https:\/\/brasilnoticias.org\/site\/wp-content\/uploads\/2022\/05\/cropped-brasilnoticias-mini.jpg\",\"width\":314,\"height\":86,\"caption\":\"Brasil not\u00edcias\"},\"image\":{\"@id\":\"https:\/\/brasilnoticias.org\/site\/#\/schema\/logo\/image\/\"}},{\"@type\":\"Person\",\"@id\":\"https:\/\/brasilnoticias.org\/site\/#\/schema\/person\/03bbbfe6c7634ad18c26444ea39049fa\",\"name\":\"Reda\u00e7\u00e3o\",\"image\":{\"@type\":\"ImageObject\",\"inLanguage\":\"pt-PT\",\"@id\":\"https:\/\/brasilnoticias.org\/site\/#\/schema\/person\/image\/\",\"url\":\"https:\/\/secure.gravatar.com\/avatar\/9ecaf7327a696cb23ad926fedded5f1f04d7049de9e445375d55b48c001a6e42?s=96&d=mm&r=g\",\"contentUrl\":\"https:\/\/secure.gravatar.com\/avatar\/9ecaf7327a696cb23ad926fedded5f1f04d7049de9e445375d55b48c001a6e42?s=96&d=mm&r=g\",\"caption\":\"Reda\u00e7\u00e3o\"},\"url\":\"https:\/\/brasilnoticias.org\/site\/author\/henrique\/\"}]}<\/script>\n<!-- \/ Yoast SEO plugin. -->","yoast_head_json":{"title":"Governo federal assume projeto de ferrovia Salvador-Feira de Santana - Brasil not\u00edcias","robots":{"index":"index","follow":"follow","max-snippet":"max-snippet:-1","max-image-preview":"max-image-preview:large","max-video-preview":"max-video-preview:-1"},"canonical":"https:\/\/brasilnoticias.org\/site\/governo-federal-assume-projeto-de-ferrovia-salvador-feira-de-santana\/","og_locale":"pt_PT","og_type":"article","og_title":"Governo federal assume projeto de ferrovia Salvador-Feira de Santana - Brasil not\u00edcias","og_description":"Tempo de viagem entre Salvador e Feira de Santana, que hoje dura em m\u00e9dia 71 minutos, poderia reduzir para 35","og_url":"https:\/\/brasilnoticias.org\/site\/governo-federal-assume-projeto-de-ferrovia-salvador-feira-de-santana\/","og_site_name":"Brasil not\u00edcias","article_published_time":"2025-05-09T17:34:01+00:00","article_modified_time":"2025-06-04T02:06:12+00:00","og_image":[{"width":1600,"height":752,"url":"https:\/\/brasilnoticias.org\/site\/wp-content\/uploads\/2025\/06\/165646governo-federal-assume-projeto-de-ferrovia-salvador-feira-de-santana-3.jpg","type":"image\/jpeg"}],"author":"Reda\u00e7\u00e3o","twitter_card":"summary_large_image","twitter_misc":{"Escrito por":"Reda\u00e7\u00e3o","Tempo estimado de leitura":"2 minutos"},"schema":{"@context":"https:\/\/schema.org","@graph":[{"@type":"Article","@id":"https:\/\/brasilnoticias.org\/site\/governo-federal-assume-projeto-de-ferrovia-salvador-feira-de-santana\/#article","isPartOf":{"@id":"https:\/\/brasilnoticias.org\/site\/governo-federal-assume-projeto-de-ferrovia-salvador-feira-de-santana\/"},"author":{"name":"Reda\u00e7\u00e3o","@id":"https:\/\/brasilnoticias.org\/site\/#\/schema\/person\/03bbbfe6c7634ad18c26444ea39049fa"},"headline":"Governo federal assume projeto de ferrovia Salvador-Feira de Santana","datePublished":"2025-05-09T17:34:01+00:00","dateModified":"2025-06-04T02:06:12+00:00","mainEntityOfPage":{"@id":"https:\/\/brasilnoticias.org\/site\/governo-federal-assume-projeto-de-ferrovia-salvador-feira-de-santana\/"},"wordCount":344,"commentCount":0,"publisher":{"@id":"https:\/\/brasilnoticias.org\/site\/#organization"},"image":{"@id":"https:\/\/brasilnoticias.org\/site\/governo-federal-assume-projeto-de-ferrovia-salvador-feira-de-santana\/#primaryimage"},"thumbnailUrl":"https:\/\/brasilnoticias.org\/site\/wp-content\/uploads\/2025\/06\/165646governo-federal-assume-projeto-de-ferrovia-salvador-feira-de-santana-3.jpg","articleSection":["Justi\u00e7a","\u00daltimas"],"inLanguage":"pt-PT","potentialAction":[{"@type":"CommentAction","name":"Comment","target":["https:\/\/brasilnoticias.org\/site\/governo-federal-assume-projeto-de-ferrovia-salvador-feira-de-santana\/#respond"]}]},{"@type":"WebPage","@id":"https:\/\/brasilnoticias.org\/site\/governo-federal-assume-projeto-de-ferrovia-salvador-feira-de-santana\/","url":"https:\/\/brasilnoticias.org\/site\/governo-federal-assume-projeto-de-ferrovia-salvador-feira-de-santana\/","name":"Governo federal assume projeto de ferrovia Salvador-Feira de Santana - Brasil not\u00edcias","isPartOf":{"@id":"https:\/\/brasilnoticias.org\/site\/#website"},"primaryImageOfPage":{"@id":"https:\/\/brasilnoticias.org\/site\/governo-federal-assume-projeto-de-ferrovia-salvador-feira-de-santana\/#primaryimage"},"image":{"@id":"https:\/\/brasilnoticias.org\/site\/governo-federal-assume-projeto-de-ferrovia-salvador-feira-de-santana\/#primaryimage"},"thumbnailUrl":"https:\/\/brasilnoticias.org\/site\/wp-content\/uploads\/2025\/06\/165646governo-federal-assume-projeto-de-ferrovia-salvador-feira-de-santana-3.jpg","datePublished":"2025-05-09T17:34:01+00:00","dateModified":"2025-06-04T02:06:12+00:00","breadcrumb":{"@id":"https:\/\/brasilnoticias.org\/site\/governo-federal-assume-projeto-de-ferrovia-salvador-feira-de-santana\/#breadcrumb"},"inLanguage":"pt-PT","potentialAction":[{"@type":"ReadAction","target":["https:\/\/brasilnoticias.org\/site\/governo-federal-assume-projeto-de-ferrovia-salvador-feira-de-santana\/"]}]},{"@type":"ImageObject","inLanguage":"pt-PT","@id":"https:\/\/brasilnoticias.org\/site\/governo-federal-assume-projeto-de-ferrovia-salvador-feira-de-santana\/#primaryimage","url":"https:\/\/brasilnoticias.org\/site\/wp-content\/uploads\/2025\/06\/165646governo-federal-assume-projeto-de-ferrovia-salvador-feira-de-santana-3.jpg","contentUrl":"https:\/\/brasilnoticias.org\/site\/wp-content\/uploads\/2025\/06\/165646governo-federal-assume-projeto-de-ferrovia-salvador-feira-de-santana-3.jpg","width":1600,"height":752},{"@type":"BreadcrumbList","@id":"https:\/\/brasilnoticias.org\/site\/governo-federal-assume-projeto-de-ferrovia-salvador-feira-de-santana\/#breadcrumb","itemListElement":[{"@type":"ListItem","position":1,"name":"In\u00edcio","item":"https:\/\/brasilnoticias.org\/site\/"},{"@type":"ListItem","position":2,"name":"Governo federal assume projeto de ferrovia Salvador-Feira de Santana"}]},{"@type":"WebSite","@id":"https:\/\/brasilnoticias.org\/site\/#website","url":"https:\/\/brasilnoticias.org\/site\/","name":"Brasil not\u00edcias","description":"Brasil not\u00edcias","publisher":{"@id":"https:\/\/brasilnoticias.org\/site\/#organization"},"potentialAction":[{"@type":"SearchAction","target":{"@type":"EntryPoint","urlTemplate":"https:\/\/brasilnoticias.org\/site\/?s={search_term_string}"},"query-input":{"@type":"PropertyValueSpecification","valueRequired":true,"valueName":"search_term_string"}}],"inLanguage":"pt-PT"},{"@type":"Organization","@id":"https:\/\/brasilnoticias.org\/site\/#organization","name":"Brasil not\u00edcias","url":"https:\/\/brasilnoticias.org\/site\/","logo":{"@type":"ImageObject","inLanguage":"pt-PT","@id":"https:\/\/brasilnoticias.org\/site\/#\/schema\/logo\/image\/","url":"https:\/\/brasilnoticias.org\/site\/wp-content\/uploads\/2022\/05\/cropped-brasilnoticias-mini.jpg","contentUrl":"https:\/\/brasilnoticias.org\/site\/wp-content\/uploads\/2022\/05\/cropped-brasilnoticias-mini.jpg","width":314,"height":86,"caption":"Brasil not\u00edcias"},"image":{"@id":"https:\/\/brasilnoticias.org\/site\/#\/schema\/logo\/image\/"}},{"@type":"Person","@id":"https:\/\/brasilnoticias.org\/site\/#\/schema\/person\/03bbbfe6c7634ad18c26444ea39049fa","name":"Reda\u00e7\u00e3o","image":{"@type":"ImageObject","inLanguage":"pt-PT","@id":"https:\/\/brasilnoticias.org\/site\/#\/schema\/person\/image\/","url":"https:\/\/secure.gravatar.com\/avatar\/9ecaf7327a696cb23ad926fedded5f1f04d7049de9e445375d55b48c001a6e42?s=96&d=mm&r=g","contentUrl":"https:\/\/secure.gravatar.com\/avatar\/9ecaf7327a696cb23ad926fedded5f1f04d7049de9e445375d55b48c001a6e42?s=96&d=mm&r=g","caption":"Reda\u00e7\u00e3o"},"url":"https:\/\/brasilnoticias.org\/site\/author\/henrique\/"}]}},"_links":{"self":[{"href":"https:\/\/brasilnoticias.org\/site\/wp-json\/wp\/v2\/posts\/17322","targetHints":{"allow":["GET"]}}],"collection":[{"href":"https:\/\/brasilnoticias.org\/site\/wp-json\/wp\/v2\/posts"}],"about":[{"href":"https:\/\/brasilnoticias.org\/site\/wp-json\/wp\/v2\/types\/post"}],"author":[{"embeddable":true,"href":"https:\/\/brasilnoticias.org\/site\/wp-json\/wp\/v2\/users\/4"}],"replies":[{"embeddable":true,"href":"https:\/\/brasilnoticias.org\/site\/wp-json\/wp\/v2\/comments?post=17322"}],"version-history":[{"count":1,"href":"https:\/\/brasilnoticias.org\/site\/wp-json\/wp\/v2\/posts\/17322\/revisions"}],"predecessor-version":[{"id":17324,"href":"https:\/\/brasilnoticias.org\/site\/wp-json\/wp\/v2\/posts\/17322\/revisions\/17324"}],"wp:featuredmedia":[{"embeddable":true,"href":"https:\/\/brasilnoticias.org\/site\/wp-json\/wp\/v2\/media\/17323"}],"wp:attachment":[{"href":"https:\/\/brasilnoticias.org\/site\/wp-json\/wp\/v2\/media?parent=17322"}],"wp:term":[{"taxonomy":"category","embeddable":true,"href":"https:\/\/brasilnoticias.org\/site\/wp-json\/wp\/v2\/categories?post=17322"},{"taxonomy":"post_tag","embeddable":true,"href":"https:\/\/brasilnoticias.org\/site\/wp-json\/wp\/v2\/tags?post=17322"}],"curies":[{"name":"wp","href":"https:\/\/api.w.org\/{rel}","templated":true}]}}