{"id":17343,"date":"2025-06-06T16:05:15","date_gmt":"2025-06-06T19:05:15","guid":{"rendered":"https:\/\/brasilnoticias.org\/site\/?p=17343"},"modified":"2025-06-06T16:05:33","modified_gmt":"2025-06-06T19:05:33","slug":"revisao-da-vida-toda-do-inss-moraes-vota-para-liberar-andamento-de-processos","status":"publish","type":"post","link":"https:\/\/brasilnoticias.org\/site\/revisao-da-vida-toda-do-inss-moraes-vota-para-liberar-andamento-de-processos\/","title":{"rendered":"Revis\u00e3o da vida toda do INSS: Moraes vota para liberar andamento de processos"},"content":{"rendered":"<p>Ministro do STF, por\u00e9m, sugere manter a tese aprovada anteriormente, segundo a qual a revis\u00e3o das aposentadorias \u00e9 inv\u00e1lida<\/p>\n<p>O ministro Alexandre de Moraes, do Supremo Tribunal Federal (STF), votou a favor da retomada dos processos relacionados \u00e0 chamada \u201crevis\u00e3o da vida toda\u201d do INSS, que estavam suspensos. No entanto, ele destacou que as decis\u00f5es devem seguir o entendimento firmado pela Corte em 2024, que considerou invi\u00e1vel esse tipo de revis\u00e3o.<\/p>\n<p>A \u201crevis\u00e3o da vida toda\u201d discutia a possibilidade de incluir, no c\u00e1lculo das aposentadorias, todas as contribui\u00e7\u00f5es feitas pelos segurados ao INSS antes de julho de 1994. A tese chegou a ser validada pelo STF em 2022, mas acabou sendo revertida dois anos depois.<\/p>\n<p>Em seu voto, apresentado nesta sexta-feira, o ministro sugere uma modula\u00e7\u00e3o de efeitos levando em considera\u00e7\u00e3o o que o Supremo decidiu em 2024. Assim, ele estabelece que aposentados e pensionistas n\u00e3o precisam devolver os valores que receberam do INSS por meio de decis\u00f5es judiciais dadas at\u00e9 o momento em que a Corte mudou de entendimento sobre o tema. O julgamento que come\u00e7ou nesta sexta-feira tem previs\u00e3o para ocorrer at\u00e9 o pr\u00f3ximo dia 13, mas at\u00e9 l\u00e1 pode ser suspenso por pedido de vista ou destaque.<\/p>\n<p>Foto: Reprodu\u00e7\u00e3o\/Adobe Stock<br \/>\nPor: Metro1<\/p>\n","protected":false},"excerpt":{"rendered":"<p>Ministro do STF, por\u00e9m, sugere manter a tese aprovada anteriormente, segundo a qual a revis\u00e3o das aposentadorias \u00e9 inv\u00e1lida O<\/p>\n","protected":false},"author":4,"featured_media":17346,"comment_status":"open","ping_status":"open","sticky":false,"template":"","format":"standard","meta":{"colormag_page_container_layout":"default_layout","colormag_page_sidebar_layout":"default_layout","_FSMCFIC_featured_image_caption":"","_FSMCFIC_featured_image_nocaption":"","_FSMCFIC_featured_image_hide":"","footnotes":""},"categories":[7,1],"tags":[],"class_list":["post-17343","post","type-post","status-publish","format-standard","has-post-thumbnail","hentry","category-justica","category-ultimas"],"yoast_head":"<!-- This site is optimized with the Yoast SEO plugin v27.1.1 - https:\/\/yoast.com\/product\/yoast-seo-wordpress\/ -->\n<title>Revis\u00e3o da vida toda do INSS: Moraes vota para liberar andamento de processos - Brasil not\u00edcias<\/title>\n<meta name=\"robots\" content=\"index, follow, max-snippet:-1, max-image-preview:large, max-video-preview:-1\" \/>\n<link rel=\"canonical\" href=\"https:\/\/brasilnoticias.org\/site\/revisao-da-vida-toda-do-inss-moraes-vota-para-liberar-andamento-de-processos\/\" \/>\n<meta property=\"og:locale\" content=\"pt_PT\" \/>\n<meta property=\"og:type\" content=\"article\" \/>\n<meta property=\"og:title\" content=\"Revis\u00e3o da vida toda do INSS: Moraes vota para liberar andamento de processos - Brasil not\u00edcias\" \/>\n<meta property=\"og:description\" content=\"Ministro do STF, por\u00e9m, sugere manter a tese aprovada anteriormente, segundo a qual a revis\u00e3o das aposentadorias \u00e9 inv\u00e1lida O\" \/>\n<meta property=\"og:url\" content=\"https:\/\/brasilnoticias.org\/site\/revisao-da-vida-toda-do-inss-moraes-vota-para-liberar-andamento-de-processos\/\" \/>\n<meta property=\"og:site_name\" content=\"Brasil not\u00edcias\" \/>\n<meta property=\"article:published_time\" content=\"2025-06-06T19:05:15+00:00\" \/>\n<meta property=\"article:modified_time\" content=\"2025-06-06T19:05:33+00:00\" \/>\n<meta property=\"og:image\" content=\"https:\/\/brasilnoticias.org\/site\/wp-content\/uploads\/2025\/06\/165799revisao-da-vida-toda-do-inss-moraes-vota-para-liberar-andamento-de-processos-3-1.jpg\" \/>\n\t<meta property=\"og:image:width\" content=\"1600\" \/>\n\t<meta property=\"og:image:height\" content=\"752\" \/>\n\t<meta property=\"og:image:type\" content=\"image\/jpeg\" \/>\n<meta name=\"author\" content=\"Reda\u00e7\u00e3o\" \/>\n<meta name=\"twitter:card\" content=\"summary_large_image\" \/>\n<meta name=\"twitter:label1\" content=\"Escrito por\" \/>\n\t<meta name=\"twitter:data1\" content=\"Reda\u00e7\u00e3o\" \/>\n\t<meta name=\"twitter:label2\" content=\"Tempo estimado de leitura\" \/>\n\t<meta name=\"twitter:data2\" content=\"2 minutos\" \/>\n<script type=\"application\/ld+json\" class=\"yoast-schema-graph\">{\"@context\":\"https:\/\/schema.org\",\"@graph\":[{\"@type\":\"Article\",\"@id\":\"https:\/\/brasilnoticias.org\/site\/revisao-da-vida-toda-do-inss-moraes-vota-para-liberar-andamento-de-processos\/#article\",\"isPartOf\":{\"@id\":\"https:\/\/brasilnoticias.org\/site\/revisao-da-vida-toda-do-inss-moraes-vota-para-liberar-andamento-de-processos\/\"},\"author\":{\"name\":\"Reda\u00e7\u00e3o\",\"@id\":\"https:\/\/brasilnoticias.org\/site\/#\/schema\/person\/03bbbfe6c7634ad18c26444ea39049fa\"},\"headline\":\"Revis\u00e3o da vida toda do INSS: Moraes vota para liberar andamento de processos\",\"datePublished\":\"2025-06-06T19:05:15+00:00\",\"dateModified\":\"2025-06-06T19:05:33+00:00\",\"mainEntityOfPage\":{\"@id\":\"https:\/\/brasilnoticias.org\/site\/revisao-da-vida-toda-do-inss-moraes-vota-para-liberar-andamento-de-processos\/\"},\"wordCount\":231,\"commentCount\":0,\"publisher\":{\"@id\":\"https:\/\/brasilnoticias.org\/site\/#organization\"},\"image\":{\"@id\":\"https:\/\/brasilnoticias.org\/site\/revisao-da-vida-toda-do-inss-moraes-vota-para-liberar-andamento-de-processos\/#primaryimage\"},\"thumbnailUrl\":\"https:\/\/brasilnoticias.org\/site\/wp-content\/uploads\/2025\/06\/165799revisao-da-vida-toda-do-inss-moraes-vota-para-liberar-andamento-de-processos-3-1.jpg\",\"articleSection\":[\"Justi\u00e7a\",\"\u00daltimas\"],\"inLanguage\":\"pt-PT\",\"potentialAction\":[{\"@type\":\"CommentAction\",\"name\":\"Comment\",\"target\":[\"https:\/\/brasilnoticias.org\/site\/revisao-da-vida-toda-do-inss-moraes-vota-para-liberar-andamento-de-processos\/#respond\"]}]},{\"@type\":\"WebPage\",\"@id\":\"https:\/\/brasilnoticias.org\/site\/revisao-da-vida-toda-do-inss-moraes-vota-para-liberar-andamento-de-processos\/\",\"url\":\"https:\/\/brasilnoticias.org\/site\/revisao-da-vida-toda-do-inss-moraes-vota-para-liberar-andamento-de-processos\/\",\"name\":\"Revis\u00e3o da vida toda do INSS: Moraes vota para liberar andamento de processos - Brasil not\u00edcias\",\"isPartOf\":{\"@id\":\"https:\/\/brasilnoticias.org\/site\/#website\"},\"primaryImageOfPage\":{\"@id\":\"https:\/\/brasilnoticias.org\/site\/revisao-da-vida-toda-do-inss-moraes-vota-para-liberar-andamento-de-processos\/#primaryimage\"},\"image\":{\"@id\":\"https:\/\/brasilnoticias.org\/site\/revisao-da-vida-toda-do-inss-moraes-vota-para-liberar-andamento-de-processos\/#primaryimage\"},\"thumbnailUrl\":\"https:\/\/brasilnoticias.org\/site\/wp-content\/uploads\/2025\/06\/165799revisao-da-vida-toda-do-inss-moraes-vota-para-liberar-andamento-de-processos-3-1.jpg\",\"datePublished\":\"2025-06-06T19:05:15+00:00\",\"dateModified\":\"2025-06-06T19:05:33+00:00\",\"breadcrumb\":{\"@id\":\"https:\/\/brasilnoticias.org\/site\/revisao-da-vida-toda-do-inss-moraes-vota-para-liberar-andamento-de-processos\/#breadcrumb\"},\"inLanguage\":\"pt-PT\",\"potentialAction\":[{\"@type\":\"ReadAction\",\"target\":[\"https:\/\/brasilnoticias.org\/site\/revisao-da-vida-toda-do-inss-moraes-vota-para-liberar-andamento-de-processos\/\"]}]},{\"@type\":\"ImageObject\",\"inLanguage\":\"pt-PT\",\"@id\":\"https:\/\/brasilnoticias.org\/site\/revisao-da-vida-toda-do-inss-moraes-vota-para-liberar-andamento-de-processos\/#primaryimage\",\"url\":\"https:\/\/brasilnoticias.org\/site\/wp-content\/uploads\/2025\/06\/165799revisao-da-vida-toda-do-inss-moraes-vota-para-liberar-andamento-de-processos-3-1.jpg\",\"contentUrl\":\"https:\/\/brasilnoticias.org\/site\/wp-content\/uploads\/2025\/06\/165799revisao-da-vida-toda-do-inss-moraes-vota-para-liberar-andamento-de-processos-3-1.jpg\",\"width\":1600,\"height\":752},{\"@type\":\"BreadcrumbList\",\"@id\":\"https:\/\/brasilnoticias.org\/site\/revisao-da-vida-toda-do-inss-moraes-vota-para-liberar-andamento-de-processos\/#breadcrumb\",\"itemListElement\":[{\"@type\":\"ListItem\",\"position\":1,\"name\":\"In\u00edcio\",\"item\":\"https:\/\/brasilnoticias.org\/site\/\"},{\"@type\":\"ListItem\",\"position\":2,\"name\":\"Revis\u00e3o da vida toda do INSS: Moraes vota para liberar andamento de processos\"}]},{\"@type\":\"WebSite\",\"@id\":\"https:\/\/brasilnoticias.org\/site\/#website\",\"url\":\"https:\/\/brasilnoticias.org\/site\/\",\"name\":\"Brasil not\u00edcias\",\"description\":\"Brasil not\u00edcias\",\"publisher\":{\"@id\":\"https:\/\/brasilnoticias.org\/site\/#organization\"},\"potentialAction\":[{\"@type\":\"SearchAction\",\"target\":{\"@type\":\"EntryPoint\",\"urlTemplate\":\"https:\/\/brasilnoticias.org\/site\/?s={search_term_string}\"},\"query-input\":{\"@type\":\"PropertyValueSpecification\",\"valueRequired\":true,\"valueName\":\"search_term_string\"}}],\"inLanguage\":\"pt-PT\"},{\"@type\":\"Organization\",\"@id\":\"https:\/\/brasilnoticias.org\/site\/#organization\",\"name\":\"Brasil not\u00edcias\",\"url\":\"https:\/\/brasilnoticias.org\/site\/\",\"logo\":{\"@type\":\"ImageObject\",\"inLanguage\":\"pt-PT\",\"@id\":\"https:\/\/brasilnoticias.org\/site\/#\/schema\/logo\/image\/\",\"url\":\"https:\/\/brasilnoticias.org\/site\/wp-content\/uploads\/2022\/05\/cropped-brasilnoticias-mini.jpg\",\"contentUrl\":\"https:\/\/brasilnoticias.org\/site\/wp-content\/uploads\/2022\/05\/cropped-brasilnoticias-mini.jpg\",\"width\":314,\"height\":86,\"caption\":\"Brasil not\u00edcias\"},\"image\":{\"@id\":\"https:\/\/brasilnoticias.org\/site\/#\/schema\/logo\/image\/\"}},{\"@type\":\"Person\",\"@id\":\"https:\/\/brasilnoticias.org\/site\/#\/schema\/person\/03bbbfe6c7634ad18c26444ea39049fa\",\"name\":\"Reda\u00e7\u00e3o\",\"image\":{\"@type\":\"ImageObject\",\"inLanguage\":\"pt-PT\",\"@id\":\"https:\/\/brasilnoticias.org\/site\/#\/schema\/person\/image\/\",\"url\":\"https:\/\/secure.gravatar.com\/avatar\/9ecaf7327a696cb23ad926fedded5f1f04d7049de9e445375d55b48c001a6e42?s=96&d=mm&r=g\",\"contentUrl\":\"https:\/\/secure.gravatar.com\/avatar\/9ecaf7327a696cb23ad926fedded5f1f04d7049de9e445375d55b48c001a6e42?s=96&d=mm&r=g\",\"caption\":\"Reda\u00e7\u00e3o\"},\"url\":\"https:\/\/brasilnoticias.org\/site\/author\/henrique\/\"}]}<\/script>\n<!-- \/ Yoast SEO plugin. -->","yoast_head_json":{"title":"Revis\u00e3o da vida toda do INSS: Moraes vota para liberar andamento de processos - Brasil not\u00edcias","robots":{"index":"index","follow":"follow","max-snippet":"max-snippet:-1","max-image-preview":"max-image-preview:large","max-video-preview":"max-video-preview:-1"},"canonical":"https:\/\/brasilnoticias.org\/site\/revisao-da-vida-toda-do-inss-moraes-vota-para-liberar-andamento-de-processos\/","og_locale":"pt_PT","og_type":"article","og_title":"Revis\u00e3o da vida toda do INSS: Moraes vota para liberar andamento de processos - Brasil not\u00edcias","og_description":"Ministro do STF, por\u00e9m, sugere manter a tese aprovada anteriormente, segundo a qual a revis\u00e3o das aposentadorias \u00e9 inv\u00e1lida O","og_url":"https:\/\/brasilnoticias.org\/site\/revisao-da-vida-toda-do-inss-moraes-vota-para-liberar-andamento-de-processos\/","og_site_name":"Brasil not\u00edcias","article_published_time":"2025-06-06T19:05:15+00:00","article_modified_time":"2025-06-06T19:05:33+00:00","og_image":[{"width":1600,"height":752,"url":"https:\/\/brasilnoticias.org\/site\/wp-content\/uploads\/2025\/06\/165799revisao-da-vida-toda-do-inss-moraes-vota-para-liberar-andamento-de-processos-3-1.jpg","type":"image\/jpeg"}],"author":"Reda\u00e7\u00e3o","twitter_card":"summary_large_image","twitter_misc":{"Escrito por":"Reda\u00e7\u00e3o","Tempo estimado de leitura":"2 minutos"},"schema":{"@context":"https:\/\/schema.org","@graph":[{"@type":"Article","@id":"https:\/\/brasilnoticias.org\/site\/revisao-da-vida-toda-do-inss-moraes-vota-para-liberar-andamento-de-processos\/#article","isPartOf":{"@id":"https:\/\/brasilnoticias.org\/site\/revisao-da-vida-toda-do-inss-moraes-vota-para-liberar-andamento-de-processos\/"},"author":{"name":"Reda\u00e7\u00e3o","@id":"https:\/\/brasilnoticias.org\/site\/#\/schema\/person\/03bbbfe6c7634ad18c26444ea39049fa"},"headline":"Revis\u00e3o da vida toda do INSS: Moraes vota para liberar andamento de processos","datePublished":"2025-06-06T19:05:15+00:00","dateModified":"2025-06-06T19:05:33+00:00","mainEntityOfPage":{"@id":"https:\/\/brasilnoticias.org\/site\/revisao-da-vida-toda-do-inss-moraes-vota-para-liberar-andamento-de-processos\/"},"wordCount":231,"commentCount":0,"publisher":{"@id":"https:\/\/brasilnoticias.org\/site\/#organization"},"image":{"@id":"https:\/\/brasilnoticias.org\/site\/revisao-da-vida-toda-do-inss-moraes-vota-para-liberar-andamento-de-processos\/#primaryimage"},"thumbnailUrl":"https:\/\/brasilnoticias.org\/site\/wp-content\/uploads\/2025\/06\/165799revisao-da-vida-toda-do-inss-moraes-vota-para-liberar-andamento-de-processos-3-1.jpg","articleSection":["Justi\u00e7a","\u00daltimas"],"inLanguage":"pt-PT","potentialAction":[{"@type":"CommentAction","name":"Comment","target":["https:\/\/brasilnoticias.org\/site\/revisao-da-vida-toda-do-inss-moraes-vota-para-liberar-andamento-de-processos\/#respond"]}]},{"@type":"WebPage","@id":"https:\/\/brasilnoticias.org\/site\/revisao-da-vida-toda-do-inss-moraes-vota-para-liberar-andamento-de-processos\/","url":"https:\/\/brasilnoticias.org\/site\/revisao-da-vida-toda-do-inss-moraes-vota-para-liberar-andamento-de-processos\/","name":"Revis\u00e3o da vida toda do INSS: Moraes vota para liberar andamento de processos - Brasil not\u00edcias","isPartOf":{"@id":"https:\/\/brasilnoticias.org\/site\/#website"},"primaryImageOfPage":{"@id":"https:\/\/brasilnoticias.org\/site\/revisao-da-vida-toda-do-inss-moraes-vota-para-liberar-andamento-de-processos\/#primaryimage"},"image":{"@id":"https:\/\/brasilnoticias.org\/site\/revisao-da-vida-toda-do-inss-moraes-vota-para-liberar-andamento-de-processos\/#primaryimage"},"thumbnailUrl":"https:\/\/brasilnoticias.org\/site\/wp-content\/uploads\/2025\/06\/165799revisao-da-vida-toda-do-inss-moraes-vota-para-liberar-andamento-de-processos-3-1.jpg","datePublished":"2025-06-06T19:05:15+00:00","dateModified":"2025-06-06T19:05:33+00:00","breadcrumb":{"@id":"https:\/\/brasilnoticias.org\/site\/revisao-da-vida-toda-do-inss-moraes-vota-para-liberar-andamento-de-processos\/#breadcrumb"},"inLanguage":"pt-PT","potentialAction":[{"@type":"ReadAction","target":["https:\/\/brasilnoticias.org\/site\/revisao-da-vida-toda-do-inss-moraes-vota-para-liberar-andamento-de-processos\/"]}]},{"@type":"ImageObject","inLanguage":"pt-PT","@id":"https:\/\/brasilnoticias.org\/site\/revisao-da-vida-toda-do-inss-moraes-vota-para-liberar-andamento-de-processos\/#primaryimage","url":"https:\/\/brasilnoticias.org\/site\/wp-content\/uploads\/2025\/06\/165799revisao-da-vida-toda-do-inss-moraes-vota-para-liberar-andamento-de-processos-3-1.jpg","contentUrl":"https:\/\/brasilnoticias.org\/site\/wp-content\/uploads\/2025\/06\/165799revisao-da-vida-toda-do-inss-moraes-vota-para-liberar-andamento-de-processos-3-1.jpg","width":1600,"height":752},{"@type":"BreadcrumbList","@id":"https:\/\/brasilnoticias.org\/site\/revisao-da-vida-toda-do-inss-moraes-vota-para-liberar-andamento-de-processos\/#breadcrumb","itemListElement":[{"@type":"ListItem","position":1,"name":"In\u00edcio","item":"https:\/\/brasilnoticias.org\/site\/"},{"@type":"ListItem","position":2,"name":"Revis\u00e3o da vida toda do INSS: Moraes vota para liberar andamento de processos"}]},{"@type":"WebSite","@id":"https:\/\/brasilnoticias.org\/site\/#website","url":"https:\/\/brasilnoticias.org\/site\/","name":"Brasil not\u00edcias","description":"Brasil not\u00edcias","publisher":{"@id":"https:\/\/brasilnoticias.org\/site\/#organization"},"potentialAction":[{"@type":"SearchAction","target":{"@type":"EntryPoint","urlTemplate":"https:\/\/brasilnoticias.org\/site\/?s={search_term_string}"},"query-input":{"@type":"PropertyValueSpecification","valueRequired":true,"valueName":"search_term_string"}}],"inLanguage":"pt-PT"},{"@type":"Organization","@id":"https:\/\/brasilnoticias.org\/site\/#organization","name":"Brasil not\u00edcias","url":"https:\/\/brasilnoticias.org\/site\/","logo":{"@type":"ImageObject","inLanguage":"pt-PT","@id":"https:\/\/brasilnoticias.org\/site\/#\/schema\/logo\/image\/","url":"https:\/\/brasilnoticias.org\/site\/wp-content\/uploads\/2022\/05\/cropped-brasilnoticias-mini.jpg","contentUrl":"https:\/\/brasilnoticias.org\/site\/wp-content\/uploads\/2022\/05\/cropped-brasilnoticias-mini.jpg","width":314,"height":86,"caption":"Brasil not\u00edcias"},"image":{"@id":"https:\/\/brasilnoticias.org\/site\/#\/schema\/logo\/image\/"}},{"@type":"Person","@id":"https:\/\/brasilnoticias.org\/site\/#\/schema\/person\/03bbbfe6c7634ad18c26444ea39049fa","name":"Reda\u00e7\u00e3o","image":{"@type":"ImageObject","inLanguage":"pt-PT","@id":"https:\/\/brasilnoticias.org\/site\/#\/schema\/person\/image\/","url":"https:\/\/secure.gravatar.com\/avatar\/9ecaf7327a696cb23ad926fedded5f1f04d7049de9e445375d55b48c001a6e42?s=96&d=mm&r=g","contentUrl":"https:\/\/secure.gravatar.com\/avatar\/9ecaf7327a696cb23ad926fedded5f1f04d7049de9e445375d55b48c001a6e42?s=96&d=mm&r=g","caption":"Reda\u00e7\u00e3o"},"url":"https:\/\/brasilnoticias.org\/site\/author\/henrique\/"}]}},"_links":{"self":[{"href":"https:\/\/brasilnoticias.org\/site\/wp-json\/wp\/v2\/posts\/17343","targetHints":{"allow":["GET"]}}],"collection":[{"href":"https:\/\/brasilnoticias.org\/site\/wp-json\/wp\/v2\/posts"}],"about":[{"href":"https:\/\/brasilnoticias.org\/site\/wp-json\/wp\/v2\/types\/post"}],"author":[{"embeddable":true,"href":"https:\/\/brasilnoticias.org\/site\/wp-json\/wp\/v2\/users\/4"}],"replies":[{"embeddable":true,"href":"https:\/\/brasilnoticias.org\/site\/wp-json\/wp\/v2\/comments?post=17343"}],"version-history":[{"count":1,"href":"https:\/\/brasilnoticias.org\/site\/wp-json\/wp\/v2\/posts\/17343\/revisions"}],"predecessor-version":[{"id":17345,"href":"https:\/\/brasilnoticias.org\/site\/wp-json\/wp\/v2\/posts\/17343\/revisions\/17345"}],"wp:featuredmedia":[{"embeddable":true,"href":"https:\/\/brasilnoticias.org\/site\/wp-json\/wp\/v2\/media\/17346"}],"wp:attachment":[{"href":"https:\/\/brasilnoticias.org\/site\/wp-json\/wp\/v2\/media?parent=17343"}],"wp:term":[{"taxonomy":"category","embeddable":true,"href":"https:\/\/brasilnoticias.org\/site\/wp-json\/wp\/v2\/categories?post=17343"},{"taxonomy":"post_tag","embeddable":true,"href":"https:\/\/brasilnoticias.org\/site\/wp-json\/wp\/v2\/tags?post=17343"}],"curies":[{"name":"wp","href":"https:\/\/api.w.org\/{rel}","templated":true}]}}