{"id":17347,"date":"2025-06-06T16:07:14","date_gmt":"2025-06-06T19:07:14","guid":{"rendered":"https:\/\/brasilnoticias.org\/site\/?p=17347"},"modified":"2025-06-06T16:07:14","modified_gmt":"2025-06-06T19:07:14","slug":"bahia-e-um-paraiso-para-faccoes-diz-capitao-alden","status":"publish","type":"post","link":"https:\/\/brasilnoticias.org\/site\/bahia-e-um-paraiso-para-faccoes-diz-capitao-alden\/","title":{"rendered":"&#8216;Bahia \u00e9 um para\u00edso para fac\u00e7\u00f5es&#8217;, diz Capit\u00e3o Alden"},"content":{"rendered":"<p>Deputado denuncia sucateamento da Pol\u00edcia Civil e lentid\u00e3o do Judici\u00e1rio como causas da explos\u00e3o da viol\u00eancia no estado<\/p>\n<p>O deputado federal Capit\u00e3o Alden (PL) foi direto ao apontar os fatores que, segundo ele, explicam por que a Bahia se tornou o estado mais violento do pa\u00eds. Durante o evento SOS Bahia \u2013 Caminhos para mudar a seguran\u00e7a p\u00fablica do nosso estado, nesta quinta-feira (6), em Salvador, o parlamentar fez uma fala contundente sobre o que entende ser a fal\u00eancia da estrutura de seguran\u00e7a p\u00fablica e do sistema de Justi\u00e7a no estado.<\/p>\n<p>\u201cHoje, na Bahia, existem mais de 10 mil homic\u00eddios sem solu\u00e7\u00e3o. Apenas 14 a 15% dos crimes s\u00e3o elucidados. Temos uma Pol\u00edcia Civil com apenas 5.300 agentes para 417 munic\u00edpios. Em 200 deles n\u00e3o h\u00e1 delegado titular. E em 100, sequer h\u00e1 policial civil\u201d, denunciou.<\/p>\n<p>Alden apontou que a precariedade da Pol\u00edcia Judici\u00e1ria compromete todo o sistema: \u201cSe a pol\u00edcia n\u00e3o consegue apresentar os autores e as provas, o Judici\u00e1rio n\u00e3o pode punir. A justi\u00e7a se torna uma miragem\u201d. Segundo ele, o problema se agrava pela morosidade do sistema judici\u00e1rio baiano: \u201c\u00c9 o mais lento e mais caro do Brasil. Faltam 350 ju\u00edzes, e cada um que est\u00e1 na ativa tem cerca de 4 mil processos na mesa. Levamos, em m\u00e9dia, quatro anos para julgar um \u00fanico caso\u201d.<\/p>\n<p>Para o parlamentar, a soma dos fatores cria um ambiente ideal para a prolifera\u00e7\u00e3o do crime organizado. \u201cAs fac\u00e7\u00f5es se sentem protegidas na Bahia. E s\u00f3 n\u00e3o dominam tudo gra\u00e7as ao esfor\u00e7o dos policiais militares e civis, que, mesmo sem respaldo legal e com uma legisla\u00e7\u00e3o leniente, seguem sustentando o combate nas ruas\u201d, concluiu.<\/p>\n<p>Com informa\u00e7\u00f5es do rep\u00f3rter Luiz Henrique, da CBN Salvador.<\/p>\n<p>Foto: Betto Jr. \/ Divulga\u00e7\u00e3o<br \/>\nBlog do Vila<\/p>\n","protected":false},"excerpt":{"rendered":"<p>Deputado denuncia sucateamento da Pol\u00edcia Civil e lentid\u00e3o do Judici\u00e1rio como causas da explos\u00e3o da viol\u00eancia no estado O deputado<\/p>\n","protected":false},"author":4,"featured_media":17348,"comment_status":"open","ping_status":"open","sticky":false,"template":"","format":"standard","meta":{"colormag_page_container_layout":"default_layout","colormag_page_sidebar_layout":"default_layout","_FSMCFIC_featured_image_caption":"","_FSMCFIC_featured_image_nocaption":"","_FSMCFIC_featured_image_hide":"","footnotes":""},"categories":[5,1],"tags":[],"class_list":["post-17347","post","type-post","status-publish","format-standard","has-post-thumbnail","hentry","category-politica","category-ultimas"],"yoast_head":"<!-- This site is optimized with the Yoast SEO plugin v27.1.1 - https:\/\/yoast.com\/product\/yoast-seo-wordpress\/ -->\n<title>&#039;Bahia \u00e9 um para\u00edso para fac\u00e7\u00f5es&#039;, diz Capit\u00e3o Alden - Brasil not\u00edcias<\/title>\n<meta name=\"robots\" content=\"index, follow, max-snippet:-1, max-image-preview:large, max-video-preview:-1\" \/>\n<link rel=\"canonical\" href=\"https:\/\/brasilnoticias.org\/site\/bahia-e-um-paraiso-para-faccoes-diz-capitao-alden\/\" \/>\n<meta property=\"og:locale\" content=\"pt_PT\" \/>\n<meta property=\"og:type\" content=\"article\" \/>\n<meta property=\"og:title\" content=\"&#039;Bahia \u00e9 um para\u00edso para fac\u00e7\u00f5es&#039;, diz Capit\u00e3o Alden - Brasil not\u00edcias\" \/>\n<meta property=\"og:description\" content=\"Deputado denuncia sucateamento da Pol\u00edcia Civil e lentid\u00e3o do Judici\u00e1rio como causas da explos\u00e3o da viol\u00eancia no estado O deputado\" \/>\n<meta property=\"og:url\" content=\"https:\/\/brasilnoticias.org\/site\/bahia-e-um-paraiso-para-faccoes-diz-capitao-alden\/\" \/>\n<meta property=\"og:site_name\" content=\"Brasil not\u00edcias\" \/>\n<meta property=\"article:published_time\" content=\"2025-06-06T19:07:14+00:00\" \/>\n<meta property=\"og:image\" content=\"https:\/\/brasilnoticias.org\/site\/wp-content\/uploads\/2025\/06\/WhatsApp-Image-2025-06-06-at-07.33.52.jpeg\" \/>\n\t<meta property=\"og:image:width\" content=\"1280\" \/>\n\t<meta property=\"og:image:height\" content=\"854\" \/>\n\t<meta property=\"og:image:type\" content=\"image\/jpeg\" \/>\n<meta name=\"author\" content=\"Reda\u00e7\u00e3o\" \/>\n<meta name=\"twitter:card\" content=\"summary_large_image\" \/>\n<meta name=\"twitter:label1\" content=\"Escrito por\" \/>\n\t<meta name=\"twitter:data1\" content=\"Reda\u00e7\u00e3o\" \/>\n\t<meta name=\"twitter:label2\" content=\"Tempo estimado de leitura\" \/>\n\t<meta name=\"twitter:data2\" content=\"1 minuto\" \/>\n<script type=\"application\/ld+json\" class=\"yoast-schema-graph\">{\"@context\":\"https:\/\/schema.org\",\"@graph\":[{\"@type\":\"Article\",\"@id\":\"https:\/\/brasilnoticias.org\/site\/bahia-e-um-paraiso-para-faccoes-diz-capitao-alden\/#article\",\"isPartOf\":{\"@id\":\"https:\/\/brasilnoticias.org\/site\/bahia-e-um-paraiso-para-faccoes-diz-capitao-alden\/\"},\"author\":{\"name\":\"Reda\u00e7\u00e3o\",\"@id\":\"https:\/\/brasilnoticias.org\/site\/#\/schema\/person\/03bbbfe6c7634ad18c26444ea39049fa\"},\"headline\":\"&#8216;Bahia \u00e9 um para\u00edso para fac\u00e7\u00f5es&#8217;, diz Capit\u00e3o Alden\",\"datePublished\":\"2025-06-06T19:07:14+00:00\",\"mainEntityOfPage\":{\"@id\":\"https:\/\/brasilnoticias.org\/site\/bahia-e-um-paraiso-para-faccoes-diz-capitao-alden\/\"},\"wordCount\":326,\"commentCount\":0,\"publisher\":{\"@id\":\"https:\/\/brasilnoticias.org\/site\/#organization\"},\"image\":{\"@id\":\"https:\/\/brasilnoticias.org\/site\/bahia-e-um-paraiso-para-faccoes-diz-capitao-alden\/#primaryimage\"},\"thumbnailUrl\":\"https:\/\/brasilnoticias.org\/site\/wp-content\/uploads\/2025\/06\/WhatsApp-Image-2025-06-06-at-07.33.52.jpeg\",\"articleSection\":[\"Pol\u00edtica\",\"\u00daltimas\"],\"inLanguage\":\"pt-PT\",\"potentialAction\":[{\"@type\":\"CommentAction\",\"name\":\"Comment\",\"target\":[\"https:\/\/brasilnoticias.org\/site\/bahia-e-um-paraiso-para-faccoes-diz-capitao-alden\/#respond\"]}]},{\"@type\":\"WebPage\",\"@id\":\"https:\/\/brasilnoticias.org\/site\/bahia-e-um-paraiso-para-faccoes-diz-capitao-alden\/\",\"url\":\"https:\/\/brasilnoticias.org\/site\/bahia-e-um-paraiso-para-faccoes-diz-capitao-alden\/\",\"name\":\"'Bahia \u00e9 um para\u00edso para fac\u00e7\u00f5es', diz Capit\u00e3o Alden - Brasil not\u00edcias\",\"isPartOf\":{\"@id\":\"https:\/\/brasilnoticias.org\/site\/#website\"},\"primaryImageOfPage\":{\"@id\":\"https:\/\/brasilnoticias.org\/site\/bahia-e-um-paraiso-para-faccoes-diz-capitao-alden\/#primaryimage\"},\"image\":{\"@id\":\"https:\/\/brasilnoticias.org\/site\/bahia-e-um-paraiso-para-faccoes-diz-capitao-alden\/#primaryimage\"},\"thumbnailUrl\":\"https:\/\/brasilnoticias.org\/site\/wp-content\/uploads\/2025\/06\/WhatsApp-Image-2025-06-06-at-07.33.52.jpeg\",\"datePublished\":\"2025-06-06T19:07:14+00:00\",\"breadcrumb\":{\"@id\":\"https:\/\/brasilnoticias.org\/site\/bahia-e-um-paraiso-para-faccoes-diz-capitao-alden\/#breadcrumb\"},\"inLanguage\":\"pt-PT\",\"potentialAction\":[{\"@type\":\"ReadAction\",\"target\":[\"https:\/\/brasilnoticias.org\/site\/bahia-e-um-paraiso-para-faccoes-diz-capitao-alden\/\"]}]},{\"@type\":\"ImageObject\",\"inLanguage\":\"pt-PT\",\"@id\":\"https:\/\/brasilnoticias.org\/site\/bahia-e-um-paraiso-para-faccoes-diz-capitao-alden\/#primaryimage\",\"url\":\"https:\/\/brasilnoticias.org\/site\/wp-content\/uploads\/2025\/06\/WhatsApp-Image-2025-06-06-at-07.33.52.jpeg\",\"contentUrl\":\"https:\/\/brasilnoticias.org\/site\/wp-content\/uploads\/2025\/06\/WhatsApp-Image-2025-06-06-at-07.33.52.jpeg\",\"width\":1280,\"height\":854},{\"@type\":\"BreadcrumbList\",\"@id\":\"https:\/\/brasilnoticias.org\/site\/bahia-e-um-paraiso-para-faccoes-diz-capitao-alden\/#breadcrumb\",\"itemListElement\":[{\"@type\":\"ListItem\",\"position\":1,\"name\":\"In\u00edcio\",\"item\":\"https:\/\/brasilnoticias.org\/site\/\"},{\"@type\":\"ListItem\",\"position\":2,\"name\":\"&#8216;Bahia \u00e9 um para\u00edso para fac\u00e7\u00f5es&#8217;, diz Capit\u00e3o Alden\"}]},{\"@type\":\"WebSite\",\"@id\":\"https:\/\/brasilnoticias.org\/site\/#website\",\"url\":\"https:\/\/brasilnoticias.org\/site\/\",\"name\":\"Brasil not\u00edcias\",\"description\":\"Brasil not\u00edcias\",\"publisher\":{\"@id\":\"https:\/\/brasilnoticias.org\/site\/#organization\"},\"potentialAction\":[{\"@type\":\"SearchAction\",\"target\":{\"@type\":\"EntryPoint\",\"urlTemplate\":\"https:\/\/brasilnoticias.org\/site\/?s={search_term_string}\"},\"query-input\":{\"@type\":\"PropertyValueSpecification\",\"valueRequired\":true,\"valueName\":\"search_term_string\"}}],\"inLanguage\":\"pt-PT\"},{\"@type\":\"Organization\",\"@id\":\"https:\/\/brasilnoticias.org\/site\/#organization\",\"name\":\"Brasil not\u00edcias\",\"url\":\"https:\/\/brasilnoticias.org\/site\/\",\"logo\":{\"@type\":\"ImageObject\",\"inLanguage\":\"pt-PT\",\"@id\":\"https:\/\/brasilnoticias.org\/site\/#\/schema\/logo\/image\/\",\"url\":\"https:\/\/brasilnoticias.org\/site\/wp-content\/uploads\/2022\/05\/cropped-brasilnoticias-mini.jpg\",\"contentUrl\":\"https:\/\/brasilnoticias.org\/site\/wp-content\/uploads\/2022\/05\/cropped-brasilnoticias-mini.jpg\",\"width\":314,\"height\":86,\"caption\":\"Brasil not\u00edcias\"},\"image\":{\"@id\":\"https:\/\/brasilnoticias.org\/site\/#\/schema\/logo\/image\/\"}},{\"@type\":\"Person\",\"@id\":\"https:\/\/brasilnoticias.org\/site\/#\/schema\/person\/03bbbfe6c7634ad18c26444ea39049fa\",\"name\":\"Reda\u00e7\u00e3o\",\"image\":{\"@type\":\"ImageObject\",\"inLanguage\":\"pt-PT\",\"@id\":\"https:\/\/brasilnoticias.org\/site\/#\/schema\/person\/image\/\",\"url\":\"https:\/\/secure.gravatar.com\/avatar\/9ecaf7327a696cb23ad926fedded5f1f04d7049de9e445375d55b48c001a6e42?s=96&d=mm&r=g\",\"contentUrl\":\"https:\/\/secure.gravatar.com\/avatar\/9ecaf7327a696cb23ad926fedded5f1f04d7049de9e445375d55b48c001a6e42?s=96&d=mm&r=g\",\"caption\":\"Reda\u00e7\u00e3o\"},\"url\":\"https:\/\/brasilnoticias.org\/site\/author\/henrique\/\"}]}<\/script>\n<!-- \/ Yoast SEO plugin. -->","yoast_head_json":{"title":"'Bahia \u00e9 um para\u00edso para fac\u00e7\u00f5es', diz Capit\u00e3o Alden - Brasil not\u00edcias","robots":{"index":"index","follow":"follow","max-snippet":"max-snippet:-1","max-image-preview":"max-image-preview:large","max-video-preview":"max-video-preview:-1"},"canonical":"https:\/\/brasilnoticias.org\/site\/bahia-e-um-paraiso-para-faccoes-diz-capitao-alden\/","og_locale":"pt_PT","og_type":"article","og_title":"'Bahia \u00e9 um para\u00edso para fac\u00e7\u00f5es', diz Capit\u00e3o Alden - Brasil not\u00edcias","og_description":"Deputado denuncia sucateamento da Pol\u00edcia Civil e lentid\u00e3o do Judici\u00e1rio como causas da explos\u00e3o da viol\u00eancia no estado O deputado","og_url":"https:\/\/brasilnoticias.org\/site\/bahia-e-um-paraiso-para-faccoes-diz-capitao-alden\/","og_site_name":"Brasil not\u00edcias","article_published_time":"2025-06-06T19:07:14+00:00","og_image":[{"width":1280,"height":854,"url":"https:\/\/brasilnoticias.org\/site\/wp-content\/uploads\/2025\/06\/WhatsApp-Image-2025-06-06-at-07.33.52.jpeg","type":"image\/jpeg"}],"author":"Reda\u00e7\u00e3o","twitter_card":"summary_large_image","twitter_misc":{"Escrito por":"Reda\u00e7\u00e3o","Tempo estimado de leitura":"1 minuto"},"schema":{"@context":"https:\/\/schema.org","@graph":[{"@type":"Article","@id":"https:\/\/brasilnoticias.org\/site\/bahia-e-um-paraiso-para-faccoes-diz-capitao-alden\/#article","isPartOf":{"@id":"https:\/\/brasilnoticias.org\/site\/bahia-e-um-paraiso-para-faccoes-diz-capitao-alden\/"},"author":{"name":"Reda\u00e7\u00e3o","@id":"https:\/\/brasilnoticias.org\/site\/#\/schema\/person\/03bbbfe6c7634ad18c26444ea39049fa"},"headline":"&#8216;Bahia \u00e9 um para\u00edso para fac\u00e7\u00f5es&#8217;, diz Capit\u00e3o Alden","datePublished":"2025-06-06T19:07:14+00:00","mainEntityOfPage":{"@id":"https:\/\/brasilnoticias.org\/site\/bahia-e-um-paraiso-para-faccoes-diz-capitao-alden\/"},"wordCount":326,"commentCount":0,"publisher":{"@id":"https:\/\/brasilnoticias.org\/site\/#organization"},"image":{"@id":"https:\/\/brasilnoticias.org\/site\/bahia-e-um-paraiso-para-faccoes-diz-capitao-alden\/#primaryimage"},"thumbnailUrl":"https:\/\/brasilnoticias.org\/site\/wp-content\/uploads\/2025\/06\/WhatsApp-Image-2025-06-06-at-07.33.52.jpeg","articleSection":["Pol\u00edtica","\u00daltimas"],"inLanguage":"pt-PT","potentialAction":[{"@type":"CommentAction","name":"Comment","target":["https:\/\/brasilnoticias.org\/site\/bahia-e-um-paraiso-para-faccoes-diz-capitao-alden\/#respond"]}]},{"@type":"WebPage","@id":"https:\/\/brasilnoticias.org\/site\/bahia-e-um-paraiso-para-faccoes-diz-capitao-alden\/","url":"https:\/\/brasilnoticias.org\/site\/bahia-e-um-paraiso-para-faccoes-diz-capitao-alden\/","name":"'Bahia \u00e9 um para\u00edso para fac\u00e7\u00f5es', diz Capit\u00e3o Alden - Brasil not\u00edcias","isPartOf":{"@id":"https:\/\/brasilnoticias.org\/site\/#website"},"primaryImageOfPage":{"@id":"https:\/\/brasilnoticias.org\/site\/bahia-e-um-paraiso-para-faccoes-diz-capitao-alden\/#primaryimage"},"image":{"@id":"https:\/\/brasilnoticias.org\/site\/bahia-e-um-paraiso-para-faccoes-diz-capitao-alden\/#primaryimage"},"thumbnailUrl":"https:\/\/brasilnoticias.org\/site\/wp-content\/uploads\/2025\/06\/WhatsApp-Image-2025-06-06-at-07.33.52.jpeg","datePublished":"2025-06-06T19:07:14+00:00","breadcrumb":{"@id":"https:\/\/brasilnoticias.org\/site\/bahia-e-um-paraiso-para-faccoes-diz-capitao-alden\/#breadcrumb"},"inLanguage":"pt-PT","potentialAction":[{"@type":"ReadAction","target":["https:\/\/brasilnoticias.org\/site\/bahia-e-um-paraiso-para-faccoes-diz-capitao-alden\/"]}]},{"@type":"ImageObject","inLanguage":"pt-PT","@id":"https:\/\/brasilnoticias.org\/site\/bahia-e-um-paraiso-para-faccoes-diz-capitao-alden\/#primaryimage","url":"https:\/\/brasilnoticias.org\/site\/wp-content\/uploads\/2025\/06\/WhatsApp-Image-2025-06-06-at-07.33.52.jpeg","contentUrl":"https:\/\/brasilnoticias.org\/site\/wp-content\/uploads\/2025\/06\/WhatsApp-Image-2025-06-06-at-07.33.52.jpeg","width":1280,"height":854},{"@type":"BreadcrumbList","@id":"https:\/\/brasilnoticias.org\/site\/bahia-e-um-paraiso-para-faccoes-diz-capitao-alden\/#breadcrumb","itemListElement":[{"@type":"ListItem","position":1,"name":"In\u00edcio","item":"https:\/\/brasilnoticias.org\/site\/"},{"@type":"ListItem","position":2,"name":"&#8216;Bahia \u00e9 um para\u00edso para fac\u00e7\u00f5es&#8217;, diz Capit\u00e3o Alden"}]},{"@type":"WebSite","@id":"https:\/\/brasilnoticias.org\/site\/#website","url":"https:\/\/brasilnoticias.org\/site\/","name":"Brasil not\u00edcias","description":"Brasil not\u00edcias","publisher":{"@id":"https:\/\/brasilnoticias.org\/site\/#organization"},"potentialAction":[{"@type":"SearchAction","target":{"@type":"EntryPoint","urlTemplate":"https:\/\/brasilnoticias.org\/site\/?s={search_term_string}"},"query-input":{"@type":"PropertyValueSpecification","valueRequired":true,"valueName":"search_term_string"}}],"inLanguage":"pt-PT"},{"@type":"Organization","@id":"https:\/\/brasilnoticias.org\/site\/#organization","name":"Brasil not\u00edcias","url":"https:\/\/brasilnoticias.org\/site\/","logo":{"@type":"ImageObject","inLanguage":"pt-PT","@id":"https:\/\/brasilnoticias.org\/site\/#\/schema\/logo\/image\/","url":"https:\/\/brasilnoticias.org\/site\/wp-content\/uploads\/2022\/05\/cropped-brasilnoticias-mini.jpg","contentUrl":"https:\/\/brasilnoticias.org\/site\/wp-content\/uploads\/2022\/05\/cropped-brasilnoticias-mini.jpg","width":314,"height":86,"caption":"Brasil not\u00edcias"},"image":{"@id":"https:\/\/brasilnoticias.org\/site\/#\/schema\/logo\/image\/"}},{"@type":"Person","@id":"https:\/\/brasilnoticias.org\/site\/#\/schema\/person\/03bbbfe6c7634ad18c26444ea39049fa","name":"Reda\u00e7\u00e3o","image":{"@type":"ImageObject","inLanguage":"pt-PT","@id":"https:\/\/brasilnoticias.org\/site\/#\/schema\/person\/image\/","url":"https:\/\/secure.gravatar.com\/avatar\/9ecaf7327a696cb23ad926fedded5f1f04d7049de9e445375d55b48c001a6e42?s=96&d=mm&r=g","contentUrl":"https:\/\/secure.gravatar.com\/avatar\/9ecaf7327a696cb23ad926fedded5f1f04d7049de9e445375d55b48c001a6e42?s=96&d=mm&r=g","caption":"Reda\u00e7\u00e3o"},"url":"https:\/\/brasilnoticias.org\/site\/author\/henrique\/"}]}},"_links":{"self":[{"href":"https:\/\/brasilnoticias.org\/site\/wp-json\/wp\/v2\/posts\/17347","targetHints":{"allow":["GET"]}}],"collection":[{"href":"https:\/\/brasilnoticias.org\/site\/wp-json\/wp\/v2\/posts"}],"about":[{"href":"https:\/\/brasilnoticias.org\/site\/wp-json\/wp\/v2\/types\/post"}],"author":[{"embeddable":true,"href":"https:\/\/brasilnoticias.org\/site\/wp-json\/wp\/v2\/users\/4"}],"replies":[{"embeddable":true,"href":"https:\/\/brasilnoticias.org\/site\/wp-json\/wp\/v2\/comments?post=17347"}],"version-history":[{"count":1,"href":"https:\/\/brasilnoticias.org\/site\/wp-json\/wp\/v2\/posts\/17347\/revisions"}],"predecessor-version":[{"id":17349,"href":"https:\/\/brasilnoticias.org\/site\/wp-json\/wp\/v2\/posts\/17347\/revisions\/17349"}],"wp:featuredmedia":[{"embeddable":true,"href":"https:\/\/brasilnoticias.org\/site\/wp-json\/wp\/v2\/media\/17348"}],"wp:attachment":[{"href":"https:\/\/brasilnoticias.org\/site\/wp-json\/wp\/v2\/media?parent=17347"}],"wp:term":[{"taxonomy":"category","embeddable":true,"href":"https:\/\/brasilnoticias.org\/site\/wp-json\/wp\/v2\/categories?post=17347"},{"taxonomy":"post_tag","embeddable":true,"href":"https:\/\/brasilnoticias.org\/site\/wp-json\/wp\/v2\/tags?post=17347"}],"curies":[{"name":"wp","href":"https:\/\/api.w.org\/{rel}","templated":true}]}}