{"id":17354,"date":"2025-06-07T17:27:51","date_gmt":"2025-06-07T20:27:51","guid":{"rendered":"https:\/\/brasilnoticias.org\/site\/?p=17354"},"modified":"2025-06-07T17:27:51","modified_gmt":"2025-06-07T20:27:51","slug":"de-chapa-dos-sonhos-a-alianca-dos-pesadelos-neto-seduz-psd-com-senado-completo","status":"publish","type":"post","link":"https:\/\/brasilnoticias.org\/site\/de-chapa-dos-sonhos-a-alianca-dos-pesadelos-neto-seduz-psd-com-senado-completo\/","title":{"rendered":"De &#8216;chapa dos sonhos&#8217; \u00e0 alian\u00e7a dos pesadelos: Neto seduz PSD com Senado completo"},"content":{"rendered":"<p>Aliados de Otto admitem m\u00e1goa com ambi\u00e7\u00f5es do PT, rejeitam vice e classificam Rui como &#8220;inimigo&#8221;; No PSDB, deputado cogita &#8220;vale-tudo&#8221; em 2026 ap\u00f3s federa\u00e7\u00e3o com Podemos<\/p>\n<p>Na esteira da desastrada divulga\u00e7\u00e3o da &#8220;chapa dos sonhos&#8221; do PT \u2014 formada pela tr\u00edade de governadores e com o iminente descarte do senador Angelo Coronel \u2014, o ex-prefeito de Salvador, ACM Neto (Uni\u00e3o), colocou na mesa uma proposta &#8220;irrecus\u00e1vel&#8221; para atrair o PSD ao seu grupo.<\/p>\n<p>Informa\u00e7\u00f5es obtidas pelo Blog do Vila indicam que o principal pr\u00e9-candidato a governador da oposi\u00e7\u00e3o ofereceu as duas vagas ao Senado ao partido liderado pelo senador Otto Alencar. A proposta \u00e9 vista com bons olhos pelos sociais-democratas, conforme relatos de integrantes da legenda ouvidos pela coluna.<\/p>\n<p>Uma das hip\u00f3teses cogitadas \u00e9 que, al\u00e9m de Coronel, o deputado federal Otto Filho tamb\u00e9m seja candidato ao Senado \u2014 um movimento sem precedentes na Bahia e raro no pa\u00eds. Apenas em 2011 o Senado registrou pai e filho na mesma legislatura: o ex-presidente da Casa, Garibaldi Alves Filho, e seu genitor, Garibaldi Alves, ambos do MDB do Rio Grande do Norte, quando o patriarca assumiu como suplente de Rosalba Ciarlini, eleita governadora.<\/p>\n<p>Na composi\u00e7\u00e3o, a vice caberia ao Republicanos, preferencialmente com o deputado federal M\u00e1rcio Marinho, que aposta em comandar a federa\u00e7\u00e3o com o MDB no estado. <\/p>\n<p>O PP, federado com o Uni\u00e3o, se contentaria com a cabe\u00e7a da chapa liderada pelo aliado e receberia &#8220;carga&#8221; na montagem da chapa proporcional, capitaneada por Cac\u00e1 Le\u00e3o para federal e Jo\u00e3o Le\u00e3o para estadual, com o objetivo de ampliar a bancada. O refor\u00e7o tamb\u00e9m se estenderia ao PL, com Jo\u00e3o Roma na disputa por uma cadeira na C\u00e2mara e Roberta Roma para a Assembleia Legislativa.<\/p>\n<p>Alternativa para o PL<\/p>\n<p>Outra alternativa para evitar que o PL seja alijado da chapa de Neto seria a filia\u00e7\u00e3o de Coronel \u00e0 legenda comandada nacionalmente por Valdemar da Costa Neto.<\/p>\n<p>O ingresso do senador, que mant\u00e9m bom tr\u00e2nsito na direita, n\u00e3o sofreria obje\u00e7\u00f5es no PSD, acomodaria os liberais e atrairia o eleitorado bolsonarista.<\/p>\n<p>Outro c\u00e1lculo considerado \u00e9 a filia\u00e7\u00e3o de Coronel ao Republicanos e a indica\u00e7\u00e3o de Roberta Roma para a vice \u2014 a fim de manter o crit\u00e9rio das duas \u00faltimas campanhas da oposi\u00e7\u00e3o, que sempre teve uma mulher no posto: M\u00f4nica Bahia, em 2018, ao lado de Jos\u00e9 Ronaldo, e Ana Coelho, em 2022, com o pr\u00f3prio Neto.<\/p>\n<p>Uma reuni\u00e3o est\u00e1 prevista para acontecer entre o ex-prefeito e a c\u00fapula do PSD baiano nas pr\u00f3ximas semanas, em Bras\u00edlia, longe dos holofotes de Salvador, para encaminhar o fechamento do acordo.<\/p>\n<p>Magoado, PSD trata Rui como &#8216;inimigo&#8217;<\/p>\n<p>O estopim para a abertura de negocia\u00e7\u00e3o com o PSD foi a m\u00e1goa provocada pela fat\u00eddica entrevista do senador Jaques Wagner, com participa\u00e7\u00e3o do ministro da Casa Civil, Rui Costa, por telefone, e mensagem do governador Jer\u00f4nimo Rodrigues, para &#8220;carimbar&#8221; a ambi\u00e7\u00e3o petista de levar uma chapa &#8220;puro-sangue&#8221; \u00e0s urnas em 2026.<\/p>\n<p>Um influente integrante da sigla confidenciou ao blog que se sentiu golpeado. Para ele, como &#8220;Rui \u00e9 inimigo do PSD&#8221; e &#8220;s\u00f3 pensa nele&#8221;, caberia a Wagner desfazer o &#8220;mal-entendido&#8221;.<\/p>\n<p>&#8220;Wagner \u00e9 l\u00edder e tem outro perfil, diferente de Rui, que aprendeu desde o sindicato que o poder tem que ser tomado. Se ele n\u00e3o conseguiu se esquivar da &#8216;pegadinha&#8217; de falar que suas candidaturas estavam &#8216;combinadas&#8217;, teria que se posicionar publicamente para pregar a unidade do grupo. Eu resolveria r\u00e1pido: falaria com Lula para me botar no TCU [Tribunal de Contas da Uni\u00e3o] e abriria m\u00e3o da vaga para Rui, entendeu? Ele teria como dizer: &#8216;Eu fiz a minha parte. Fui fiel com Otto e fui fiel com Rui'&#8221;, defendeu.<\/p>\n<p>De acordo com outro social-democrata ouvido pela coluna, o \u00fanico aceno do PT para equacionar a situa\u00e7\u00e3o foi oferecer a vice ao PSD e plantar o nome da presidente da AL-BA, Ivana Bastos, para o posto \u2014 o que o partido n\u00e3o aceita: &#8220;Esque\u00e7a. N\u00e3o \u00e9 o nome. Pode ser Coronel ou outra pessoa do grupo, mas do Senado a gente n\u00e3o abre m\u00e3o.&#8221;<\/p>\n<p>Apenas nesta quinta (5), exatos dez dias ap\u00f3s a entrevista, sem cit\u00e1-la ou se desculpar, Wagner disse \u00e0 imprensa que &#8220;pessoalmente&#8221; acha a alian\u00e7a do PT com o PSD \u00e9 &#8220;indissol\u00favel&#8221;.<\/p>\n<p>O fato \u00e9 que, se a \u201cchapa dos sonhos\u201d do PT causou pesadelos no PSD, o contragolpe ensaiado por ACM Neto pode transformar o jogo e levar o grupo de Otto a protagonizar, junto \u00e0 oposi\u00e7\u00e3o, o maior reposicionamento pol\u00edtico da Bahia em mais de uma d\u00e9cada.<\/p>\n<p>PSDB busca &#8216;oxigena\u00e7\u00e3o&#8217;, diz C\u00e2mara<\/p>\n<p>Por ora, fora dos planos de Neto para a composi\u00e7\u00e3o majorit\u00e1ria, o PSDB baiano vai aproveitar a federa\u00e7\u00e3o com o Podemos para &#8220;oxigenar&#8221; o partido, que tem encolhido cada vez mais a cada ano eleitoral. Nesta quinta, em Bras\u00edlia, a executiva nacional tucana aprovou a federa\u00e7\u00e3o com 98% dos votos, que ainda falta ser avalizada pela sigla parceira para ser efetivada.<\/p>\n<p>Em entrevista \u00e0 CBN Salvador, o deputado estadual Paulo C\u00e2mara defendeu cautela nas discuss\u00f5es sobre os impactos da poss\u00edvel jun\u00e7\u00e3o na Bahia e avaliou que o momento exige \u201cfortalecimento interno\u201d. \u201cQualquer decis\u00e3o agora \u00e9 precipitada. Primeiro, temos que pensar no fortalecimento dos deputados estaduais, federais, no aumento da bancada, para depois apresentar uma proposta para a Bahia\u201d, afirmou.<\/p>\n<p>Segundo ele, o PSDB precisa se reinventar para falar com novos p\u00fablicos. \u201cO partido tem grandes bandeiras, como o Plano Real e Fernando Henrique Cardoso, mas n\u00e3o pode viver s\u00f3 do passado. Perdeu muito entre 2014 e 2022. Agora \u00e9 o momento favor\u00e1vel para repaginar e pensar para frente\u201d, pontuou.<\/p>\n<p>Paulo C\u00e2mara disse tamb\u00e9m que uma eventual federa\u00e7\u00e3o deve ser constru\u00edda a partir de um amplo di\u00e1logo com os parlamentares das duas legendas. \u201cA gente pode liderar uma federa\u00e7\u00e3o, mas o l\u00edder s\u00f3 pode ser l\u00edder quando ouve a todos. E isso, tenho certeza, \u00e9 o que far\u00e1 o deputado Adolfo Viana [l\u00edder da bancada do PSDB na C\u00e2mara Federal]\u201d, ressaltou.<\/p>\n<p>Tucano est\u00e1 disposto ao &#8216;vale-tudo&#8217;<\/p>\n<p>Apesar de admitir a tend\u00eancia de permanecer na oposi\u00e7\u00e3o, o parlamentar n\u00e3o descartou tanto o lan\u00e7amento de uma candidatura pr\u00f3pria ao Pal\u00e1cio de Ondina quanto uma alian\u00e7a com o atual governador Jer\u00f4nimo Rodrigues (PT), de quem o Podemos \u00e9 aliado. <\/p>\n<p>&#8220;N\u00f3s vamos ser um grupo muito forte, muito forte mesmo. Ent\u00e3o a gente vai ter peso. Ao lado de Jer\u00f4nimo, ao lado de Neto, n\u00e3o estando com um ou outro, o futuro vai dizer. Hoje, o PSDB \u00e9 oposi\u00e7\u00e3o ao governo do PT, isso \u00e9 fato. N\u00f3s somos aliados ao prefeito Bruno Reis, de quem sempre fomos parceiros. Mas, e se os deputados do Podemos n\u00e3o ficarem confort\u00e1veis? V\u00e3o sair da federa\u00e7\u00e3o, v\u00e3o enfraquecer a nossa posi\u00e7\u00e3o? A gente s\u00f3 vale o que a gente \u00e9 com for\u00e7a. Ent\u00e3o, quanto mais deputados n\u00f3s tivermos, mais for\u00e7a a gente tem pra discutir com qualquer grupo. Mas, se a gente chegar j\u00e1 com a posi\u00e7\u00e3o definida, a gente expulsa quem quer entrar&#8221;, avaliou C\u00e2mara. <\/p>\n<p>Atualmente, o Podemos possui seis prefeitos, um deputado federal (Raimundo Costa) e um estadual (Laerte do Vando). Os tucanos contam com nove prefeitos, um federal (Adolfo Viana) e tr\u00eas estaduais (Jordavio Ramos, Paulo C\u00e2mara e Tiago Correia) e devem presidir a federa\u00e7\u00e3o na Bahia<\/p>\n<p>Foco na reelei\u00e7\u00e3o<\/p>\n<p>Na mesma entrevista, Paulo C\u00e2mara confirmou que ser\u00e1 candidato \u00e0 reelei\u00e7\u00e3o em 2026 para mais um mandato na Assembleia Legislativa da Bahia (AL-BA).<\/p>\n<p>No entanto, o deputado disse estar focado no trabalho legislativo e no fortalecimento do partido. \u201cEstou honrando cada voto da popula\u00e7\u00e3o do nosso estado, com os mesmos princ\u00edpios e valores que sempre defendi, desde a \u00e9poca de vereador. A elei\u00e7\u00e3o ser\u00e1 dif\u00edcil, mas acredito que, se Deus me colocou aqui de volta, \u00e9 porque tem um prop\u00f3sito para mim l\u00e1 na frente\u201d, afirmou.<\/p>\n<p>O parlamentar est\u00e1 no mandato desde dezembro do ano passado, ap\u00f3s a ren\u00fancia de Pablo Roberto, que foi eleito vice-prefeito de Feira de Santana no \u00faltimo pleito municipal. Em 2022, C\u00e2mara obteve 53.680 votos e ficou na primeira supl\u00eancia do partido.<\/p>\n<p>Foto: Valter Pontes \/ Prefeitura de Salvador<br \/>\nBlog do Vila<\/p>\n","protected":false},"excerpt":{"rendered":"<p>Aliados de Otto admitem m\u00e1goa com ambi\u00e7\u00f5es do PT, rejeitam vice e classificam Rui como &#8220;inimigo&#8221;; No PSDB, deputado cogita<\/p>\n","protected":false},"author":4,"featured_media":17355,"comment_status":"open","ping_status":"open","sticky":false,"template":"","format":"standard","meta":{"colormag_page_container_layout":"default_layout","colormag_page_sidebar_layout":"default_layout","_FSMCFIC_featured_image_caption":"","_FSMCFIC_featured_image_nocaption":"","_FSMCFIC_featured_image_hide":"","footnotes":""},"categories":[5,1],"tags":[],"class_list":["post-17354","post","type-post","status-publish","format-standard","has-post-thumbnail","hentry","category-politica","category-ultimas"],"yoast_head":"<!-- This site is optimized with the Yoast SEO plugin v27.1.1 - https:\/\/yoast.com\/product\/yoast-seo-wordpress\/ -->\n<title>De &#039;chapa dos sonhos&#039; \u00e0 alian\u00e7a dos pesadelos: Neto seduz PSD com Senado completo - Brasil not\u00edcias<\/title>\n<meta name=\"robots\" content=\"index, follow, max-snippet:-1, max-image-preview:large, max-video-preview:-1\" \/>\n<link rel=\"canonical\" href=\"https:\/\/brasilnoticias.org\/site\/de-chapa-dos-sonhos-a-alianca-dos-pesadelos-neto-seduz-psd-com-senado-completo\/\" \/>\n<meta property=\"og:locale\" content=\"pt_PT\" \/>\n<meta property=\"og:type\" content=\"article\" \/>\n<meta property=\"og:title\" content=\"De &#039;chapa dos sonhos&#039; \u00e0 alian\u00e7a dos pesadelos: Neto seduz PSD com Senado completo - Brasil not\u00edcias\" \/>\n<meta property=\"og:description\" content=\"Aliados de Otto admitem m\u00e1goa com ambi\u00e7\u00f5es do PT, rejeitam vice e classificam Rui como &#8220;inimigo&#8221;; No PSDB, deputado cogita\" \/>\n<meta property=\"og:url\" content=\"https:\/\/brasilnoticias.org\/site\/de-chapa-dos-sonhos-a-alianca-dos-pesadelos-neto-seduz-psd-com-senado-completo\/\" \/>\n<meta property=\"og:site_name\" content=\"Brasil not\u00edcias\" \/>\n<meta property=\"article:published_time\" content=\"2025-06-07T20:27:51+00:00\" \/>\n<meta property=\"og:image\" content=\"https:\/\/brasilnoticias.org\/site\/wp-content\/uploads\/2025\/06\/neto-wagner-otto-1.jpg\" \/>\n\t<meta property=\"og:image:width\" content=\"1546\" \/>\n\t<meta property=\"og:image:height\" content=\"870\" \/>\n\t<meta property=\"og:image:type\" content=\"image\/jpeg\" \/>\n<meta name=\"author\" content=\"Reda\u00e7\u00e3o\" \/>\n<meta name=\"twitter:card\" content=\"summary_large_image\" \/>\n<meta name=\"twitter:label1\" content=\"Escrito por\" \/>\n\t<meta name=\"twitter:data1\" content=\"Reda\u00e7\u00e3o\" \/>\n\t<meta name=\"twitter:label2\" content=\"Tempo estimado de leitura\" \/>\n\t<meta name=\"twitter:data2\" content=\"1 minuto\" \/>\n<script type=\"application\/ld+json\" class=\"yoast-schema-graph\">{\"@context\":\"https:\/\/schema.org\",\"@graph\":[{\"@type\":\"Article\",\"@id\":\"https:\/\/brasilnoticias.org\/site\/de-chapa-dos-sonhos-a-alianca-dos-pesadelos-neto-seduz-psd-com-senado-completo\/#article\",\"isPartOf\":{\"@id\":\"https:\/\/brasilnoticias.org\/site\/de-chapa-dos-sonhos-a-alianca-dos-pesadelos-neto-seduz-psd-com-senado-completo\/\"},\"author\":{\"name\":\"Reda\u00e7\u00e3o\",\"@id\":\"https:\/\/brasilnoticias.org\/site\/#\/schema\/person\/03bbbfe6c7634ad18c26444ea39049fa\"},\"headline\":\"De &#8216;chapa dos sonhos&#8217; \u00e0 alian\u00e7a dos pesadelos: Neto seduz PSD com Senado completo\",\"datePublished\":\"2025-06-07T20:27:51+00:00\",\"mainEntityOfPage\":{\"@id\":\"https:\/\/brasilnoticias.org\/site\/de-chapa-dos-sonhos-a-alianca-dos-pesadelos-neto-seduz-psd-com-senado-completo\/\"},\"wordCount\":1441,\"commentCount\":0,\"publisher\":{\"@id\":\"https:\/\/brasilnoticias.org\/site\/#organization\"},\"image\":{\"@id\":\"https:\/\/brasilnoticias.org\/site\/de-chapa-dos-sonhos-a-alianca-dos-pesadelos-neto-seduz-psd-com-senado-completo\/#primaryimage\"},\"thumbnailUrl\":\"https:\/\/brasilnoticias.org\/site\/wp-content\/uploads\/2025\/06\/neto-wagner-otto-1.jpg\",\"articleSection\":[\"Pol\u00edtica\",\"\u00daltimas\"],\"inLanguage\":\"pt-PT\",\"potentialAction\":[{\"@type\":\"CommentAction\",\"name\":\"Comment\",\"target\":[\"https:\/\/brasilnoticias.org\/site\/de-chapa-dos-sonhos-a-alianca-dos-pesadelos-neto-seduz-psd-com-senado-completo\/#respond\"]}]},{\"@type\":\"WebPage\",\"@id\":\"https:\/\/brasilnoticias.org\/site\/de-chapa-dos-sonhos-a-alianca-dos-pesadelos-neto-seduz-psd-com-senado-completo\/\",\"url\":\"https:\/\/brasilnoticias.org\/site\/de-chapa-dos-sonhos-a-alianca-dos-pesadelos-neto-seduz-psd-com-senado-completo\/\",\"name\":\"De 'chapa dos sonhos' \u00e0 alian\u00e7a dos pesadelos: Neto seduz PSD com Senado completo - Brasil not\u00edcias\",\"isPartOf\":{\"@id\":\"https:\/\/brasilnoticias.org\/site\/#website\"},\"primaryImageOfPage\":{\"@id\":\"https:\/\/brasilnoticias.org\/site\/de-chapa-dos-sonhos-a-alianca-dos-pesadelos-neto-seduz-psd-com-senado-completo\/#primaryimage\"},\"image\":{\"@id\":\"https:\/\/brasilnoticias.org\/site\/de-chapa-dos-sonhos-a-alianca-dos-pesadelos-neto-seduz-psd-com-senado-completo\/#primaryimage\"},\"thumbnailUrl\":\"https:\/\/brasilnoticias.org\/site\/wp-content\/uploads\/2025\/06\/neto-wagner-otto-1.jpg\",\"datePublished\":\"2025-06-07T20:27:51+00:00\",\"breadcrumb\":{\"@id\":\"https:\/\/brasilnoticias.org\/site\/de-chapa-dos-sonhos-a-alianca-dos-pesadelos-neto-seduz-psd-com-senado-completo\/#breadcrumb\"},\"inLanguage\":\"pt-PT\",\"potentialAction\":[{\"@type\":\"ReadAction\",\"target\":[\"https:\/\/brasilnoticias.org\/site\/de-chapa-dos-sonhos-a-alianca-dos-pesadelos-neto-seduz-psd-com-senado-completo\/\"]}]},{\"@type\":\"ImageObject\",\"inLanguage\":\"pt-PT\",\"@id\":\"https:\/\/brasilnoticias.org\/site\/de-chapa-dos-sonhos-a-alianca-dos-pesadelos-neto-seduz-psd-com-senado-completo\/#primaryimage\",\"url\":\"https:\/\/brasilnoticias.org\/site\/wp-content\/uploads\/2025\/06\/neto-wagner-otto-1.jpg\",\"contentUrl\":\"https:\/\/brasilnoticias.org\/site\/wp-content\/uploads\/2025\/06\/neto-wagner-otto-1.jpg\",\"width\":1546,\"height\":870},{\"@type\":\"BreadcrumbList\",\"@id\":\"https:\/\/brasilnoticias.org\/site\/de-chapa-dos-sonhos-a-alianca-dos-pesadelos-neto-seduz-psd-com-senado-completo\/#breadcrumb\",\"itemListElement\":[{\"@type\":\"ListItem\",\"position\":1,\"name\":\"In\u00edcio\",\"item\":\"https:\/\/brasilnoticias.org\/site\/\"},{\"@type\":\"ListItem\",\"position\":2,\"name\":\"De &#8216;chapa dos sonhos&#8217; \u00e0 alian\u00e7a dos pesadelos: Neto seduz PSD com Senado completo\"}]},{\"@type\":\"WebSite\",\"@id\":\"https:\/\/brasilnoticias.org\/site\/#website\",\"url\":\"https:\/\/brasilnoticias.org\/site\/\",\"name\":\"Brasil not\u00edcias\",\"description\":\"Brasil not\u00edcias\",\"publisher\":{\"@id\":\"https:\/\/brasilnoticias.org\/site\/#organization\"},\"potentialAction\":[{\"@type\":\"SearchAction\",\"target\":{\"@type\":\"EntryPoint\",\"urlTemplate\":\"https:\/\/brasilnoticias.org\/site\/?s={search_term_string}\"},\"query-input\":{\"@type\":\"PropertyValueSpecification\",\"valueRequired\":true,\"valueName\":\"search_term_string\"}}],\"inLanguage\":\"pt-PT\"},{\"@type\":\"Organization\",\"@id\":\"https:\/\/brasilnoticias.org\/site\/#organization\",\"name\":\"Brasil not\u00edcias\",\"url\":\"https:\/\/brasilnoticias.org\/site\/\",\"logo\":{\"@type\":\"ImageObject\",\"inLanguage\":\"pt-PT\",\"@id\":\"https:\/\/brasilnoticias.org\/site\/#\/schema\/logo\/image\/\",\"url\":\"https:\/\/brasilnoticias.org\/site\/wp-content\/uploads\/2022\/05\/cropped-brasilnoticias-mini.jpg\",\"contentUrl\":\"https:\/\/brasilnoticias.org\/site\/wp-content\/uploads\/2022\/05\/cropped-brasilnoticias-mini.jpg\",\"width\":314,\"height\":86,\"caption\":\"Brasil not\u00edcias\"},\"image\":{\"@id\":\"https:\/\/brasilnoticias.org\/site\/#\/schema\/logo\/image\/\"}},{\"@type\":\"Person\",\"@id\":\"https:\/\/brasilnoticias.org\/site\/#\/schema\/person\/03bbbfe6c7634ad18c26444ea39049fa\",\"name\":\"Reda\u00e7\u00e3o\",\"image\":{\"@type\":\"ImageObject\",\"inLanguage\":\"pt-PT\",\"@id\":\"https:\/\/brasilnoticias.org\/site\/#\/schema\/person\/image\/\",\"url\":\"https:\/\/secure.gravatar.com\/avatar\/9ecaf7327a696cb23ad926fedded5f1f04d7049de9e445375d55b48c001a6e42?s=96&d=mm&r=g\",\"contentUrl\":\"https:\/\/secure.gravatar.com\/avatar\/9ecaf7327a696cb23ad926fedded5f1f04d7049de9e445375d55b48c001a6e42?s=96&d=mm&r=g\",\"caption\":\"Reda\u00e7\u00e3o\"},\"url\":\"https:\/\/brasilnoticias.org\/site\/author\/henrique\/\"}]}<\/script>\n<!-- \/ Yoast SEO plugin. -->","yoast_head_json":{"title":"De 'chapa dos sonhos' \u00e0 alian\u00e7a dos pesadelos: Neto seduz PSD com Senado completo - Brasil not\u00edcias","robots":{"index":"index","follow":"follow","max-snippet":"max-snippet:-1","max-image-preview":"max-image-preview:large","max-video-preview":"max-video-preview:-1"},"canonical":"https:\/\/brasilnoticias.org\/site\/de-chapa-dos-sonhos-a-alianca-dos-pesadelos-neto-seduz-psd-com-senado-completo\/","og_locale":"pt_PT","og_type":"article","og_title":"De 'chapa dos sonhos' \u00e0 alian\u00e7a dos pesadelos: Neto seduz PSD com Senado completo - Brasil not\u00edcias","og_description":"Aliados de Otto admitem m\u00e1goa com ambi\u00e7\u00f5es do PT, rejeitam vice e classificam Rui como &#8220;inimigo&#8221;; No PSDB, deputado cogita","og_url":"https:\/\/brasilnoticias.org\/site\/de-chapa-dos-sonhos-a-alianca-dos-pesadelos-neto-seduz-psd-com-senado-completo\/","og_site_name":"Brasil not\u00edcias","article_published_time":"2025-06-07T20:27:51+00:00","og_image":[{"width":1546,"height":870,"url":"https:\/\/brasilnoticias.org\/site\/wp-content\/uploads\/2025\/06\/neto-wagner-otto-1.jpg","type":"image\/jpeg"}],"author":"Reda\u00e7\u00e3o","twitter_card":"summary_large_image","twitter_misc":{"Escrito por":"Reda\u00e7\u00e3o","Tempo estimado de leitura":"1 minuto"},"schema":{"@context":"https:\/\/schema.org","@graph":[{"@type":"Article","@id":"https:\/\/brasilnoticias.org\/site\/de-chapa-dos-sonhos-a-alianca-dos-pesadelos-neto-seduz-psd-com-senado-completo\/#article","isPartOf":{"@id":"https:\/\/brasilnoticias.org\/site\/de-chapa-dos-sonhos-a-alianca-dos-pesadelos-neto-seduz-psd-com-senado-completo\/"},"author":{"name":"Reda\u00e7\u00e3o","@id":"https:\/\/brasilnoticias.org\/site\/#\/schema\/person\/03bbbfe6c7634ad18c26444ea39049fa"},"headline":"De &#8216;chapa dos sonhos&#8217; \u00e0 alian\u00e7a dos pesadelos: Neto seduz PSD com Senado completo","datePublished":"2025-06-07T20:27:51+00:00","mainEntityOfPage":{"@id":"https:\/\/brasilnoticias.org\/site\/de-chapa-dos-sonhos-a-alianca-dos-pesadelos-neto-seduz-psd-com-senado-completo\/"},"wordCount":1441,"commentCount":0,"publisher":{"@id":"https:\/\/brasilnoticias.org\/site\/#organization"},"image":{"@id":"https:\/\/brasilnoticias.org\/site\/de-chapa-dos-sonhos-a-alianca-dos-pesadelos-neto-seduz-psd-com-senado-completo\/#primaryimage"},"thumbnailUrl":"https:\/\/brasilnoticias.org\/site\/wp-content\/uploads\/2025\/06\/neto-wagner-otto-1.jpg","articleSection":["Pol\u00edtica","\u00daltimas"],"inLanguage":"pt-PT","potentialAction":[{"@type":"CommentAction","name":"Comment","target":["https:\/\/brasilnoticias.org\/site\/de-chapa-dos-sonhos-a-alianca-dos-pesadelos-neto-seduz-psd-com-senado-completo\/#respond"]}]},{"@type":"WebPage","@id":"https:\/\/brasilnoticias.org\/site\/de-chapa-dos-sonhos-a-alianca-dos-pesadelos-neto-seduz-psd-com-senado-completo\/","url":"https:\/\/brasilnoticias.org\/site\/de-chapa-dos-sonhos-a-alianca-dos-pesadelos-neto-seduz-psd-com-senado-completo\/","name":"De 'chapa dos sonhos' \u00e0 alian\u00e7a dos pesadelos: Neto seduz PSD com Senado completo - Brasil not\u00edcias","isPartOf":{"@id":"https:\/\/brasilnoticias.org\/site\/#website"},"primaryImageOfPage":{"@id":"https:\/\/brasilnoticias.org\/site\/de-chapa-dos-sonhos-a-alianca-dos-pesadelos-neto-seduz-psd-com-senado-completo\/#primaryimage"},"image":{"@id":"https:\/\/brasilnoticias.org\/site\/de-chapa-dos-sonhos-a-alianca-dos-pesadelos-neto-seduz-psd-com-senado-completo\/#primaryimage"},"thumbnailUrl":"https:\/\/brasilnoticias.org\/site\/wp-content\/uploads\/2025\/06\/neto-wagner-otto-1.jpg","datePublished":"2025-06-07T20:27:51+00:00","breadcrumb":{"@id":"https:\/\/brasilnoticias.org\/site\/de-chapa-dos-sonhos-a-alianca-dos-pesadelos-neto-seduz-psd-com-senado-completo\/#breadcrumb"},"inLanguage":"pt-PT","potentialAction":[{"@type":"ReadAction","target":["https:\/\/brasilnoticias.org\/site\/de-chapa-dos-sonhos-a-alianca-dos-pesadelos-neto-seduz-psd-com-senado-completo\/"]}]},{"@type":"ImageObject","inLanguage":"pt-PT","@id":"https:\/\/brasilnoticias.org\/site\/de-chapa-dos-sonhos-a-alianca-dos-pesadelos-neto-seduz-psd-com-senado-completo\/#primaryimage","url":"https:\/\/brasilnoticias.org\/site\/wp-content\/uploads\/2025\/06\/neto-wagner-otto-1.jpg","contentUrl":"https:\/\/brasilnoticias.org\/site\/wp-content\/uploads\/2025\/06\/neto-wagner-otto-1.jpg","width":1546,"height":870},{"@type":"BreadcrumbList","@id":"https:\/\/brasilnoticias.org\/site\/de-chapa-dos-sonhos-a-alianca-dos-pesadelos-neto-seduz-psd-com-senado-completo\/#breadcrumb","itemListElement":[{"@type":"ListItem","position":1,"name":"In\u00edcio","item":"https:\/\/brasilnoticias.org\/site\/"},{"@type":"ListItem","position":2,"name":"De &#8216;chapa dos sonhos&#8217; \u00e0 alian\u00e7a dos pesadelos: Neto seduz PSD com Senado completo"}]},{"@type":"WebSite","@id":"https:\/\/brasilnoticias.org\/site\/#website","url":"https:\/\/brasilnoticias.org\/site\/","name":"Brasil not\u00edcias","description":"Brasil not\u00edcias","publisher":{"@id":"https:\/\/brasilnoticias.org\/site\/#organization"},"potentialAction":[{"@type":"SearchAction","target":{"@type":"EntryPoint","urlTemplate":"https:\/\/brasilnoticias.org\/site\/?s={search_term_string}"},"query-input":{"@type":"PropertyValueSpecification","valueRequired":true,"valueName":"search_term_string"}}],"inLanguage":"pt-PT"},{"@type":"Organization","@id":"https:\/\/brasilnoticias.org\/site\/#organization","name":"Brasil not\u00edcias","url":"https:\/\/brasilnoticias.org\/site\/","logo":{"@type":"ImageObject","inLanguage":"pt-PT","@id":"https:\/\/brasilnoticias.org\/site\/#\/schema\/logo\/image\/","url":"https:\/\/brasilnoticias.org\/site\/wp-content\/uploads\/2022\/05\/cropped-brasilnoticias-mini.jpg","contentUrl":"https:\/\/brasilnoticias.org\/site\/wp-content\/uploads\/2022\/05\/cropped-brasilnoticias-mini.jpg","width":314,"height":86,"caption":"Brasil not\u00edcias"},"image":{"@id":"https:\/\/brasilnoticias.org\/site\/#\/schema\/logo\/image\/"}},{"@type":"Person","@id":"https:\/\/brasilnoticias.org\/site\/#\/schema\/person\/03bbbfe6c7634ad18c26444ea39049fa","name":"Reda\u00e7\u00e3o","image":{"@type":"ImageObject","inLanguage":"pt-PT","@id":"https:\/\/brasilnoticias.org\/site\/#\/schema\/person\/image\/","url":"https:\/\/secure.gravatar.com\/avatar\/9ecaf7327a696cb23ad926fedded5f1f04d7049de9e445375d55b48c001a6e42?s=96&d=mm&r=g","contentUrl":"https:\/\/secure.gravatar.com\/avatar\/9ecaf7327a696cb23ad926fedded5f1f04d7049de9e445375d55b48c001a6e42?s=96&d=mm&r=g","caption":"Reda\u00e7\u00e3o"},"url":"https:\/\/brasilnoticias.org\/site\/author\/henrique\/"}]}},"_links":{"self":[{"href":"https:\/\/brasilnoticias.org\/site\/wp-json\/wp\/v2\/posts\/17354","targetHints":{"allow":["GET"]}}],"collection":[{"href":"https:\/\/brasilnoticias.org\/site\/wp-json\/wp\/v2\/posts"}],"about":[{"href":"https:\/\/brasilnoticias.org\/site\/wp-json\/wp\/v2\/types\/post"}],"author":[{"embeddable":true,"href":"https:\/\/brasilnoticias.org\/site\/wp-json\/wp\/v2\/users\/4"}],"replies":[{"embeddable":true,"href":"https:\/\/brasilnoticias.org\/site\/wp-json\/wp\/v2\/comments?post=17354"}],"version-history":[{"count":1,"href":"https:\/\/brasilnoticias.org\/site\/wp-json\/wp\/v2\/posts\/17354\/revisions"}],"predecessor-version":[{"id":17356,"href":"https:\/\/brasilnoticias.org\/site\/wp-json\/wp\/v2\/posts\/17354\/revisions\/17356"}],"wp:featuredmedia":[{"embeddable":true,"href":"https:\/\/brasilnoticias.org\/site\/wp-json\/wp\/v2\/media\/17355"}],"wp:attachment":[{"href":"https:\/\/brasilnoticias.org\/site\/wp-json\/wp\/v2\/media?parent=17354"}],"wp:term":[{"taxonomy":"category","embeddable":true,"href":"https:\/\/brasilnoticias.org\/site\/wp-json\/wp\/v2\/categories?post=17354"},{"taxonomy":"post_tag","embeddable":true,"href":"https:\/\/brasilnoticias.org\/site\/wp-json\/wp\/v2\/tags?post=17354"}],"curies":[{"name":"wp","href":"https:\/\/api.w.org\/{rel}","templated":true}]}}