{"id":17369,"date":"2025-06-09T16:26:08","date_gmt":"2025-06-09T19:26:08","guid":{"rendered":"https:\/\/brasilnoticias.org\/site\/?p=17369"},"modified":"2025-06-09T16:26:08","modified_gmt":"2025-06-09T19:26:08","slug":"rui-perde-a-linha-cobra-prefeita-em-publico-e-cria-saia-justa-entre-petistas","status":"publish","type":"post","link":"https:\/\/brasilnoticias.org\/site\/rui-perde-a-linha-cobra-prefeita-em-publico-e-cria-saia-justa-entre-petistas\/","title":{"rendered":"Rui perde a linha, cobra prefeita em p\u00fablico e cria saia-justa entre petistas"},"content":{"rendered":"<p>Aus\u00eancia de Sheila Lemos em agenda federal vira pretexto para desabafo p\u00fablico de ministro, e acende alerta no PT sobre os efeitos colaterais no projeto de reelei\u00e7\u00e3o de Jer\u00f4nimo<\/p>\n<p>Enquanto Jer\u00f4nimo Rodrigues (PT) tenta conquistar apoio com afagos e sorrisos, seu principal &#8220;aliado&#8221; em Bras\u00edlia parece fazer o oposto. Em tom hostil, o ministro da Casa Civil, Rui Costa, protagonizou mais um epis\u00f3dio de temperamento explosivo ao cobrar publicamente a aus\u00eancia da prefeita Sheila Lemos (Uni\u00e3o Brasil) em um evento do governo federal em Vit\u00f3ria da Conquista.<\/p>\n<p>\u201cEu n\u00e3o sei qual \u00e9 a agenda da gestora municipal, deve ter uma agenda mais importante do que pedir alguma coisa para Conquista ao ministro da Casa Civil, do governo federal, e ao governador da Bahia\u201d, alfinetou Rui, visivelmente irritado, diante de um palanque tomado por aliados do PT e da base governista.<\/p>\n<p>A fala pegou mal n\u00e3o s\u00f3 entre opositores, mas tamb\u00e9m entre petistas, que avaliam que esse tipo de postura autorit\u00e1ria atrapalha o esfor\u00e7o de Jer\u00f4nimo para construir pontes com prefeitos da oposi\u00e7\u00e3o \u2014 t\u00e1tica considerada essencial para fortalecer sua base rumo a 2026. Nos bastidores, h\u00e1 quem diga que Rui ainda n\u00e3o aprendeu a lidar com a frustra\u00e7\u00e3o de n\u00e3o ser o centro das aten\u00e7\u00f5es.<\/p>\n<p>Sheila, por sua vez, n\u00e3o caiu na armadilha. Em vez de se colocar sob poss\u00edvel hostilidade em um evento recheado de advers\u00e1rios, preferiu cumprir agenda ao lado de ACM Neto \u2014 com quem visitou a constru\u00e7\u00e3o da primeira UPA municipal e inaugurou o Centro Municipal de Forma\u00e7\u00e3o Educacional Professor Raymundo Vianna. Evitou vaias e, de quebra, refor\u00e7ou alian\u00e7a com o prov\u00e1vel candidato da oposi\u00e7\u00e3o ao governo estadual.<\/p>\n<p>O ministro chegou a dizer que a aus\u00eancia foi injustificada, mas o cerimonial do governo confirmou o envio de convite \u00e0 prefeita.<\/p>\n<p>Confira o v\u00eddeo:<\/p>\n<div style=\"width: 480px;\" class=\"wp-video\"><video class=\"wp-video-shortcode\" id=\"video-17369-1\" width=\"480\" height=\"848\" preload=\"metadata\" controls=\"controls\"><source type=\"video\/mp4\" src=\"https:\/\/brasilnoticias.org\/site\/wp-content\/uploads\/2025\/06\/WhatsApp-Video-2025-06-08-at-17.05.09.mp4?_=1\" \/><a href=\"https:\/\/brasilnoticias.org\/site\/wp-content\/uploads\/2025\/06\/WhatsApp-Video-2025-06-08-at-17.05.09.mp4\">https:\/\/brasilnoticias.org\/site\/wp-content\/uploads\/2025\/06\/WhatsApp-Video-2025-06-08-at-17.05.09.mp4<\/a><\/video><\/div>\n<p>Foto: Matheus Landim\/GOVBA<br \/>\nBlog do Vila<\/p>\n","protected":false},"excerpt":{"rendered":"<p>Aus\u00eancia de Sheila Lemos em agenda federal vira pretexto para desabafo p\u00fablico de ministro, e acende alerta no PT sobre<\/p>\n","protected":false},"author":4,"featured_media":17372,"comment_status":"open","ping_status":"open","sticky":false,"template":"","format":"standard","meta":{"colormag_page_container_layout":"default_layout","colormag_page_sidebar_layout":"default_layout","_FSMCFIC_featured_image_caption":"","_FSMCFIC_featured_image_nocaption":"","_FSMCFIC_featured_image_hide":"","footnotes":""},"categories":[5,1],"tags":[],"class_list":["post-17369","post","type-post","status-publish","format-standard","has-post-thumbnail","hentry","category-politica","category-ultimas"],"yoast_head":"<!-- This site is optimized with the Yoast SEO plugin v27.1.1 - https:\/\/yoast.com\/product\/yoast-seo-wordpress\/ -->\n<title>Rui perde a linha, cobra prefeita em p\u00fablico e cria saia-justa entre petistas - Brasil not\u00edcias<\/title>\n<meta name=\"robots\" content=\"index, follow, max-snippet:-1, max-image-preview:large, max-video-preview:-1\" \/>\n<link rel=\"canonical\" href=\"https:\/\/brasilnoticias.org\/site\/rui-perde-a-linha-cobra-prefeita-em-publico-e-cria-saia-justa-entre-petistas\/\" \/>\n<meta property=\"og:locale\" content=\"pt_PT\" \/>\n<meta property=\"og:type\" content=\"article\" \/>\n<meta property=\"og:title\" content=\"Rui perde a linha, cobra prefeita em p\u00fablico e cria saia-justa entre petistas - Brasil not\u00edcias\" \/>\n<meta property=\"og:description\" content=\"Aus\u00eancia de Sheila Lemos em agenda federal vira pretexto para desabafo p\u00fablico de ministro, e acende alerta no PT sobre\" \/>\n<meta property=\"og:url\" content=\"https:\/\/brasilnoticias.org\/site\/rui-perde-a-linha-cobra-prefeita-em-publico-e-cria-saia-justa-entre-petistas\/\" \/>\n<meta property=\"og:site_name\" content=\"Brasil not\u00edcias\" \/>\n<meta property=\"article:published_time\" content=\"2025-06-09T19:26:08+00:00\" \/>\n<meta property=\"og:image\" content=\"https:\/\/brasilnoticias.org\/site\/wp-content\/uploads\/2025\/06\/54572015599_21f7192036_k.jpg\" \/>\n\t<meta property=\"og:image:width\" content=\"2047\" \/>\n\t<meta property=\"og:image:height\" content=\"1151\" \/>\n\t<meta property=\"og:image:type\" content=\"image\/jpeg\" \/>\n<meta name=\"author\" content=\"Reda\u00e7\u00e3o\" \/>\n<meta name=\"twitter:card\" content=\"summary_large_image\" \/>\n<meta name=\"twitter:label1\" content=\"Escrito por\" \/>\n\t<meta name=\"twitter:data1\" content=\"Reda\u00e7\u00e3o\" \/>\n\t<meta name=\"twitter:label2\" content=\"Tempo estimado de leitura\" \/>\n\t<meta name=\"twitter:data2\" content=\"1 minuto\" \/>\n<script type=\"application\/ld+json\" class=\"yoast-schema-graph\">{\"@context\":\"https:\/\/schema.org\",\"@graph\":[{\"@type\":\"Article\",\"@id\":\"https:\/\/brasilnoticias.org\/site\/rui-perde-a-linha-cobra-prefeita-em-publico-e-cria-saia-justa-entre-petistas\/#article\",\"isPartOf\":{\"@id\":\"https:\/\/brasilnoticias.org\/site\/rui-perde-a-linha-cobra-prefeita-em-publico-e-cria-saia-justa-entre-petistas\/\"},\"author\":{\"name\":\"Reda\u00e7\u00e3o\",\"@id\":\"https:\/\/brasilnoticias.org\/site\/#\/schema\/person\/03bbbfe6c7634ad18c26444ea39049fa\"},\"headline\":\"Rui perde a linha, cobra prefeita em p\u00fablico e cria saia-justa entre petistas\",\"datePublished\":\"2025-06-09T19:26:08+00:00\",\"mainEntityOfPage\":{\"@id\":\"https:\/\/brasilnoticias.org\/site\/rui-perde-a-linha-cobra-prefeita-em-publico-e-cria-saia-justa-entre-petistas\/\"},\"wordCount\":362,\"commentCount\":0,\"publisher\":{\"@id\":\"https:\/\/brasilnoticias.org\/site\/#organization\"},\"image\":{\"@id\":\"https:\/\/brasilnoticias.org\/site\/rui-perde-a-linha-cobra-prefeita-em-publico-e-cria-saia-justa-entre-petistas\/#primaryimage\"},\"thumbnailUrl\":\"https:\/\/brasilnoticias.org\/site\/wp-content\/uploads\/2025\/06\/54572015599_21f7192036_k.jpg\",\"articleSection\":[\"Pol\u00edtica\",\"\u00daltimas\"],\"inLanguage\":\"pt-PT\",\"potentialAction\":[{\"@type\":\"CommentAction\",\"name\":\"Comment\",\"target\":[\"https:\/\/brasilnoticias.org\/site\/rui-perde-a-linha-cobra-prefeita-em-publico-e-cria-saia-justa-entre-petistas\/#respond\"]}]},{\"@type\":\"WebPage\",\"@id\":\"https:\/\/brasilnoticias.org\/site\/rui-perde-a-linha-cobra-prefeita-em-publico-e-cria-saia-justa-entre-petistas\/\",\"url\":\"https:\/\/brasilnoticias.org\/site\/rui-perde-a-linha-cobra-prefeita-em-publico-e-cria-saia-justa-entre-petistas\/\",\"name\":\"Rui perde a linha, cobra prefeita em p\u00fablico e cria saia-justa entre petistas - Brasil not\u00edcias\",\"isPartOf\":{\"@id\":\"https:\/\/brasilnoticias.org\/site\/#website\"},\"primaryImageOfPage\":{\"@id\":\"https:\/\/brasilnoticias.org\/site\/rui-perde-a-linha-cobra-prefeita-em-publico-e-cria-saia-justa-entre-petistas\/#primaryimage\"},\"image\":{\"@id\":\"https:\/\/brasilnoticias.org\/site\/rui-perde-a-linha-cobra-prefeita-em-publico-e-cria-saia-justa-entre-petistas\/#primaryimage\"},\"thumbnailUrl\":\"https:\/\/brasilnoticias.org\/site\/wp-content\/uploads\/2025\/06\/54572015599_21f7192036_k.jpg\",\"datePublished\":\"2025-06-09T19:26:08+00:00\",\"breadcrumb\":{\"@id\":\"https:\/\/brasilnoticias.org\/site\/rui-perde-a-linha-cobra-prefeita-em-publico-e-cria-saia-justa-entre-petistas\/#breadcrumb\"},\"inLanguage\":\"pt-PT\",\"potentialAction\":[{\"@type\":\"ReadAction\",\"target\":[\"https:\/\/brasilnoticias.org\/site\/rui-perde-a-linha-cobra-prefeita-em-publico-e-cria-saia-justa-entre-petistas\/\"]}]},{\"@type\":\"ImageObject\",\"inLanguage\":\"pt-PT\",\"@id\":\"https:\/\/brasilnoticias.org\/site\/rui-perde-a-linha-cobra-prefeita-em-publico-e-cria-saia-justa-entre-petistas\/#primaryimage\",\"url\":\"https:\/\/brasilnoticias.org\/site\/wp-content\/uploads\/2025\/06\/54572015599_21f7192036_k.jpg\",\"contentUrl\":\"https:\/\/brasilnoticias.org\/site\/wp-content\/uploads\/2025\/06\/54572015599_21f7192036_k.jpg\",\"width\":2047,\"height\":1151},{\"@type\":\"BreadcrumbList\",\"@id\":\"https:\/\/brasilnoticias.org\/site\/rui-perde-a-linha-cobra-prefeita-em-publico-e-cria-saia-justa-entre-petistas\/#breadcrumb\",\"itemListElement\":[{\"@type\":\"ListItem\",\"position\":1,\"name\":\"In\u00edcio\",\"item\":\"https:\/\/brasilnoticias.org\/site\/\"},{\"@type\":\"ListItem\",\"position\":2,\"name\":\"Rui perde a linha, cobra prefeita em p\u00fablico e cria saia-justa entre petistas\"}]},{\"@type\":\"WebSite\",\"@id\":\"https:\/\/brasilnoticias.org\/site\/#website\",\"url\":\"https:\/\/brasilnoticias.org\/site\/\",\"name\":\"Brasil not\u00edcias\",\"description\":\"Brasil not\u00edcias\",\"publisher\":{\"@id\":\"https:\/\/brasilnoticias.org\/site\/#organization\"},\"potentialAction\":[{\"@type\":\"SearchAction\",\"target\":{\"@type\":\"EntryPoint\",\"urlTemplate\":\"https:\/\/brasilnoticias.org\/site\/?s={search_term_string}\"},\"query-input\":{\"@type\":\"PropertyValueSpecification\",\"valueRequired\":true,\"valueName\":\"search_term_string\"}}],\"inLanguage\":\"pt-PT\"},{\"@type\":\"Organization\",\"@id\":\"https:\/\/brasilnoticias.org\/site\/#organization\",\"name\":\"Brasil not\u00edcias\",\"url\":\"https:\/\/brasilnoticias.org\/site\/\",\"logo\":{\"@type\":\"ImageObject\",\"inLanguage\":\"pt-PT\",\"@id\":\"https:\/\/brasilnoticias.org\/site\/#\/schema\/logo\/image\/\",\"url\":\"https:\/\/brasilnoticias.org\/site\/wp-content\/uploads\/2022\/05\/cropped-brasilnoticias-mini.jpg\",\"contentUrl\":\"https:\/\/brasilnoticias.org\/site\/wp-content\/uploads\/2022\/05\/cropped-brasilnoticias-mini.jpg\",\"width\":314,\"height\":86,\"caption\":\"Brasil not\u00edcias\"},\"image\":{\"@id\":\"https:\/\/brasilnoticias.org\/site\/#\/schema\/logo\/image\/\"}},{\"@type\":\"Person\",\"@id\":\"https:\/\/brasilnoticias.org\/site\/#\/schema\/person\/03bbbfe6c7634ad18c26444ea39049fa\",\"name\":\"Reda\u00e7\u00e3o\",\"image\":{\"@type\":\"ImageObject\",\"inLanguage\":\"pt-PT\",\"@id\":\"https:\/\/brasilnoticias.org\/site\/#\/schema\/person\/image\/\",\"url\":\"https:\/\/secure.gravatar.com\/avatar\/9ecaf7327a696cb23ad926fedded5f1f04d7049de9e445375d55b48c001a6e42?s=96&d=mm&r=g\",\"contentUrl\":\"https:\/\/secure.gravatar.com\/avatar\/9ecaf7327a696cb23ad926fedded5f1f04d7049de9e445375d55b48c001a6e42?s=96&d=mm&r=g\",\"caption\":\"Reda\u00e7\u00e3o\"},\"url\":\"https:\/\/brasilnoticias.org\/site\/author\/henrique\/\"}]}<\/script>\n<!-- \/ Yoast SEO plugin. -->","yoast_head_json":{"title":"Rui perde a linha, cobra prefeita em p\u00fablico e cria saia-justa entre petistas - Brasil not\u00edcias","robots":{"index":"index","follow":"follow","max-snippet":"max-snippet:-1","max-image-preview":"max-image-preview:large","max-video-preview":"max-video-preview:-1"},"canonical":"https:\/\/brasilnoticias.org\/site\/rui-perde-a-linha-cobra-prefeita-em-publico-e-cria-saia-justa-entre-petistas\/","og_locale":"pt_PT","og_type":"article","og_title":"Rui perde a linha, cobra prefeita em p\u00fablico e cria saia-justa entre petistas - Brasil not\u00edcias","og_description":"Aus\u00eancia de Sheila Lemos em agenda federal vira pretexto para desabafo p\u00fablico de ministro, e acende alerta no PT sobre","og_url":"https:\/\/brasilnoticias.org\/site\/rui-perde-a-linha-cobra-prefeita-em-publico-e-cria-saia-justa-entre-petistas\/","og_site_name":"Brasil not\u00edcias","article_published_time":"2025-06-09T19:26:08+00:00","og_image":[{"width":2047,"height":1151,"url":"https:\/\/brasilnoticias.org\/site\/wp-content\/uploads\/2025\/06\/54572015599_21f7192036_k.jpg","type":"image\/jpeg"}],"author":"Reda\u00e7\u00e3o","twitter_card":"summary_large_image","twitter_misc":{"Escrito por":"Reda\u00e7\u00e3o","Tempo estimado de leitura":"1 minuto"},"schema":{"@context":"https:\/\/schema.org","@graph":[{"@type":"Article","@id":"https:\/\/brasilnoticias.org\/site\/rui-perde-a-linha-cobra-prefeita-em-publico-e-cria-saia-justa-entre-petistas\/#article","isPartOf":{"@id":"https:\/\/brasilnoticias.org\/site\/rui-perde-a-linha-cobra-prefeita-em-publico-e-cria-saia-justa-entre-petistas\/"},"author":{"name":"Reda\u00e7\u00e3o","@id":"https:\/\/brasilnoticias.org\/site\/#\/schema\/person\/03bbbfe6c7634ad18c26444ea39049fa"},"headline":"Rui perde a linha, cobra prefeita em p\u00fablico e cria saia-justa entre petistas","datePublished":"2025-06-09T19:26:08+00:00","mainEntityOfPage":{"@id":"https:\/\/brasilnoticias.org\/site\/rui-perde-a-linha-cobra-prefeita-em-publico-e-cria-saia-justa-entre-petistas\/"},"wordCount":362,"commentCount":0,"publisher":{"@id":"https:\/\/brasilnoticias.org\/site\/#organization"},"image":{"@id":"https:\/\/brasilnoticias.org\/site\/rui-perde-a-linha-cobra-prefeita-em-publico-e-cria-saia-justa-entre-petistas\/#primaryimage"},"thumbnailUrl":"https:\/\/brasilnoticias.org\/site\/wp-content\/uploads\/2025\/06\/54572015599_21f7192036_k.jpg","articleSection":["Pol\u00edtica","\u00daltimas"],"inLanguage":"pt-PT","potentialAction":[{"@type":"CommentAction","name":"Comment","target":["https:\/\/brasilnoticias.org\/site\/rui-perde-a-linha-cobra-prefeita-em-publico-e-cria-saia-justa-entre-petistas\/#respond"]}]},{"@type":"WebPage","@id":"https:\/\/brasilnoticias.org\/site\/rui-perde-a-linha-cobra-prefeita-em-publico-e-cria-saia-justa-entre-petistas\/","url":"https:\/\/brasilnoticias.org\/site\/rui-perde-a-linha-cobra-prefeita-em-publico-e-cria-saia-justa-entre-petistas\/","name":"Rui perde a linha, cobra prefeita em p\u00fablico e cria saia-justa entre petistas - Brasil not\u00edcias","isPartOf":{"@id":"https:\/\/brasilnoticias.org\/site\/#website"},"primaryImageOfPage":{"@id":"https:\/\/brasilnoticias.org\/site\/rui-perde-a-linha-cobra-prefeita-em-publico-e-cria-saia-justa-entre-petistas\/#primaryimage"},"image":{"@id":"https:\/\/brasilnoticias.org\/site\/rui-perde-a-linha-cobra-prefeita-em-publico-e-cria-saia-justa-entre-petistas\/#primaryimage"},"thumbnailUrl":"https:\/\/brasilnoticias.org\/site\/wp-content\/uploads\/2025\/06\/54572015599_21f7192036_k.jpg","datePublished":"2025-06-09T19:26:08+00:00","breadcrumb":{"@id":"https:\/\/brasilnoticias.org\/site\/rui-perde-a-linha-cobra-prefeita-em-publico-e-cria-saia-justa-entre-petistas\/#breadcrumb"},"inLanguage":"pt-PT","potentialAction":[{"@type":"ReadAction","target":["https:\/\/brasilnoticias.org\/site\/rui-perde-a-linha-cobra-prefeita-em-publico-e-cria-saia-justa-entre-petistas\/"]}]},{"@type":"ImageObject","inLanguage":"pt-PT","@id":"https:\/\/brasilnoticias.org\/site\/rui-perde-a-linha-cobra-prefeita-em-publico-e-cria-saia-justa-entre-petistas\/#primaryimage","url":"https:\/\/brasilnoticias.org\/site\/wp-content\/uploads\/2025\/06\/54572015599_21f7192036_k.jpg","contentUrl":"https:\/\/brasilnoticias.org\/site\/wp-content\/uploads\/2025\/06\/54572015599_21f7192036_k.jpg","width":2047,"height":1151},{"@type":"BreadcrumbList","@id":"https:\/\/brasilnoticias.org\/site\/rui-perde-a-linha-cobra-prefeita-em-publico-e-cria-saia-justa-entre-petistas\/#breadcrumb","itemListElement":[{"@type":"ListItem","position":1,"name":"In\u00edcio","item":"https:\/\/brasilnoticias.org\/site\/"},{"@type":"ListItem","position":2,"name":"Rui perde a linha, cobra prefeita em p\u00fablico e cria saia-justa entre petistas"}]},{"@type":"WebSite","@id":"https:\/\/brasilnoticias.org\/site\/#website","url":"https:\/\/brasilnoticias.org\/site\/","name":"Brasil not\u00edcias","description":"Brasil not\u00edcias","publisher":{"@id":"https:\/\/brasilnoticias.org\/site\/#organization"},"potentialAction":[{"@type":"SearchAction","target":{"@type":"EntryPoint","urlTemplate":"https:\/\/brasilnoticias.org\/site\/?s={search_term_string}"},"query-input":{"@type":"PropertyValueSpecification","valueRequired":true,"valueName":"search_term_string"}}],"inLanguage":"pt-PT"},{"@type":"Organization","@id":"https:\/\/brasilnoticias.org\/site\/#organization","name":"Brasil not\u00edcias","url":"https:\/\/brasilnoticias.org\/site\/","logo":{"@type":"ImageObject","inLanguage":"pt-PT","@id":"https:\/\/brasilnoticias.org\/site\/#\/schema\/logo\/image\/","url":"https:\/\/brasilnoticias.org\/site\/wp-content\/uploads\/2022\/05\/cropped-brasilnoticias-mini.jpg","contentUrl":"https:\/\/brasilnoticias.org\/site\/wp-content\/uploads\/2022\/05\/cropped-brasilnoticias-mini.jpg","width":314,"height":86,"caption":"Brasil not\u00edcias"},"image":{"@id":"https:\/\/brasilnoticias.org\/site\/#\/schema\/logo\/image\/"}},{"@type":"Person","@id":"https:\/\/brasilnoticias.org\/site\/#\/schema\/person\/03bbbfe6c7634ad18c26444ea39049fa","name":"Reda\u00e7\u00e3o","image":{"@type":"ImageObject","inLanguage":"pt-PT","@id":"https:\/\/brasilnoticias.org\/site\/#\/schema\/person\/image\/","url":"https:\/\/secure.gravatar.com\/avatar\/9ecaf7327a696cb23ad926fedded5f1f04d7049de9e445375d55b48c001a6e42?s=96&d=mm&r=g","contentUrl":"https:\/\/secure.gravatar.com\/avatar\/9ecaf7327a696cb23ad926fedded5f1f04d7049de9e445375d55b48c001a6e42?s=96&d=mm&r=g","caption":"Reda\u00e7\u00e3o"},"url":"https:\/\/brasilnoticias.org\/site\/author\/henrique\/"}]}},"_links":{"self":[{"href":"https:\/\/brasilnoticias.org\/site\/wp-json\/wp\/v2\/posts\/17369","targetHints":{"allow":["GET"]}}],"collection":[{"href":"https:\/\/brasilnoticias.org\/site\/wp-json\/wp\/v2\/posts"}],"about":[{"href":"https:\/\/brasilnoticias.org\/site\/wp-json\/wp\/v2\/types\/post"}],"author":[{"embeddable":true,"href":"https:\/\/brasilnoticias.org\/site\/wp-json\/wp\/v2\/users\/4"}],"replies":[{"embeddable":true,"href":"https:\/\/brasilnoticias.org\/site\/wp-json\/wp\/v2\/comments?post=17369"}],"version-history":[{"count":1,"href":"https:\/\/brasilnoticias.org\/site\/wp-json\/wp\/v2\/posts\/17369\/revisions"}],"predecessor-version":[{"id":17373,"href":"https:\/\/brasilnoticias.org\/site\/wp-json\/wp\/v2\/posts\/17369\/revisions\/17373"}],"wp:featuredmedia":[{"embeddable":true,"href":"https:\/\/brasilnoticias.org\/site\/wp-json\/wp\/v2\/media\/17372"}],"wp:attachment":[{"href":"https:\/\/brasilnoticias.org\/site\/wp-json\/wp\/v2\/media?parent=17369"}],"wp:term":[{"taxonomy":"category","embeddable":true,"href":"https:\/\/brasilnoticias.org\/site\/wp-json\/wp\/v2\/categories?post=17369"},{"taxonomy":"post_tag","embeddable":true,"href":"https:\/\/brasilnoticias.org\/site\/wp-json\/wp\/v2\/tags?post=17369"}],"curies":[{"name":"wp","href":"https:\/\/api.w.org\/{rel}","templated":true}]}}