{"id":17385,"date":"2025-06-09T19:08:56","date_gmt":"2025-06-09T22:08:56","guid":{"rendered":"https:\/\/brasilnoticias.org\/site\/?p=17385"},"modified":"2025-06-09T19:08:56","modified_gmt":"2025-06-09T22:08:56","slug":"praia-na-ilha-dos-frades-e-eleita-a-melhor-das-americas-e-peninsula-iberica","status":"publish","type":"post","link":"https:\/\/brasilnoticias.org\/site\/praia-na-ilha-dos-frades-e-eleita-a-melhor-das-americas-e-peninsula-iberica\/","title":{"rendered":"PRAIA NA ILHA DOS FRADES \u00c9 ELEITA A MELHOR DAS AM\u00c9RICAS E PEN\u00cdNSULA IB\u00c9RICA"},"content":{"rendered":"<p>A presidente da Funda\u00e7\u00e3o Ba\u00eda Viva, Isabela Suarez, celebrou o marco e destacou o trabalho em conjunto com a comunidade<\/p>\n<p>Salvador, 09 de junho de 2025 &#8211; O Centro Internacional de Forma\u00e7\u00e3o em Gest\u00e3o e Certifica\u00e7\u00e3o de Praias (CIF Playas) e a Rede Iberoamericana de Gest\u00e3o e Certifica\u00e7\u00e3o de Praias (Proplayas) apresentam o Ranking das Melhores Praias 2025. Como resultado, a praia de Ponta de Nossa Senhora de Guadalupe, situada na Ilha dos Frades, em Salvador, conquistou o 1\u00ba lugar dentre todas as 200 praias avaliadas nas Am\u00e9ricas e Pen\u00ednsula Ib\u00e9rica. A iniciativa \u00e9 fruto da aplica\u00e7\u00e3o da Estrutura de Prioriza\u00e7\u00e3o de Praias, metodologia que articula indicadores ecol\u00f3gicos, sociais, culturais e econ\u00f4micos, permitindo uma an\u00e1lise sist\u00eamica das praias enquanto territ\u00f3rios complexos e estrat\u00e9gicos.<\/p>\n<p>Com um Valor Final de Qualidade (BQV) de 0.97, a praia baiana ficou acima de Varadero, Ensenachos e Piedra Movida \u2014 todas de Cuba \u2014 no ranking geral, al\u00e9m de ter sido a \u00fanica brasileira no top10. A praia na Ilha dos Frades tamb\u00e9m foi eleita a melhor do Brasil, acima da Praia do Forte e Praia do Estaleiro, ambas em Santa Catarina. O destino tamb\u00e9m liderou como a melhor do Oceano Atl\u00e2ntico.<\/p>\n<p>A Ponta de Nossa Senhora de Guadalupe foi a mais bem avaliada como praia de Enclave, que ficam localizadas em pequenos centros urbanos, \u00e1reas residenciais perif\u00e9ricas ou condom\u00ednios suburbanos, associadas a uma popula\u00e7\u00e3o pequena, mas permanente, refletindo o acesso a servi\u00e7os comunit\u00e1rios organizados, mas de pequena escala. Em 2024, a praia havia sido avaliada como a 5\u00aa melhor do mundo, apresentando um grande salto e assumindo o protagonismo.<\/p>\n<p>Por v\u00e1rios anos seguidos, Ponta de Nossa Senhora de Guadalupe recebeu a a certifica\u00e7\u00e3o Bandeira Azul, concedida pela Foundation for Environmental Education (FEE). O selo certifica a qualidade das principais praias ao redor do mundo. Para a concess\u00e3o do selo, s\u00e3o observados requisitos de qualidade socioambiental, como seguran\u00e7a, qualidade da \u00e1gua, gest\u00e3o e educa\u00e7\u00e3o ambiental. Para receber o t\u00edtulo, a Funda\u00e7\u00e3o Ba\u00eda Viva, em parceria com a Prefeitura de Salvador e o apoio da comunidade, fez um trabalho de adequa\u00e7\u00e3o na \u00e1reas analisadas. &#8220;Esse resultado se deve aos 25 anos de trabalho da Funda\u00e7\u00e3o Ba\u00eda Viva em conjunto com a comunidade local, trazendo uma demonstra\u00e7\u00e3o concreta de aplica\u00e7\u00e3o da sustentabilidade. Um belo exemplo do que uma atividade tur\u00edstica planejada \u00e9 bem executado pode gerar&#8221;, disse Isabela Suarez, presidente da institui\u00e7\u00e3o.<\/p>\n<p>\u201cNo Brasil, temos dado especial aten\u00e7\u00e3o ao Estado da Bahia devido a sua import\u00e2ncia no cen\u00e1rio costeiro e maior litoral do pa\u00eds. Diversas praias de sua capital Salvador foram objeto de an\u00e1lise, revelando um mosaico rico em paisagens, pr\u00e1ticas culturais e desafios urbanos. \u00c1reas como Itapu\u00e3, Flamengo e Porto da Barra demonstraram alto desempenho em aspectos como atratividade paisag\u00edstica, oferta de servi\u00e7os e presen\u00e7a de infraestrutura tur\u00edstica. Contudo, a avalia\u00e7\u00e3o tamb\u00e9m identificou vulnerabilidades importantes, como a press\u00e3o antr\u00f3pica, a limita\u00e7\u00e3o de acessibilidade universal, e d\u00e9ficits de saneamento em alguns trechos urbanizados\u201d, afirmou Jos\u00e9 Rodrigues Souza Filho, avaliador do ranking e membro da ANB e IF Baiano.<\/p>\n<p>O ranking prop\u00f5e uma leitura mais profunda dos espa\u00e7os costeiros, contemplando atributos como balneabilidade, biodiversidade, acessibilidade, seguran\u00e7a, infraestrutura, resili\u00eancia clim\u00e1tica e servi\u00e7os ecossist\u00eamicos. Aspectos de gest\u00e3o e monitoramento sustent\u00e1vel s\u00e3o determinantes para a pontua\u00e7\u00e3o de cada segmento.<\/p>\n<p>Dentre os crit\u00e9rios utilizados est\u00e3o:<\/p>\n<p>Recrea\u00e7\u00e3o: acesso\/estacionamento; instala\u00e7\u00f5es e servi\u00e7os; capacidade de carga; valor paisag\u00edstico; seguran\u00e7a.<\/p>\n<p>Prote\u00e7\u00e3o: storm buffer; estabilidade do litoral; mudan\u00e7as induzidas; dissipa\u00e7\u00e3o de energia; vulnerabilidade.<\/p>\n<p>Conserva\u00e7\u00e3o: qualidade ambiental; atos de gest\u00e3o; h\u00e1bitat; esp\u00e9cies; patrim\u00f4nio.<\/p>\n<p>Sanit\u00e1ria: qualidade da \u00e1gua e areia; contamina\u00e7\u00e3o epis\u00f3dica; lixo e res\u00edduos; servi\u00e7os\u00a0sanit\u00e1rios.<\/p>\n<p>Foto: Divulga\u00e7\u00e3o<\/p>\n","protected":false},"excerpt":{"rendered":"<p>A presidente da Funda\u00e7\u00e3o Ba\u00eda Viva, Isabela Suarez, celebrou o marco e destacou o trabalho em conjunto com a comunidade<\/p>\n","protected":false},"author":4,"featured_media":17386,"comment_status":"open","ping_status":"open","sticky":false,"template":"","format":"standard","meta":{"colormag_page_container_layout":"default_layout","colormag_page_sidebar_layout":"default_layout","_FSMCFIC_featured_image_caption":"","_FSMCFIC_featured_image_nocaption":"","_FSMCFIC_featured_image_hide":"","footnotes":""},"categories":[7,1],"tags":[],"class_list":["post-17385","post","type-post","status-publish","format-standard","has-post-thumbnail","hentry","category-justica","category-ultimas"],"yoast_head":"<!-- This site is optimized with the Yoast SEO plugin v27.1.1 - https:\/\/yoast.com\/product\/yoast-seo-wordpress\/ -->\n<title>PRAIA NA ILHA DOS FRADES \u00c9 ELEITA A MELHOR DAS AM\u00c9RICAS E PEN\u00cdNSULA IB\u00c9RICA - Brasil not\u00edcias<\/title>\n<meta name=\"robots\" content=\"index, follow, max-snippet:-1, max-image-preview:large, max-video-preview:-1\" \/>\n<link rel=\"canonical\" href=\"https:\/\/brasilnoticias.org\/site\/praia-na-ilha-dos-frades-e-eleita-a-melhor-das-americas-e-peninsula-iberica\/\" \/>\n<meta property=\"og:locale\" content=\"pt_PT\" \/>\n<meta property=\"og:type\" content=\"article\" \/>\n<meta property=\"og:title\" content=\"PRAIA NA ILHA DOS FRADES \u00c9 ELEITA A MELHOR DAS AM\u00c9RICAS E PEN\u00cdNSULA IB\u00c9RICA - Brasil not\u00edcias\" \/>\n<meta property=\"og:description\" content=\"A presidente da Funda\u00e7\u00e3o Ba\u00eda Viva, Isabela Suarez, celebrou o marco e destacou o trabalho em conjunto com a comunidade\" \/>\n<meta property=\"og:url\" content=\"https:\/\/brasilnoticias.org\/site\/praia-na-ilha-dos-frades-e-eleita-a-melhor-das-americas-e-peninsula-iberica\/\" \/>\n<meta property=\"og:site_name\" content=\"Brasil not\u00edcias\" \/>\n<meta property=\"article:published_time\" content=\"2025-06-09T22:08:56+00:00\" \/>\n<meta property=\"og:image\" content=\"https:\/\/brasilnoticias.org\/site\/wp-content\/uploads\/2025\/06\/gguadalupebandeiraazul_alo_alo_bahia.jpg\" \/>\n\t<meta property=\"og:image:width\" content=\"800\" \/>\n\t<meta property=\"og:image:height\" content=\"480\" \/>\n\t<meta property=\"og:image:type\" content=\"image\/jpeg\" \/>\n<meta name=\"author\" content=\"Reda\u00e7\u00e3o\" \/>\n<meta name=\"twitter:card\" content=\"summary_large_image\" \/>\n<meta name=\"twitter:label1\" content=\"Escrito por\" \/>\n\t<meta name=\"twitter:data1\" content=\"Reda\u00e7\u00e3o\" \/>\n\t<meta name=\"twitter:label2\" content=\"Tempo estimado de leitura\" \/>\n\t<meta name=\"twitter:data2\" content=\"1 minuto\" \/>\n<script type=\"application\/ld+json\" class=\"yoast-schema-graph\">{\"@context\":\"https:\/\/schema.org\",\"@graph\":[{\"@type\":\"Article\",\"@id\":\"https:\/\/brasilnoticias.org\/site\/praia-na-ilha-dos-frades-e-eleita-a-melhor-das-americas-e-peninsula-iberica\/#article\",\"isPartOf\":{\"@id\":\"https:\/\/brasilnoticias.org\/site\/praia-na-ilha-dos-frades-e-eleita-a-melhor-das-americas-e-peninsula-iberica\/\"},\"author\":{\"name\":\"Reda\u00e7\u00e3o\",\"@id\":\"https:\/\/brasilnoticias.org\/site\/#\/schema\/person\/03bbbfe6c7634ad18c26444ea39049fa\"},\"headline\":\"PRAIA NA ILHA DOS FRADES \u00c9 ELEITA A MELHOR DAS AM\u00c9RICAS E PEN\u00cdNSULA IB\u00c9RICA\",\"datePublished\":\"2025-06-09T22:08:56+00:00\",\"mainEntityOfPage\":{\"@id\":\"https:\/\/brasilnoticias.org\/site\/praia-na-ilha-dos-frades-e-eleita-a-melhor-das-americas-e-peninsula-iberica\/\"},\"wordCount\":686,\"commentCount\":0,\"publisher\":{\"@id\":\"https:\/\/brasilnoticias.org\/site\/#organization\"},\"image\":{\"@id\":\"https:\/\/brasilnoticias.org\/site\/praia-na-ilha-dos-frades-e-eleita-a-melhor-das-americas-e-peninsula-iberica\/#primaryimage\"},\"thumbnailUrl\":\"https:\/\/brasilnoticias.org\/site\/wp-content\/uploads\/2025\/06\/gguadalupebandeiraazul_alo_alo_bahia.jpg\",\"articleSection\":[\"Justi\u00e7a\",\"\u00daltimas\"],\"inLanguage\":\"pt-PT\",\"potentialAction\":[{\"@type\":\"CommentAction\",\"name\":\"Comment\",\"target\":[\"https:\/\/brasilnoticias.org\/site\/praia-na-ilha-dos-frades-e-eleita-a-melhor-das-americas-e-peninsula-iberica\/#respond\"]}]},{\"@type\":\"WebPage\",\"@id\":\"https:\/\/brasilnoticias.org\/site\/praia-na-ilha-dos-frades-e-eleita-a-melhor-das-americas-e-peninsula-iberica\/\",\"url\":\"https:\/\/brasilnoticias.org\/site\/praia-na-ilha-dos-frades-e-eleita-a-melhor-das-americas-e-peninsula-iberica\/\",\"name\":\"PRAIA NA ILHA DOS FRADES \u00c9 ELEITA A MELHOR DAS AM\u00c9RICAS E PEN\u00cdNSULA IB\u00c9RICA - Brasil not\u00edcias\",\"isPartOf\":{\"@id\":\"https:\/\/brasilnoticias.org\/site\/#website\"},\"primaryImageOfPage\":{\"@id\":\"https:\/\/brasilnoticias.org\/site\/praia-na-ilha-dos-frades-e-eleita-a-melhor-das-americas-e-peninsula-iberica\/#primaryimage\"},\"image\":{\"@id\":\"https:\/\/brasilnoticias.org\/site\/praia-na-ilha-dos-frades-e-eleita-a-melhor-das-americas-e-peninsula-iberica\/#primaryimage\"},\"thumbnailUrl\":\"https:\/\/brasilnoticias.org\/site\/wp-content\/uploads\/2025\/06\/gguadalupebandeiraazul_alo_alo_bahia.jpg\",\"datePublished\":\"2025-06-09T22:08:56+00:00\",\"breadcrumb\":{\"@id\":\"https:\/\/brasilnoticias.org\/site\/praia-na-ilha-dos-frades-e-eleita-a-melhor-das-americas-e-peninsula-iberica\/#breadcrumb\"},\"inLanguage\":\"pt-PT\",\"potentialAction\":[{\"@type\":\"ReadAction\",\"target\":[\"https:\/\/brasilnoticias.org\/site\/praia-na-ilha-dos-frades-e-eleita-a-melhor-das-americas-e-peninsula-iberica\/\"]}]},{\"@type\":\"ImageObject\",\"inLanguage\":\"pt-PT\",\"@id\":\"https:\/\/brasilnoticias.org\/site\/praia-na-ilha-dos-frades-e-eleita-a-melhor-das-americas-e-peninsula-iberica\/#primaryimage\",\"url\":\"https:\/\/brasilnoticias.org\/site\/wp-content\/uploads\/2025\/06\/gguadalupebandeiraazul_alo_alo_bahia.jpg\",\"contentUrl\":\"https:\/\/brasilnoticias.org\/site\/wp-content\/uploads\/2025\/06\/gguadalupebandeiraazul_alo_alo_bahia.jpg\",\"width\":800,\"height\":480},{\"@type\":\"BreadcrumbList\",\"@id\":\"https:\/\/brasilnoticias.org\/site\/praia-na-ilha-dos-frades-e-eleita-a-melhor-das-americas-e-peninsula-iberica\/#breadcrumb\",\"itemListElement\":[{\"@type\":\"ListItem\",\"position\":1,\"name\":\"In\u00edcio\",\"item\":\"https:\/\/brasilnoticias.org\/site\/\"},{\"@type\":\"ListItem\",\"position\":2,\"name\":\"PRAIA NA ILHA DOS FRADES \u00c9 ELEITA A MELHOR DAS AM\u00c9RICAS E PEN\u00cdNSULA IB\u00c9RICA\"}]},{\"@type\":\"WebSite\",\"@id\":\"https:\/\/brasilnoticias.org\/site\/#website\",\"url\":\"https:\/\/brasilnoticias.org\/site\/\",\"name\":\"Brasil not\u00edcias\",\"description\":\"Brasil not\u00edcias\",\"publisher\":{\"@id\":\"https:\/\/brasilnoticias.org\/site\/#organization\"},\"potentialAction\":[{\"@type\":\"SearchAction\",\"target\":{\"@type\":\"EntryPoint\",\"urlTemplate\":\"https:\/\/brasilnoticias.org\/site\/?s={search_term_string}\"},\"query-input\":{\"@type\":\"PropertyValueSpecification\",\"valueRequired\":true,\"valueName\":\"search_term_string\"}}],\"inLanguage\":\"pt-PT\"},{\"@type\":\"Organization\",\"@id\":\"https:\/\/brasilnoticias.org\/site\/#organization\",\"name\":\"Brasil not\u00edcias\",\"url\":\"https:\/\/brasilnoticias.org\/site\/\",\"logo\":{\"@type\":\"ImageObject\",\"inLanguage\":\"pt-PT\",\"@id\":\"https:\/\/brasilnoticias.org\/site\/#\/schema\/logo\/image\/\",\"url\":\"https:\/\/brasilnoticias.org\/site\/wp-content\/uploads\/2022\/05\/cropped-brasilnoticias-mini.jpg\",\"contentUrl\":\"https:\/\/brasilnoticias.org\/site\/wp-content\/uploads\/2022\/05\/cropped-brasilnoticias-mini.jpg\",\"width\":314,\"height\":86,\"caption\":\"Brasil not\u00edcias\"},\"image\":{\"@id\":\"https:\/\/brasilnoticias.org\/site\/#\/schema\/logo\/image\/\"}},{\"@type\":\"Person\",\"@id\":\"https:\/\/brasilnoticias.org\/site\/#\/schema\/person\/03bbbfe6c7634ad18c26444ea39049fa\",\"name\":\"Reda\u00e7\u00e3o\",\"image\":{\"@type\":\"ImageObject\",\"inLanguage\":\"pt-PT\",\"@id\":\"https:\/\/brasilnoticias.org\/site\/#\/schema\/person\/image\/\",\"url\":\"https:\/\/secure.gravatar.com\/avatar\/9ecaf7327a696cb23ad926fedded5f1f04d7049de9e445375d55b48c001a6e42?s=96&d=mm&r=g\",\"contentUrl\":\"https:\/\/secure.gravatar.com\/avatar\/9ecaf7327a696cb23ad926fedded5f1f04d7049de9e445375d55b48c001a6e42?s=96&d=mm&r=g\",\"caption\":\"Reda\u00e7\u00e3o\"},\"url\":\"https:\/\/brasilnoticias.org\/site\/author\/henrique\/\"}]}<\/script>\n<!-- \/ Yoast SEO plugin. -->","yoast_head_json":{"title":"PRAIA NA ILHA DOS FRADES \u00c9 ELEITA A MELHOR DAS AM\u00c9RICAS E PEN\u00cdNSULA IB\u00c9RICA - Brasil not\u00edcias","robots":{"index":"index","follow":"follow","max-snippet":"max-snippet:-1","max-image-preview":"max-image-preview:large","max-video-preview":"max-video-preview:-1"},"canonical":"https:\/\/brasilnoticias.org\/site\/praia-na-ilha-dos-frades-e-eleita-a-melhor-das-americas-e-peninsula-iberica\/","og_locale":"pt_PT","og_type":"article","og_title":"PRAIA NA ILHA DOS FRADES \u00c9 ELEITA A MELHOR DAS AM\u00c9RICAS E PEN\u00cdNSULA IB\u00c9RICA - Brasil not\u00edcias","og_description":"A presidente da Funda\u00e7\u00e3o Ba\u00eda Viva, Isabela Suarez, celebrou o marco e destacou o trabalho em conjunto com a comunidade","og_url":"https:\/\/brasilnoticias.org\/site\/praia-na-ilha-dos-frades-e-eleita-a-melhor-das-americas-e-peninsula-iberica\/","og_site_name":"Brasil not\u00edcias","article_published_time":"2025-06-09T22:08:56+00:00","og_image":[{"width":800,"height":480,"url":"https:\/\/brasilnoticias.org\/site\/wp-content\/uploads\/2025\/06\/gguadalupebandeiraazul_alo_alo_bahia.jpg","type":"image\/jpeg"}],"author":"Reda\u00e7\u00e3o","twitter_card":"summary_large_image","twitter_misc":{"Escrito por":"Reda\u00e7\u00e3o","Tempo estimado de leitura":"1 minuto"},"schema":{"@context":"https:\/\/schema.org","@graph":[{"@type":"Article","@id":"https:\/\/brasilnoticias.org\/site\/praia-na-ilha-dos-frades-e-eleita-a-melhor-das-americas-e-peninsula-iberica\/#article","isPartOf":{"@id":"https:\/\/brasilnoticias.org\/site\/praia-na-ilha-dos-frades-e-eleita-a-melhor-das-americas-e-peninsula-iberica\/"},"author":{"name":"Reda\u00e7\u00e3o","@id":"https:\/\/brasilnoticias.org\/site\/#\/schema\/person\/03bbbfe6c7634ad18c26444ea39049fa"},"headline":"PRAIA NA ILHA DOS FRADES \u00c9 ELEITA A MELHOR DAS AM\u00c9RICAS E PEN\u00cdNSULA IB\u00c9RICA","datePublished":"2025-06-09T22:08:56+00:00","mainEntityOfPage":{"@id":"https:\/\/brasilnoticias.org\/site\/praia-na-ilha-dos-frades-e-eleita-a-melhor-das-americas-e-peninsula-iberica\/"},"wordCount":686,"commentCount":0,"publisher":{"@id":"https:\/\/brasilnoticias.org\/site\/#organization"},"image":{"@id":"https:\/\/brasilnoticias.org\/site\/praia-na-ilha-dos-frades-e-eleita-a-melhor-das-americas-e-peninsula-iberica\/#primaryimage"},"thumbnailUrl":"https:\/\/brasilnoticias.org\/site\/wp-content\/uploads\/2025\/06\/gguadalupebandeiraazul_alo_alo_bahia.jpg","articleSection":["Justi\u00e7a","\u00daltimas"],"inLanguage":"pt-PT","potentialAction":[{"@type":"CommentAction","name":"Comment","target":["https:\/\/brasilnoticias.org\/site\/praia-na-ilha-dos-frades-e-eleita-a-melhor-das-americas-e-peninsula-iberica\/#respond"]}]},{"@type":"WebPage","@id":"https:\/\/brasilnoticias.org\/site\/praia-na-ilha-dos-frades-e-eleita-a-melhor-das-americas-e-peninsula-iberica\/","url":"https:\/\/brasilnoticias.org\/site\/praia-na-ilha-dos-frades-e-eleita-a-melhor-das-americas-e-peninsula-iberica\/","name":"PRAIA NA ILHA DOS FRADES \u00c9 ELEITA A MELHOR DAS AM\u00c9RICAS E PEN\u00cdNSULA IB\u00c9RICA - Brasil not\u00edcias","isPartOf":{"@id":"https:\/\/brasilnoticias.org\/site\/#website"},"primaryImageOfPage":{"@id":"https:\/\/brasilnoticias.org\/site\/praia-na-ilha-dos-frades-e-eleita-a-melhor-das-americas-e-peninsula-iberica\/#primaryimage"},"image":{"@id":"https:\/\/brasilnoticias.org\/site\/praia-na-ilha-dos-frades-e-eleita-a-melhor-das-americas-e-peninsula-iberica\/#primaryimage"},"thumbnailUrl":"https:\/\/brasilnoticias.org\/site\/wp-content\/uploads\/2025\/06\/gguadalupebandeiraazul_alo_alo_bahia.jpg","datePublished":"2025-06-09T22:08:56+00:00","breadcrumb":{"@id":"https:\/\/brasilnoticias.org\/site\/praia-na-ilha-dos-frades-e-eleita-a-melhor-das-americas-e-peninsula-iberica\/#breadcrumb"},"inLanguage":"pt-PT","potentialAction":[{"@type":"ReadAction","target":["https:\/\/brasilnoticias.org\/site\/praia-na-ilha-dos-frades-e-eleita-a-melhor-das-americas-e-peninsula-iberica\/"]}]},{"@type":"ImageObject","inLanguage":"pt-PT","@id":"https:\/\/brasilnoticias.org\/site\/praia-na-ilha-dos-frades-e-eleita-a-melhor-das-americas-e-peninsula-iberica\/#primaryimage","url":"https:\/\/brasilnoticias.org\/site\/wp-content\/uploads\/2025\/06\/gguadalupebandeiraazul_alo_alo_bahia.jpg","contentUrl":"https:\/\/brasilnoticias.org\/site\/wp-content\/uploads\/2025\/06\/gguadalupebandeiraazul_alo_alo_bahia.jpg","width":800,"height":480},{"@type":"BreadcrumbList","@id":"https:\/\/brasilnoticias.org\/site\/praia-na-ilha-dos-frades-e-eleita-a-melhor-das-americas-e-peninsula-iberica\/#breadcrumb","itemListElement":[{"@type":"ListItem","position":1,"name":"In\u00edcio","item":"https:\/\/brasilnoticias.org\/site\/"},{"@type":"ListItem","position":2,"name":"PRAIA NA ILHA DOS FRADES \u00c9 ELEITA A MELHOR DAS AM\u00c9RICAS E PEN\u00cdNSULA IB\u00c9RICA"}]},{"@type":"WebSite","@id":"https:\/\/brasilnoticias.org\/site\/#website","url":"https:\/\/brasilnoticias.org\/site\/","name":"Brasil not\u00edcias","description":"Brasil not\u00edcias","publisher":{"@id":"https:\/\/brasilnoticias.org\/site\/#organization"},"potentialAction":[{"@type":"SearchAction","target":{"@type":"EntryPoint","urlTemplate":"https:\/\/brasilnoticias.org\/site\/?s={search_term_string}"},"query-input":{"@type":"PropertyValueSpecification","valueRequired":true,"valueName":"search_term_string"}}],"inLanguage":"pt-PT"},{"@type":"Organization","@id":"https:\/\/brasilnoticias.org\/site\/#organization","name":"Brasil not\u00edcias","url":"https:\/\/brasilnoticias.org\/site\/","logo":{"@type":"ImageObject","inLanguage":"pt-PT","@id":"https:\/\/brasilnoticias.org\/site\/#\/schema\/logo\/image\/","url":"https:\/\/brasilnoticias.org\/site\/wp-content\/uploads\/2022\/05\/cropped-brasilnoticias-mini.jpg","contentUrl":"https:\/\/brasilnoticias.org\/site\/wp-content\/uploads\/2022\/05\/cropped-brasilnoticias-mini.jpg","width":314,"height":86,"caption":"Brasil not\u00edcias"},"image":{"@id":"https:\/\/brasilnoticias.org\/site\/#\/schema\/logo\/image\/"}},{"@type":"Person","@id":"https:\/\/brasilnoticias.org\/site\/#\/schema\/person\/03bbbfe6c7634ad18c26444ea39049fa","name":"Reda\u00e7\u00e3o","image":{"@type":"ImageObject","inLanguage":"pt-PT","@id":"https:\/\/brasilnoticias.org\/site\/#\/schema\/person\/image\/","url":"https:\/\/secure.gravatar.com\/avatar\/9ecaf7327a696cb23ad926fedded5f1f04d7049de9e445375d55b48c001a6e42?s=96&d=mm&r=g","contentUrl":"https:\/\/secure.gravatar.com\/avatar\/9ecaf7327a696cb23ad926fedded5f1f04d7049de9e445375d55b48c001a6e42?s=96&d=mm&r=g","caption":"Reda\u00e7\u00e3o"},"url":"https:\/\/brasilnoticias.org\/site\/author\/henrique\/"}]}},"_links":{"self":[{"href":"https:\/\/brasilnoticias.org\/site\/wp-json\/wp\/v2\/posts\/17385","targetHints":{"allow":["GET"]}}],"collection":[{"href":"https:\/\/brasilnoticias.org\/site\/wp-json\/wp\/v2\/posts"}],"about":[{"href":"https:\/\/brasilnoticias.org\/site\/wp-json\/wp\/v2\/types\/post"}],"author":[{"embeddable":true,"href":"https:\/\/brasilnoticias.org\/site\/wp-json\/wp\/v2\/users\/4"}],"replies":[{"embeddable":true,"href":"https:\/\/brasilnoticias.org\/site\/wp-json\/wp\/v2\/comments?post=17385"}],"version-history":[{"count":1,"href":"https:\/\/brasilnoticias.org\/site\/wp-json\/wp\/v2\/posts\/17385\/revisions"}],"predecessor-version":[{"id":17387,"href":"https:\/\/brasilnoticias.org\/site\/wp-json\/wp\/v2\/posts\/17385\/revisions\/17387"}],"wp:featuredmedia":[{"embeddable":true,"href":"https:\/\/brasilnoticias.org\/site\/wp-json\/wp\/v2\/media\/17386"}],"wp:attachment":[{"href":"https:\/\/brasilnoticias.org\/site\/wp-json\/wp\/v2\/media?parent=17385"}],"wp:term":[{"taxonomy":"category","embeddable":true,"href":"https:\/\/brasilnoticias.org\/site\/wp-json\/wp\/v2\/categories?post=17385"},{"taxonomy":"post_tag","embeddable":true,"href":"https:\/\/brasilnoticias.org\/site\/wp-json\/wp\/v2\/tags?post=17385"}],"curies":[{"name":"wp","href":"https:\/\/api.w.org\/{rel}","templated":true}]}}