{"id":17389,"date":"2025-06-10T14:30:23","date_gmt":"2025-06-10T17:30:23","guid":{"rendered":"https:\/\/brasilnoticias.org\/site\/?p=17389"},"modified":"2025-06-10T14:30:23","modified_gmt":"2025-06-10T17:30:23","slug":"cris-correia-cobra-jeronimo-por-engarrafamento-no-sao-joao-abra-as-catracas-governador","status":"publish","type":"post","link":"https:\/\/brasilnoticias.org\/site\/cris-correia-cobra-jeronimo-por-engarrafamento-no-sao-joao-abra-as-catracas-governador\/","title":{"rendered":"Cris Correia cobra Jer\u00f4nimo por engarrafamento no S\u00e3o Jo\u00e3o: &#8216;Abra as catracas, governador&#8217;"},"content":{"rendered":"<p>Vereadora critica decis\u00e3o do DNIT e da Seinfra de manter ped\u00e1gio fechado durante festas juninas e diz que desculpa de evitar acidentes \u201cn\u00e3o convence ningu\u00e9m\u201d<\/p>\n<p>A vereadora de Salvador Cris Correia (PSDB) fez um duro apelo ao governador Jer\u00f4nimo Rodrigues (PT) diante da decis\u00e3o do DNIT, em conjunto com a Secretaria de Infraestrutura da Bahia (Seinfra), de n\u00e3o liberar as catracas da pra\u00e7a de ped\u00e1gio da BR-324 durante o per\u00edodo junino.<\/p>\n<p>A medida, segundo o Departamento Nacional de Infraestrutura de Transportes, visa \u201cevitar acidentes\u201d, mas a justificativa foi classificada pela parlamentar como &#8220;absurda e desrespeitosa&#8221; com os baianos.<\/p>\n<p>\u201cDiariamente, transitam cerca de 25 mil ve\u00edculos por ali. No S\u00e3o Jo\u00e3o, s\u00e3o esperados mais de 100 mil. E a resposta \u00e9 que n\u00e3o v\u00e3o abrir para evitar acidentes? Pelo amor de Deus, governador, que acidente?\u201d, questionou Cris, em discurso na C\u00e2mara Municipal.<\/p>\n<p>A tucana ainda ironizou a recorrente justificativa de que a rodovia \u00e9 federal, lembrando que Jer\u00f4nimo vive dizendo ser do \u201ctime de Lula\u201d e, por isso, deveria acionar seus aliados em Bras\u00edlia \u2014 incluindo o ministro Rui Costa (Casa Civil) \u2014 para resolver o problema.<\/p>\n<p>\u201cFala a verdade, governador. Diga por que voc\u00eas n\u00e3o querem abrir as catracas. J\u00e1 implantaram um redutor de velocidade antes da pra\u00e7a, os carros j\u00e1 s\u00e3o obrigados a andar a 50 km\/h. Ent\u00e3o n\u00e3o venha com essa desculpa\u201d, criticou.<\/p>\n<p>Com a proximidade do feriado de S\u00e3o Jo\u00e3o e o tradicional deslocamento da popula\u00e7\u00e3o da capital para o interior, a manuten\u00e7\u00e3o do ped\u00e1gio fechado promete gerar longos engarrafamentos e elevar a insatisfa\u00e7\u00e3o popular com o governo estadual em um dos per\u00edodos mais sens\u00edveis do calend\u00e1rio baiano.<\/p>\n<p>Foto: Reginaldo Ip\u00ea \/ CMS<br \/>\nBlog do Vila<\/p>\n","protected":false},"excerpt":{"rendered":"<p>Vereadora critica decis\u00e3o do DNIT e da Seinfra de manter ped\u00e1gio fechado durante festas juninas e diz que desculpa de<\/p>\n","protected":false},"author":4,"featured_media":17390,"comment_status":"open","ping_status":"open","sticky":false,"template":"","format":"standard","meta":{"colormag_page_container_layout":"default_layout","colormag_page_sidebar_layout":"default_layout","_FSMCFIC_featured_image_caption":"","_FSMCFIC_featured_image_nocaption":"","_FSMCFIC_featured_image_hide":"","footnotes":""},"categories":[5,1],"tags":[],"class_list":["post-17389","post","type-post","status-publish","format-standard","has-post-thumbnail","hentry","category-politica","category-ultimas"],"yoast_head":"<!-- This site is optimized with the Yoast SEO plugin v27.1.1 - https:\/\/yoast.com\/product\/yoast-seo-wordpress\/ -->\n<title>Cris Correia cobra Jer\u00f4nimo por engarrafamento no S\u00e3o Jo\u00e3o: &#039;Abra as catracas, governador&#039; - Brasil not\u00edcias<\/title>\n<meta name=\"robots\" content=\"index, follow, max-snippet:-1, max-image-preview:large, max-video-preview:-1\" \/>\n<link rel=\"canonical\" href=\"https:\/\/brasilnoticias.org\/site\/cris-correia-cobra-jeronimo-por-engarrafamento-no-sao-joao-abra-as-catracas-governador\/\" \/>\n<meta property=\"og:locale\" content=\"pt_PT\" \/>\n<meta property=\"og:type\" content=\"article\" \/>\n<meta property=\"og:title\" content=\"Cris Correia cobra Jer\u00f4nimo por engarrafamento no S\u00e3o Jo\u00e3o: &#039;Abra as catracas, governador&#039; - Brasil not\u00edcias\" \/>\n<meta property=\"og:description\" content=\"Vereadora critica decis\u00e3o do DNIT e da Seinfra de manter ped\u00e1gio fechado durante festas juninas e diz que desculpa de\" \/>\n<meta property=\"og:url\" content=\"https:\/\/brasilnoticias.org\/site\/cris-correia-cobra-jeronimo-por-engarrafamento-no-sao-joao-abra-as-catracas-governador\/\" \/>\n<meta property=\"og:site_name\" content=\"Brasil not\u00edcias\" \/>\n<meta property=\"article:published_time\" content=\"2025-06-10T17:30:23+00:00\" \/>\n<meta property=\"og:image\" content=\"https:\/\/brasilnoticias.org\/site\/wp-content\/uploads\/2025\/06\/WhatsApp-Image-2025-06-10-at-09.45.36.jpeg\" \/>\n\t<meta property=\"og:image:width\" content=\"1600\" \/>\n\t<meta property=\"og:image:height\" content=\"900\" \/>\n\t<meta property=\"og:image:type\" content=\"image\/jpeg\" \/>\n<meta name=\"author\" content=\"Reda\u00e7\u00e3o\" \/>\n<meta name=\"twitter:card\" content=\"summary_large_image\" \/>\n<meta name=\"twitter:label1\" content=\"Escrito por\" \/>\n\t<meta name=\"twitter:data1\" content=\"Reda\u00e7\u00e3o\" \/>\n<script type=\"application\/ld+json\" class=\"yoast-schema-graph\">{\"@context\":\"https:\/\/schema.org\",\"@graph\":[{\"@type\":\"Article\",\"@id\":\"https:\/\/brasilnoticias.org\/site\/cris-correia-cobra-jeronimo-por-engarrafamento-no-sao-joao-abra-as-catracas-governador\/#article\",\"isPartOf\":{\"@id\":\"https:\/\/brasilnoticias.org\/site\/cris-correia-cobra-jeronimo-por-engarrafamento-no-sao-joao-abra-as-catracas-governador\/\"},\"author\":{\"name\":\"Reda\u00e7\u00e3o\",\"@id\":\"https:\/\/brasilnoticias.org\/site\/#\/schema\/person\/03bbbfe6c7634ad18c26444ea39049fa\"},\"headline\":\"Cris Correia cobra Jer\u00f4nimo por engarrafamento no S\u00e3o Jo\u00e3o: &#8216;Abra as catracas, governador&#8217;\",\"datePublished\":\"2025-06-10T17:30:23+00:00\",\"mainEntityOfPage\":{\"@id\":\"https:\/\/brasilnoticias.org\/site\/cris-correia-cobra-jeronimo-por-engarrafamento-no-sao-joao-abra-as-catracas-governador\/\"},\"wordCount\":322,\"commentCount\":0,\"publisher\":{\"@id\":\"https:\/\/brasilnoticias.org\/site\/#organization\"},\"image\":{\"@id\":\"https:\/\/brasilnoticias.org\/site\/cris-correia-cobra-jeronimo-por-engarrafamento-no-sao-joao-abra-as-catracas-governador\/#primaryimage\"},\"thumbnailUrl\":\"https:\/\/brasilnoticias.org\/site\/wp-content\/uploads\/2025\/06\/WhatsApp-Image-2025-06-10-at-09.45.36.jpeg\",\"articleSection\":[\"Pol\u00edtica\",\"\u00daltimas\"],\"inLanguage\":\"pt-PT\",\"potentialAction\":[{\"@type\":\"CommentAction\",\"name\":\"Comment\",\"target\":[\"https:\/\/brasilnoticias.org\/site\/cris-correia-cobra-jeronimo-por-engarrafamento-no-sao-joao-abra-as-catracas-governador\/#respond\"]}]},{\"@type\":\"WebPage\",\"@id\":\"https:\/\/brasilnoticias.org\/site\/cris-correia-cobra-jeronimo-por-engarrafamento-no-sao-joao-abra-as-catracas-governador\/\",\"url\":\"https:\/\/brasilnoticias.org\/site\/cris-correia-cobra-jeronimo-por-engarrafamento-no-sao-joao-abra-as-catracas-governador\/\",\"name\":\"Cris Correia cobra Jer\u00f4nimo por engarrafamento no S\u00e3o Jo\u00e3o: 'Abra as catracas, governador' - Brasil not\u00edcias\",\"isPartOf\":{\"@id\":\"https:\/\/brasilnoticias.org\/site\/#website\"},\"primaryImageOfPage\":{\"@id\":\"https:\/\/brasilnoticias.org\/site\/cris-correia-cobra-jeronimo-por-engarrafamento-no-sao-joao-abra-as-catracas-governador\/#primaryimage\"},\"image\":{\"@id\":\"https:\/\/brasilnoticias.org\/site\/cris-correia-cobra-jeronimo-por-engarrafamento-no-sao-joao-abra-as-catracas-governador\/#primaryimage\"},\"thumbnailUrl\":\"https:\/\/brasilnoticias.org\/site\/wp-content\/uploads\/2025\/06\/WhatsApp-Image-2025-06-10-at-09.45.36.jpeg\",\"datePublished\":\"2025-06-10T17:30:23+00:00\",\"breadcrumb\":{\"@id\":\"https:\/\/brasilnoticias.org\/site\/cris-correia-cobra-jeronimo-por-engarrafamento-no-sao-joao-abra-as-catracas-governador\/#breadcrumb\"},\"inLanguage\":\"pt-PT\",\"potentialAction\":[{\"@type\":\"ReadAction\",\"target\":[\"https:\/\/brasilnoticias.org\/site\/cris-correia-cobra-jeronimo-por-engarrafamento-no-sao-joao-abra-as-catracas-governador\/\"]}]},{\"@type\":\"ImageObject\",\"inLanguage\":\"pt-PT\",\"@id\":\"https:\/\/brasilnoticias.org\/site\/cris-correia-cobra-jeronimo-por-engarrafamento-no-sao-joao-abra-as-catracas-governador\/#primaryimage\",\"url\":\"https:\/\/brasilnoticias.org\/site\/wp-content\/uploads\/2025\/06\/WhatsApp-Image-2025-06-10-at-09.45.36.jpeg\",\"contentUrl\":\"https:\/\/brasilnoticias.org\/site\/wp-content\/uploads\/2025\/06\/WhatsApp-Image-2025-06-10-at-09.45.36.jpeg\",\"width\":1600,\"height\":900},{\"@type\":\"BreadcrumbList\",\"@id\":\"https:\/\/brasilnoticias.org\/site\/cris-correia-cobra-jeronimo-por-engarrafamento-no-sao-joao-abra-as-catracas-governador\/#breadcrumb\",\"itemListElement\":[{\"@type\":\"ListItem\",\"position\":1,\"name\":\"In\u00edcio\",\"item\":\"https:\/\/brasilnoticias.org\/site\/\"},{\"@type\":\"ListItem\",\"position\":2,\"name\":\"Cris Correia cobra Jer\u00f4nimo por engarrafamento no S\u00e3o Jo\u00e3o: &#8216;Abra as catracas, governador&#8217;\"}]},{\"@type\":\"WebSite\",\"@id\":\"https:\/\/brasilnoticias.org\/site\/#website\",\"url\":\"https:\/\/brasilnoticias.org\/site\/\",\"name\":\"Brasil not\u00edcias\",\"description\":\"Brasil not\u00edcias\",\"publisher\":{\"@id\":\"https:\/\/brasilnoticias.org\/site\/#organization\"},\"potentialAction\":[{\"@type\":\"SearchAction\",\"target\":{\"@type\":\"EntryPoint\",\"urlTemplate\":\"https:\/\/brasilnoticias.org\/site\/?s={search_term_string}\"},\"query-input\":{\"@type\":\"PropertyValueSpecification\",\"valueRequired\":true,\"valueName\":\"search_term_string\"}}],\"inLanguage\":\"pt-PT\"},{\"@type\":\"Organization\",\"@id\":\"https:\/\/brasilnoticias.org\/site\/#organization\",\"name\":\"Brasil not\u00edcias\",\"url\":\"https:\/\/brasilnoticias.org\/site\/\",\"logo\":{\"@type\":\"ImageObject\",\"inLanguage\":\"pt-PT\",\"@id\":\"https:\/\/brasilnoticias.org\/site\/#\/schema\/logo\/image\/\",\"url\":\"https:\/\/brasilnoticias.org\/site\/wp-content\/uploads\/2022\/05\/cropped-brasilnoticias-mini.jpg\",\"contentUrl\":\"https:\/\/brasilnoticias.org\/site\/wp-content\/uploads\/2022\/05\/cropped-brasilnoticias-mini.jpg\",\"width\":314,\"height\":86,\"caption\":\"Brasil not\u00edcias\"},\"image\":{\"@id\":\"https:\/\/brasilnoticias.org\/site\/#\/schema\/logo\/image\/\"}},{\"@type\":\"Person\",\"@id\":\"https:\/\/brasilnoticias.org\/site\/#\/schema\/person\/03bbbfe6c7634ad18c26444ea39049fa\",\"name\":\"Reda\u00e7\u00e3o\",\"image\":{\"@type\":\"ImageObject\",\"inLanguage\":\"pt-PT\",\"@id\":\"https:\/\/brasilnoticias.org\/site\/#\/schema\/person\/image\/\",\"url\":\"https:\/\/secure.gravatar.com\/avatar\/9ecaf7327a696cb23ad926fedded5f1f04d7049de9e445375d55b48c001a6e42?s=96&d=mm&r=g\",\"contentUrl\":\"https:\/\/secure.gravatar.com\/avatar\/9ecaf7327a696cb23ad926fedded5f1f04d7049de9e445375d55b48c001a6e42?s=96&d=mm&r=g\",\"caption\":\"Reda\u00e7\u00e3o\"},\"url\":\"https:\/\/brasilnoticias.org\/site\/author\/henrique\/\"}]}<\/script>\n<!-- \/ Yoast SEO plugin. -->","yoast_head_json":{"title":"Cris Correia cobra Jer\u00f4nimo por engarrafamento no S\u00e3o Jo\u00e3o: 'Abra as catracas, governador' - Brasil not\u00edcias","robots":{"index":"index","follow":"follow","max-snippet":"max-snippet:-1","max-image-preview":"max-image-preview:large","max-video-preview":"max-video-preview:-1"},"canonical":"https:\/\/brasilnoticias.org\/site\/cris-correia-cobra-jeronimo-por-engarrafamento-no-sao-joao-abra-as-catracas-governador\/","og_locale":"pt_PT","og_type":"article","og_title":"Cris Correia cobra Jer\u00f4nimo por engarrafamento no S\u00e3o Jo\u00e3o: 'Abra as catracas, governador' - Brasil not\u00edcias","og_description":"Vereadora critica decis\u00e3o do DNIT e da Seinfra de manter ped\u00e1gio fechado durante festas juninas e diz que desculpa de","og_url":"https:\/\/brasilnoticias.org\/site\/cris-correia-cobra-jeronimo-por-engarrafamento-no-sao-joao-abra-as-catracas-governador\/","og_site_name":"Brasil not\u00edcias","article_published_time":"2025-06-10T17:30:23+00:00","og_image":[{"width":1600,"height":900,"url":"https:\/\/brasilnoticias.org\/site\/wp-content\/uploads\/2025\/06\/WhatsApp-Image-2025-06-10-at-09.45.36.jpeg","type":"image\/jpeg"}],"author":"Reda\u00e7\u00e3o","twitter_card":"summary_large_image","twitter_misc":{"Escrito por":"Reda\u00e7\u00e3o"},"schema":{"@context":"https:\/\/schema.org","@graph":[{"@type":"Article","@id":"https:\/\/brasilnoticias.org\/site\/cris-correia-cobra-jeronimo-por-engarrafamento-no-sao-joao-abra-as-catracas-governador\/#article","isPartOf":{"@id":"https:\/\/brasilnoticias.org\/site\/cris-correia-cobra-jeronimo-por-engarrafamento-no-sao-joao-abra-as-catracas-governador\/"},"author":{"name":"Reda\u00e7\u00e3o","@id":"https:\/\/brasilnoticias.org\/site\/#\/schema\/person\/03bbbfe6c7634ad18c26444ea39049fa"},"headline":"Cris Correia cobra Jer\u00f4nimo por engarrafamento no S\u00e3o Jo\u00e3o: &#8216;Abra as catracas, governador&#8217;","datePublished":"2025-06-10T17:30:23+00:00","mainEntityOfPage":{"@id":"https:\/\/brasilnoticias.org\/site\/cris-correia-cobra-jeronimo-por-engarrafamento-no-sao-joao-abra-as-catracas-governador\/"},"wordCount":322,"commentCount":0,"publisher":{"@id":"https:\/\/brasilnoticias.org\/site\/#organization"},"image":{"@id":"https:\/\/brasilnoticias.org\/site\/cris-correia-cobra-jeronimo-por-engarrafamento-no-sao-joao-abra-as-catracas-governador\/#primaryimage"},"thumbnailUrl":"https:\/\/brasilnoticias.org\/site\/wp-content\/uploads\/2025\/06\/WhatsApp-Image-2025-06-10-at-09.45.36.jpeg","articleSection":["Pol\u00edtica","\u00daltimas"],"inLanguage":"pt-PT","potentialAction":[{"@type":"CommentAction","name":"Comment","target":["https:\/\/brasilnoticias.org\/site\/cris-correia-cobra-jeronimo-por-engarrafamento-no-sao-joao-abra-as-catracas-governador\/#respond"]}]},{"@type":"WebPage","@id":"https:\/\/brasilnoticias.org\/site\/cris-correia-cobra-jeronimo-por-engarrafamento-no-sao-joao-abra-as-catracas-governador\/","url":"https:\/\/brasilnoticias.org\/site\/cris-correia-cobra-jeronimo-por-engarrafamento-no-sao-joao-abra-as-catracas-governador\/","name":"Cris Correia cobra Jer\u00f4nimo por engarrafamento no S\u00e3o Jo\u00e3o: 'Abra as catracas, governador' - Brasil not\u00edcias","isPartOf":{"@id":"https:\/\/brasilnoticias.org\/site\/#website"},"primaryImageOfPage":{"@id":"https:\/\/brasilnoticias.org\/site\/cris-correia-cobra-jeronimo-por-engarrafamento-no-sao-joao-abra-as-catracas-governador\/#primaryimage"},"image":{"@id":"https:\/\/brasilnoticias.org\/site\/cris-correia-cobra-jeronimo-por-engarrafamento-no-sao-joao-abra-as-catracas-governador\/#primaryimage"},"thumbnailUrl":"https:\/\/brasilnoticias.org\/site\/wp-content\/uploads\/2025\/06\/WhatsApp-Image-2025-06-10-at-09.45.36.jpeg","datePublished":"2025-06-10T17:30:23+00:00","breadcrumb":{"@id":"https:\/\/brasilnoticias.org\/site\/cris-correia-cobra-jeronimo-por-engarrafamento-no-sao-joao-abra-as-catracas-governador\/#breadcrumb"},"inLanguage":"pt-PT","potentialAction":[{"@type":"ReadAction","target":["https:\/\/brasilnoticias.org\/site\/cris-correia-cobra-jeronimo-por-engarrafamento-no-sao-joao-abra-as-catracas-governador\/"]}]},{"@type":"ImageObject","inLanguage":"pt-PT","@id":"https:\/\/brasilnoticias.org\/site\/cris-correia-cobra-jeronimo-por-engarrafamento-no-sao-joao-abra-as-catracas-governador\/#primaryimage","url":"https:\/\/brasilnoticias.org\/site\/wp-content\/uploads\/2025\/06\/WhatsApp-Image-2025-06-10-at-09.45.36.jpeg","contentUrl":"https:\/\/brasilnoticias.org\/site\/wp-content\/uploads\/2025\/06\/WhatsApp-Image-2025-06-10-at-09.45.36.jpeg","width":1600,"height":900},{"@type":"BreadcrumbList","@id":"https:\/\/brasilnoticias.org\/site\/cris-correia-cobra-jeronimo-por-engarrafamento-no-sao-joao-abra-as-catracas-governador\/#breadcrumb","itemListElement":[{"@type":"ListItem","position":1,"name":"In\u00edcio","item":"https:\/\/brasilnoticias.org\/site\/"},{"@type":"ListItem","position":2,"name":"Cris Correia cobra Jer\u00f4nimo por engarrafamento no S\u00e3o Jo\u00e3o: &#8216;Abra as catracas, governador&#8217;"}]},{"@type":"WebSite","@id":"https:\/\/brasilnoticias.org\/site\/#website","url":"https:\/\/brasilnoticias.org\/site\/","name":"Brasil not\u00edcias","description":"Brasil not\u00edcias","publisher":{"@id":"https:\/\/brasilnoticias.org\/site\/#organization"},"potentialAction":[{"@type":"SearchAction","target":{"@type":"EntryPoint","urlTemplate":"https:\/\/brasilnoticias.org\/site\/?s={search_term_string}"},"query-input":{"@type":"PropertyValueSpecification","valueRequired":true,"valueName":"search_term_string"}}],"inLanguage":"pt-PT"},{"@type":"Organization","@id":"https:\/\/brasilnoticias.org\/site\/#organization","name":"Brasil not\u00edcias","url":"https:\/\/brasilnoticias.org\/site\/","logo":{"@type":"ImageObject","inLanguage":"pt-PT","@id":"https:\/\/brasilnoticias.org\/site\/#\/schema\/logo\/image\/","url":"https:\/\/brasilnoticias.org\/site\/wp-content\/uploads\/2022\/05\/cropped-brasilnoticias-mini.jpg","contentUrl":"https:\/\/brasilnoticias.org\/site\/wp-content\/uploads\/2022\/05\/cropped-brasilnoticias-mini.jpg","width":314,"height":86,"caption":"Brasil not\u00edcias"},"image":{"@id":"https:\/\/brasilnoticias.org\/site\/#\/schema\/logo\/image\/"}},{"@type":"Person","@id":"https:\/\/brasilnoticias.org\/site\/#\/schema\/person\/03bbbfe6c7634ad18c26444ea39049fa","name":"Reda\u00e7\u00e3o","image":{"@type":"ImageObject","inLanguage":"pt-PT","@id":"https:\/\/brasilnoticias.org\/site\/#\/schema\/person\/image\/","url":"https:\/\/secure.gravatar.com\/avatar\/9ecaf7327a696cb23ad926fedded5f1f04d7049de9e445375d55b48c001a6e42?s=96&d=mm&r=g","contentUrl":"https:\/\/secure.gravatar.com\/avatar\/9ecaf7327a696cb23ad926fedded5f1f04d7049de9e445375d55b48c001a6e42?s=96&d=mm&r=g","caption":"Reda\u00e7\u00e3o"},"url":"https:\/\/brasilnoticias.org\/site\/author\/henrique\/"}]}},"_links":{"self":[{"href":"https:\/\/brasilnoticias.org\/site\/wp-json\/wp\/v2\/posts\/17389","targetHints":{"allow":["GET"]}}],"collection":[{"href":"https:\/\/brasilnoticias.org\/site\/wp-json\/wp\/v2\/posts"}],"about":[{"href":"https:\/\/brasilnoticias.org\/site\/wp-json\/wp\/v2\/types\/post"}],"author":[{"embeddable":true,"href":"https:\/\/brasilnoticias.org\/site\/wp-json\/wp\/v2\/users\/4"}],"replies":[{"embeddable":true,"href":"https:\/\/brasilnoticias.org\/site\/wp-json\/wp\/v2\/comments?post=17389"}],"version-history":[{"count":1,"href":"https:\/\/brasilnoticias.org\/site\/wp-json\/wp\/v2\/posts\/17389\/revisions"}],"predecessor-version":[{"id":17391,"href":"https:\/\/brasilnoticias.org\/site\/wp-json\/wp\/v2\/posts\/17389\/revisions\/17391"}],"wp:featuredmedia":[{"embeddable":true,"href":"https:\/\/brasilnoticias.org\/site\/wp-json\/wp\/v2\/media\/17390"}],"wp:attachment":[{"href":"https:\/\/brasilnoticias.org\/site\/wp-json\/wp\/v2\/media?parent=17389"}],"wp:term":[{"taxonomy":"category","embeddable":true,"href":"https:\/\/brasilnoticias.org\/site\/wp-json\/wp\/v2\/categories?post=17389"},{"taxonomy":"post_tag","embeddable":true,"href":"https:\/\/brasilnoticias.org\/site\/wp-json\/wp\/v2\/tags?post=17389"}],"curies":[{"name":"wp","href":"https:\/\/api.w.org\/{rel}","templated":true}]}}