{"id":17401,"date":"2025-06-10T14:36:14","date_gmt":"2025-06-10T17:36:14","guid":{"rendered":"https:\/\/brasilnoticias.org\/site\/?p=17401"},"modified":"2025-06-10T14:36:14","modified_gmt":"2025-06-10T17:36:14","slug":"mpf-apura-abandono-de-imoveis-tombados-no-centro-historico-de-salvador","status":"publish","type":"post","link":"https:\/\/brasilnoticias.org\/site\/mpf-apura-abandono-de-imoveis-tombados-no-centro-historico-de-salvador\/","title":{"rendered":"MPF apura abandono de im\u00f3veis tombados no Centro Hist\u00f3rico de Salvador"},"content":{"rendered":"<p>Inqu\u00e9rito foi aberto ap\u00f3s desabamento em igreja no Pelourinho que matou uma turista; seis outros templos j\u00e1 foram interditados<\/p>\n<p>O Minist\u00e9rio P\u00fablico Federal (MPF) abriu um inqu\u00e9rito civil para investigar as condi\u00e7\u00f5es de conserva\u00e7\u00e3o dos im\u00f3veis tombados no Centro Hist\u00f3rico de Salvador, reconhecido como Patrim\u00f4nio Cultural da Humanidade. A iniciativa foi motivada pelo desabamento de parte do teto da Igreja de S\u00e3o Francisco de Assis, ocorrido em fevereiro deste ano, que resultou na morte de uma turista.<\/p>\n<p>Conhecida como \u201cIgreja de Ouro\u201d, a Igreja de S\u00e3o Francisco, no Pelourinho, integra o conjunto tombado pelo Instituto do Patrim\u00f4nio Hist\u00f3rico e Art\u00edstico Nacional (IPHAN). O acidente vitimou Giulia Panchoni Righetto, de 26 anos, natural de Riber\u00e3o Preto. Ela estava em visita ao templo com uma amiga quando foi atingida pelos escombros. Outras cinco pessoas ficaram feridas.<\/p>\n<p>O inqu\u00e9rito, assinado pela procuradora Vanessa Gomes Previtera, menciona o Plano de Conting\u00eancia do Centro Hist\u00f3rico elaborado pela Defesa Civil de Salvador (Codesal). Vistorias realizadas em 2023 j\u00e1 haviam identificado diversos im\u00f3veis tombados em situa\u00e7\u00e3o de risco alto ou muito alto.<\/p>\n<p>A investiga\u00e7\u00e3o vai apurar se houve omiss\u00e3o por parte do IPHAN, da Prefeitura de Salvador ou do Governo da Bahia na ado\u00e7\u00e3o de medidas preventivas. Caso fique comprovada a neglig\u00eancia, os \u00f3rg\u00e3os podem ser responsabilizados judicialmente.<\/p>\n<p>Entre os dias 10 e 14 de fevereiro, equipes do IPHAN e da Codesal inspecionaram 114 im\u00f3veis hist\u00f3ricos na capital baiana. Como resultado, seis igrejas e dois im\u00f3veis residenciais foram interditados por apresentarem riscos estruturais. Foram fechadas a Igreja de Nossa Senhora da Ajuda, Igreja e Convento dos Perd\u00f5es, Igreja de S\u00e3o Bento, Igreja dos Quinze Mist\u00e9rios, Igreja de Nossa Senhora da Boa Viagem e Igreja de S\u00e3o Miguel.<\/p>\n<p>At\u00e9 o fim de fevereiro, outros 26 im\u00f3veis foram vistoriados, totalizando 140 edifica\u00e7\u00f5es analisadas. O IPHAN dever\u00e1 elaborar laudos t\u00e9cnicos com orienta\u00e7\u00f5es para a restaura\u00e7\u00e3o e preserva\u00e7\u00e3o desses bens.<\/p>\n<p>Foto: F\u00e1bio Marconi\/Divulga\u00e7\u00e3o PMS<br \/>\nPor: Metro1<\/p>\n","protected":false},"excerpt":{"rendered":"<p>Inqu\u00e9rito foi aberto ap\u00f3s desabamento em igreja no Pelourinho que matou uma turista; seis outros templos j\u00e1 foram interditados O<\/p>\n","protected":false},"author":4,"featured_media":17402,"comment_status":"open","ping_status":"open","sticky":false,"template":"","format":"standard","meta":{"colormag_page_container_layout":"default_layout","colormag_page_sidebar_layout":"default_layout","_FSMCFIC_featured_image_caption":"","_FSMCFIC_featured_image_nocaption":"","_FSMCFIC_featured_image_hide":"","footnotes":""},"categories":[2,1],"tags":[],"class_list":["post-17401","post","type-post","status-publish","format-standard","has-post-thumbnail","hentry","category-noticias","category-ultimas"],"yoast_head":"<!-- This site is optimized with the Yoast SEO plugin v27.1.1 - https:\/\/yoast.com\/product\/yoast-seo-wordpress\/ -->\n<title>MPF apura abandono de im\u00f3veis tombados no Centro Hist\u00f3rico de Salvador - Brasil not\u00edcias<\/title>\n<meta name=\"robots\" content=\"index, follow, max-snippet:-1, max-image-preview:large, max-video-preview:-1\" \/>\n<link rel=\"canonical\" href=\"https:\/\/brasilnoticias.org\/site\/mpf-apura-abandono-de-imoveis-tombados-no-centro-historico-de-salvador\/\" \/>\n<meta property=\"og:locale\" content=\"pt_PT\" \/>\n<meta property=\"og:type\" content=\"article\" \/>\n<meta property=\"og:title\" content=\"MPF apura abandono de im\u00f3veis tombados no Centro Hist\u00f3rico de Salvador - Brasil not\u00edcias\" \/>\n<meta property=\"og:description\" content=\"Inqu\u00e9rito foi aberto ap\u00f3s desabamento em igreja no Pelourinho que matou uma turista; seis outros templos j\u00e1 foram interditados O\" \/>\n<meta property=\"og:url\" content=\"https:\/\/brasilnoticias.org\/site\/mpf-apura-abandono-de-imoveis-tombados-no-centro-historico-de-salvador\/\" \/>\n<meta property=\"og:site_name\" content=\"Brasil not\u00edcias\" \/>\n<meta property=\"article:published_time\" content=\"2025-06-10T17:36:14+00:00\" \/>\n<meta property=\"og:image\" content=\"https:\/\/brasilnoticias.org\/site\/wp-content\/uploads\/2025\/06\/165948mpf-apura-abandono-de-imoveis-tombados-no-centro-historico-de-salvador-3.jpg\" \/>\n\t<meta property=\"og:image:width\" content=\"1600\" \/>\n\t<meta property=\"og:image:height\" content=\"752\" \/>\n\t<meta property=\"og:image:type\" content=\"image\/jpeg\" \/>\n<meta name=\"author\" content=\"Reda\u00e7\u00e3o\" \/>\n<meta name=\"twitter:card\" content=\"summary_large_image\" \/>\n<meta name=\"twitter:label1\" content=\"Escrito por\" \/>\n\t<meta name=\"twitter:data1\" content=\"Reda\u00e7\u00e3o\" \/>\n\t<meta name=\"twitter:label2\" content=\"Tempo estimado de leitura\" \/>\n\t<meta name=\"twitter:data2\" content=\"1 minuto\" \/>\n<script type=\"application\/ld+json\" class=\"yoast-schema-graph\">{\"@context\":\"https:\/\/schema.org\",\"@graph\":[{\"@type\":\"Article\",\"@id\":\"https:\/\/brasilnoticias.org\/site\/mpf-apura-abandono-de-imoveis-tombados-no-centro-historico-de-salvador\/#article\",\"isPartOf\":{\"@id\":\"https:\/\/brasilnoticias.org\/site\/mpf-apura-abandono-de-imoveis-tombados-no-centro-historico-de-salvador\/\"},\"author\":{\"name\":\"Reda\u00e7\u00e3o\",\"@id\":\"https:\/\/brasilnoticias.org\/site\/#\/schema\/person\/03bbbfe6c7634ad18c26444ea39049fa\"},\"headline\":\"MPF apura abandono de im\u00f3veis tombados no Centro Hist\u00f3rico de Salvador\",\"datePublished\":\"2025-06-10T17:36:14+00:00\",\"mainEntityOfPage\":{\"@id\":\"https:\/\/brasilnoticias.org\/site\/mpf-apura-abandono-de-imoveis-tombados-no-centro-historico-de-salvador\/\"},\"wordCount\":363,\"commentCount\":0,\"publisher\":{\"@id\":\"https:\/\/brasilnoticias.org\/site\/#organization\"},\"image\":{\"@id\":\"https:\/\/brasilnoticias.org\/site\/mpf-apura-abandono-de-imoveis-tombados-no-centro-historico-de-salvador\/#primaryimage\"},\"thumbnailUrl\":\"https:\/\/brasilnoticias.org\/site\/wp-content\/uploads\/2025\/06\/165948mpf-apura-abandono-de-imoveis-tombados-no-centro-historico-de-salvador-3.jpg\",\"articleSection\":[\"Not\u00edcias\",\"\u00daltimas\"],\"inLanguage\":\"pt-PT\",\"potentialAction\":[{\"@type\":\"CommentAction\",\"name\":\"Comment\",\"target\":[\"https:\/\/brasilnoticias.org\/site\/mpf-apura-abandono-de-imoveis-tombados-no-centro-historico-de-salvador\/#respond\"]}]},{\"@type\":\"WebPage\",\"@id\":\"https:\/\/brasilnoticias.org\/site\/mpf-apura-abandono-de-imoveis-tombados-no-centro-historico-de-salvador\/\",\"url\":\"https:\/\/brasilnoticias.org\/site\/mpf-apura-abandono-de-imoveis-tombados-no-centro-historico-de-salvador\/\",\"name\":\"MPF apura abandono de im\u00f3veis tombados no Centro Hist\u00f3rico de Salvador - Brasil not\u00edcias\",\"isPartOf\":{\"@id\":\"https:\/\/brasilnoticias.org\/site\/#website\"},\"primaryImageOfPage\":{\"@id\":\"https:\/\/brasilnoticias.org\/site\/mpf-apura-abandono-de-imoveis-tombados-no-centro-historico-de-salvador\/#primaryimage\"},\"image\":{\"@id\":\"https:\/\/brasilnoticias.org\/site\/mpf-apura-abandono-de-imoveis-tombados-no-centro-historico-de-salvador\/#primaryimage\"},\"thumbnailUrl\":\"https:\/\/brasilnoticias.org\/site\/wp-content\/uploads\/2025\/06\/165948mpf-apura-abandono-de-imoveis-tombados-no-centro-historico-de-salvador-3.jpg\",\"datePublished\":\"2025-06-10T17:36:14+00:00\",\"breadcrumb\":{\"@id\":\"https:\/\/brasilnoticias.org\/site\/mpf-apura-abandono-de-imoveis-tombados-no-centro-historico-de-salvador\/#breadcrumb\"},\"inLanguage\":\"pt-PT\",\"potentialAction\":[{\"@type\":\"ReadAction\",\"target\":[\"https:\/\/brasilnoticias.org\/site\/mpf-apura-abandono-de-imoveis-tombados-no-centro-historico-de-salvador\/\"]}]},{\"@type\":\"ImageObject\",\"inLanguage\":\"pt-PT\",\"@id\":\"https:\/\/brasilnoticias.org\/site\/mpf-apura-abandono-de-imoveis-tombados-no-centro-historico-de-salvador\/#primaryimage\",\"url\":\"https:\/\/brasilnoticias.org\/site\/wp-content\/uploads\/2025\/06\/165948mpf-apura-abandono-de-imoveis-tombados-no-centro-historico-de-salvador-3.jpg\",\"contentUrl\":\"https:\/\/brasilnoticias.org\/site\/wp-content\/uploads\/2025\/06\/165948mpf-apura-abandono-de-imoveis-tombados-no-centro-historico-de-salvador-3.jpg\",\"width\":1600,\"height\":752},{\"@type\":\"BreadcrumbList\",\"@id\":\"https:\/\/brasilnoticias.org\/site\/mpf-apura-abandono-de-imoveis-tombados-no-centro-historico-de-salvador\/#breadcrumb\",\"itemListElement\":[{\"@type\":\"ListItem\",\"position\":1,\"name\":\"In\u00edcio\",\"item\":\"https:\/\/brasilnoticias.org\/site\/\"},{\"@type\":\"ListItem\",\"position\":2,\"name\":\"MPF apura abandono de im\u00f3veis tombados no Centro Hist\u00f3rico de Salvador\"}]},{\"@type\":\"WebSite\",\"@id\":\"https:\/\/brasilnoticias.org\/site\/#website\",\"url\":\"https:\/\/brasilnoticias.org\/site\/\",\"name\":\"Brasil not\u00edcias\",\"description\":\"Brasil not\u00edcias\",\"publisher\":{\"@id\":\"https:\/\/brasilnoticias.org\/site\/#organization\"},\"potentialAction\":[{\"@type\":\"SearchAction\",\"target\":{\"@type\":\"EntryPoint\",\"urlTemplate\":\"https:\/\/brasilnoticias.org\/site\/?s={search_term_string}\"},\"query-input\":{\"@type\":\"PropertyValueSpecification\",\"valueRequired\":true,\"valueName\":\"search_term_string\"}}],\"inLanguage\":\"pt-PT\"},{\"@type\":\"Organization\",\"@id\":\"https:\/\/brasilnoticias.org\/site\/#organization\",\"name\":\"Brasil not\u00edcias\",\"url\":\"https:\/\/brasilnoticias.org\/site\/\",\"logo\":{\"@type\":\"ImageObject\",\"inLanguage\":\"pt-PT\",\"@id\":\"https:\/\/brasilnoticias.org\/site\/#\/schema\/logo\/image\/\",\"url\":\"https:\/\/brasilnoticias.org\/site\/wp-content\/uploads\/2022\/05\/cropped-brasilnoticias-mini.jpg\",\"contentUrl\":\"https:\/\/brasilnoticias.org\/site\/wp-content\/uploads\/2022\/05\/cropped-brasilnoticias-mini.jpg\",\"width\":314,\"height\":86,\"caption\":\"Brasil not\u00edcias\"},\"image\":{\"@id\":\"https:\/\/brasilnoticias.org\/site\/#\/schema\/logo\/image\/\"}},{\"@type\":\"Person\",\"@id\":\"https:\/\/brasilnoticias.org\/site\/#\/schema\/person\/03bbbfe6c7634ad18c26444ea39049fa\",\"name\":\"Reda\u00e7\u00e3o\",\"image\":{\"@type\":\"ImageObject\",\"inLanguage\":\"pt-PT\",\"@id\":\"https:\/\/brasilnoticias.org\/site\/#\/schema\/person\/image\/\",\"url\":\"https:\/\/secure.gravatar.com\/avatar\/9ecaf7327a696cb23ad926fedded5f1f04d7049de9e445375d55b48c001a6e42?s=96&d=mm&r=g\",\"contentUrl\":\"https:\/\/secure.gravatar.com\/avatar\/9ecaf7327a696cb23ad926fedded5f1f04d7049de9e445375d55b48c001a6e42?s=96&d=mm&r=g\",\"caption\":\"Reda\u00e7\u00e3o\"},\"url\":\"https:\/\/brasilnoticias.org\/site\/author\/henrique\/\"}]}<\/script>\n<!-- \/ Yoast SEO plugin. -->","yoast_head_json":{"title":"MPF apura abandono de im\u00f3veis tombados no Centro Hist\u00f3rico de Salvador - Brasil not\u00edcias","robots":{"index":"index","follow":"follow","max-snippet":"max-snippet:-1","max-image-preview":"max-image-preview:large","max-video-preview":"max-video-preview:-1"},"canonical":"https:\/\/brasilnoticias.org\/site\/mpf-apura-abandono-de-imoveis-tombados-no-centro-historico-de-salvador\/","og_locale":"pt_PT","og_type":"article","og_title":"MPF apura abandono de im\u00f3veis tombados no Centro Hist\u00f3rico de Salvador - Brasil not\u00edcias","og_description":"Inqu\u00e9rito foi aberto ap\u00f3s desabamento em igreja no Pelourinho que matou uma turista; seis outros templos j\u00e1 foram interditados O","og_url":"https:\/\/brasilnoticias.org\/site\/mpf-apura-abandono-de-imoveis-tombados-no-centro-historico-de-salvador\/","og_site_name":"Brasil not\u00edcias","article_published_time":"2025-06-10T17:36:14+00:00","og_image":[{"width":1600,"height":752,"url":"https:\/\/brasilnoticias.org\/site\/wp-content\/uploads\/2025\/06\/165948mpf-apura-abandono-de-imoveis-tombados-no-centro-historico-de-salvador-3.jpg","type":"image\/jpeg"}],"author":"Reda\u00e7\u00e3o","twitter_card":"summary_large_image","twitter_misc":{"Escrito por":"Reda\u00e7\u00e3o","Tempo estimado de leitura":"1 minuto"},"schema":{"@context":"https:\/\/schema.org","@graph":[{"@type":"Article","@id":"https:\/\/brasilnoticias.org\/site\/mpf-apura-abandono-de-imoveis-tombados-no-centro-historico-de-salvador\/#article","isPartOf":{"@id":"https:\/\/brasilnoticias.org\/site\/mpf-apura-abandono-de-imoveis-tombados-no-centro-historico-de-salvador\/"},"author":{"name":"Reda\u00e7\u00e3o","@id":"https:\/\/brasilnoticias.org\/site\/#\/schema\/person\/03bbbfe6c7634ad18c26444ea39049fa"},"headline":"MPF apura abandono de im\u00f3veis tombados no Centro Hist\u00f3rico de Salvador","datePublished":"2025-06-10T17:36:14+00:00","mainEntityOfPage":{"@id":"https:\/\/brasilnoticias.org\/site\/mpf-apura-abandono-de-imoveis-tombados-no-centro-historico-de-salvador\/"},"wordCount":363,"commentCount":0,"publisher":{"@id":"https:\/\/brasilnoticias.org\/site\/#organization"},"image":{"@id":"https:\/\/brasilnoticias.org\/site\/mpf-apura-abandono-de-imoveis-tombados-no-centro-historico-de-salvador\/#primaryimage"},"thumbnailUrl":"https:\/\/brasilnoticias.org\/site\/wp-content\/uploads\/2025\/06\/165948mpf-apura-abandono-de-imoveis-tombados-no-centro-historico-de-salvador-3.jpg","articleSection":["Not\u00edcias","\u00daltimas"],"inLanguage":"pt-PT","potentialAction":[{"@type":"CommentAction","name":"Comment","target":["https:\/\/brasilnoticias.org\/site\/mpf-apura-abandono-de-imoveis-tombados-no-centro-historico-de-salvador\/#respond"]}]},{"@type":"WebPage","@id":"https:\/\/brasilnoticias.org\/site\/mpf-apura-abandono-de-imoveis-tombados-no-centro-historico-de-salvador\/","url":"https:\/\/brasilnoticias.org\/site\/mpf-apura-abandono-de-imoveis-tombados-no-centro-historico-de-salvador\/","name":"MPF apura abandono de im\u00f3veis tombados no Centro Hist\u00f3rico de Salvador - Brasil not\u00edcias","isPartOf":{"@id":"https:\/\/brasilnoticias.org\/site\/#website"},"primaryImageOfPage":{"@id":"https:\/\/brasilnoticias.org\/site\/mpf-apura-abandono-de-imoveis-tombados-no-centro-historico-de-salvador\/#primaryimage"},"image":{"@id":"https:\/\/brasilnoticias.org\/site\/mpf-apura-abandono-de-imoveis-tombados-no-centro-historico-de-salvador\/#primaryimage"},"thumbnailUrl":"https:\/\/brasilnoticias.org\/site\/wp-content\/uploads\/2025\/06\/165948mpf-apura-abandono-de-imoveis-tombados-no-centro-historico-de-salvador-3.jpg","datePublished":"2025-06-10T17:36:14+00:00","breadcrumb":{"@id":"https:\/\/brasilnoticias.org\/site\/mpf-apura-abandono-de-imoveis-tombados-no-centro-historico-de-salvador\/#breadcrumb"},"inLanguage":"pt-PT","potentialAction":[{"@type":"ReadAction","target":["https:\/\/brasilnoticias.org\/site\/mpf-apura-abandono-de-imoveis-tombados-no-centro-historico-de-salvador\/"]}]},{"@type":"ImageObject","inLanguage":"pt-PT","@id":"https:\/\/brasilnoticias.org\/site\/mpf-apura-abandono-de-imoveis-tombados-no-centro-historico-de-salvador\/#primaryimage","url":"https:\/\/brasilnoticias.org\/site\/wp-content\/uploads\/2025\/06\/165948mpf-apura-abandono-de-imoveis-tombados-no-centro-historico-de-salvador-3.jpg","contentUrl":"https:\/\/brasilnoticias.org\/site\/wp-content\/uploads\/2025\/06\/165948mpf-apura-abandono-de-imoveis-tombados-no-centro-historico-de-salvador-3.jpg","width":1600,"height":752},{"@type":"BreadcrumbList","@id":"https:\/\/brasilnoticias.org\/site\/mpf-apura-abandono-de-imoveis-tombados-no-centro-historico-de-salvador\/#breadcrumb","itemListElement":[{"@type":"ListItem","position":1,"name":"In\u00edcio","item":"https:\/\/brasilnoticias.org\/site\/"},{"@type":"ListItem","position":2,"name":"MPF apura abandono de im\u00f3veis tombados no Centro Hist\u00f3rico de Salvador"}]},{"@type":"WebSite","@id":"https:\/\/brasilnoticias.org\/site\/#website","url":"https:\/\/brasilnoticias.org\/site\/","name":"Brasil not\u00edcias","description":"Brasil not\u00edcias","publisher":{"@id":"https:\/\/brasilnoticias.org\/site\/#organization"},"potentialAction":[{"@type":"SearchAction","target":{"@type":"EntryPoint","urlTemplate":"https:\/\/brasilnoticias.org\/site\/?s={search_term_string}"},"query-input":{"@type":"PropertyValueSpecification","valueRequired":true,"valueName":"search_term_string"}}],"inLanguage":"pt-PT"},{"@type":"Organization","@id":"https:\/\/brasilnoticias.org\/site\/#organization","name":"Brasil not\u00edcias","url":"https:\/\/brasilnoticias.org\/site\/","logo":{"@type":"ImageObject","inLanguage":"pt-PT","@id":"https:\/\/brasilnoticias.org\/site\/#\/schema\/logo\/image\/","url":"https:\/\/brasilnoticias.org\/site\/wp-content\/uploads\/2022\/05\/cropped-brasilnoticias-mini.jpg","contentUrl":"https:\/\/brasilnoticias.org\/site\/wp-content\/uploads\/2022\/05\/cropped-brasilnoticias-mini.jpg","width":314,"height":86,"caption":"Brasil not\u00edcias"},"image":{"@id":"https:\/\/brasilnoticias.org\/site\/#\/schema\/logo\/image\/"}},{"@type":"Person","@id":"https:\/\/brasilnoticias.org\/site\/#\/schema\/person\/03bbbfe6c7634ad18c26444ea39049fa","name":"Reda\u00e7\u00e3o","image":{"@type":"ImageObject","inLanguage":"pt-PT","@id":"https:\/\/brasilnoticias.org\/site\/#\/schema\/person\/image\/","url":"https:\/\/secure.gravatar.com\/avatar\/9ecaf7327a696cb23ad926fedded5f1f04d7049de9e445375d55b48c001a6e42?s=96&d=mm&r=g","contentUrl":"https:\/\/secure.gravatar.com\/avatar\/9ecaf7327a696cb23ad926fedded5f1f04d7049de9e445375d55b48c001a6e42?s=96&d=mm&r=g","caption":"Reda\u00e7\u00e3o"},"url":"https:\/\/brasilnoticias.org\/site\/author\/henrique\/"}]}},"_links":{"self":[{"href":"https:\/\/brasilnoticias.org\/site\/wp-json\/wp\/v2\/posts\/17401","targetHints":{"allow":["GET"]}}],"collection":[{"href":"https:\/\/brasilnoticias.org\/site\/wp-json\/wp\/v2\/posts"}],"about":[{"href":"https:\/\/brasilnoticias.org\/site\/wp-json\/wp\/v2\/types\/post"}],"author":[{"embeddable":true,"href":"https:\/\/brasilnoticias.org\/site\/wp-json\/wp\/v2\/users\/4"}],"replies":[{"embeddable":true,"href":"https:\/\/brasilnoticias.org\/site\/wp-json\/wp\/v2\/comments?post=17401"}],"version-history":[{"count":1,"href":"https:\/\/brasilnoticias.org\/site\/wp-json\/wp\/v2\/posts\/17401\/revisions"}],"predecessor-version":[{"id":17403,"href":"https:\/\/brasilnoticias.org\/site\/wp-json\/wp\/v2\/posts\/17401\/revisions\/17403"}],"wp:featuredmedia":[{"embeddable":true,"href":"https:\/\/brasilnoticias.org\/site\/wp-json\/wp\/v2\/media\/17402"}],"wp:attachment":[{"href":"https:\/\/brasilnoticias.org\/site\/wp-json\/wp\/v2\/media?parent=17401"}],"wp:term":[{"taxonomy":"category","embeddable":true,"href":"https:\/\/brasilnoticias.org\/site\/wp-json\/wp\/v2\/categories?post=17401"},{"taxonomy":"post_tag","embeddable":true,"href":"https:\/\/brasilnoticias.org\/site\/wp-json\/wp\/v2\/tags?post=17401"}],"curies":[{"name":"wp","href":"https:\/\/api.w.org\/{rel}","templated":true}]}}