{"id":17451,"date":"2025-06-17T15:52:46","date_gmt":"2025-06-17T18:52:46","guid":{"rendered":"https:\/\/brasilnoticias.org\/site\/?p=17451"},"modified":"2025-06-17T15:52:46","modified_gmt":"2025-06-17T18:52:46","slug":"maioria-da-bancada-baiana-apoia-urgencia-para-projeto-que-suspende-reducao-do-iof","status":"publish","type":"post","link":"https:\/\/brasilnoticias.org\/site\/maioria-da-bancada-baiana-apoia-urgencia-para-projeto-que-suspende-reducao-do-iof\/","title":{"rendered":"Maioria da bancada baiana apoia urg\u00eancia para projeto que suspende redu\u00e7\u00e3o do IOF"},"content":{"rendered":"<p>Texto que suspende decreto do governo Lula sobre IOF avan\u00e7a com apoio majorit\u00e1rio da bancada baiana; petistas e aliados votaram contra<\/p>\n<p>A C\u00e2mara dos Deputados aprovou, por 346 votos a 97, o regime de urg\u00eancia para o Projeto de Decreto Legislativo (PDL) 314\/2025, de autoria do deputado federal Zucco (PL-RS), l\u00edder da oposi\u00e7\u00e3o. <\/p>\n<p>A proposta suspende decreto do governo federal que amenizou o aumento nas al\u00edquotas do Imposto sobre Opera\u00e7\u00f5es Financeiras (IOF). Com a urg\u00eancia aprovada, o texto pode ser votado diretamente no plen\u00e1rio, sem passar pelas comiss\u00f5es.<\/p>\n<p>Na bancada da Bahia, 24 deputados votaram a favor do requerimento, 11 foram contr\u00e1rios e quatro n\u00e3o registraram voto.<\/p>\n<p>Confira como votou cada deputado baiano:<br \/>\nA favor da urg\u00eancia:<\/p>\n<p>Adolfo Viana (PSDB)<br \/>\nAlex Santana (Republicanos)<br \/>\nAntonio Brito (PSD)<br \/>\nCapit\u00e3o Alden (PL)<br \/>\nCharles Fernandes (PSD)<br \/>\nClaudio Cajado (PP)<br \/>\nDal Barreto (Uni\u00e3o)<br \/>\nDiego Coronel (PSD)<br \/>\nElmar Nascimento (Uni\u00e3o)<br \/>\nF\u00e9lix Mendon\u00e7a Jr. (PDT)<br \/>\nGabriel Nunes (PSD)<br \/>\nJo\u00e3o Le\u00e3o (PP)<br \/>\nJos\u00e9 Rocha (Uni\u00e3o)<br \/>\nLeo Prates (PDT)<br \/>\nLeur Lomanto Jr. (Uni\u00e3o)<br \/>\nM\u00e1rcio Marinho (Republicanos)<br \/>\nM\u00e1rio Negromonte Jr. (PP)<br \/>\nNeto Carletto (Avante)<br \/>\nOtto Alencar Filho (PSD)<br \/>\nPaulo Azi (Uni\u00e3o)<br \/>\nPaulo Magalh\u00e3es (PSD)<br \/>\nRaimundo Costa (Podemos)<br \/>\nRicardo Maia (MDB)<br \/>\nRog\u00e9ria Santos (Republicanos)<\/p>\n<p>Contra a urg\u00eancia:<\/p>\n<p>Alice Portugal (PCdoB)<br \/>\nBacelar (PV)<br \/>\nDaniel Almeida (PCdoB)<br \/>\nIvoneide Caetano (PT)<br \/>\nJorge Solla (PT)<br \/>\nJoseildo Ramos (PT)<br \/>\nJosias Gomes (PT)<br \/>\nL\u00eddice da Mata (PSB)<br \/>\nPastor Isid\u00f3rio (Avante)<br \/>\nValmir Assun\u00e7\u00e3o (PT)<br \/>\nWaldenor Pereira (PT)<\/p>\n<p>N\u00e3o votaram:<\/p>\n<p>Arthur Maia (Uni\u00e3o)<br \/>\nJo\u00e3o Carlos Bacelar (PL)<br \/>\nRoberta Roma (PL)<br \/>\nZ\u00e9 Neto (PT)<\/p>\n<p>Foto: Bruno Spada\/C\u00e2mara dos Deputados<br \/>\nBlog do Vila<\/p>\n","protected":false},"excerpt":{"rendered":"<p>Texto que suspende decreto do governo Lula sobre IOF avan\u00e7a com apoio majorit\u00e1rio da bancada baiana; petistas e aliados votaram<\/p>\n","protected":false},"author":4,"featured_media":17452,"comment_status":"open","ping_status":"open","sticky":false,"template":"","format":"standard","meta":{"colormag_page_container_layout":"default_layout","colormag_page_sidebar_layout":"default_layout","_FSMCFIC_featured_image_caption":"","_FSMCFIC_featured_image_nocaption":"","_FSMCFIC_featured_image_hide":"","footnotes":""},"categories":[5,1],"tags":[],"class_list":["post-17451","post","type-post","status-publish","format-standard","has-post-thumbnail","hentry","category-politica","category-ultimas"],"yoast_head":"<!-- This site is optimized with the Yoast SEO plugin v27.1.1 - https:\/\/yoast.com\/product\/yoast-seo-wordpress\/ -->\n<title>Maioria da bancada baiana apoia urg\u00eancia para projeto que suspende redu\u00e7\u00e3o do IOF - Brasil not\u00edcias<\/title>\n<meta name=\"robots\" content=\"index, follow, max-snippet:-1, max-image-preview:large, max-video-preview:-1\" \/>\n<link rel=\"canonical\" href=\"https:\/\/brasilnoticias.org\/site\/maioria-da-bancada-baiana-apoia-urgencia-para-projeto-que-suspende-reducao-do-iof\/\" \/>\n<meta property=\"og:locale\" content=\"pt_PT\" \/>\n<meta property=\"og:type\" content=\"article\" \/>\n<meta property=\"og:title\" content=\"Maioria da bancada baiana apoia urg\u00eancia para projeto que suspende redu\u00e7\u00e3o do IOF - Brasil not\u00edcias\" \/>\n<meta property=\"og:description\" content=\"Texto que suspende decreto do governo Lula sobre IOF avan\u00e7a com apoio majorit\u00e1rio da bancada baiana; petistas e aliados votaram\" \/>\n<meta property=\"og:url\" content=\"https:\/\/brasilnoticias.org\/site\/maioria-da-bancada-baiana-apoia-urgencia-para-projeto-que-suspende-reducao-do-iof\/\" \/>\n<meta property=\"og:site_name\" content=\"Brasil not\u00edcias\" \/>\n<meta property=\"article:published_time\" content=\"2025-06-17T18:52:46+00:00\" \/>\n<meta name=\"author\" content=\"Reda\u00e7\u00e3o\" \/>\n<meta name=\"twitter:card\" content=\"summary_large_image\" \/>\n<meta name=\"twitter:label1\" content=\"Escrito por\" \/>\n\t<meta name=\"twitter:data1\" content=\"Reda\u00e7\u00e3o\" \/>\n\t<meta name=\"twitter:label2\" content=\"Tempo estimado de leitura\" \/>\n\t<meta name=\"twitter:data2\" content=\"1 minuto\" \/>\n<script type=\"application\/ld+json\" class=\"yoast-schema-graph\">{\"@context\":\"https:\/\/schema.org\",\"@graph\":[{\"@type\":\"Article\",\"@id\":\"https:\/\/brasilnoticias.org\/site\/maioria-da-bancada-baiana-apoia-urgencia-para-projeto-que-suspende-reducao-do-iof\/#article\",\"isPartOf\":{\"@id\":\"https:\/\/brasilnoticias.org\/site\/maioria-da-bancada-baiana-apoia-urgencia-para-projeto-que-suspende-reducao-do-iof\/\"},\"author\":{\"name\":\"Reda\u00e7\u00e3o\",\"@id\":\"https:\/\/brasilnoticias.org\/site\/#\/schema\/person\/03bbbfe6c7634ad18c26444ea39049fa\"},\"headline\":\"Maioria da bancada baiana apoia urg\u00eancia para projeto que suspende redu\u00e7\u00e3o do IOF\",\"datePublished\":\"2025-06-17T18:52:46+00:00\",\"mainEntityOfPage\":{\"@id\":\"https:\/\/brasilnoticias.org\/site\/maioria-da-bancada-baiana-apoia-urgencia-para-projeto-que-suspende-reducao-do-iof\/\"},\"wordCount\":299,\"commentCount\":0,\"publisher\":{\"@id\":\"https:\/\/brasilnoticias.org\/site\/#organization\"},\"image\":{\"@id\":\"https:\/\/brasilnoticias.org\/site\/maioria-da-bancada-baiana-apoia-urgencia-para-projeto-que-suspende-reducao-do-iof\/#primaryimage\"},\"thumbnailUrl\":\"https:\/\/brasilnoticias.org\/site\/wp-content\/uploads\/2025\/06\/camara.avif\",\"articleSection\":[\"Pol\u00edtica\",\"\u00daltimas\"],\"inLanguage\":\"pt-PT\",\"potentialAction\":[{\"@type\":\"CommentAction\",\"name\":\"Comment\",\"target\":[\"https:\/\/brasilnoticias.org\/site\/maioria-da-bancada-baiana-apoia-urgencia-para-projeto-que-suspende-reducao-do-iof\/#respond\"]}]},{\"@type\":\"WebPage\",\"@id\":\"https:\/\/brasilnoticias.org\/site\/maioria-da-bancada-baiana-apoia-urgencia-para-projeto-que-suspende-reducao-do-iof\/\",\"url\":\"https:\/\/brasilnoticias.org\/site\/maioria-da-bancada-baiana-apoia-urgencia-para-projeto-que-suspende-reducao-do-iof\/\",\"name\":\"Maioria da bancada baiana apoia urg\u00eancia para projeto que suspende redu\u00e7\u00e3o do IOF - Brasil not\u00edcias\",\"isPartOf\":{\"@id\":\"https:\/\/brasilnoticias.org\/site\/#website\"},\"primaryImageOfPage\":{\"@id\":\"https:\/\/brasilnoticias.org\/site\/maioria-da-bancada-baiana-apoia-urgencia-para-projeto-que-suspende-reducao-do-iof\/#primaryimage\"},\"image\":{\"@id\":\"https:\/\/brasilnoticias.org\/site\/maioria-da-bancada-baiana-apoia-urgencia-para-projeto-que-suspende-reducao-do-iof\/#primaryimage\"},\"thumbnailUrl\":\"https:\/\/brasilnoticias.org\/site\/wp-content\/uploads\/2025\/06\/camara.avif\",\"datePublished\":\"2025-06-17T18:52:46+00:00\",\"breadcrumb\":{\"@id\":\"https:\/\/brasilnoticias.org\/site\/maioria-da-bancada-baiana-apoia-urgencia-para-projeto-que-suspende-reducao-do-iof\/#breadcrumb\"},\"inLanguage\":\"pt-PT\",\"potentialAction\":[{\"@type\":\"ReadAction\",\"target\":[\"https:\/\/brasilnoticias.org\/site\/maioria-da-bancada-baiana-apoia-urgencia-para-projeto-que-suspende-reducao-do-iof\/\"]}]},{\"@type\":\"ImageObject\",\"inLanguage\":\"pt-PT\",\"@id\":\"https:\/\/brasilnoticias.org\/site\/maioria-da-bancada-baiana-apoia-urgencia-para-projeto-que-suspende-reducao-do-iof\/#primaryimage\",\"url\":\"https:\/\/brasilnoticias.org\/site\/wp-content\/uploads\/2025\/06\/camara.avif\",\"contentUrl\":\"https:\/\/brasilnoticias.org\/site\/wp-content\/uploads\/2025\/06\/camara.avif\",\"width\":984,\"height\":607},{\"@type\":\"BreadcrumbList\",\"@id\":\"https:\/\/brasilnoticias.org\/site\/maioria-da-bancada-baiana-apoia-urgencia-para-projeto-que-suspende-reducao-do-iof\/#breadcrumb\",\"itemListElement\":[{\"@type\":\"ListItem\",\"position\":1,\"name\":\"In\u00edcio\",\"item\":\"https:\/\/brasilnoticias.org\/site\/\"},{\"@type\":\"ListItem\",\"position\":2,\"name\":\"Maioria da bancada baiana apoia urg\u00eancia para projeto que suspende redu\u00e7\u00e3o do IOF\"}]},{\"@type\":\"WebSite\",\"@id\":\"https:\/\/brasilnoticias.org\/site\/#website\",\"url\":\"https:\/\/brasilnoticias.org\/site\/\",\"name\":\"Brasil not\u00edcias\",\"description\":\"Brasil not\u00edcias\",\"publisher\":{\"@id\":\"https:\/\/brasilnoticias.org\/site\/#organization\"},\"potentialAction\":[{\"@type\":\"SearchAction\",\"target\":{\"@type\":\"EntryPoint\",\"urlTemplate\":\"https:\/\/brasilnoticias.org\/site\/?s={search_term_string}\"},\"query-input\":{\"@type\":\"PropertyValueSpecification\",\"valueRequired\":true,\"valueName\":\"search_term_string\"}}],\"inLanguage\":\"pt-PT\"},{\"@type\":\"Organization\",\"@id\":\"https:\/\/brasilnoticias.org\/site\/#organization\",\"name\":\"Brasil not\u00edcias\",\"url\":\"https:\/\/brasilnoticias.org\/site\/\",\"logo\":{\"@type\":\"ImageObject\",\"inLanguage\":\"pt-PT\",\"@id\":\"https:\/\/brasilnoticias.org\/site\/#\/schema\/logo\/image\/\",\"url\":\"https:\/\/brasilnoticias.org\/site\/wp-content\/uploads\/2022\/05\/cropped-brasilnoticias-mini.jpg\",\"contentUrl\":\"https:\/\/brasilnoticias.org\/site\/wp-content\/uploads\/2022\/05\/cropped-brasilnoticias-mini.jpg\",\"width\":314,\"height\":86,\"caption\":\"Brasil not\u00edcias\"},\"image\":{\"@id\":\"https:\/\/brasilnoticias.org\/site\/#\/schema\/logo\/image\/\"}},{\"@type\":\"Person\",\"@id\":\"https:\/\/brasilnoticias.org\/site\/#\/schema\/person\/03bbbfe6c7634ad18c26444ea39049fa\",\"name\":\"Reda\u00e7\u00e3o\",\"image\":{\"@type\":\"ImageObject\",\"inLanguage\":\"pt-PT\",\"@id\":\"https:\/\/brasilnoticias.org\/site\/#\/schema\/person\/image\/\",\"url\":\"https:\/\/secure.gravatar.com\/avatar\/9ecaf7327a696cb23ad926fedded5f1f04d7049de9e445375d55b48c001a6e42?s=96&d=mm&r=g\",\"contentUrl\":\"https:\/\/secure.gravatar.com\/avatar\/9ecaf7327a696cb23ad926fedded5f1f04d7049de9e445375d55b48c001a6e42?s=96&d=mm&r=g\",\"caption\":\"Reda\u00e7\u00e3o\"},\"url\":\"https:\/\/brasilnoticias.org\/site\/author\/henrique\/\"}]}<\/script>\n<!-- \/ Yoast SEO plugin. -->","yoast_head_json":{"title":"Maioria da bancada baiana apoia urg\u00eancia para projeto que suspende redu\u00e7\u00e3o do IOF - Brasil not\u00edcias","robots":{"index":"index","follow":"follow","max-snippet":"max-snippet:-1","max-image-preview":"max-image-preview:large","max-video-preview":"max-video-preview:-1"},"canonical":"https:\/\/brasilnoticias.org\/site\/maioria-da-bancada-baiana-apoia-urgencia-para-projeto-que-suspende-reducao-do-iof\/","og_locale":"pt_PT","og_type":"article","og_title":"Maioria da bancada baiana apoia urg\u00eancia para projeto que suspende redu\u00e7\u00e3o do IOF - Brasil not\u00edcias","og_description":"Texto que suspende decreto do governo Lula sobre IOF avan\u00e7a com apoio majorit\u00e1rio da bancada baiana; petistas e aliados votaram","og_url":"https:\/\/brasilnoticias.org\/site\/maioria-da-bancada-baiana-apoia-urgencia-para-projeto-que-suspende-reducao-do-iof\/","og_site_name":"Brasil not\u00edcias","article_published_time":"2025-06-17T18:52:46+00:00","author":"Reda\u00e7\u00e3o","twitter_card":"summary_large_image","twitter_misc":{"Escrito por":"Reda\u00e7\u00e3o","Tempo estimado de leitura":"1 minuto"},"schema":{"@context":"https:\/\/schema.org","@graph":[{"@type":"Article","@id":"https:\/\/brasilnoticias.org\/site\/maioria-da-bancada-baiana-apoia-urgencia-para-projeto-que-suspende-reducao-do-iof\/#article","isPartOf":{"@id":"https:\/\/brasilnoticias.org\/site\/maioria-da-bancada-baiana-apoia-urgencia-para-projeto-que-suspende-reducao-do-iof\/"},"author":{"name":"Reda\u00e7\u00e3o","@id":"https:\/\/brasilnoticias.org\/site\/#\/schema\/person\/03bbbfe6c7634ad18c26444ea39049fa"},"headline":"Maioria da bancada baiana apoia urg\u00eancia para projeto que suspende redu\u00e7\u00e3o do IOF","datePublished":"2025-06-17T18:52:46+00:00","mainEntityOfPage":{"@id":"https:\/\/brasilnoticias.org\/site\/maioria-da-bancada-baiana-apoia-urgencia-para-projeto-que-suspende-reducao-do-iof\/"},"wordCount":299,"commentCount":0,"publisher":{"@id":"https:\/\/brasilnoticias.org\/site\/#organization"},"image":{"@id":"https:\/\/brasilnoticias.org\/site\/maioria-da-bancada-baiana-apoia-urgencia-para-projeto-que-suspende-reducao-do-iof\/#primaryimage"},"thumbnailUrl":"https:\/\/brasilnoticias.org\/site\/wp-content\/uploads\/2025\/06\/camara.avif","articleSection":["Pol\u00edtica","\u00daltimas"],"inLanguage":"pt-PT","potentialAction":[{"@type":"CommentAction","name":"Comment","target":["https:\/\/brasilnoticias.org\/site\/maioria-da-bancada-baiana-apoia-urgencia-para-projeto-que-suspende-reducao-do-iof\/#respond"]}]},{"@type":"WebPage","@id":"https:\/\/brasilnoticias.org\/site\/maioria-da-bancada-baiana-apoia-urgencia-para-projeto-que-suspende-reducao-do-iof\/","url":"https:\/\/brasilnoticias.org\/site\/maioria-da-bancada-baiana-apoia-urgencia-para-projeto-que-suspende-reducao-do-iof\/","name":"Maioria da bancada baiana apoia urg\u00eancia para projeto que suspende redu\u00e7\u00e3o do IOF - Brasil not\u00edcias","isPartOf":{"@id":"https:\/\/brasilnoticias.org\/site\/#website"},"primaryImageOfPage":{"@id":"https:\/\/brasilnoticias.org\/site\/maioria-da-bancada-baiana-apoia-urgencia-para-projeto-que-suspende-reducao-do-iof\/#primaryimage"},"image":{"@id":"https:\/\/brasilnoticias.org\/site\/maioria-da-bancada-baiana-apoia-urgencia-para-projeto-que-suspende-reducao-do-iof\/#primaryimage"},"thumbnailUrl":"https:\/\/brasilnoticias.org\/site\/wp-content\/uploads\/2025\/06\/camara.avif","datePublished":"2025-06-17T18:52:46+00:00","breadcrumb":{"@id":"https:\/\/brasilnoticias.org\/site\/maioria-da-bancada-baiana-apoia-urgencia-para-projeto-que-suspende-reducao-do-iof\/#breadcrumb"},"inLanguage":"pt-PT","potentialAction":[{"@type":"ReadAction","target":["https:\/\/brasilnoticias.org\/site\/maioria-da-bancada-baiana-apoia-urgencia-para-projeto-que-suspende-reducao-do-iof\/"]}]},{"@type":"ImageObject","inLanguage":"pt-PT","@id":"https:\/\/brasilnoticias.org\/site\/maioria-da-bancada-baiana-apoia-urgencia-para-projeto-que-suspende-reducao-do-iof\/#primaryimage","url":"https:\/\/brasilnoticias.org\/site\/wp-content\/uploads\/2025\/06\/camara.avif","contentUrl":"https:\/\/brasilnoticias.org\/site\/wp-content\/uploads\/2025\/06\/camara.avif","width":984,"height":607},{"@type":"BreadcrumbList","@id":"https:\/\/brasilnoticias.org\/site\/maioria-da-bancada-baiana-apoia-urgencia-para-projeto-que-suspende-reducao-do-iof\/#breadcrumb","itemListElement":[{"@type":"ListItem","position":1,"name":"In\u00edcio","item":"https:\/\/brasilnoticias.org\/site\/"},{"@type":"ListItem","position":2,"name":"Maioria da bancada baiana apoia urg\u00eancia para projeto que suspende redu\u00e7\u00e3o do IOF"}]},{"@type":"WebSite","@id":"https:\/\/brasilnoticias.org\/site\/#website","url":"https:\/\/brasilnoticias.org\/site\/","name":"Brasil not\u00edcias","description":"Brasil not\u00edcias","publisher":{"@id":"https:\/\/brasilnoticias.org\/site\/#organization"},"potentialAction":[{"@type":"SearchAction","target":{"@type":"EntryPoint","urlTemplate":"https:\/\/brasilnoticias.org\/site\/?s={search_term_string}"},"query-input":{"@type":"PropertyValueSpecification","valueRequired":true,"valueName":"search_term_string"}}],"inLanguage":"pt-PT"},{"@type":"Organization","@id":"https:\/\/brasilnoticias.org\/site\/#organization","name":"Brasil not\u00edcias","url":"https:\/\/brasilnoticias.org\/site\/","logo":{"@type":"ImageObject","inLanguage":"pt-PT","@id":"https:\/\/brasilnoticias.org\/site\/#\/schema\/logo\/image\/","url":"https:\/\/brasilnoticias.org\/site\/wp-content\/uploads\/2022\/05\/cropped-brasilnoticias-mini.jpg","contentUrl":"https:\/\/brasilnoticias.org\/site\/wp-content\/uploads\/2022\/05\/cropped-brasilnoticias-mini.jpg","width":314,"height":86,"caption":"Brasil not\u00edcias"},"image":{"@id":"https:\/\/brasilnoticias.org\/site\/#\/schema\/logo\/image\/"}},{"@type":"Person","@id":"https:\/\/brasilnoticias.org\/site\/#\/schema\/person\/03bbbfe6c7634ad18c26444ea39049fa","name":"Reda\u00e7\u00e3o","image":{"@type":"ImageObject","inLanguage":"pt-PT","@id":"https:\/\/brasilnoticias.org\/site\/#\/schema\/person\/image\/","url":"https:\/\/secure.gravatar.com\/avatar\/9ecaf7327a696cb23ad926fedded5f1f04d7049de9e445375d55b48c001a6e42?s=96&d=mm&r=g","contentUrl":"https:\/\/secure.gravatar.com\/avatar\/9ecaf7327a696cb23ad926fedded5f1f04d7049de9e445375d55b48c001a6e42?s=96&d=mm&r=g","caption":"Reda\u00e7\u00e3o"},"url":"https:\/\/brasilnoticias.org\/site\/author\/henrique\/"}]}},"_links":{"self":[{"href":"https:\/\/brasilnoticias.org\/site\/wp-json\/wp\/v2\/posts\/17451","targetHints":{"allow":["GET"]}}],"collection":[{"href":"https:\/\/brasilnoticias.org\/site\/wp-json\/wp\/v2\/posts"}],"about":[{"href":"https:\/\/brasilnoticias.org\/site\/wp-json\/wp\/v2\/types\/post"}],"author":[{"embeddable":true,"href":"https:\/\/brasilnoticias.org\/site\/wp-json\/wp\/v2\/users\/4"}],"replies":[{"embeddable":true,"href":"https:\/\/brasilnoticias.org\/site\/wp-json\/wp\/v2\/comments?post=17451"}],"version-history":[{"count":1,"href":"https:\/\/brasilnoticias.org\/site\/wp-json\/wp\/v2\/posts\/17451\/revisions"}],"predecessor-version":[{"id":17453,"href":"https:\/\/brasilnoticias.org\/site\/wp-json\/wp\/v2\/posts\/17451\/revisions\/17453"}],"wp:featuredmedia":[{"embeddable":true,"href":"https:\/\/brasilnoticias.org\/site\/wp-json\/wp\/v2\/media\/17452"}],"wp:attachment":[{"href":"https:\/\/brasilnoticias.org\/site\/wp-json\/wp\/v2\/media?parent=17451"}],"wp:term":[{"taxonomy":"category","embeddable":true,"href":"https:\/\/brasilnoticias.org\/site\/wp-json\/wp\/v2\/categories?post=17451"},{"taxonomy":"post_tag","embeddable":true,"href":"https:\/\/brasilnoticias.org\/site\/wp-json\/wp\/v2\/tags?post=17451"}],"curies":[{"name":"wp","href":"https:\/\/api.w.org\/{rel}","templated":true}]}}