{"id":17468,"date":"2025-06-19T14:17:25","date_gmt":"2025-06-19T17:17:25","guid":{"rendered":"https:\/\/brasilnoticias.org\/site\/?p=17468"},"modified":"2025-06-19T14:17:25","modified_gmt":"2025-06-19T17:17:25","slug":"homem-fica-soterrado-apos-casa-desabar-em-simoes-filho","status":"publish","type":"post","link":"https:\/\/brasilnoticias.org\/site\/homem-fica-soterrado-apos-casa-desabar-em-simoes-filho\/","title":{"rendered":"Homem fica soterrado ap\u00f3s casa desabar em Sim\u00f5es Filho"},"content":{"rendered":"<p>Resgate foi realizado por uma equipe do Corpo de Bombeiros; as circunst\u00e2ncias do soterramento devem ser investigadas<\/p>\n<p>Um homem foi soterrado ap\u00f3s o desabamento de uma casa nesta quinta-feira (19), no munic\u00edpio de Sim\u00f5es Filho, na Regi\u00e3o Metropolitana de Salvador. Em nota, o Corpo de Bombeiros Militar da Bahia (CBMBA) informou que a v\u00edtima j\u00e1 foi resgatada. <\/p>\n<p>Ap\u00f3s o resgate, o homem, que n\u00e3o teve a identidade divulgada, foi atendido por profissionais do Servi\u00e7o de Atendimento M\u00f3vel de Urg\u00eancia (Samu). Equipes da Pol\u00edcia Militar (PM) e da Defesa Civil de Sim\u00f5es Filho tamb\u00e9m est\u00e3o no local dando apoio.<\/p>\n<p>Segundo informa\u00e7\u00f5es preliminares, o homem estava em uma obra, sozinho dentro da sua resid\u00eancia, quando o im\u00f3vel desabou, por volta das 11h30. Al\u00e9m do Corpo de Bombeiros, moradores usaram p\u00e1s e tentaram retirar a v\u00edtima dos escombros.<\/p>\n<p>Ainda de acordo com moradores do Loteamento Jardim Renat\u00e3o, a \u00e1rea em que ocorreu o deslizamento de terra \u00e9 considerada de risco e chuvas fortes atingiram a regi\u00e3o nesta quinta-feira (19). As circunst\u00e2ncias do soterramento devem ser investigadas.<\/p>\n<p>Foto: Reprodu\u00e7\u00e3o\/TV Bahia<br \/>\nPor: Metro1<\/p>\n","protected":false},"excerpt":{"rendered":"<p>Resgate foi realizado por uma equipe do Corpo de Bombeiros; as circunst\u00e2ncias do soterramento devem ser investigadas Um homem foi<\/p>\n","protected":false},"author":4,"featured_media":17469,"comment_status":"open","ping_status":"open","sticky":false,"template":"","format":"standard","meta":{"colormag_page_container_layout":"default_layout","colormag_page_sidebar_layout":"default_layout","_FSMCFIC_featured_image_caption":"","_FSMCFIC_featured_image_nocaption":"","_FSMCFIC_featured_image_hide":"","footnotes":""},"categories":[2,1],"tags":[],"class_list":["post-17468","post","type-post","status-publish","format-standard","has-post-thumbnail","hentry","category-noticias","category-ultimas"],"yoast_head":"<!-- This site is optimized with the Yoast SEO plugin v27.1.1 - https:\/\/yoast.com\/product\/yoast-seo-wordpress\/ -->\n<title>Homem fica soterrado ap\u00f3s casa desabar em Sim\u00f5es Filho - Brasil not\u00edcias<\/title>\n<meta name=\"robots\" content=\"index, follow, max-snippet:-1, max-image-preview:large, max-video-preview:-1\" \/>\n<link rel=\"canonical\" href=\"https:\/\/brasilnoticias.org\/site\/homem-fica-soterrado-apos-casa-desabar-em-simoes-filho\/\" \/>\n<meta property=\"og:locale\" content=\"pt_PT\" \/>\n<meta property=\"og:type\" content=\"article\" \/>\n<meta property=\"og:title\" content=\"Homem fica soterrado ap\u00f3s casa desabar em Sim\u00f5es Filho - Brasil not\u00edcias\" \/>\n<meta property=\"og:description\" content=\"Resgate foi realizado por uma equipe do Corpo de Bombeiros; as circunst\u00e2ncias do soterramento devem ser investigadas Um homem foi\" \/>\n<meta property=\"og:url\" content=\"https:\/\/brasilnoticias.org\/site\/homem-fica-soterrado-apos-casa-desabar-em-simoes-filho\/\" \/>\n<meta property=\"og:site_name\" content=\"Brasil not\u00edcias\" \/>\n<meta property=\"article:published_time\" content=\"2025-06-19T17:17:25+00:00\" \/>\n<meta property=\"og:image\" content=\"https:\/\/brasilnoticias.org\/site\/wp-content\/uploads\/2025\/06\/166380homem-fica-soterrado-apos-casa-desabar-em-simoes-filho-3.jpg\" \/>\n\t<meta property=\"og:image:width\" content=\"1600\" \/>\n\t<meta property=\"og:image:height\" content=\"752\" \/>\n\t<meta property=\"og:image:type\" content=\"image\/jpeg\" \/>\n<meta name=\"author\" content=\"Reda\u00e7\u00e3o\" \/>\n<meta name=\"twitter:card\" content=\"summary_large_image\" \/>\n<meta name=\"twitter:label1\" content=\"Escrito por\" \/>\n\t<meta name=\"twitter:data1\" content=\"Reda\u00e7\u00e3o\" \/>\n<script type=\"application\/ld+json\" class=\"yoast-schema-graph\">{\"@context\":\"https:\/\/schema.org\",\"@graph\":[{\"@type\":\"Article\",\"@id\":\"https:\/\/brasilnoticias.org\/site\/homem-fica-soterrado-apos-casa-desabar-em-simoes-filho\/#article\",\"isPartOf\":{\"@id\":\"https:\/\/brasilnoticias.org\/site\/homem-fica-soterrado-apos-casa-desabar-em-simoes-filho\/\"},\"author\":{\"name\":\"Reda\u00e7\u00e3o\",\"@id\":\"https:\/\/brasilnoticias.org\/site\/#\/schema\/person\/03bbbfe6c7634ad18c26444ea39049fa\"},\"headline\":\"Homem fica soterrado ap\u00f3s casa desabar em Sim\u00f5es Filho\",\"datePublished\":\"2025-06-19T17:17:25+00:00\",\"mainEntityOfPage\":{\"@id\":\"https:\/\/brasilnoticias.org\/site\/homem-fica-soterrado-apos-casa-desabar-em-simoes-filho\/\"},\"wordCount\":212,\"commentCount\":0,\"publisher\":{\"@id\":\"https:\/\/brasilnoticias.org\/site\/#organization\"},\"image\":{\"@id\":\"https:\/\/brasilnoticias.org\/site\/homem-fica-soterrado-apos-casa-desabar-em-simoes-filho\/#primaryimage\"},\"thumbnailUrl\":\"https:\/\/brasilnoticias.org\/site\/wp-content\/uploads\/2025\/06\/166380homem-fica-soterrado-apos-casa-desabar-em-simoes-filho-3.jpg\",\"articleSection\":[\"Not\u00edcias\",\"\u00daltimas\"],\"inLanguage\":\"pt-PT\",\"potentialAction\":[{\"@type\":\"CommentAction\",\"name\":\"Comment\",\"target\":[\"https:\/\/brasilnoticias.org\/site\/homem-fica-soterrado-apos-casa-desabar-em-simoes-filho\/#respond\"]}]},{\"@type\":\"WebPage\",\"@id\":\"https:\/\/brasilnoticias.org\/site\/homem-fica-soterrado-apos-casa-desabar-em-simoes-filho\/\",\"url\":\"https:\/\/brasilnoticias.org\/site\/homem-fica-soterrado-apos-casa-desabar-em-simoes-filho\/\",\"name\":\"Homem fica soterrado ap\u00f3s casa desabar em Sim\u00f5es Filho - Brasil not\u00edcias\",\"isPartOf\":{\"@id\":\"https:\/\/brasilnoticias.org\/site\/#website\"},\"primaryImageOfPage\":{\"@id\":\"https:\/\/brasilnoticias.org\/site\/homem-fica-soterrado-apos-casa-desabar-em-simoes-filho\/#primaryimage\"},\"image\":{\"@id\":\"https:\/\/brasilnoticias.org\/site\/homem-fica-soterrado-apos-casa-desabar-em-simoes-filho\/#primaryimage\"},\"thumbnailUrl\":\"https:\/\/brasilnoticias.org\/site\/wp-content\/uploads\/2025\/06\/166380homem-fica-soterrado-apos-casa-desabar-em-simoes-filho-3.jpg\",\"datePublished\":\"2025-06-19T17:17:25+00:00\",\"breadcrumb\":{\"@id\":\"https:\/\/brasilnoticias.org\/site\/homem-fica-soterrado-apos-casa-desabar-em-simoes-filho\/#breadcrumb\"},\"inLanguage\":\"pt-PT\",\"potentialAction\":[{\"@type\":\"ReadAction\",\"target\":[\"https:\/\/brasilnoticias.org\/site\/homem-fica-soterrado-apos-casa-desabar-em-simoes-filho\/\"]}]},{\"@type\":\"ImageObject\",\"inLanguage\":\"pt-PT\",\"@id\":\"https:\/\/brasilnoticias.org\/site\/homem-fica-soterrado-apos-casa-desabar-em-simoes-filho\/#primaryimage\",\"url\":\"https:\/\/brasilnoticias.org\/site\/wp-content\/uploads\/2025\/06\/166380homem-fica-soterrado-apos-casa-desabar-em-simoes-filho-3.jpg\",\"contentUrl\":\"https:\/\/brasilnoticias.org\/site\/wp-content\/uploads\/2025\/06\/166380homem-fica-soterrado-apos-casa-desabar-em-simoes-filho-3.jpg\",\"width\":1600,\"height\":752},{\"@type\":\"BreadcrumbList\",\"@id\":\"https:\/\/brasilnoticias.org\/site\/homem-fica-soterrado-apos-casa-desabar-em-simoes-filho\/#breadcrumb\",\"itemListElement\":[{\"@type\":\"ListItem\",\"position\":1,\"name\":\"In\u00edcio\",\"item\":\"https:\/\/brasilnoticias.org\/site\/\"},{\"@type\":\"ListItem\",\"position\":2,\"name\":\"Homem fica soterrado ap\u00f3s casa desabar em Sim\u00f5es Filho\"}]},{\"@type\":\"WebSite\",\"@id\":\"https:\/\/brasilnoticias.org\/site\/#website\",\"url\":\"https:\/\/brasilnoticias.org\/site\/\",\"name\":\"Brasil not\u00edcias\",\"description\":\"Brasil not\u00edcias\",\"publisher\":{\"@id\":\"https:\/\/brasilnoticias.org\/site\/#organization\"},\"potentialAction\":[{\"@type\":\"SearchAction\",\"target\":{\"@type\":\"EntryPoint\",\"urlTemplate\":\"https:\/\/brasilnoticias.org\/site\/?s={search_term_string}\"},\"query-input\":{\"@type\":\"PropertyValueSpecification\",\"valueRequired\":true,\"valueName\":\"search_term_string\"}}],\"inLanguage\":\"pt-PT\"},{\"@type\":\"Organization\",\"@id\":\"https:\/\/brasilnoticias.org\/site\/#organization\",\"name\":\"Brasil not\u00edcias\",\"url\":\"https:\/\/brasilnoticias.org\/site\/\",\"logo\":{\"@type\":\"ImageObject\",\"inLanguage\":\"pt-PT\",\"@id\":\"https:\/\/brasilnoticias.org\/site\/#\/schema\/logo\/image\/\",\"url\":\"https:\/\/brasilnoticias.org\/site\/wp-content\/uploads\/2022\/05\/cropped-brasilnoticias-mini.jpg\",\"contentUrl\":\"https:\/\/brasilnoticias.org\/site\/wp-content\/uploads\/2022\/05\/cropped-brasilnoticias-mini.jpg\",\"width\":314,\"height\":86,\"caption\":\"Brasil not\u00edcias\"},\"image\":{\"@id\":\"https:\/\/brasilnoticias.org\/site\/#\/schema\/logo\/image\/\"}},{\"@type\":\"Person\",\"@id\":\"https:\/\/brasilnoticias.org\/site\/#\/schema\/person\/03bbbfe6c7634ad18c26444ea39049fa\",\"name\":\"Reda\u00e7\u00e3o\",\"image\":{\"@type\":\"ImageObject\",\"inLanguage\":\"pt-PT\",\"@id\":\"https:\/\/brasilnoticias.org\/site\/#\/schema\/person\/image\/\",\"url\":\"https:\/\/secure.gravatar.com\/avatar\/9ecaf7327a696cb23ad926fedded5f1f04d7049de9e445375d55b48c001a6e42?s=96&d=mm&r=g\",\"contentUrl\":\"https:\/\/secure.gravatar.com\/avatar\/9ecaf7327a696cb23ad926fedded5f1f04d7049de9e445375d55b48c001a6e42?s=96&d=mm&r=g\",\"caption\":\"Reda\u00e7\u00e3o\"},\"url\":\"https:\/\/brasilnoticias.org\/site\/author\/henrique\/\"}]}<\/script>\n<!-- \/ Yoast SEO plugin. -->","yoast_head_json":{"title":"Homem fica soterrado ap\u00f3s casa desabar em Sim\u00f5es Filho - Brasil not\u00edcias","robots":{"index":"index","follow":"follow","max-snippet":"max-snippet:-1","max-image-preview":"max-image-preview:large","max-video-preview":"max-video-preview:-1"},"canonical":"https:\/\/brasilnoticias.org\/site\/homem-fica-soterrado-apos-casa-desabar-em-simoes-filho\/","og_locale":"pt_PT","og_type":"article","og_title":"Homem fica soterrado ap\u00f3s casa desabar em Sim\u00f5es Filho - Brasil not\u00edcias","og_description":"Resgate foi realizado por uma equipe do Corpo de Bombeiros; as circunst\u00e2ncias do soterramento devem ser investigadas Um homem foi","og_url":"https:\/\/brasilnoticias.org\/site\/homem-fica-soterrado-apos-casa-desabar-em-simoes-filho\/","og_site_name":"Brasil not\u00edcias","article_published_time":"2025-06-19T17:17:25+00:00","og_image":[{"width":1600,"height":752,"url":"https:\/\/brasilnoticias.org\/site\/wp-content\/uploads\/2025\/06\/166380homem-fica-soterrado-apos-casa-desabar-em-simoes-filho-3.jpg","type":"image\/jpeg"}],"author":"Reda\u00e7\u00e3o","twitter_card":"summary_large_image","twitter_misc":{"Escrito por":"Reda\u00e7\u00e3o"},"schema":{"@context":"https:\/\/schema.org","@graph":[{"@type":"Article","@id":"https:\/\/brasilnoticias.org\/site\/homem-fica-soterrado-apos-casa-desabar-em-simoes-filho\/#article","isPartOf":{"@id":"https:\/\/brasilnoticias.org\/site\/homem-fica-soterrado-apos-casa-desabar-em-simoes-filho\/"},"author":{"name":"Reda\u00e7\u00e3o","@id":"https:\/\/brasilnoticias.org\/site\/#\/schema\/person\/03bbbfe6c7634ad18c26444ea39049fa"},"headline":"Homem fica soterrado ap\u00f3s casa desabar em Sim\u00f5es Filho","datePublished":"2025-06-19T17:17:25+00:00","mainEntityOfPage":{"@id":"https:\/\/brasilnoticias.org\/site\/homem-fica-soterrado-apos-casa-desabar-em-simoes-filho\/"},"wordCount":212,"commentCount":0,"publisher":{"@id":"https:\/\/brasilnoticias.org\/site\/#organization"},"image":{"@id":"https:\/\/brasilnoticias.org\/site\/homem-fica-soterrado-apos-casa-desabar-em-simoes-filho\/#primaryimage"},"thumbnailUrl":"https:\/\/brasilnoticias.org\/site\/wp-content\/uploads\/2025\/06\/166380homem-fica-soterrado-apos-casa-desabar-em-simoes-filho-3.jpg","articleSection":["Not\u00edcias","\u00daltimas"],"inLanguage":"pt-PT","potentialAction":[{"@type":"CommentAction","name":"Comment","target":["https:\/\/brasilnoticias.org\/site\/homem-fica-soterrado-apos-casa-desabar-em-simoes-filho\/#respond"]}]},{"@type":"WebPage","@id":"https:\/\/brasilnoticias.org\/site\/homem-fica-soterrado-apos-casa-desabar-em-simoes-filho\/","url":"https:\/\/brasilnoticias.org\/site\/homem-fica-soterrado-apos-casa-desabar-em-simoes-filho\/","name":"Homem fica soterrado ap\u00f3s casa desabar em Sim\u00f5es Filho - Brasil not\u00edcias","isPartOf":{"@id":"https:\/\/brasilnoticias.org\/site\/#website"},"primaryImageOfPage":{"@id":"https:\/\/brasilnoticias.org\/site\/homem-fica-soterrado-apos-casa-desabar-em-simoes-filho\/#primaryimage"},"image":{"@id":"https:\/\/brasilnoticias.org\/site\/homem-fica-soterrado-apos-casa-desabar-em-simoes-filho\/#primaryimage"},"thumbnailUrl":"https:\/\/brasilnoticias.org\/site\/wp-content\/uploads\/2025\/06\/166380homem-fica-soterrado-apos-casa-desabar-em-simoes-filho-3.jpg","datePublished":"2025-06-19T17:17:25+00:00","breadcrumb":{"@id":"https:\/\/brasilnoticias.org\/site\/homem-fica-soterrado-apos-casa-desabar-em-simoes-filho\/#breadcrumb"},"inLanguage":"pt-PT","potentialAction":[{"@type":"ReadAction","target":["https:\/\/brasilnoticias.org\/site\/homem-fica-soterrado-apos-casa-desabar-em-simoes-filho\/"]}]},{"@type":"ImageObject","inLanguage":"pt-PT","@id":"https:\/\/brasilnoticias.org\/site\/homem-fica-soterrado-apos-casa-desabar-em-simoes-filho\/#primaryimage","url":"https:\/\/brasilnoticias.org\/site\/wp-content\/uploads\/2025\/06\/166380homem-fica-soterrado-apos-casa-desabar-em-simoes-filho-3.jpg","contentUrl":"https:\/\/brasilnoticias.org\/site\/wp-content\/uploads\/2025\/06\/166380homem-fica-soterrado-apos-casa-desabar-em-simoes-filho-3.jpg","width":1600,"height":752},{"@type":"BreadcrumbList","@id":"https:\/\/brasilnoticias.org\/site\/homem-fica-soterrado-apos-casa-desabar-em-simoes-filho\/#breadcrumb","itemListElement":[{"@type":"ListItem","position":1,"name":"In\u00edcio","item":"https:\/\/brasilnoticias.org\/site\/"},{"@type":"ListItem","position":2,"name":"Homem fica soterrado ap\u00f3s casa desabar em Sim\u00f5es Filho"}]},{"@type":"WebSite","@id":"https:\/\/brasilnoticias.org\/site\/#website","url":"https:\/\/brasilnoticias.org\/site\/","name":"Brasil not\u00edcias","description":"Brasil not\u00edcias","publisher":{"@id":"https:\/\/brasilnoticias.org\/site\/#organization"},"potentialAction":[{"@type":"SearchAction","target":{"@type":"EntryPoint","urlTemplate":"https:\/\/brasilnoticias.org\/site\/?s={search_term_string}"},"query-input":{"@type":"PropertyValueSpecification","valueRequired":true,"valueName":"search_term_string"}}],"inLanguage":"pt-PT"},{"@type":"Organization","@id":"https:\/\/brasilnoticias.org\/site\/#organization","name":"Brasil not\u00edcias","url":"https:\/\/brasilnoticias.org\/site\/","logo":{"@type":"ImageObject","inLanguage":"pt-PT","@id":"https:\/\/brasilnoticias.org\/site\/#\/schema\/logo\/image\/","url":"https:\/\/brasilnoticias.org\/site\/wp-content\/uploads\/2022\/05\/cropped-brasilnoticias-mini.jpg","contentUrl":"https:\/\/brasilnoticias.org\/site\/wp-content\/uploads\/2022\/05\/cropped-brasilnoticias-mini.jpg","width":314,"height":86,"caption":"Brasil not\u00edcias"},"image":{"@id":"https:\/\/brasilnoticias.org\/site\/#\/schema\/logo\/image\/"}},{"@type":"Person","@id":"https:\/\/brasilnoticias.org\/site\/#\/schema\/person\/03bbbfe6c7634ad18c26444ea39049fa","name":"Reda\u00e7\u00e3o","image":{"@type":"ImageObject","inLanguage":"pt-PT","@id":"https:\/\/brasilnoticias.org\/site\/#\/schema\/person\/image\/","url":"https:\/\/secure.gravatar.com\/avatar\/9ecaf7327a696cb23ad926fedded5f1f04d7049de9e445375d55b48c001a6e42?s=96&d=mm&r=g","contentUrl":"https:\/\/secure.gravatar.com\/avatar\/9ecaf7327a696cb23ad926fedded5f1f04d7049de9e445375d55b48c001a6e42?s=96&d=mm&r=g","caption":"Reda\u00e7\u00e3o"},"url":"https:\/\/brasilnoticias.org\/site\/author\/henrique\/"}]}},"_links":{"self":[{"href":"https:\/\/brasilnoticias.org\/site\/wp-json\/wp\/v2\/posts\/17468","targetHints":{"allow":["GET"]}}],"collection":[{"href":"https:\/\/brasilnoticias.org\/site\/wp-json\/wp\/v2\/posts"}],"about":[{"href":"https:\/\/brasilnoticias.org\/site\/wp-json\/wp\/v2\/types\/post"}],"author":[{"embeddable":true,"href":"https:\/\/brasilnoticias.org\/site\/wp-json\/wp\/v2\/users\/4"}],"replies":[{"embeddable":true,"href":"https:\/\/brasilnoticias.org\/site\/wp-json\/wp\/v2\/comments?post=17468"}],"version-history":[{"count":1,"href":"https:\/\/brasilnoticias.org\/site\/wp-json\/wp\/v2\/posts\/17468\/revisions"}],"predecessor-version":[{"id":17470,"href":"https:\/\/brasilnoticias.org\/site\/wp-json\/wp\/v2\/posts\/17468\/revisions\/17470"}],"wp:featuredmedia":[{"embeddable":true,"href":"https:\/\/brasilnoticias.org\/site\/wp-json\/wp\/v2\/media\/17469"}],"wp:attachment":[{"href":"https:\/\/brasilnoticias.org\/site\/wp-json\/wp\/v2\/media?parent=17468"}],"wp:term":[{"taxonomy":"category","embeddable":true,"href":"https:\/\/brasilnoticias.org\/site\/wp-json\/wp\/v2\/categories?post=17468"},{"taxonomy":"post_tag","embeddable":true,"href":"https:\/\/brasilnoticias.org\/site\/wp-json\/wp\/v2\/tags?post=17468"}],"curies":[{"name":"wp","href":"https:\/\/api.w.org\/{rel}","templated":true}]}}