{"id":17482,"date":"2025-06-21T19:13:47","date_gmt":"2025-06-21T22:13:47","guid":{"rendered":"https:\/\/brasilnoticias.org\/site\/?p=17482"},"modified":"2025-06-24T19:14:09","modified_gmt":"2025-06-24T22:14:09","slug":"entre-o-silencio-do-partido-e-o-grito-das-ruas-ireuda-expoe-incomodo-com-jeronimo-e-mira-o-planalto","status":"publish","type":"post","link":"https:\/\/brasilnoticias.org\/site\/entre-o-silencio-do-partido-e-o-grito-das-ruas-ireuda-expoe-incomodo-com-jeronimo-e-mira-o-planalto\/","title":{"rendered":"Entre o sil\u00eancio do partido e o grito das ruas: Ireuda exp\u00f5e inc\u00f4modo com Jer\u00f4nimo e mira o Planalto"},"content":{"rendered":"<p>Vereadora critica alian\u00e7a com o PT e admite sonho presidencial; bastidor revela que oposi\u00e7\u00e3o pode antecipar an\u00fancio da chapa para frear avan\u00e7o do governador<\/p>\n<p>A movimenta\u00e7\u00e3o da oposi\u00e7\u00e3o baiana em torno da elei\u00e7\u00e3o de 2026 ganhou um novo componente: o temor de perder ainda mais espa\u00e7o para o governador Jer\u00f4nimo Rodrigues (PT), que tem atuado para cooptar prefeitos advers\u00e1rios.<\/p>\n<p>A estrat\u00e9gia, segundo um aliado de ACM Neto ouvido pela coluna, pode antecipar o an\u00fancio da chapa que disputar\u00e1 o governo do Estado.<\/p>\n<p>\u201cA previs\u00e3o era fim do ano ou depois do Carnaval. Mas Jer\u00f4nimo est\u00e1 fazendo uma coopta\u00e7\u00e3o muito grande. Isso pode ser antecipado para estancar\u201d, afirmou.<\/p>\n<p>Apesar do receio, a avalia\u00e7\u00e3o nos bastidores \u00e9 pragm\u00e1tica: prefeitos buscam oportunidades e podem retornar ao grupo oposicionista se enxergarem chance real de vit\u00f3ria.<\/p>\n<p>\u201cQuando se aproxima a elei\u00e7\u00e3o, eles come\u00e7am o movimento de retorno. Tudo depende da expectativa de poder que ser\u00e1 criada\u201d, completou a fonte.<\/p>\n<p>Ireuda recusa apoio a Jer\u00f4nimo e critica &#8220;marmelada&#8221;<\/p>\n<p>No contexto de articula\u00e7\u00e3o e disputa por hegemonia, a vereadora de Salvador Ireuda Silva (Republicanos) falou com exclusividade \u00e0 coluna e n\u00e3o poupou cr\u00edticas ao governador. Questionada sobre a possibilidade de seu partido apoiar Jer\u00f4nimo por for\u00e7a da federa\u00e7\u00e3o nacional com o MDB, ela foi direta:<\/p>\n<p>\u201cEu, Ireuda Silva, n\u00e3o fa\u00e7o gosto. Ainda que eu queira defender uma sigla, eu n\u00e3o tenho como empurrar goela abaixo a inoper\u00e2ncia de um trabalho, que \u00e9 o trabalho do nosso governador\u201d, disparou.<\/p>\n<p>A vereadora afirma que o petista foi \u201cempurrado\u201d para o cargo e que sua gest\u00e3o \u00e9 fruto de uma \u201cmarmelada\u201d pol\u00edtica:<\/p>\n<p>\u201cN\u00f3s tivemos a\u00ed um homem empurrado. Sinto muito por ele como homem negro, por ter entrado em uma marmelada como essa. Historicamente ele n\u00e3o vai deixar legado\u201d, apostou.<\/p>\n<p>\u201cSonho com a Presid\u00eancia do Brasil\u201d<\/p>\n<p>Apesar de j\u00e1 ter ventilado, no fim do ano passado, a possibilidade de disputar uma vaga na C\u00e2mara dos Deputados, Ireuda agora diz que ficar\u00e1 fora do pleito de 2026. Mas refor\u00e7a que segue com ambi\u00e7\u00f5es maiores:<\/p>\n<p>\u201cVou apoiar, vou estar nas ruas, mas n\u00e3o vou estar nesse pleito. L\u00e1 na frente eu ainda sonho com a Presid\u00eancia do Brasil\u201d, avisou.<\/p>\n<p>Fanatismo e polariza\u00e7\u00e3o: cr\u00edticas \u00e0 milit\u00e2ncia do PT e do bolsonarismo<\/p>\n<p>A vereadora tamb\u00e9m fez uma an\u00e1lise dura sobre a polariza\u00e7\u00e3o pol\u00edtica no pa\u00eds. Para ela, tanto o petismo quanto o bolsonarismo alimentam um ambiente doentio de manipula\u00e7\u00e3o e intoler\u00e2ncia.<\/p>\n<p>\u201cVoc\u00ea \u00e9 manipulado em todos os sentidos. \u00c9 um fanatismo exacerbado. H\u00e1 uma descompensa\u00e7\u00e3o de entendimento. Que doen\u00e7a \u00e9 essa? [&#8230;] O resultado \u00e9 isso aqui: falta de consci\u00eancia, de entendimento\u201d, avaliou Ireuda.<\/p>\n<p>Oposi\u00e7\u00e3o aposta em Tarc\u00edsio e descarta Michelle<\/p>\n<p>Nos bastidores de ACM Neto, a an\u00e1lise \u00e9 de que a fadiga do governo Lula, somada \u00e0 dificuldade econ\u00f4mica do pa\u00eds, pode abrir caminho para um nome da oposi\u00e7\u00e3o em 2026. E Tarc\u00edsio de Freitas (Republicanos), governador de S\u00e3o Paulo, desponta como favorito.<\/p>\n<p>\u201cEle vai ser competitivo no Sul, Sudeste e Centro-Oeste. E at\u00e9 no Nordeste h\u00e1 uma fadiga com Lula. O povo n\u00e3o quer mais promessas, e sim entrega\u201d, disse um interlocutor do Uni\u00e3o Brasil.<\/p>\n<p>J\u00e1 a ex-primeira-dama Michelle Bolsonaro \u00e9 vista com desconfian\u00e7a para compor a chapa presidencial: \u201cMichelle, n\u00e3o. Tem que ver um nome mais forte do Nordeste.\u201d<\/p>\n<p>A mais de um ano para o pleito, o jogo j\u00e1 come\u00e7ou<\/p>\n<p>Com a tentativa de Jer\u00f4nimo de consolidar apoio e a oposi\u00e7\u00e3o ainda em busca de nomes, o cen\u00e1rio de 2026 come\u00e7a a se desenhar sob forte tens\u00e3o.<\/p>\n<p>De um lado, a press\u00e3o da m\u00e1quina governista. Do outro, a busca por uma candidatura que recupere o protagonismo perdido em 2022.<\/p>\n<p>A antecipa\u00e7\u00e3o do an\u00fancio da chapa \u2014 e da narrativa \u2014 pode ser o primeiro grande teste da oposi\u00e7\u00e3o no novo ciclo.<\/p>\n<p>Foto: Divulga\u00e7\u00e3o \/ CMS<br \/>\nBlog do Vila<\/p>\n","protected":false},"excerpt":{"rendered":"<p>Vereadora critica alian\u00e7a com o PT e admite sonho presidencial; bastidor revela que oposi\u00e7\u00e3o pode antecipar an\u00fancio da chapa para<\/p>\n","protected":false},"author":4,"featured_media":17483,"comment_status":"open","ping_status":"open","sticky":false,"template":"","format":"standard","meta":{"colormag_page_container_layout":"default_layout","colormag_page_sidebar_layout":"default_layout","_FSMCFIC_featured_image_caption":"","_FSMCFIC_featured_image_nocaption":"","_FSMCFIC_featured_image_hide":"","footnotes":""},"categories":[5,1],"tags":[],"class_list":["post-17482","post","type-post","status-publish","format-standard","has-post-thumbnail","hentry","category-politica","category-ultimas"],"yoast_head":"<!-- This site is optimized with the Yoast SEO plugin v27.1.1 - https:\/\/yoast.com\/product\/yoast-seo-wordpress\/ -->\n<title>Entre o sil\u00eancio do partido e o grito das ruas: Ireuda exp\u00f5e inc\u00f4modo com Jer\u00f4nimo e mira o Planalto - Brasil not\u00edcias<\/title>\n<meta name=\"robots\" content=\"index, follow, max-snippet:-1, max-image-preview:large, max-video-preview:-1\" \/>\n<link rel=\"canonical\" href=\"https:\/\/brasilnoticias.org\/site\/entre-o-silencio-do-partido-e-o-grito-das-ruas-ireuda-expoe-incomodo-com-jeronimo-e-mira-o-planalto\/\" \/>\n<meta property=\"og:locale\" content=\"pt_PT\" \/>\n<meta property=\"og:type\" content=\"article\" \/>\n<meta property=\"og:title\" content=\"Entre o sil\u00eancio do partido e o grito das ruas: Ireuda exp\u00f5e inc\u00f4modo com Jer\u00f4nimo e mira o Planalto - Brasil not\u00edcias\" \/>\n<meta property=\"og:description\" content=\"Vereadora critica alian\u00e7a com o PT e admite sonho presidencial; bastidor revela que oposi\u00e7\u00e3o pode antecipar an\u00fancio da chapa para\" \/>\n<meta property=\"og:url\" content=\"https:\/\/brasilnoticias.org\/site\/entre-o-silencio-do-partido-e-o-grito-das-ruas-ireuda-expoe-incomodo-com-jeronimo-e-mira-o-planalto\/\" \/>\n<meta property=\"og:site_name\" content=\"Brasil not\u00edcias\" \/>\n<meta property=\"article:published_time\" content=\"2025-06-21T22:13:47+00:00\" \/>\n<meta property=\"article:modified_time\" content=\"2025-06-24T22:14:09+00:00\" \/>\n<meta property=\"og:image\" content=\"https:\/\/brasilnoticias.org\/site\/wp-content\/uploads\/2025\/06\/WhatsApp-Image-2025-06-18-at-09.55.39.jpeg\" \/>\n\t<meta property=\"og:image:width\" content=\"1600\" \/>\n\t<meta property=\"og:image:height\" content=\"900\" \/>\n\t<meta property=\"og:image:type\" content=\"image\/jpeg\" \/>\n<meta name=\"author\" content=\"Reda\u00e7\u00e3o\" \/>\n<meta name=\"twitter:card\" content=\"summary_large_image\" \/>\n<meta name=\"twitter:label1\" content=\"Escrito por\" \/>\n\t<meta name=\"twitter:data1\" content=\"Reda\u00e7\u00e3o\" \/>\n\t<meta name=\"twitter:label2\" content=\"Tempo estimado de leitura\" \/>\n\t<meta name=\"twitter:data2\" content=\"4 minutos\" \/>\n<script type=\"application\/ld+json\" class=\"yoast-schema-graph\">{\"@context\":\"https:\/\/schema.org\",\"@graph\":[{\"@type\":\"Article\",\"@id\":\"https:\/\/brasilnoticias.org\/site\/entre-o-silencio-do-partido-e-o-grito-das-ruas-ireuda-expoe-incomodo-com-jeronimo-e-mira-o-planalto\/#article\",\"isPartOf\":{\"@id\":\"https:\/\/brasilnoticias.org\/site\/entre-o-silencio-do-partido-e-o-grito-das-ruas-ireuda-expoe-incomodo-com-jeronimo-e-mira-o-planalto\/\"},\"author\":{\"name\":\"Reda\u00e7\u00e3o\",\"@id\":\"https:\/\/brasilnoticias.org\/site\/#\/schema\/person\/03bbbfe6c7634ad18c26444ea39049fa\"},\"headline\":\"Entre o sil\u00eancio do partido e o grito das ruas: Ireuda exp\u00f5e inc\u00f4modo com Jer\u00f4nimo e mira o Planalto\",\"datePublished\":\"2025-06-21T22:13:47+00:00\",\"dateModified\":\"2025-06-24T22:14:09+00:00\",\"mainEntityOfPage\":{\"@id\":\"https:\/\/brasilnoticias.org\/site\/entre-o-silencio-do-partido-e-o-grito-das-ruas-ireuda-expoe-incomodo-com-jeronimo-e-mira-o-planalto\/\"},\"wordCount\":708,\"commentCount\":0,\"publisher\":{\"@id\":\"https:\/\/brasilnoticias.org\/site\/#organization\"},\"image\":{\"@id\":\"https:\/\/brasilnoticias.org\/site\/entre-o-silencio-do-partido-e-o-grito-das-ruas-ireuda-expoe-incomodo-com-jeronimo-e-mira-o-planalto\/#primaryimage\"},\"thumbnailUrl\":\"https:\/\/brasilnoticias.org\/site\/wp-content\/uploads\/2025\/06\/WhatsApp-Image-2025-06-18-at-09.55.39.jpeg\",\"articleSection\":[\"Pol\u00edtica\",\"\u00daltimas\"],\"inLanguage\":\"pt-PT\",\"potentialAction\":[{\"@type\":\"CommentAction\",\"name\":\"Comment\",\"target\":[\"https:\/\/brasilnoticias.org\/site\/entre-o-silencio-do-partido-e-o-grito-das-ruas-ireuda-expoe-incomodo-com-jeronimo-e-mira-o-planalto\/#respond\"]}]},{\"@type\":\"WebPage\",\"@id\":\"https:\/\/brasilnoticias.org\/site\/entre-o-silencio-do-partido-e-o-grito-das-ruas-ireuda-expoe-incomodo-com-jeronimo-e-mira-o-planalto\/\",\"url\":\"https:\/\/brasilnoticias.org\/site\/entre-o-silencio-do-partido-e-o-grito-das-ruas-ireuda-expoe-incomodo-com-jeronimo-e-mira-o-planalto\/\",\"name\":\"Entre o sil\u00eancio do partido e o grito das ruas: Ireuda exp\u00f5e inc\u00f4modo com Jer\u00f4nimo e mira o Planalto - Brasil not\u00edcias\",\"isPartOf\":{\"@id\":\"https:\/\/brasilnoticias.org\/site\/#website\"},\"primaryImageOfPage\":{\"@id\":\"https:\/\/brasilnoticias.org\/site\/entre-o-silencio-do-partido-e-o-grito-das-ruas-ireuda-expoe-incomodo-com-jeronimo-e-mira-o-planalto\/#primaryimage\"},\"image\":{\"@id\":\"https:\/\/brasilnoticias.org\/site\/entre-o-silencio-do-partido-e-o-grito-das-ruas-ireuda-expoe-incomodo-com-jeronimo-e-mira-o-planalto\/#primaryimage\"},\"thumbnailUrl\":\"https:\/\/brasilnoticias.org\/site\/wp-content\/uploads\/2025\/06\/WhatsApp-Image-2025-06-18-at-09.55.39.jpeg\",\"datePublished\":\"2025-06-21T22:13:47+00:00\",\"dateModified\":\"2025-06-24T22:14:09+00:00\",\"breadcrumb\":{\"@id\":\"https:\/\/brasilnoticias.org\/site\/entre-o-silencio-do-partido-e-o-grito-das-ruas-ireuda-expoe-incomodo-com-jeronimo-e-mira-o-planalto\/#breadcrumb\"},\"inLanguage\":\"pt-PT\",\"potentialAction\":[{\"@type\":\"ReadAction\",\"target\":[\"https:\/\/brasilnoticias.org\/site\/entre-o-silencio-do-partido-e-o-grito-das-ruas-ireuda-expoe-incomodo-com-jeronimo-e-mira-o-planalto\/\"]}]},{\"@type\":\"ImageObject\",\"inLanguage\":\"pt-PT\",\"@id\":\"https:\/\/brasilnoticias.org\/site\/entre-o-silencio-do-partido-e-o-grito-das-ruas-ireuda-expoe-incomodo-com-jeronimo-e-mira-o-planalto\/#primaryimage\",\"url\":\"https:\/\/brasilnoticias.org\/site\/wp-content\/uploads\/2025\/06\/WhatsApp-Image-2025-06-18-at-09.55.39.jpeg\",\"contentUrl\":\"https:\/\/brasilnoticias.org\/site\/wp-content\/uploads\/2025\/06\/WhatsApp-Image-2025-06-18-at-09.55.39.jpeg\",\"width\":1600,\"height\":900},{\"@type\":\"BreadcrumbList\",\"@id\":\"https:\/\/brasilnoticias.org\/site\/entre-o-silencio-do-partido-e-o-grito-das-ruas-ireuda-expoe-incomodo-com-jeronimo-e-mira-o-planalto\/#breadcrumb\",\"itemListElement\":[{\"@type\":\"ListItem\",\"position\":1,\"name\":\"In\u00edcio\",\"item\":\"https:\/\/brasilnoticias.org\/site\/\"},{\"@type\":\"ListItem\",\"position\":2,\"name\":\"Entre o sil\u00eancio do partido e o grito das ruas: Ireuda exp\u00f5e inc\u00f4modo com Jer\u00f4nimo e mira o Planalto\"}]},{\"@type\":\"WebSite\",\"@id\":\"https:\/\/brasilnoticias.org\/site\/#website\",\"url\":\"https:\/\/brasilnoticias.org\/site\/\",\"name\":\"Brasil not\u00edcias\",\"description\":\"Brasil not\u00edcias\",\"publisher\":{\"@id\":\"https:\/\/brasilnoticias.org\/site\/#organization\"},\"potentialAction\":[{\"@type\":\"SearchAction\",\"target\":{\"@type\":\"EntryPoint\",\"urlTemplate\":\"https:\/\/brasilnoticias.org\/site\/?s={search_term_string}\"},\"query-input\":{\"@type\":\"PropertyValueSpecification\",\"valueRequired\":true,\"valueName\":\"search_term_string\"}}],\"inLanguage\":\"pt-PT\"},{\"@type\":\"Organization\",\"@id\":\"https:\/\/brasilnoticias.org\/site\/#organization\",\"name\":\"Brasil not\u00edcias\",\"url\":\"https:\/\/brasilnoticias.org\/site\/\",\"logo\":{\"@type\":\"ImageObject\",\"inLanguage\":\"pt-PT\",\"@id\":\"https:\/\/brasilnoticias.org\/site\/#\/schema\/logo\/image\/\",\"url\":\"https:\/\/brasilnoticias.org\/site\/wp-content\/uploads\/2022\/05\/cropped-brasilnoticias-mini.jpg\",\"contentUrl\":\"https:\/\/brasilnoticias.org\/site\/wp-content\/uploads\/2022\/05\/cropped-brasilnoticias-mini.jpg\",\"width\":314,\"height\":86,\"caption\":\"Brasil not\u00edcias\"},\"image\":{\"@id\":\"https:\/\/brasilnoticias.org\/site\/#\/schema\/logo\/image\/\"}},{\"@type\":\"Person\",\"@id\":\"https:\/\/brasilnoticias.org\/site\/#\/schema\/person\/03bbbfe6c7634ad18c26444ea39049fa\",\"name\":\"Reda\u00e7\u00e3o\",\"image\":{\"@type\":\"ImageObject\",\"inLanguage\":\"pt-PT\",\"@id\":\"https:\/\/brasilnoticias.org\/site\/#\/schema\/person\/image\/\",\"url\":\"https:\/\/secure.gravatar.com\/avatar\/9ecaf7327a696cb23ad926fedded5f1f04d7049de9e445375d55b48c001a6e42?s=96&d=mm&r=g\",\"contentUrl\":\"https:\/\/secure.gravatar.com\/avatar\/9ecaf7327a696cb23ad926fedded5f1f04d7049de9e445375d55b48c001a6e42?s=96&d=mm&r=g\",\"caption\":\"Reda\u00e7\u00e3o\"},\"url\":\"https:\/\/brasilnoticias.org\/site\/author\/henrique\/\"}]}<\/script>\n<!-- \/ Yoast SEO plugin. -->","yoast_head_json":{"title":"Entre o sil\u00eancio do partido e o grito das ruas: Ireuda exp\u00f5e inc\u00f4modo com Jer\u00f4nimo e mira o Planalto - Brasil not\u00edcias","robots":{"index":"index","follow":"follow","max-snippet":"max-snippet:-1","max-image-preview":"max-image-preview:large","max-video-preview":"max-video-preview:-1"},"canonical":"https:\/\/brasilnoticias.org\/site\/entre-o-silencio-do-partido-e-o-grito-das-ruas-ireuda-expoe-incomodo-com-jeronimo-e-mira-o-planalto\/","og_locale":"pt_PT","og_type":"article","og_title":"Entre o sil\u00eancio do partido e o grito das ruas: Ireuda exp\u00f5e inc\u00f4modo com Jer\u00f4nimo e mira o Planalto - Brasil not\u00edcias","og_description":"Vereadora critica alian\u00e7a com o PT e admite sonho presidencial; bastidor revela que oposi\u00e7\u00e3o pode antecipar an\u00fancio da chapa para","og_url":"https:\/\/brasilnoticias.org\/site\/entre-o-silencio-do-partido-e-o-grito-das-ruas-ireuda-expoe-incomodo-com-jeronimo-e-mira-o-planalto\/","og_site_name":"Brasil not\u00edcias","article_published_time":"2025-06-21T22:13:47+00:00","article_modified_time":"2025-06-24T22:14:09+00:00","og_image":[{"width":1600,"height":900,"url":"https:\/\/brasilnoticias.org\/site\/wp-content\/uploads\/2025\/06\/WhatsApp-Image-2025-06-18-at-09.55.39.jpeg","type":"image\/jpeg"}],"author":"Reda\u00e7\u00e3o","twitter_card":"summary_large_image","twitter_misc":{"Escrito por":"Reda\u00e7\u00e3o","Tempo estimado de leitura":"4 minutos"},"schema":{"@context":"https:\/\/schema.org","@graph":[{"@type":"Article","@id":"https:\/\/brasilnoticias.org\/site\/entre-o-silencio-do-partido-e-o-grito-das-ruas-ireuda-expoe-incomodo-com-jeronimo-e-mira-o-planalto\/#article","isPartOf":{"@id":"https:\/\/brasilnoticias.org\/site\/entre-o-silencio-do-partido-e-o-grito-das-ruas-ireuda-expoe-incomodo-com-jeronimo-e-mira-o-planalto\/"},"author":{"name":"Reda\u00e7\u00e3o","@id":"https:\/\/brasilnoticias.org\/site\/#\/schema\/person\/03bbbfe6c7634ad18c26444ea39049fa"},"headline":"Entre o sil\u00eancio do partido e o grito das ruas: Ireuda exp\u00f5e inc\u00f4modo com Jer\u00f4nimo e mira o Planalto","datePublished":"2025-06-21T22:13:47+00:00","dateModified":"2025-06-24T22:14:09+00:00","mainEntityOfPage":{"@id":"https:\/\/brasilnoticias.org\/site\/entre-o-silencio-do-partido-e-o-grito-das-ruas-ireuda-expoe-incomodo-com-jeronimo-e-mira-o-planalto\/"},"wordCount":708,"commentCount":0,"publisher":{"@id":"https:\/\/brasilnoticias.org\/site\/#organization"},"image":{"@id":"https:\/\/brasilnoticias.org\/site\/entre-o-silencio-do-partido-e-o-grito-das-ruas-ireuda-expoe-incomodo-com-jeronimo-e-mira-o-planalto\/#primaryimage"},"thumbnailUrl":"https:\/\/brasilnoticias.org\/site\/wp-content\/uploads\/2025\/06\/WhatsApp-Image-2025-06-18-at-09.55.39.jpeg","articleSection":["Pol\u00edtica","\u00daltimas"],"inLanguage":"pt-PT","potentialAction":[{"@type":"CommentAction","name":"Comment","target":["https:\/\/brasilnoticias.org\/site\/entre-o-silencio-do-partido-e-o-grito-das-ruas-ireuda-expoe-incomodo-com-jeronimo-e-mira-o-planalto\/#respond"]}]},{"@type":"WebPage","@id":"https:\/\/brasilnoticias.org\/site\/entre-o-silencio-do-partido-e-o-grito-das-ruas-ireuda-expoe-incomodo-com-jeronimo-e-mira-o-planalto\/","url":"https:\/\/brasilnoticias.org\/site\/entre-o-silencio-do-partido-e-o-grito-das-ruas-ireuda-expoe-incomodo-com-jeronimo-e-mira-o-planalto\/","name":"Entre o sil\u00eancio do partido e o grito das ruas: Ireuda exp\u00f5e inc\u00f4modo com Jer\u00f4nimo e mira o Planalto - Brasil not\u00edcias","isPartOf":{"@id":"https:\/\/brasilnoticias.org\/site\/#website"},"primaryImageOfPage":{"@id":"https:\/\/brasilnoticias.org\/site\/entre-o-silencio-do-partido-e-o-grito-das-ruas-ireuda-expoe-incomodo-com-jeronimo-e-mira-o-planalto\/#primaryimage"},"image":{"@id":"https:\/\/brasilnoticias.org\/site\/entre-o-silencio-do-partido-e-o-grito-das-ruas-ireuda-expoe-incomodo-com-jeronimo-e-mira-o-planalto\/#primaryimage"},"thumbnailUrl":"https:\/\/brasilnoticias.org\/site\/wp-content\/uploads\/2025\/06\/WhatsApp-Image-2025-06-18-at-09.55.39.jpeg","datePublished":"2025-06-21T22:13:47+00:00","dateModified":"2025-06-24T22:14:09+00:00","breadcrumb":{"@id":"https:\/\/brasilnoticias.org\/site\/entre-o-silencio-do-partido-e-o-grito-das-ruas-ireuda-expoe-incomodo-com-jeronimo-e-mira-o-planalto\/#breadcrumb"},"inLanguage":"pt-PT","potentialAction":[{"@type":"ReadAction","target":["https:\/\/brasilnoticias.org\/site\/entre-o-silencio-do-partido-e-o-grito-das-ruas-ireuda-expoe-incomodo-com-jeronimo-e-mira-o-planalto\/"]}]},{"@type":"ImageObject","inLanguage":"pt-PT","@id":"https:\/\/brasilnoticias.org\/site\/entre-o-silencio-do-partido-e-o-grito-das-ruas-ireuda-expoe-incomodo-com-jeronimo-e-mira-o-planalto\/#primaryimage","url":"https:\/\/brasilnoticias.org\/site\/wp-content\/uploads\/2025\/06\/WhatsApp-Image-2025-06-18-at-09.55.39.jpeg","contentUrl":"https:\/\/brasilnoticias.org\/site\/wp-content\/uploads\/2025\/06\/WhatsApp-Image-2025-06-18-at-09.55.39.jpeg","width":1600,"height":900},{"@type":"BreadcrumbList","@id":"https:\/\/brasilnoticias.org\/site\/entre-o-silencio-do-partido-e-o-grito-das-ruas-ireuda-expoe-incomodo-com-jeronimo-e-mira-o-planalto\/#breadcrumb","itemListElement":[{"@type":"ListItem","position":1,"name":"In\u00edcio","item":"https:\/\/brasilnoticias.org\/site\/"},{"@type":"ListItem","position":2,"name":"Entre o sil\u00eancio do partido e o grito das ruas: Ireuda exp\u00f5e inc\u00f4modo com Jer\u00f4nimo e mira o Planalto"}]},{"@type":"WebSite","@id":"https:\/\/brasilnoticias.org\/site\/#website","url":"https:\/\/brasilnoticias.org\/site\/","name":"Brasil not\u00edcias","description":"Brasil not\u00edcias","publisher":{"@id":"https:\/\/brasilnoticias.org\/site\/#organization"},"potentialAction":[{"@type":"SearchAction","target":{"@type":"EntryPoint","urlTemplate":"https:\/\/brasilnoticias.org\/site\/?s={search_term_string}"},"query-input":{"@type":"PropertyValueSpecification","valueRequired":true,"valueName":"search_term_string"}}],"inLanguage":"pt-PT"},{"@type":"Organization","@id":"https:\/\/brasilnoticias.org\/site\/#organization","name":"Brasil not\u00edcias","url":"https:\/\/brasilnoticias.org\/site\/","logo":{"@type":"ImageObject","inLanguage":"pt-PT","@id":"https:\/\/brasilnoticias.org\/site\/#\/schema\/logo\/image\/","url":"https:\/\/brasilnoticias.org\/site\/wp-content\/uploads\/2022\/05\/cropped-brasilnoticias-mini.jpg","contentUrl":"https:\/\/brasilnoticias.org\/site\/wp-content\/uploads\/2022\/05\/cropped-brasilnoticias-mini.jpg","width":314,"height":86,"caption":"Brasil not\u00edcias"},"image":{"@id":"https:\/\/brasilnoticias.org\/site\/#\/schema\/logo\/image\/"}},{"@type":"Person","@id":"https:\/\/brasilnoticias.org\/site\/#\/schema\/person\/03bbbfe6c7634ad18c26444ea39049fa","name":"Reda\u00e7\u00e3o","image":{"@type":"ImageObject","inLanguage":"pt-PT","@id":"https:\/\/brasilnoticias.org\/site\/#\/schema\/person\/image\/","url":"https:\/\/secure.gravatar.com\/avatar\/9ecaf7327a696cb23ad926fedded5f1f04d7049de9e445375d55b48c001a6e42?s=96&d=mm&r=g","contentUrl":"https:\/\/secure.gravatar.com\/avatar\/9ecaf7327a696cb23ad926fedded5f1f04d7049de9e445375d55b48c001a6e42?s=96&d=mm&r=g","caption":"Reda\u00e7\u00e3o"},"url":"https:\/\/brasilnoticias.org\/site\/author\/henrique\/"}]}},"_links":{"self":[{"href":"https:\/\/brasilnoticias.org\/site\/wp-json\/wp\/v2\/posts\/17482","targetHints":{"allow":["GET"]}}],"collection":[{"href":"https:\/\/brasilnoticias.org\/site\/wp-json\/wp\/v2\/posts"}],"about":[{"href":"https:\/\/brasilnoticias.org\/site\/wp-json\/wp\/v2\/types\/post"}],"author":[{"embeddable":true,"href":"https:\/\/brasilnoticias.org\/site\/wp-json\/wp\/v2\/users\/4"}],"replies":[{"embeddable":true,"href":"https:\/\/brasilnoticias.org\/site\/wp-json\/wp\/v2\/comments?post=17482"}],"version-history":[{"count":1,"href":"https:\/\/brasilnoticias.org\/site\/wp-json\/wp\/v2\/posts\/17482\/revisions"}],"predecessor-version":[{"id":17484,"href":"https:\/\/brasilnoticias.org\/site\/wp-json\/wp\/v2\/posts\/17482\/revisions\/17484"}],"wp:featuredmedia":[{"embeddable":true,"href":"https:\/\/brasilnoticias.org\/site\/wp-json\/wp\/v2\/media\/17483"}],"wp:attachment":[{"href":"https:\/\/brasilnoticias.org\/site\/wp-json\/wp\/v2\/media?parent=17482"}],"wp:term":[{"taxonomy":"category","embeddable":true,"href":"https:\/\/brasilnoticias.org\/site\/wp-json\/wp\/v2\/categories?post=17482"},{"taxonomy":"post_tag","embeddable":true,"href":"https:\/\/brasilnoticias.org\/site\/wp-json\/wp\/v2\/tags?post=17482"}],"curies":[{"name":"wp","href":"https:\/\/api.w.org\/{rel}","templated":true}]}}