{"id":17493,"date":"2025-06-24T19:25:31","date_gmt":"2025-06-24T22:25:31","guid":{"rendered":"https:\/\/brasilnoticias.org\/site\/?p=17493"},"modified":"2025-06-24T19:25:31","modified_gmt":"2025-06-24T22:25:31","slug":"israel-confirma-que-respeitara-cessar-fogo-apos-responder-a-ataque-do-ira-e-destruir-radar-em-teera","status":"publish","type":"post","link":"https:\/\/brasilnoticias.org\/site\/israel-confirma-que-respeitara-cessar-fogo-apos-responder-a-ataque-do-ira-e-destruir-radar-em-teera\/","title":{"rendered":"Israel confirma que respeitar\u00e1 cessar-fogo ap\u00f3s responder a ataque do Ir\u00e3 e destruir radar em Teer\u00e3"},"content":{"rendered":"<p>Israel confirmou nesta ter\u00e7a-feira que ir\u00e1 respeitar o cessar-fogo acordado com o Ir\u00e3, mas esclareceu que, antes da entrada em vigor da tr\u00e9gua, realizou um ataque \u201ccontundente\u201d no cora\u00e7\u00e3o de Teer\u00e3. A ofensiva, segundo comunicado oficial do gabinete do primeiro-ministro Benjamin Netanyahu, destruiu um radar e resultou na morte de centenas de membros das for\u00e7as de seguran\u00e7a iranianas e do grupo paramilitar Basij.<\/p>\n<p>A nota, publicada na conta de Netanyahu, indicou que o ataque ocorreu \u00e0s 3h da madrugada (hor\u00e1rio local), quatro horas antes do in\u00edcio pactuado do cessar-fogo, \u00e0s 7h. \u201cIsrael atacou com for\u00e7a no cora\u00e7\u00e3o de Teer\u00e3, atingiu objetivos do regime e eliminou centenas de membros das for\u00e7as de seguran\u00e7a iranianas\u201d, l\u00ea-se na publica\u00e7\u00e3o.<\/p>\n<p>Apesar da proximidade do cessar-fogo, Israel acusou o Ir\u00e3 de lan\u00e7ar um ataque com m\u00edsseis contra territ\u00f3rio israelense pouco antes das 7h. Um dos proj\u00e9teis atingiu Be\u2019er Sheva, causando a morte de quatro civis israelenses. Netanyahu afirmou que, mesmo ap\u00f3s a ativa\u00e7\u00e3o do cessar-fogo, o Ir\u00e3 disparou mais tr\u00eas m\u00edsseis: um \u00e0s 7h06 e outros dois \u00e0s 10h25. Todos foram interceptados ou ca\u00edram em \u00e1reas despovoadas, sem causar v\u00edtimas ou danos.<\/p>\n<p>Em resposta a essa suposta viola\u00e7\u00e3o, a For\u00e7a A\u00e9rea israelense destruiu uma instala\u00e7\u00e3o de radar perto de Teer\u00e3. N\u00e3o foram especificados o tipo de radar nem sua localiza\u00e7\u00e3o exata, embora fontes de intelig\u00eancia sugiram que poderia se tratar de um sistema chave na defesa antia\u00e9rea iraniana.<\/p>\n<p>Interven\u00e7\u00e3o de Trump e Cr\u00edticas a Ambos os Lados<\/p>\n<p>A decis\u00e3o de Israel de frear novos ataques ap\u00f3s a retalia\u00e7\u00e3o foi tomada ap\u00f3s uma conversa entre Netanyahu e o ex-presidente dos Estados Unidos, Donald Trump, que instou o l\u00edder israelense a p\u00f4r fim \u00e0s hostilidades. Segundo o comunicado, Trump expressou seu \u201cgrande apre\u00e7o por Israel\u201d e manifestou confian\u00e7a na estabilidade do cessar-fogo, destacando que, em sua opini\u00e3o, o pa\u00eds \u201calcan\u00e7ou todos os seus objetivos militares na guerra\u201d.<\/p>\n<p>Trump j\u00e1 havia demonstrado profundo mal-estar em declara\u00e7\u00f5es \u00e0 imprensa na Casa Branca, antes de partir para a c\u00fapula da OTAN em Haia. Ele confirmou que tanto Ir\u00e3 quanto Israel descumpriram os termos do acordo de cessar-hostilidades. \u201cEles o violaram, mas Israel tamb\u00e9m o fez\u201d, assegurou. Em seguida, dirigiu cr\u00edticas diretas ao seu aliado: \u201cN\u00e3o estou feliz se Israel sai esta manh\u00e3 e lan\u00e7a uma fucking bomba por um foguete que talvez foi um erro e nem sequer impactou.\u201d<\/p>\n<p>Em uma mensagem publicada no Truth Social, Trump escreveu em mai\u00fasculas: \u201cISRAEL. N\u00c3O LANCEM ESSAS BOMBAS. SE O FIZEREM, SER\u00c1 UMA VIOLA\u00c7\u00c3O GRAVE. TRAGAM SEUS PILOTOS PARA CASA, J\u00c1! DONALD J. TRUMP, PRESIDENTE DOS ESTADOS UNIDOS\u201d.<\/p>\n<p>O presidente dos EUA havia anunciado a entrada em vigor de um cessar-fogo escalonado de 24 horas, que come\u00e7aria com a interrup\u00e7\u00e3o imediata das opera\u00e7\u00f5es por parte do Ir\u00e3, seguida por uma pausa de 12 horas, ap\u00f3s a qual Israel deveria cessar seus bombardeios. No entanto, poucas horas depois do an\u00fancio, foram relatados novos interc\u00e2mbios de m\u00edsseis, declara\u00e7\u00f5es cruzadas e novas baixas.<\/p>\n<p>Informa\u00e7\u00f5es da Gazeta Brasil \/ Foto: IDF<\/p>\n","protected":false},"excerpt":{"rendered":"<p>Israel confirmou nesta ter\u00e7a-feira que ir\u00e1 respeitar o cessar-fogo acordado com o Ir\u00e3, mas esclareceu que, antes da entrada em<\/p>\n","protected":false},"author":4,"featured_media":17494,"comment_status":"open","ping_status":"open","sticky":false,"template":"","format":"standard","meta":{"colormag_page_container_layout":"default_layout","colormag_page_sidebar_layout":"default_layout","_FSMCFIC_featured_image_caption":"","_FSMCFIC_featured_image_nocaption":"","_FSMCFIC_featured_image_hide":"","footnotes":""},"categories":[6,1],"tags":[],"class_list":["post-17493","post","type-post","status-publish","format-standard","has-post-thumbnail","hentry","category-mundo","category-ultimas"],"yoast_head":"<!-- This site is optimized with the Yoast SEO plugin v27.1.1 - https:\/\/yoast.com\/product\/yoast-seo-wordpress\/ -->\n<title>Israel confirma que respeitar\u00e1 cessar-fogo ap\u00f3s responder a ataque do Ir\u00e3 e destruir radar em Teer\u00e3 - Brasil not\u00edcias<\/title>\n<meta name=\"robots\" content=\"index, follow, max-snippet:-1, max-image-preview:large, max-video-preview:-1\" \/>\n<link rel=\"canonical\" href=\"https:\/\/brasilnoticias.org\/site\/israel-confirma-que-respeitara-cessar-fogo-apos-responder-a-ataque-do-ira-e-destruir-radar-em-teera\/\" \/>\n<meta property=\"og:locale\" content=\"pt_PT\" \/>\n<meta property=\"og:type\" content=\"article\" \/>\n<meta property=\"og:title\" content=\"Israel confirma que respeitar\u00e1 cessar-fogo ap\u00f3s responder a ataque do Ir\u00e3 e destruir radar em Teer\u00e3 - Brasil not\u00edcias\" \/>\n<meta property=\"og:description\" content=\"Israel confirmou nesta ter\u00e7a-feira que ir\u00e1 respeitar o cessar-fogo acordado com o Ir\u00e3, mas esclareceu que, antes da entrada em\" \/>\n<meta property=\"og:url\" content=\"https:\/\/brasilnoticias.org\/site\/israel-confirma-que-respeitara-cessar-fogo-apos-responder-a-ataque-do-ira-e-destruir-radar-em-teera\/\" \/>\n<meta property=\"og:site_name\" content=\"Brasil not\u00edcias\" \/>\n<meta property=\"article:published_time\" content=\"2025-06-24T22:25:31+00:00\" \/>\n<meta property=\"og:image\" content=\"https:\/\/brasilnoticias.org\/site\/wp-content\/uploads\/2025\/06\/IMAGEM_NOTICIA_0-1.jpg\" \/>\n\t<meta property=\"og:image:width\" content=\"850\" \/>\n\t<meta property=\"og:image:height\" content=\"400\" \/>\n\t<meta property=\"og:image:type\" content=\"image\/jpeg\" \/>\n<meta name=\"author\" content=\"Reda\u00e7\u00e3o\" \/>\n<meta name=\"twitter:card\" content=\"summary_large_image\" \/>\n<meta name=\"twitter:label1\" content=\"Escrito por\" \/>\n\t<meta name=\"twitter:data1\" content=\"Reda\u00e7\u00e3o\" \/>\n\t<meta name=\"twitter:label2\" content=\"Tempo estimado de leitura\" \/>\n\t<meta name=\"twitter:data2\" content=\"1 minuto\" \/>\n<script type=\"application\/ld+json\" class=\"yoast-schema-graph\">{\"@context\":\"https:\/\/schema.org\",\"@graph\":[{\"@type\":\"Article\",\"@id\":\"https:\/\/brasilnoticias.org\/site\/israel-confirma-que-respeitara-cessar-fogo-apos-responder-a-ataque-do-ira-e-destruir-radar-em-teera\/#article\",\"isPartOf\":{\"@id\":\"https:\/\/brasilnoticias.org\/site\/israel-confirma-que-respeitara-cessar-fogo-apos-responder-a-ataque-do-ira-e-destruir-radar-em-teera\/\"},\"author\":{\"name\":\"Reda\u00e7\u00e3o\",\"@id\":\"https:\/\/brasilnoticias.org\/site\/#\/schema\/person\/03bbbfe6c7634ad18c26444ea39049fa\"},\"headline\":\"Israel confirma que respeitar\u00e1 cessar-fogo ap\u00f3s responder a ataque do Ir\u00e3 e destruir radar em Teer\u00e3\",\"datePublished\":\"2025-06-24T22:25:31+00:00\",\"mainEntityOfPage\":{\"@id\":\"https:\/\/brasilnoticias.org\/site\/israel-confirma-que-respeitara-cessar-fogo-apos-responder-a-ataque-do-ira-e-destruir-radar-em-teera\/\"},\"wordCount\":570,\"commentCount\":0,\"publisher\":{\"@id\":\"https:\/\/brasilnoticias.org\/site\/#organization\"},\"image\":{\"@id\":\"https:\/\/brasilnoticias.org\/site\/israel-confirma-que-respeitara-cessar-fogo-apos-responder-a-ataque-do-ira-e-destruir-radar-em-teera\/#primaryimage\"},\"thumbnailUrl\":\"https:\/\/brasilnoticias.org\/site\/wp-content\/uploads\/2025\/06\/IMAGEM_NOTICIA_0-1.jpg\",\"articleSection\":[\"Mundo\",\"\u00daltimas\"],\"inLanguage\":\"pt-PT\",\"potentialAction\":[{\"@type\":\"CommentAction\",\"name\":\"Comment\",\"target\":[\"https:\/\/brasilnoticias.org\/site\/israel-confirma-que-respeitara-cessar-fogo-apos-responder-a-ataque-do-ira-e-destruir-radar-em-teera\/#respond\"]}]},{\"@type\":\"WebPage\",\"@id\":\"https:\/\/brasilnoticias.org\/site\/israel-confirma-que-respeitara-cessar-fogo-apos-responder-a-ataque-do-ira-e-destruir-radar-em-teera\/\",\"url\":\"https:\/\/brasilnoticias.org\/site\/israel-confirma-que-respeitara-cessar-fogo-apos-responder-a-ataque-do-ira-e-destruir-radar-em-teera\/\",\"name\":\"Israel confirma que respeitar\u00e1 cessar-fogo ap\u00f3s responder a ataque do Ir\u00e3 e destruir radar em Teer\u00e3 - Brasil not\u00edcias\",\"isPartOf\":{\"@id\":\"https:\/\/brasilnoticias.org\/site\/#website\"},\"primaryImageOfPage\":{\"@id\":\"https:\/\/brasilnoticias.org\/site\/israel-confirma-que-respeitara-cessar-fogo-apos-responder-a-ataque-do-ira-e-destruir-radar-em-teera\/#primaryimage\"},\"image\":{\"@id\":\"https:\/\/brasilnoticias.org\/site\/israel-confirma-que-respeitara-cessar-fogo-apos-responder-a-ataque-do-ira-e-destruir-radar-em-teera\/#primaryimage\"},\"thumbnailUrl\":\"https:\/\/brasilnoticias.org\/site\/wp-content\/uploads\/2025\/06\/IMAGEM_NOTICIA_0-1.jpg\",\"datePublished\":\"2025-06-24T22:25:31+00:00\",\"breadcrumb\":{\"@id\":\"https:\/\/brasilnoticias.org\/site\/israel-confirma-que-respeitara-cessar-fogo-apos-responder-a-ataque-do-ira-e-destruir-radar-em-teera\/#breadcrumb\"},\"inLanguage\":\"pt-PT\",\"potentialAction\":[{\"@type\":\"ReadAction\",\"target\":[\"https:\/\/brasilnoticias.org\/site\/israel-confirma-que-respeitara-cessar-fogo-apos-responder-a-ataque-do-ira-e-destruir-radar-em-teera\/\"]}]},{\"@type\":\"ImageObject\",\"inLanguage\":\"pt-PT\",\"@id\":\"https:\/\/brasilnoticias.org\/site\/israel-confirma-que-respeitara-cessar-fogo-apos-responder-a-ataque-do-ira-e-destruir-radar-em-teera\/#primaryimage\",\"url\":\"https:\/\/brasilnoticias.org\/site\/wp-content\/uploads\/2025\/06\/IMAGEM_NOTICIA_0-1.jpg\",\"contentUrl\":\"https:\/\/brasilnoticias.org\/site\/wp-content\/uploads\/2025\/06\/IMAGEM_NOTICIA_0-1.jpg\",\"width\":850,\"height\":400},{\"@type\":\"BreadcrumbList\",\"@id\":\"https:\/\/brasilnoticias.org\/site\/israel-confirma-que-respeitara-cessar-fogo-apos-responder-a-ataque-do-ira-e-destruir-radar-em-teera\/#breadcrumb\",\"itemListElement\":[{\"@type\":\"ListItem\",\"position\":1,\"name\":\"In\u00edcio\",\"item\":\"https:\/\/brasilnoticias.org\/site\/\"},{\"@type\":\"ListItem\",\"position\":2,\"name\":\"Israel confirma que respeitar\u00e1 cessar-fogo ap\u00f3s responder a ataque do Ir\u00e3 e destruir radar em Teer\u00e3\"}]},{\"@type\":\"WebSite\",\"@id\":\"https:\/\/brasilnoticias.org\/site\/#website\",\"url\":\"https:\/\/brasilnoticias.org\/site\/\",\"name\":\"Brasil not\u00edcias\",\"description\":\"Brasil not\u00edcias\",\"publisher\":{\"@id\":\"https:\/\/brasilnoticias.org\/site\/#organization\"},\"potentialAction\":[{\"@type\":\"SearchAction\",\"target\":{\"@type\":\"EntryPoint\",\"urlTemplate\":\"https:\/\/brasilnoticias.org\/site\/?s={search_term_string}\"},\"query-input\":{\"@type\":\"PropertyValueSpecification\",\"valueRequired\":true,\"valueName\":\"search_term_string\"}}],\"inLanguage\":\"pt-PT\"},{\"@type\":\"Organization\",\"@id\":\"https:\/\/brasilnoticias.org\/site\/#organization\",\"name\":\"Brasil not\u00edcias\",\"url\":\"https:\/\/brasilnoticias.org\/site\/\",\"logo\":{\"@type\":\"ImageObject\",\"inLanguage\":\"pt-PT\",\"@id\":\"https:\/\/brasilnoticias.org\/site\/#\/schema\/logo\/image\/\",\"url\":\"https:\/\/brasilnoticias.org\/site\/wp-content\/uploads\/2022\/05\/cropped-brasilnoticias-mini.jpg\",\"contentUrl\":\"https:\/\/brasilnoticias.org\/site\/wp-content\/uploads\/2022\/05\/cropped-brasilnoticias-mini.jpg\",\"width\":314,\"height\":86,\"caption\":\"Brasil not\u00edcias\"},\"image\":{\"@id\":\"https:\/\/brasilnoticias.org\/site\/#\/schema\/logo\/image\/\"}},{\"@type\":\"Person\",\"@id\":\"https:\/\/brasilnoticias.org\/site\/#\/schema\/person\/03bbbfe6c7634ad18c26444ea39049fa\",\"name\":\"Reda\u00e7\u00e3o\",\"image\":{\"@type\":\"ImageObject\",\"inLanguage\":\"pt-PT\",\"@id\":\"https:\/\/brasilnoticias.org\/site\/#\/schema\/person\/image\/\",\"url\":\"https:\/\/secure.gravatar.com\/avatar\/9ecaf7327a696cb23ad926fedded5f1f04d7049de9e445375d55b48c001a6e42?s=96&d=mm&r=g\",\"contentUrl\":\"https:\/\/secure.gravatar.com\/avatar\/9ecaf7327a696cb23ad926fedded5f1f04d7049de9e445375d55b48c001a6e42?s=96&d=mm&r=g\",\"caption\":\"Reda\u00e7\u00e3o\"},\"url\":\"https:\/\/brasilnoticias.org\/site\/author\/henrique\/\"}]}<\/script>\n<!-- \/ Yoast SEO plugin. -->","yoast_head_json":{"title":"Israel confirma que respeitar\u00e1 cessar-fogo ap\u00f3s responder a ataque do Ir\u00e3 e destruir radar em Teer\u00e3 - Brasil not\u00edcias","robots":{"index":"index","follow":"follow","max-snippet":"max-snippet:-1","max-image-preview":"max-image-preview:large","max-video-preview":"max-video-preview:-1"},"canonical":"https:\/\/brasilnoticias.org\/site\/israel-confirma-que-respeitara-cessar-fogo-apos-responder-a-ataque-do-ira-e-destruir-radar-em-teera\/","og_locale":"pt_PT","og_type":"article","og_title":"Israel confirma que respeitar\u00e1 cessar-fogo ap\u00f3s responder a ataque do Ir\u00e3 e destruir radar em Teer\u00e3 - Brasil not\u00edcias","og_description":"Israel confirmou nesta ter\u00e7a-feira que ir\u00e1 respeitar o cessar-fogo acordado com o Ir\u00e3, mas esclareceu que, antes da entrada em","og_url":"https:\/\/brasilnoticias.org\/site\/israel-confirma-que-respeitara-cessar-fogo-apos-responder-a-ataque-do-ira-e-destruir-radar-em-teera\/","og_site_name":"Brasil not\u00edcias","article_published_time":"2025-06-24T22:25:31+00:00","og_image":[{"width":850,"height":400,"url":"https:\/\/brasilnoticias.org\/site\/wp-content\/uploads\/2025\/06\/IMAGEM_NOTICIA_0-1.jpg","type":"image\/jpeg"}],"author":"Reda\u00e7\u00e3o","twitter_card":"summary_large_image","twitter_misc":{"Escrito por":"Reda\u00e7\u00e3o","Tempo estimado de leitura":"1 minuto"},"schema":{"@context":"https:\/\/schema.org","@graph":[{"@type":"Article","@id":"https:\/\/brasilnoticias.org\/site\/israel-confirma-que-respeitara-cessar-fogo-apos-responder-a-ataque-do-ira-e-destruir-radar-em-teera\/#article","isPartOf":{"@id":"https:\/\/brasilnoticias.org\/site\/israel-confirma-que-respeitara-cessar-fogo-apos-responder-a-ataque-do-ira-e-destruir-radar-em-teera\/"},"author":{"name":"Reda\u00e7\u00e3o","@id":"https:\/\/brasilnoticias.org\/site\/#\/schema\/person\/03bbbfe6c7634ad18c26444ea39049fa"},"headline":"Israel confirma que respeitar\u00e1 cessar-fogo ap\u00f3s responder a ataque do Ir\u00e3 e destruir radar em Teer\u00e3","datePublished":"2025-06-24T22:25:31+00:00","mainEntityOfPage":{"@id":"https:\/\/brasilnoticias.org\/site\/israel-confirma-que-respeitara-cessar-fogo-apos-responder-a-ataque-do-ira-e-destruir-radar-em-teera\/"},"wordCount":570,"commentCount":0,"publisher":{"@id":"https:\/\/brasilnoticias.org\/site\/#organization"},"image":{"@id":"https:\/\/brasilnoticias.org\/site\/israel-confirma-que-respeitara-cessar-fogo-apos-responder-a-ataque-do-ira-e-destruir-radar-em-teera\/#primaryimage"},"thumbnailUrl":"https:\/\/brasilnoticias.org\/site\/wp-content\/uploads\/2025\/06\/IMAGEM_NOTICIA_0-1.jpg","articleSection":["Mundo","\u00daltimas"],"inLanguage":"pt-PT","potentialAction":[{"@type":"CommentAction","name":"Comment","target":["https:\/\/brasilnoticias.org\/site\/israel-confirma-que-respeitara-cessar-fogo-apos-responder-a-ataque-do-ira-e-destruir-radar-em-teera\/#respond"]}]},{"@type":"WebPage","@id":"https:\/\/brasilnoticias.org\/site\/israel-confirma-que-respeitara-cessar-fogo-apos-responder-a-ataque-do-ira-e-destruir-radar-em-teera\/","url":"https:\/\/brasilnoticias.org\/site\/israel-confirma-que-respeitara-cessar-fogo-apos-responder-a-ataque-do-ira-e-destruir-radar-em-teera\/","name":"Israel confirma que respeitar\u00e1 cessar-fogo ap\u00f3s responder a ataque do Ir\u00e3 e destruir radar em Teer\u00e3 - Brasil not\u00edcias","isPartOf":{"@id":"https:\/\/brasilnoticias.org\/site\/#website"},"primaryImageOfPage":{"@id":"https:\/\/brasilnoticias.org\/site\/israel-confirma-que-respeitara-cessar-fogo-apos-responder-a-ataque-do-ira-e-destruir-radar-em-teera\/#primaryimage"},"image":{"@id":"https:\/\/brasilnoticias.org\/site\/israel-confirma-que-respeitara-cessar-fogo-apos-responder-a-ataque-do-ira-e-destruir-radar-em-teera\/#primaryimage"},"thumbnailUrl":"https:\/\/brasilnoticias.org\/site\/wp-content\/uploads\/2025\/06\/IMAGEM_NOTICIA_0-1.jpg","datePublished":"2025-06-24T22:25:31+00:00","breadcrumb":{"@id":"https:\/\/brasilnoticias.org\/site\/israel-confirma-que-respeitara-cessar-fogo-apos-responder-a-ataque-do-ira-e-destruir-radar-em-teera\/#breadcrumb"},"inLanguage":"pt-PT","potentialAction":[{"@type":"ReadAction","target":["https:\/\/brasilnoticias.org\/site\/israel-confirma-que-respeitara-cessar-fogo-apos-responder-a-ataque-do-ira-e-destruir-radar-em-teera\/"]}]},{"@type":"ImageObject","inLanguage":"pt-PT","@id":"https:\/\/brasilnoticias.org\/site\/israel-confirma-que-respeitara-cessar-fogo-apos-responder-a-ataque-do-ira-e-destruir-radar-em-teera\/#primaryimage","url":"https:\/\/brasilnoticias.org\/site\/wp-content\/uploads\/2025\/06\/IMAGEM_NOTICIA_0-1.jpg","contentUrl":"https:\/\/brasilnoticias.org\/site\/wp-content\/uploads\/2025\/06\/IMAGEM_NOTICIA_0-1.jpg","width":850,"height":400},{"@type":"BreadcrumbList","@id":"https:\/\/brasilnoticias.org\/site\/israel-confirma-que-respeitara-cessar-fogo-apos-responder-a-ataque-do-ira-e-destruir-radar-em-teera\/#breadcrumb","itemListElement":[{"@type":"ListItem","position":1,"name":"In\u00edcio","item":"https:\/\/brasilnoticias.org\/site\/"},{"@type":"ListItem","position":2,"name":"Israel confirma que respeitar\u00e1 cessar-fogo ap\u00f3s responder a ataque do Ir\u00e3 e destruir radar em Teer\u00e3"}]},{"@type":"WebSite","@id":"https:\/\/brasilnoticias.org\/site\/#website","url":"https:\/\/brasilnoticias.org\/site\/","name":"Brasil not\u00edcias","description":"Brasil not\u00edcias","publisher":{"@id":"https:\/\/brasilnoticias.org\/site\/#organization"},"potentialAction":[{"@type":"SearchAction","target":{"@type":"EntryPoint","urlTemplate":"https:\/\/brasilnoticias.org\/site\/?s={search_term_string}"},"query-input":{"@type":"PropertyValueSpecification","valueRequired":true,"valueName":"search_term_string"}}],"inLanguage":"pt-PT"},{"@type":"Organization","@id":"https:\/\/brasilnoticias.org\/site\/#organization","name":"Brasil not\u00edcias","url":"https:\/\/brasilnoticias.org\/site\/","logo":{"@type":"ImageObject","inLanguage":"pt-PT","@id":"https:\/\/brasilnoticias.org\/site\/#\/schema\/logo\/image\/","url":"https:\/\/brasilnoticias.org\/site\/wp-content\/uploads\/2022\/05\/cropped-brasilnoticias-mini.jpg","contentUrl":"https:\/\/brasilnoticias.org\/site\/wp-content\/uploads\/2022\/05\/cropped-brasilnoticias-mini.jpg","width":314,"height":86,"caption":"Brasil not\u00edcias"},"image":{"@id":"https:\/\/brasilnoticias.org\/site\/#\/schema\/logo\/image\/"}},{"@type":"Person","@id":"https:\/\/brasilnoticias.org\/site\/#\/schema\/person\/03bbbfe6c7634ad18c26444ea39049fa","name":"Reda\u00e7\u00e3o","image":{"@type":"ImageObject","inLanguage":"pt-PT","@id":"https:\/\/brasilnoticias.org\/site\/#\/schema\/person\/image\/","url":"https:\/\/secure.gravatar.com\/avatar\/9ecaf7327a696cb23ad926fedded5f1f04d7049de9e445375d55b48c001a6e42?s=96&d=mm&r=g","contentUrl":"https:\/\/secure.gravatar.com\/avatar\/9ecaf7327a696cb23ad926fedded5f1f04d7049de9e445375d55b48c001a6e42?s=96&d=mm&r=g","caption":"Reda\u00e7\u00e3o"},"url":"https:\/\/brasilnoticias.org\/site\/author\/henrique\/"}]}},"_links":{"self":[{"href":"https:\/\/brasilnoticias.org\/site\/wp-json\/wp\/v2\/posts\/17493","targetHints":{"allow":["GET"]}}],"collection":[{"href":"https:\/\/brasilnoticias.org\/site\/wp-json\/wp\/v2\/posts"}],"about":[{"href":"https:\/\/brasilnoticias.org\/site\/wp-json\/wp\/v2\/types\/post"}],"author":[{"embeddable":true,"href":"https:\/\/brasilnoticias.org\/site\/wp-json\/wp\/v2\/users\/4"}],"replies":[{"embeddable":true,"href":"https:\/\/brasilnoticias.org\/site\/wp-json\/wp\/v2\/comments?post=17493"}],"version-history":[{"count":1,"href":"https:\/\/brasilnoticias.org\/site\/wp-json\/wp\/v2\/posts\/17493\/revisions"}],"predecessor-version":[{"id":17495,"href":"https:\/\/brasilnoticias.org\/site\/wp-json\/wp\/v2\/posts\/17493\/revisions\/17495"}],"wp:featuredmedia":[{"embeddable":true,"href":"https:\/\/brasilnoticias.org\/site\/wp-json\/wp\/v2\/media\/17494"}],"wp:attachment":[{"href":"https:\/\/brasilnoticias.org\/site\/wp-json\/wp\/v2\/media?parent=17493"}],"wp:term":[{"taxonomy":"category","embeddable":true,"href":"https:\/\/brasilnoticias.org\/site\/wp-json\/wp\/v2\/categories?post=17493"},{"taxonomy":"post_tag","embeddable":true,"href":"https:\/\/brasilnoticias.org\/site\/wp-json\/wp\/v2\/tags?post=17493"}],"curies":[{"name":"wp","href":"https:\/\/api.w.org\/{rel}","templated":true}]}}