{"id":17496,"date":"2025-06-24T19:26:33","date_gmt":"2025-06-24T22:26:33","guid":{"rendered":"https:\/\/brasilnoticias.org\/site\/?p=17496"},"modified":"2025-06-24T19:26:33","modified_gmt":"2025-06-24T22:26:33","slug":"conta-do-instagram-atribuida-a-cid-foi-registrada-com-e-mail-em-nome-do-delator-diz-meta-ao-stf","status":"publish","type":"post","link":"https:\/\/brasilnoticias.org\/site\/conta-do-instagram-atribuida-a-cid-foi-registrada-com-e-mail-em-nome-do-delator-diz-meta-ao-stf\/","title":{"rendered":"Conta do Instagram atribu\u00edda a Cid foi registrada com e-mail em nome do delator, diz Meta ao STF"},"content":{"rendered":"<p>A Meta, administradora das redes sociais Facebook e Instagram, informou ao Supremo Tribunal Federal (STF) que o perfil do Instagram @gabrielar702 foi registrado com um endere\u00e7o de e-mail em nome do tenente-coronel Mauro Cid. A informa\u00e7\u00e3o consta em uma resposta da empresa a um pedido de informa\u00e7\u00f5es do ministro Alexandre de Moraes. O of\u00edcio foi entregue \u00e0 Corte no \u00faltimo dia 18. O sigilo das informa\u00e7\u00f5es da Meta foi retirado por Moraes nesta segunda-feira (23). Segundo reportagem da revista Veja, Cid utilizou essa conta para violar o sigilo de seu acordo de colabora\u00e7\u00e3o com a Justi\u00e7a, informando terceiros sobre o teor das investiga\u00e7\u00f5es sobre uma tentativa de golpe de Estado ap\u00f3s as elei\u00e7\u00f5es de 2022.<\/p>\n<p>De acordo com a Meta, o perfil foi registrado com um e-mail em nome do tenente-coronel em 19 de janeiro de 2024. A defesa do tenente-coronel nega que o militar tenha descumprido o acordo de dela\u00e7\u00e3o e afirma que as mensagens expostas pela revista s\u00e3o uma \u201cfalsidade grotesca\u201d. Em 9 de junho, durante seu interrogat\u00f3rio, Cid foi questionado pela defesa do ex-presidente Jair Bolsonaro (PL) se conhecia o perfil de nome @gabrielar702.<\/p>\n<p>\u201cEsse perfil, eu n\u00e3o sei se \u00e9 da minha esposa\u201d, respondeu o tenente-coronel, negando conhec\u00ea-lo. O nome da conta coincide com o da mulher do militar. A viola\u00e7\u00e3o aos termos da dela\u00e7\u00e3o ensejou um pedido da defesa do ex-presidente para anular o acordo de colabora\u00e7\u00e3o com a Justi\u00e7a do tenente-coronel. O pedido foi negado por Moraes no \u00faltimo dia 17.<\/p>\n<p>*Com informa\u00e7\u00f5es do Estad\u00e3o Conte\u00fado \/ Foto: Ton Molina\/STF<\/p>\n","protected":false},"excerpt":{"rendered":"<p>A Meta, administradora das redes sociais Facebook e Instagram, informou ao Supremo Tribunal Federal (STF) que o perfil do Instagram<\/p>\n","protected":false},"author":4,"featured_media":17497,"comment_status":"open","ping_status":"open","sticky":false,"template":"","format":"standard","meta":{"colormag_page_container_layout":"default_layout","colormag_page_sidebar_layout":"default_layout","_FSMCFIC_featured_image_caption":"","_FSMCFIC_featured_image_nocaption":"","_FSMCFIC_featured_image_hide":"","footnotes":""},"categories":[5,1],"tags":[],"class_list":["post-17496","post","type-post","status-publish","format-standard","has-post-thumbnail","hentry","category-politica","category-ultimas"],"yoast_head":"<!-- This site is optimized with the Yoast SEO plugin v27.1.1 - https:\/\/yoast.com\/product\/yoast-seo-wordpress\/ -->\n<title>Conta do Instagram atribu\u00edda a Cid foi registrada com e-mail em nome do delator, diz Meta ao STF - Brasil not\u00edcias<\/title>\n<meta name=\"robots\" content=\"index, follow, max-snippet:-1, max-image-preview:large, max-video-preview:-1\" \/>\n<link rel=\"canonical\" href=\"https:\/\/brasilnoticias.org\/site\/conta-do-instagram-atribuida-a-cid-foi-registrada-com-e-mail-em-nome-do-delator-diz-meta-ao-stf\/\" \/>\n<meta property=\"og:locale\" content=\"pt_PT\" \/>\n<meta property=\"og:type\" content=\"article\" \/>\n<meta property=\"og:title\" content=\"Conta do Instagram atribu\u00edda a Cid foi registrada com e-mail em nome do delator, diz Meta ao STF - Brasil not\u00edcias\" \/>\n<meta property=\"og:description\" content=\"A Meta, administradora das redes sociais Facebook e Instagram, informou ao Supremo Tribunal Federal (STF) que o perfil do Instagram\" \/>\n<meta property=\"og:url\" content=\"https:\/\/brasilnoticias.org\/site\/conta-do-instagram-atribuida-a-cid-foi-registrada-com-e-mail-em-nome-do-delator-diz-meta-ao-stf\/\" \/>\n<meta property=\"og:site_name\" content=\"Brasil not\u00edcias\" \/>\n<meta property=\"article:published_time\" content=\"2025-06-24T22:26:33+00:00\" \/>\n<meta property=\"og:image\" content=\"https:\/\/brasilnoticias.org\/site\/wp-content\/uploads\/2025\/06\/IMAGEM_NOTICIA_0-1-1.jpg\" \/>\n\t<meta property=\"og:image:width\" content=\"850\" \/>\n\t<meta property=\"og:image:height\" content=\"400\" \/>\n\t<meta property=\"og:image:type\" content=\"image\/jpeg\" \/>\n<meta name=\"author\" content=\"Reda\u00e7\u00e3o\" \/>\n<meta name=\"twitter:card\" content=\"summary_large_image\" \/>\n<meta name=\"twitter:label1\" content=\"Escrito por\" \/>\n\t<meta name=\"twitter:data1\" content=\"Reda\u00e7\u00e3o\" \/>\n<script type=\"application\/ld+json\" class=\"yoast-schema-graph\">{\"@context\":\"https:\/\/schema.org\",\"@graph\":[{\"@type\":\"Article\",\"@id\":\"https:\/\/brasilnoticias.org\/site\/conta-do-instagram-atribuida-a-cid-foi-registrada-com-e-mail-em-nome-do-delator-diz-meta-ao-stf\/#article\",\"isPartOf\":{\"@id\":\"https:\/\/brasilnoticias.org\/site\/conta-do-instagram-atribuida-a-cid-foi-registrada-com-e-mail-em-nome-do-delator-diz-meta-ao-stf\/\"},\"author\":{\"name\":\"Reda\u00e7\u00e3o\",\"@id\":\"https:\/\/brasilnoticias.org\/site\/#\/schema\/person\/03bbbfe6c7634ad18c26444ea39049fa\"},\"headline\":\"Conta do Instagram atribu\u00edda a Cid foi registrada com e-mail em nome do delator, diz Meta ao STF\",\"datePublished\":\"2025-06-24T22:26:33+00:00\",\"mainEntityOfPage\":{\"@id\":\"https:\/\/brasilnoticias.org\/site\/conta-do-instagram-atribuida-a-cid-foi-registrada-com-e-mail-em-nome-do-delator-diz-meta-ao-stf\/\"},\"wordCount\":288,\"commentCount\":0,\"publisher\":{\"@id\":\"https:\/\/brasilnoticias.org\/site\/#organization\"},\"image\":{\"@id\":\"https:\/\/brasilnoticias.org\/site\/conta-do-instagram-atribuida-a-cid-foi-registrada-com-e-mail-em-nome-do-delator-diz-meta-ao-stf\/#primaryimage\"},\"thumbnailUrl\":\"https:\/\/brasilnoticias.org\/site\/wp-content\/uploads\/2025\/06\/IMAGEM_NOTICIA_0-1-1.jpg\",\"articleSection\":[\"Pol\u00edtica\",\"\u00daltimas\"],\"inLanguage\":\"pt-PT\",\"potentialAction\":[{\"@type\":\"CommentAction\",\"name\":\"Comment\",\"target\":[\"https:\/\/brasilnoticias.org\/site\/conta-do-instagram-atribuida-a-cid-foi-registrada-com-e-mail-em-nome-do-delator-diz-meta-ao-stf\/#respond\"]}]},{\"@type\":\"WebPage\",\"@id\":\"https:\/\/brasilnoticias.org\/site\/conta-do-instagram-atribuida-a-cid-foi-registrada-com-e-mail-em-nome-do-delator-diz-meta-ao-stf\/\",\"url\":\"https:\/\/brasilnoticias.org\/site\/conta-do-instagram-atribuida-a-cid-foi-registrada-com-e-mail-em-nome-do-delator-diz-meta-ao-stf\/\",\"name\":\"Conta do Instagram atribu\u00edda a Cid foi registrada com e-mail em nome do delator, diz Meta ao STF - Brasil not\u00edcias\",\"isPartOf\":{\"@id\":\"https:\/\/brasilnoticias.org\/site\/#website\"},\"primaryImageOfPage\":{\"@id\":\"https:\/\/brasilnoticias.org\/site\/conta-do-instagram-atribuida-a-cid-foi-registrada-com-e-mail-em-nome-do-delator-diz-meta-ao-stf\/#primaryimage\"},\"image\":{\"@id\":\"https:\/\/brasilnoticias.org\/site\/conta-do-instagram-atribuida-a-cid-foi-registrada-com-e-mail-em-nome-do-delator-diz-meta-ao-stf\/#primaryimage\"},\"thumbnailUrl\":\"https:\/\/brasilnoticias.org\/site\/wp-content\/uploads\/2025\/06\/IMAGEM_NOTICIA_0-1-1.jpg\",\"datePublished\":\"2025-06-24T22:26:33+00:00\",\"breadcrumb\":{\"@id\":\"https:\/\/brasilnoticias.org\/site\/conta-do-instagram-atribuida-a-cid-foi-registrada-com-e-mail-em-nome-do-delator-diz-meta-ao-stf\/#breadcrumb\"},\"inLanguage\":\"pt-PT\",\"potentialAction\":[{\"@type\":\"ReadAction\",\"target\":[\"https:\/\/brasilnoticias.org\/site\/conta-do-instagram-atribuida-a-cid-foi-registrada-com-e-mail-em-nome-do-delator-diz-meta-ao-stf\/\"]}]},{\"@type\":\"ImageObject\",\"inLanguage\":\"pt-PT\",\"@id\":\"https:\/\/brasilnoticias.org\/site\/conta-do-instagram-atribuida-a-cid-foi-registrada-com-e-mail-em-nome-do-delator-diz-meta-ao-stf\/#primaryimage\",\"url\":\"https:\/\/brasilnoticias.org\/site\/wp-content\/uploads\/2025\/06\/IMAGEM_NOTICIA_0-1-1.jpg\",\"contentUrl\":\"https:\/\/brasilnoticias.org\/site\/wp-content\/uploads\/2025\/06\/IMAGEM_NOTICIA_0-1-1.jpg\",\"width\":850,\"height\":400},{\"@type\":\"BreadcrumbList\",\"@id\":\"https:\/\/brasilnoticias.org\/site\/conta-do-instagram-atribuida-a-cid-foi-registrada-com-e-mail-em-nome-do-delator-diz-meta-ao-stf\/#breadcrumb\",\"itemListElement\":[{\"@type\":\"ListItem\",\"position\":1,\"name\":\"In\u00edcio\",\"item\":\"https:\/\/brasilnoticias.org\/site\/\"},{\"@type\":\"ListItem\",\"position\":2,\"name\":\"Conta do Instagram atribu\u00edda a Cid foi registrada com e-mail em nome do delator, diz Meta ao STF\"}]},{\"@type\":\"WebSite\",\"@id\":\"https:\/\/brasilnoticias.org\/site\/#website\",\"url\":\"https:\/\/brasilnoticias.org\/site\/\",\"name\":\"Brasil not\u00edcias\",\"description\":\"Brasil not\u00edcias\",\"publisher\":{\"@id\":\"https:\/\/brasilnoticias.org\/site\/#organization\"},\"potentialAction\":[{\"@type\":\"SearchAction\",\"target\":{\"@type\":\"EntryPoint\",\"urlTemplate\":\"https:\/\/brasilnoticias.org\/site\/?s={search_term_string}\"},\"query-input\":{\"@type\":\"PropertyValueSpecification\",\"valueRequired\":true,\"valueName\":\"search_term_string\"}}],\"inLanguage\":\"pt-PT\"},{\"@type\":\"Organization\",\"@id\":\"https:\/\/brasilnoticias.org\/site\/#organization\",\"name\":\"Brasil not\u00edcias\",\"url\":\"https:\/\/brasilnoticias.org\/site\/\",\"logo\":{\"@type\":\"ImageObject\",\"inLanguage\":\"pt-PT\",\"@id\":\"https:\/\/brasilnoticias.org\/site\/#\/schema\/logo\/image\/\",\"url\":\"https:\/\/brasilnoticias.org\/site\/wp-content\/uploads\/2022\/05\/cropped-brasilnoticias-mini.jpg\",\"contentUrl\":\"https:\/\/brasilnoticias.org\/site\/wp-content\/uploads\/2022\/05\/cropped-brasilnoticias-mini.jpg\",\"width\":314,\"height\":86,\"caption\":\"Brasil not\u00edcias\"},\"image\":{\"@id\":\"https:\/\/brasilnoticias.org\/site\/#\/schema\/logo\/image\/\"}},{\"@type\":\"Person\",\"@id\":\"https:\/\/brasilnoticias.org\/site\/#\/schema\/person\/03bbbfe6c7634ad18c26444ea39049fa\",\"name\":\"Reda\u00e7\u00e3o\",\"image\":{\"@type\":\"ImageObject\",\"inLanguage\":\"pt-PT\",\"@id\":\"https:\/\/brasilnoticias.org\/site\/#\/schema\/person\/image\/\",\"url\":\"https:\/\/secure.gravatar.com\/avatar\/9ecaf7327a696cb23ad926fedded5f1f04d7049de9e445375d55b48c001a6e42?s=96&d=mm&r=g\",\"contentUrl\":\"https:\/\/secure.gravatar.com\/avatar\/9ecaf7327a696cb23ad926fedded5f1f04d7049de9e445375d55b48c001a6e42?s=96&d=mm&r=g\",\"caption\":\"Reda\u00e7\u00e3o\"},\"url\":\"https:\/\/brasilnoticias.org\/site\/author\/henrique\/\"}]}<\/script>\n<!-- \/ Yoast SEO plugin. -->","yoast_head_json":{"title":"Conta do Instagram atribu\u00edda a Cid foi registrada com e-mail em nome do delator, diz Meta ao STF - Brasil not\u00edcias","robots":{"index":"index","follow":"follow","max-snippet":"max-snippet:-1","max-image-preview":"max-image-preview:large","max-video-preview":"max-video-preview:-1"},"canonical":"https:\/\/brasilnoticias.org\/site\/conta-do-instagram-atribuida-a-cid-foi-registrada-com-e-mail-em-nome-do-delator-diz-meta-ao-stf\/","og_locale":"pt_PT","og_type":"article","og_title":"Conta do Instagram atribu\u00edda a Cid foi registrada com e-mail em nome do delator, diz Meta ao STF - Brasil not\u00edcias","og_description":"A Meta, administradora das redes sociais Facebook e Instagram, informou ao Supremo Tribunal Federal (STF) que o perfil do Instagram","og_url":"https:\/\/brasilnoticias.org\/site\/conta-do-instagram-atribuida-a-cid-foi-registrada-com-e-mail-em-nome-do-delator-diz-meta-ao-stf\/","og_site_name":"Brasil not\u00edcias","article_published_time":"2025-06-24T22:26:33+00:00","og_image":[{"width":850,"height":400,"url":"https:\/\/brasilnoticias.org\/site\/wp-content\/uploads\/2025\/06\/IMAGEM_NOTICIA_0-1-1.jpg","type":"image\/jpeg"}],"author":"Reda\u00e7\u00e3o","twitter_card":"summary_large_image","twitter_misc":{"Escrito por":"Reda\u00e7\u00e3o"},"schema":{"@context":"https:\/\/schema.org","@graph":[{"@type":"Article","@id":"https:\/\/brasilnoticias.org\/site\/conta-do-instagram-atribuida-a-cid-foi-registrada-com-e-mail-em-nome-do-delator-diz-meta-ao-stf\/#article","isPartOf":{"@id":"https:\/\/brasilnoticias.org\/site\/conta-do-instagram-atribuida-a-cid-foi-registrada-com-e-mail-em-nome-do-delator-diz-meta-ao-stf\/"},"author":{"name":"Reda\u00e7\u00e3o","@id":"https:\/\/brasilnoticias.org\/site\/#\/schema\/person\/03bbbfe6c7634ad18c26444ea39049fa"},"headline":"Conta do Instagram atribu\u00edda a Cid foi registrada com e-mail em nome do delator, diz Meta ao STF","datePublished":"2025-06-24T22:26:33+00:00","mainEntityOfPage":{"@id":"https:\/\/brasilnoticias.org\/site\/conta-do-instagram-atribuida-a-cid-foi-registrada-com-e-mail-em-nome-do-delator-diz-meta-ao-stf\/"},"wordCount":288,"commentCount":0,"publisher":{"@id":"https:\/\/brasilnoticias.org\/site\/#organization"},"image":{"@id":"https:\/\/brasilnoticias.org\/site\/conta-do-instagram-atribuida-a-cid-foi-registrada-com-e-mail-em-nome-do-delator-diz-meta-ao-stf\/#primaryimage"},"thumbnailUrl":"https:\/\/brasilnoticias.org\/site\/wp-content\/uploads\/2025\/06\/IMAGEM_NOTICIA_0-1-1.jpg","articleSection":["Pol\u00edtica","\u00daltimas"],"inLanguage":"pt-PT","potentialAction":[{"@type":"CommentAction","name":"Comment","target":["https:\/\/brasilnoticias.org\/site\/conta-do-instagram-atribuida-a-cid-foi-registrada-com-e-mail-em-nome-do-delator-diz-meta-ao-stf\/#respond"]}]},{"@type":"WebPage","@id":"https:\/\/brasilnoticias.org\/site\/conta-do-instagram-atribuida-a-cid-foi-registrada-com-e-mail-em-nome-do-delator-diz-meta-ao-stf\/","url":"https:\/\/brasilnoticias.org\/site\/conta-do-instagram-atribuida-a-cid-foi-registrada-com-e-mail-em-nome-do-delator-diz-meta-ao-stf\/","name":"Conta do Instagram atribu\u00edda a Cid foi registrada com e-mail em nome do delator, diz Meta ao STF - Brasil not\u00edcias","isPartOf":{"@id":"https:\/\/brasilnoticias.org\/site\/#website"},"primaryImageOfPage":{"@id":"https:\/\/brasilnoticias.org\/site\/conta-do-instagram-atribuida-a-cid-foi-registrada-com-e-mail-em-nome-do-delator-diz-meta-ao-stf\/#primaryimage"},"image":{"@id":"https:\/\/brasilnoticias.org\/site\/conta-do-instagram-atribuida-a-cid-foi-registrada-com-e-mail-em-nome-do-delator-diz-meta-ao-stf\/#primaryimage"},"thumbnailUrl":"https:\/\/brasilnoticias.org\/site\/wp-content\/uploads\/2025\/06\/IMAGEM_NOTICIA_0-1-1.jpg","datePublished":"2025-06-24T22:26:33+00:00","breadcrumb":{"@id":"https:\/\/brasilnoticias.org\/site\/conta-do-instagram-atribuida-a-cid-foi-registrada-com-e-mail-em-nome-do-delator-diz-meta-ao-stf\/#breadcrumb"},"inLanguage":"pt-PT","potentialAction":[{"@type":"ReadAction","target":["https:\/\/brasilnoticias.org\/site\/conta-do-instagram-atribuida-a-cid-foi-registrada-com-e-mail-em-nome-do-delator-diz-meta-ao-stf\/"]}]},{"@type":"ImageObject","inLanguage":"pt-PT","@id":"https:\/\/brasilnoticias.org\/site\/conta-do-instagram-atribuida-a-cid-foi-registrada-com-e-mail-em-nome-do-delator-diz-meta-ao-stf\/#primaryimage","url":"https:\/\/brasilnoticias.org\/site\/wp-content\/uploads\/2025\/06\/IMAGEM_NOTICIA_0-1-1.jpg","contentUrl":"https:\/\/brasilnoticias.org\/site\/wp-content\/uploads\/2025\/06\/IMAGEM_NOTICIA_0-1-1.jpg","width":850,"height":400},{"@type":"BreadcrumbList","@id":"https:\/\/brasilnoticias.org\/site\/conta-do-instagram-atribuida-a-cid-foi-registrada-com-e-mail-em-nome-do-delator-diz-meta-ao-stf\/#breadcrumb","itemListElement":[{"@type":"ListItem","position":1,"name":"In\u00edcio","item":"https:\/\/brasilnoticias.org\/site\/"},{"@type":"ListItem","position":2,"name":"Conta do Instagram atribu\u00edda a Cid foi registrada com e-mail em nome do delator, diz Meta ao STF"}]},{"@type":"WebSite","@id":"https:\/\/brasilnoticias.org\/site\/#website","url":"https:\/\/brasilnoticias.org\/site\/","name":"Brasil not\u00edcias","description":"Brasil not\u00edcias","publisher":{"@id":"https:\/\/brasilnoticias.org\/site\/#organization"},"potentialAction":[{"@type":"SearchAction","target":{"@type":"EntryPoint","urlTemplate":"https:\/\/brasilnoticias.org\/site\/?s={search_term_string}"},"query-input":{"@type":"PropertyValueSpecification","valueRequired":true,"valueName":"search_term_string"}}],"inLanguage":"pt-PT"},{"@type":"Organization","@id":"https:\/\/brasilnoticias.org\/site\/#organization","name":"Brasil not\u00edcias","url":"https:\/\/brasilnoticias.org\/site\/","logo":{"@type":"ImageObject","inLanguage":"pt-PT","@id":"https:\/\/brasilnoticias.org\/site\/#\/schema\/logo\/image\/","url":"https:\/\/brasilnoticias.org\/site\/wp-content\/uploads\/2022\/05\/cropped-brasilnoticias-mini.jpg","contentUrl":"https:\/\/brasilnoticias.org\/site\/wp-content\/uploads\/2022\/05\/cropped-brasilnoticias-mini.jpg","width":314,"height":86,"caption":"Brasil not\u00edcias"},"image":{"@id":"https:\/\/brasilnoticias.org\/site\/#\/schema\/logo\/image\/"}},{"@type":"Person","@id":"https:\/\/brasilnoticias.org\/site\/#\/schema\/person\/03bbbfe6c7634ad18c26444ea39049fa","name":"Reda\u00e7\u00e3o","image":{"@type":"ImageObject","inLanguage":"pt-PT","@id":"https:\/\/brasilnoticias.org\/site\/#\/schema\/person\/image\/","url":"https:\/\/secure.gravatar.com\/avatar\/9ecaf7327a696cb23ad926fedded5f1f04d7049de9e445375d55b48c001a6e42?s=96&d=mm&r=g","contentUrl":"https:\/\/secure.gravatar.com\/avatar\/9ecaf7327a696cb23ad926fedded5f1f04d7049de9e445375d55b48c001a6e42?s=96&d=mm&r=g","caption":"Reda\u00e7\u00e3o"},"url":"https:\/\/brasilnoticias.org\/site\/author\/henrique\/"}]}},"_links":{"self":[{"href":"https:\/\/brasilnoticias.org\/site\/wp-json\/wp\/v2\/posts\/17496","targetHints":{"allow":["GET"]}}],"collection":[{"href":"https:\/\/brasilnoticias.org\/site\/wp-json\/wp\/v2\/posts"}],"about":[{"href":"https:\/\/brasilnoticias.org\/site\/wp-json\/wp\/v2\/types\/post"}],"author":[{"embeddable":true,"href":"https:\/\/brasilnoticias.org\/site\/wp-json\/wp\/v2\/users\/4"}],"replies":[{"embeddable":true,"href":"https:\/\/brasilnoticias.org\/site\/wp-json\/wp\/v2\/comments?post=17496"}],"version-history":[{"count":1,"href":"https:\/\/brasilnoticias.org\/site\/wp-json\/wp\/v2\/posts\/17496\/revisions"}],"predecessor-version":[{"id":17498,"href":"https:\/\/brasilnoticias.org\/site\/wp-json\/wp\/v2\/posts\/17496\/revisions\/17498"}],"wp:featuredmedia":[{"embeddable":true,"href":"https:\/\/brasilnoticias.org\/site\/wp-json\/wp\/v2\/media\/17497"}],"wp:attachment":[{"href":"https:\/\/brasilnoticias.org\/site\/wp-json\/wp\/v2\/media?parent=17496"}],"wp:term":[{"taxonomy":"category","embeddable":true,"href":"https:\/\/brasilnoticias.org\/site\/wp-json\/wp\/v2\/categories?post=17496"},{"taxonomy":"post_tag","embeddable":true,"href":"https:\/\/brasilnoticias.org\/site\/wp-json\/wp\/v2\/tags?post=17496"}],"curies":[{"name":"wp","href":"https:\/\/api.w.org\/{rel}","templated":true}]}}