{"id":17508,"date":"2025-06-24T19:31:48","date_gmt":"2025-06-24T22:31:48","guid":{"rendered":"https:\/\/brasilnoticias.org\/site\/?p=17508"},"modified":"2025-06-24T19:31:48","modified_gmt":"2025-06-24T22:31:48","slug":"rodoviaria-de-salvador-deve-lotar-com-retorno-do-sao-joao-diz-agerba","status":"publish","type":"post","link":"https:\/\/brasilnoticias.org\/site\/rodoviaria-de-salvador-deve-lotar-com-retorno-do-sao-joao-diz-agerba\/","title":{"rendered":"Rodovi\u00e1ria de Salvador deve lotar com retorno do S\u00e3o Jo\u00e3o, diz Agerba"},"content":{"rendered":"<p>Comboios de \u00f4nibus s\u00e3o esperados na madrugada desta quarta (25); 2,5 mil hor\u00e1rios extras foram disponibilizados<\/p>\n<p>Quem aproveitou o S\u00e3o Jo\u00e3o no interior deve encontrar a Rodovi\u00e1ria de Salvador cheia nas pr\u00f3ximas horas. Embora o movimento ainda fosse tranquilo na manh\u00e3 desta ter\u00e7a-feira (24), a previs\u00e3o \u00e9 de que o fluxo aumente a partir das 17h, segundo proje\u00e7\u00e3o da Ag\u00eancia Estadual de Regula\u00e7\u00e3o de Servi\u00e7os P\u00fablicos da Bahia (Agerba).<\/p>\n<p>O maior volume de passageiros \u00e9 esperado durante a noite e na madrugada de quarta-feira (25), quando devem chegar os comboios de \u00f4nibus vindos de diferentes cidades do interior.<\/p>\n<p>Para atender \u00e0 demanda durante o feriad\u00e3o prolongado \u2014 que come\u00e7ou ainda na quarta-feira (18), v\u00e9spera de Corpus Christi \u2014, a Agerba autorizou 2,5 mil hor\u00e1rios extras nas empresas de transporte rodovi\u00e1rio. Os destinos mais procurados neste S\u00e3o Jo\u00e3o foram Santo Ant\u00f4nio de Jesus, Amargosa, Cachoeira, Cruz das Almas, Castro Alves, Alagoinhas, Porto Seguro e cidades da Chapada Diamantina.<\/p>\n<p>Foto: Reprodu\u00e7\u00e3o\/TV Bahia<br \/>\nPor: Metro1<\/p>\n","protected":false},"excerpt":{"rendered":"<p>Comboios de \u00f4nibus s\u00e3o esperados na madrugada desta quarta (25); 2,5 mil hor\u00e1rios extras foram disponibilizados Quem aproveitou o S\u00e3o<\/p>\n","protected":false},"author":4,"featured_media":17509,"comment_status":"open","ping_status":"open","sticky":false,"template":"","format":"standard","meta":{"colormag_page_container_layout":"default_layout","colormag_page_sidebar_layout":"default_layout","_FSMCFIC_featured_image_caption":"","_FSMCFIC_featured_image_nocaption":"","_FSMCFIC_featured_image_hide":"","footnotes":""},"categories":[2,1],"tags":[],"class_list":["post-17508","post","type-post","status-publish","format-standard","has-post-thumbnail","hentry","category-noticias","category-ultimas"],"yoast_head":"<!-- This site is optimized with the Yoast SEO plugin v27.1.1 - https:\/\/yoast.com\/product\/yoast-seo-wordpress\/ -->\n<title>Rodovi\u00e1ria de Salvador deve lotar com retorno do S\u00e3o Jo\u00e3o, diz Agerba - Brasil not\u00edcias<\/title>\n<meta name=\"robots\" content=\"index, follow, max-snippet:-1, max-image-preview:large, max-video-preview:-1\" \/>\n<link rel=\"canonical\" href=\"https:\/\/brasilnoticias.org\/site\/rodoviaria-de-salvador-deve-lotar-com-retorno-do-sao-joao-diz-agerba\/\" \/>\n<meta property=\"og:locale\" content=\"pt_PT\" \/>\n<meta property=\"og:type\" content=\"article\" \/>\n<meta property=\"og:title\" content=\"Rodovi\u00e1ria de Salvador deve lotar com retorno do S\u00e3o Jo\u00e3o, diz Agerba - Brasil not\u00edcias\" \/>\n<meta property=\"og:description\" content=\"Comboios de \u00f4nibus s\u00e3o esperados na madrugada desta quarta (25); 2,5 mil hor\u00e1rios extras foram disponibilizados Quem aproveitou o S\u00e3o\" \/>\n<meta property=\"og:url\" content=\"https:\/\/brasilnoticias.org\/site\/rodoviaria-de-salvador-deve-lotar-com-retorno-do-sao-joao-diz-agerba\/\" \/>\n<meta property=\"og:site_name\" content=\"Brasil not\u00edcias\" \/>\n<meta property=\"article:published_time\" content=\"2025-06-24T22:31:48+00:00\" \/>\n<meta property=\"og:image\" content=\"https:\/\/brasilnoticias.org\/site\/wp-content\/uploads\/2025\/06\/166554rodoviaria-de-salvador-deve-lotar-com-retorno-do-sao-joao-diz-agerba-3.jpg\" \/>\n\t<meta property=\"og:image:width\" content=\"1600\" \/>\n\t<meta property=\"og:image:height\" content=\"752\" \/>\n\t<meta property=\"og:image:type\" content=\"image\/jpeg\" \/>\n<meta name=\"author\" content=\"Reda\u00e7\u00e3o\" \/>\n<meta name=\"twitter:card\" content=\"summary_large_image\" \/>\n<meta name=\"twitter:label1\" content=\"Escrito por\" \/>\n\t<meta name=\"twitter:data1\" content=\"Reda\u00e7\u00e3o\" \/>\n\t<meta name=\"twitter:label2\" content=\"Tempo estimado de leitura\" \/>\n\t<meta name=\"twitter:data2\" content=\"1 minuto\" \/>\n<script type=\"application\/ld+json\" class=\"yoast-schema-graph\">{\"@context\":\"https:\/\/schema.org\",\"@graph\":[{\"@type\":\"Article\",\"@id\":\"https:\/\/brasilnoticias.org\/site\/rodoviaria-de-salvador-deve-lotar-com-retorno-do-sao-joao-diz-agerba\/#article\",\"isPartOf\":{\"@id\":\"https:\/\/brasilnoticias.org\/site\/rodoviaria-de-salvador-deve-lotar-com-retorno-do-sao-joao-diz-agerba\/\"},\"author\":{\"name\":\"Reda\u00e7\u00e3o\",\"@id\":\"https:\/\/brasilnoticias.org\/site\/#\/schema\/person\/03bbbfe6c7634ad18c26444ea39049fa\"},\"headline\":\"Rodovi\u00e1ria de Salvador deve lotar com retorno do S\u00e3o Jo\u00e3o, diz Agerba\",\"datePublished\":\"2025-06-24T22:31:48+00:00\",\"mainEntityOfPage\":{\"@id\":\"https:\/\/brasilnoticias.org\/site\/rodoviaria-de-salvador-deve-lotar-com-retorno-do-sao-joao-diz-agerba\/\"},\"wordCount\":189,\"commentCount\":0,\"publisher\":{\"@id\":\"https:\/\/brasilnoticias.org\/site\/#organization\"},\"image\":{\"@id\":\"https:\/\/brasilnoticias.org\/site\/rodoviaria-de-salvador-deve-lotar-com-retorno-do-sao-joao-diz-agerba\/#primaryimage\"},\"thumbnailUrl\":\"https:\/\/brasilnoticias.org\/site\/wp-content\/uploads\/2025\/06\/166554rodoviaria-de-salvador-deve-lotar-com-retorno-do-sao-joao-diz-agerba-3.jpg\",\"articleSection\":[\"Not\u00edcias\",\"\u00daltimas\"],\"inLanguage\":\"pt-PT\",\"potentialAction\":[{\"@type\":\"CommentAction\",\"name\":\"Comment\",\"target\":[\"https:\/\/brasilnoticias.org\/site\/rodoviaria-de-salvador-deve-lotar-com-retorno-do-sao-joao-diz-agerba\/#respond\"]}]},{\"@type\":\"WebPage\",\"@id\":\"https:\/\/brasilnoticias.org\/site\/rodoviaria-de-salvador-deve-lotar-com-retorno-do-sao-joao-diz-agerba\/\",\"url\":\"https:\/\/brasilnoticias.org\/site\/rodoviaria-de-salvador-deve-lotar-com-retorno-do-sao-joao-diz-agerba\/\",\"name\":\"Rodovi\u00e1ria de Salvador deve lotar com retorno do S\u00e3o Jo\u00e3o, diz Agerba - Brasil not\u00edcias\",\"isPartOf\":{\"@id\":\"https:\/\/brasilnoticias.org\/site\/#website\"},\"primaryImageOfPage\":{\"@id\":\"https:\/\/brasilnoticias.org\/site\/rodoviaria-de-salvador-deve-lotar-com-retorno-do-sao-joao-diz-agerba\/#primaryimage\"},\"image\":{\"@id\":\"https:\/\/brasilnoticias.org\/site\/rodoviaria-de-salvador-deve-lotar-com-retorno-do-sao-joao-diz-agerba\/#primaryimage\"},\"thumbnailUrl\":\"https:\/\/brasilnoticias.org\/site\/wp-content\/uploads\/2025\/06\/166554rodoviaria-de-salvador-deve-lotar-com-retorno-do-sao-joao-diz-agerba-3.jpg\",\"datePublished\":\"2025-06-24T22:31:48+00:00\",\"breadcrumb\":{\"@id\":\"https:\/\/brasilnoticias.org\/site\/rodoviaria-de-salvador-deve-lotar-com-retorno-do-sao-joao-diz-agerba\/#breadcrumb\"},\"inLanguage\":\"pt-PT\",\"potentialAction\":[{\"@type\":\"ReadAction\",\"target\":[\"https:\/\/brasilnoticias.org\/site\/rodoviaria-de-salvador-deve-lotar-com-retorno-do-sao-joao-diz-agerba\/\"]}]},{\"@type\":\"ImageObject\",\"inLanguage\":\"pt-PT\",\"@id\":\"https:\/\/brasilnoticias.org\/site\/rodoviaria-de-salvador-deve-lotar-com-retorno-do-sao-joao-diz-agerba\/#primaryimage\",\"url\":\"https:\/\/brasilnoticias.org\/site\/wp-content\/uploads\/2025\/06\/166554rodoviaria-de-salvador-deve-lotar-com-retorno-do-sao-joao-diz-agerba-3.jpg\",\"contentUrl\":\"https:\/\/brasilnoticias.org\/site\/wp-content\/uploads\/2025\/06\/166554rodoviaria-de-salvador-deve-lotar-com-retorno-do-sao-joao-diz-agerba-3.jpg\",\"width\":1600,\"height\":752},{\"@type\":\"BreadcrumbList\",\"@id\":\"https:\/\/brasilnoticias.org\/site\/rodoviaria-de-salvador-deve-lotar-com-retorno-do-sao-joao-diz-agerba\/#breadcrumb\",\"itemListElement\":[{\"@type\":\"ListItem\",\"position\":1,\"name\":\"In\u00edcio\",\"item\":\"https:\/\/brasilnoticias.org\/site\/\"},{\"@type\":\"ListItem\",\"position\":2,\"name\":\"Rodovi\u00e1ria de Salvador deve lotar com retorno do S\u00e3o Jo\u00e3o, diz Agerba\"}]},{\"@type\":\"WebSite\",\"@id\":\"https:\/\/brasilnoticias.org\/site\/#website\",\"url\":\"https:\/\/brasilnoticias.org\/site\/\",\"name\":\"Brasil not\u00edcias\",\"description\":\"Brasil not\u00edcias\",\"publisher\":{\"@id\":\"https:\/\/brasilnoticias.org\/site\/#organization\"},\"potentialAction\":[{\"@type\":\"SearchAction\",\"target\":{\"@type\":\"EntryPoint\",\"urlTemplate\":\"https:\/\/brasilnoticias.org\/site\/?s={search_term_string}\"},\"query-input\":{\"@type\":\"PropertyValueSpecification\",\"valueRequired\":true,\"valueName\":\"search_term_string\"}}],\"inLanguage\":\"pt-PT\"},{\"@type\":\"Organization\",\"@id\":\"https:\/\/brasilnoticias.org\/site\/#organization\",\"name\":\"Brasil not\u00edcias\",\"url\":\"https:\/\/brasilnoticias.org\/site\/\",\"logo\":{\"@type\":\"ImageObject\",\"inLanguage\":\"pt-PT\",\"@id\":\"https:\/\/brasilnoticias.org\/site\/#\/schema\/logo\/image\/\",\"url\":\"https:\/\/brasilnoticias.org\/site\/wp-content\/uploads\/2022\/05\/cropped-brasilnoticias-mini.jpg\",\"contentUrl\":\"https:\/\/brasilnoticias.org\/site\/wp-content\/uploads\/2022\/05\/cropped-brasilnoticias-mini.jpg\",\"width\":314,\"height\":86,\"caption\":\"Brasil not\u00edcias\"},\"image\":{\"@id\":\"https:\/\/brasilnoticias.org\/site\/#\/schema\/logo\/image\/\"}},{\"@type\":\"Person\",\"@id\":\"https:\/\/brasilnoticias.org\/site\/#\/schema\/person\/03bbbfe6c7634ad18c26444ea39049fa\",\"name\":\"Reda\u00e7\u00e3o\",\"image\":{\"@type\":\"ImageObject\",\"inLanguage\":\"pt-PT\",\"@id\":\"https:\/\/brasilnoticias.org\/site\/#\/schema\/person\/image\/\",\"url\":\"https:\/\/secure.gravatar.com\/avatar\/9ecaf7327a696cb23ad926fedded5f1f04d7049de9e445375d55b48c001a6e42?s=96&d=mm&r=g\",\"contentUrl\":\"https:\/\/secure.gravatar.com\/avatar\/9ecaf7327a696cb23ad926fedded5f1f04d7049de9e445375d55b48c001a6e42?s=96&d=mm&r=g\",\"caption\":\"Reda\u00e7\u00e3o\"},\"url\":\"https:\/\/brasilnoticias.org\/site\/author\/henrique\/\"}]}<\/script>\n<!-- \/ Yoast SEO plugin. -->","yoast_head_json":{"title":"Rodovi\u00e1ria de Salvador deve lotar com retorno do S\u00e3o Jo\u00e3o, diz Agerba - Brasil not\u00edcias","robots":{"index":"index","follow":"follow","max-snippet":"max-snippet:-1","max-image-preview":"max-image-preview:large","max-video-preview":"max-video-preview:-1"},"canonical":"https:\/\/brasilnoticias.org\/site\/rodoviaria-de-salvador-deve-lotar-com-retorno-do-sao-joao-diz-agerba\/","og_locale":"pt_PT","og_type":"article","og_title":"Rodovi\u00e1ria de Salvador deve lotar com retorno do S\u00e3o Jo\u00e3o, diz Agerba - Brasil not\u00edcias","og_description":"Comboios de \u00f4nibus s\u00e3o esperados na madrugada desta quarta (25); 2,5 mil hor\u00e1rios extras foram disponibilizados Quem aproveitou o S\u00e3o","og_url":"https:\/\/brasilnoticias.org\/site\/rodoviaria-de-salvador-deve-lotar-com-retorno-do-sao-joao-diz-agerba\/","og_site_name":"Brasil not\u00edcias","article_published_time":"2025-06-24T22:31:48+00:00","og_image":[{"width":1600,"height":752,"url":"https:\/\/brasilnoticias.org\/site\/wp-content\/uploads\/2025\/06\/166554rodoviaria-de-salvador-deve-lotar-com-retorno-do-sao-joao-diz-agerba-3.jpg","type":"image\/jpeg"}],"author":"Reda\u00e7\u00e3o","twitter_card":"summary_large_image","twitter_misc":{"Escrito por":"Reda\u00e7\u00e3o","Tempo estimado de leitura":"1 minuto"},"schema":{"@context":"https:\/\/schema.org","@graph":[{"@type":"Article","@id":"https:\/\/brasilnoticias.org\/site\/rodoviaria-de-salvador-deve-lotar-com-retorno-do-sao-joao-diz-agerba\/#article","isPartOf":{"@id":"https:\/\/brasilnoticias.org\/site\/rodoviaria-de-salvador-deve-lotar-com-retorno-do-sao-joao-diz-agerba\/"},"author":{"name":"Reda\u00e7\u00e3o","@id":"https:\/\/brasilnoticias.org\/site\/#\/schema\/person\/03bbbfe6c7634ad18c26444ea39049fa"},"headline":"Rodovi\u00e1ria de Salvador deve lotar com retorno do S\u00e3o Jo\u00e3o, diz Agerba","datePublished":"2025-06-24T22:31:48+00:00","mainEntityOfPage":{"@id":"https:\/\/brasilnoticias.org\/site\/rodoviaria-de-salvador-deve-lotar-com-retorno-do-sao-joao-diz-agerba\/"},"wordCount":189,"commentCount":0,"publisher":{"@id":"https:\/\/brasilnoticias.org\/site\/#organization"},"image":{"@id":"https:\/\/brasilnoticias.org\/site\/rodoviaria-de-salvador-deve-lotar-com-retorno-do-sao-joao-diz-agerba\/#primaryimage"},"thumbnailUrl":"https:\/\/brasilnoticias.org\/site\/wp-content\/uploads\/2025\/06\/166554rodoviaria-de-salvador-deve-lotar-com-retorno-do-sao-joao-diz-agerba-3.jpg","articleSection":["Not\u00edcias","\u00daltimas"],"inLanguage":"pt-PT","potentialAction":[{"@type":"CommentAction","name":"Comment","target":["https:\/\/brasilnoticias.org\/site\/rodoviaria-de-salvador-deve-lotar-com-retorno-do-sao-joao-diz-agerba\/#respond"]}]},{"@type":"WebPage","@id":"https:\/\/brasilnoticias.org\/site\/rodoviaria-de-salvador-deve-lotar-com-retorno-do-sao-joao-diz-agerba\/","url":"https:\/\/brasilnoticias.org\/site\/rodoviaria-de-salvador-deve-lotar-com-retorno-do-sao-joao-diz-agerba\/","name":"Rodovi\u00e1ria de Salvador deve lotar com retorno do S\u00e3o Jo\u00e3o, diz Agerba - Brasil not\u00edcias","isPartOf":{"@id":"https:\/\/brasilnoticias.org\/site\/#website"},"primaryImageOfPage":{"@id":"https:\/\/brasilnoticias.org\/site\/rodoviaria-de-salvador-deve-lotar-com-retorno-do-sao-joao-diz-agerba\/#primaryimage"},"image":{"@id":"https:\/\/brasilnoticias.org\/site\/rodoviaria-de-salvador-deve-lotar-com-retorno-do-sao-joao-diz-agerba\/#primaryimage"},"thumbnailUrl":"https:\/\/brasilnoticias.org\/site\/wp-content\/uploads\/2025\/06\/166554rodoviaria-de-salvador-deve-lotar-com-retorno-do-sao-joao-diz-agerba-3.jpg","datePublished":"2025-06-24T22:31:48+00:00","breadcrumb":{"@id":"https:\/\/brasilnoticias.org\/site\/rodoviaria-de-salvador-deve-lotar-com-retorno-do-sao-joao-diz-agerba\/#breadcrumb"},"inLanguage":"pt-PT","potentialAction":[{"@type":"ReadAction","target":["https:\/\/brasilnoticias.org\/site\/rodoviaria-de-salvador-deve-lotar-com-retorno-do-sao-joao-diz-agerba\/"]}]},{"@type":"ImageObject","inLanguage":"pt-PT","@id":"https:\/\/brasilnoticias.org\/site\/rodoviaria-de-salvador-deve-lotar-com-retorno-do-sao-joao-diz-agerba\/#primaryimage","url":"https:\/\/brasilnoticias.org\/site\/wp-content\/uploads\/2025\/06\/166554rodoviaria-de-salvador-deve-lotar-com-retorno-do-sao-joao-diz-agerba-3.jpg","contentUrl":"https:\/\/brasilnoticias.org\/site\/wp-content\/uploads\/2025\/06\/166554rodoviaria-de-salvador-deve-lotar-com-retorno-do-sao-joao-diz-agerba-3.jpg","width":1600,"height":752},{"@type":"BreadcrumbList","@id":"https:\/\/brasilnoticias.org\/site\/rodoviaria-de-salvador-deve-lotar-com-retorno-do-sao-joao-diz-agerba\/#breadcrumb","itemListElement":[{"@type":"ListItem","position":1,"name":"In\u00edcio","item":"https:\/\/brasilnoticias.org\/site\/"},{"@type":"ListItem","position":2,"name":"Rodovi\u00e1ria de Salvador deve lotar com retorno do S\u00e3o Jo\u00e3o, diz Agerba"}]},{"@type":"WebSite","@id":"https:\/\/brasilnoticias.org\/site\/#website","url":"https:\/\/brasilnoticias.org\/site\/","name":"Brasil not\u00edcias","description":"Brasil not\u00edcias","publisher":{"@id":"https:\/\/brasilnoticias.org\/site\/#organization"},"potentialAction":[{"@type":"SearchAction","target":{"@type":"EntryPoint","urlTemplate":"https:\/\/brasilnoticias.org\/site\/?s={search_term_string}"},"query-input":{"@type":"PropertyValueSpecification","valueRequired":true,"valueName":"search_term_string"}}],"inLanguage":"pt-PT"},{"@type":"Organization","@id":"https:\/\/brasilnoticias.org\/site\/#organization","name":"Brasil not\u00edcias","url":"https:\/\/brasilnoticias.org\/site\/","logo":{"@type":"ImageObject","inLanguage":"pt-PT","@id":"https:\/\/brasilnoticias.org\/site\/#\/schema\/logo\/image\/","url":"https:\/\/brasilnoticias.org\/site\/wp-content\/uploads\/2022\/05\/cropped-brasilnoticias-mini.jpg","contentUrl":"https:\/\/brasilnoticias.org\/site\/wp-content\/uploads\/2022\/05\/cropped-brasilnoticias-mini.jpg","width":314,"height":86,"caption":"Brasil not\u00edcias"},"image":{"@id":"https:\/\/brasilnoticias.org\/site\/#\/schema\/logo\/image\/"}},{"@type":"Person","@id":"https:\/\/brasilnoticias.org\/site\/#\/schema\/person\/03bbbfe6c7634ad18c26444ea39049fa","name":"Reda\u00e7\u00e3o","image":{"@type":"ImageObject","inLanguage":"pt-PT","@id":"https:\/\/brasilnoticias.org\/site\/#\/schema\/person\/image\/","url":"https:\/\/secure.gravatar.com\/avatar\/9ecaf7327a696cb23ad926fedded5f1f04d7049de9e445375d55b48c001a6e42?s=96&d=mm&r=g","contentUrl":"https:\/\/secure.gravatar.com\/avatar\/9ecaf7327a696cb23ad926fedded5f1f04d7049de9e445375d55b48c001a6e42?s=96&d=mm&r=g","caption":"Reda\u00e7\u00e3o"},"url":"https:\/\/brasilnoticias.org\/site\/author\/henrique\/"}]}},"_links":{"self":[{"href":"https:\/\/brasilnoticias.org\/site\/wp-json\/wp\/v2\/posts\/17508","targetHints":{"allow":["GET"]}}],"collection":[{"href":"https:\/\/brasilnoticias.org\/site\/wp-json\/wp\/v2\/posts"}],"about":[{"href":"https:\/\/brasilnoticias.org\/site\/wp-json\/wp\/v2\/types\/post"}],"author":[{"embeddable":true,"href":"https:\/\/brasilnoticias.org\/site\/wp-json\/wp\/v2\/users\/4"}],"replies":[{"embeddable":true,"href":"https:\/\/brasilnoticias.org\/site\/wp-json\/wp\/v2\/comments?post=17508"}],"version-history":[{"count":1,"href":"https:\/\/brasilnoticias.org\/site\/wp-json\/wp\/v2\/posts\/17508\/revisions"}],"predecessor-version":[{"id":17510,"href":"https:\/\/brasilnoticias.org\/site\/wp-json\/wp\/v2\/posts\/17508\/revisions\/17510"}],"wp:featuredmedia":[{"embeddable":true,"href":"https:\/\/brasilnoticias.org\/site\/wp-json\/wp\/v2\/media\/17509"}],"wp:attachment":[{"href":"https:\/\/brasilnoticias.org\/site\/wp-json\/wp\/v2\/media?parent=17508"}],"wp:term":[{"taxonomy":"category","embeddable":true,"href":"https:\/\/brasilnoticias.org\/site\/wp-json\/wp\/v2\/categories?post=17508"},{"taxonomy":"post_tag","embeddable":true,"href":"https:\/\/brasilnoticias.org\/site\/wp-json\/wp\/v2\/tags?post=17508"}],"curies":[{"name":"wp","href":"https:\/\/api.w.org\/{rel}","templated":true}]}}