{"id":1753,"date":"2022-10-10T07:00:14","date_gmt":"2022-10-10T10:00:14","guid":{"rendered":"https:\/\/brasilnoticias.org\/site\/?p=1753"},"modified":"2022-10-09T14:45:30","modified_gmt":"2022-10-09T17:45:30","slug":"ong-diz-que-185-pessoas-foram-mortas-em-protestos-no-ira-19-sao-menores","status":"publish","type":"post","link":"https:\/\/brasilnoticias.org\/site\/ong-diz-que-185-pessoas-foram-mortas-em-protestos-no-ira-19-sao-menores\/","title":{"rendered":"ONG diz que 185 pessoas foram mortas em protestos no Ir\u00e3; 19 s\u00e3o menores"},"content":{"rendered":"<p>A ONG Iran Human Rights diz que recebeu, at\u00e9 o dia 8 de outubro, informa\u00e7\u00f5es sobre pelo menos 185 mortes em protestos no Ir\u00e3. Dezenove dessas v\u00edtimas seriam crian\u00e7as ou adolescentes \u2013 a organiza\u00e7\u00e3o diz que busca documentos para verificar todas as idades.<\/p>\n<p>Desde 16 de setembro, o Ir\u00e3 tem sido abalado por protestos e intensa repress\u00e3o do governo. Os atos acontecem por causa da morte de uma jovem curda iraniana de 22 anos, que teria sido espancada durante pris\u00e3o pelo &#8220;uso inadequado&#8221; do hijab, o v\u00e9u isl\u00e2mico. O Ir\u00e3 afirma que Mahsa Amini morreu de doen\u00e7a e n\u00e3o de forma violenta.<\/p>\n<p>Segundo o jornal brit\u00e2nico &#8220;The Guardian&#8221;, crian\u00e7as t\u00eam sido presas dentro de escolas por for\u00e7as de seguran\u00e7a iranianas. No Curdist\u00e3o, regi\u00e3o onde Mahsa nasceu, escolas teriam sido fechadas.<\/p>\n<p>A ONG Iran Human Rights defende que os respons\u00e1veis pelas mortes sejam responsabilizados pela comunidade internacional, por crimes contra a humanidade.<\/p>\n<p>Por sua vez, o Ir\u00e3 acusa pa\u00edses estrangeiros de alimentar os protestos, incluindo os Estados Unidos.<\/p>\n<p>Na noite de s\u00e1bado, atos ocorreram em v\u00e1rias cidades do pa\u00eds, incluindo Teer\u00e3, com mobiliza\u00e7\u00f5es de solidariedade no exterior. De acordo com o analista iraniano Omid Memarian, um v\u00eddeo mostrava manifestantes em Teer\u00e3 gritando &#8220;morte ao ditador&#8221;.<\/p>\n<p>Em outros lugares, estudantes gritavam &#8220;Mulher, vida, liberdade&#8221; em Saqez, cidade natal de Mahsa Amini, na prov\u00edncia do Curdist\u00e3o, e marchavam agitando seus len\u00e7os sobre suas cabe\u00e7as.<\/p>\n<p>De acordo com imagens que circulam online verificadas pela AFP, uma grande faixa colocada em um viaduto no centro de Teer\u00e3 dizia: &#8220;N\u00e3o temos mais medo. Vamos lutar&#8221;.<\/p>\n<p>Na noite de s\u00e1bado, dois membros das for\u00e7as de seguran\u00e7a foram mortos durante as manifesta\u00e7\u00f5es, um em Teer\u00e3 &#8220;por uma multid\u00e3o armada&#8221; e outro em Sanandaj, capital do Curdist\u00e3o, segundo a ag\u00eancia oficial Irna.<\/p>\n<p>A ag\u00eancia confirmou protestos em v\u00e1rias cidades, onde manifestantes jogaram coquet\u00e9is molotov em mesquitas, centros de Bassidji, mil\u00edcias paramilitares e escrit\u00f3rios de im\u00e3s. &#8220;Em Teer\u00e3, a pol\u00edcia usou g\u00e1s lacrimog\u00eaneo para dispersar a multid\u00e3o&#8221;, disse, acrescentando que os manifestantes &#8220;incendiaram e danificaram propriedades p\u00fablicas, incluindo uma delegacia de pol\u00edcia e latas de lixo&#8221;.<\/p>\n<p>Morte de jovem<br \/>\nNa sexta-feira, as autoridades iranianas alegaram que Mahsa Amini morreu de doen\u00e7a e n\u00e3o por &#8220;espancamento&#8221;. Mas o pai da jovem, Amjad Amini, que afirmou que sua filha estava bem de sa\u00fade antes de sua pris\u00e3o, rejeitou o relat\u00f3rio m\u00e9dico em entrevista ao Iran International, um canal de televis\u00e3o em l\u00edngua persa com sede em Londres. &#8220;Vi com meus pr\u00f3prios olhos que o sangue escorria das orelhas e do pesco\u00e7o de Mahsa&#8221;, disse ele.<\/p>\n<p>Ativistas e ONGs denunciam que ela foi ferida na cabe\u00e7a enquanto era detida.<\/p>\n<p>G1<br \/>\nFoto Reuters<\/p>\n","protected":false},"excerpt":{"rendered":"<p>A ONG Iran Human Rights diz que recebeu, at\u00e9 o dia 8 de outubro, informa\u00e7\u00f5es sobre pelo menos 185 mortes<\/p>\n","protected":false},"author":1,"featured_media":1754,"comment_status":"open","ping_status":"open","sticky":false,"template":"","format":"standard","meta":{"colormag_page_container_layout":"default_layout","colormag_page_sidebar_layout":"default_layout","_FSMCFIC_featured_image_caption":"","_FSMCFIC_featured_image_nocaption":"","_FSMCFIC_featured_image_hide":"","footnotes":""},"categories":[6,1],"tags":[],"class_list":["post-1753","post","type-post","status-publish","format-standard","has-post-thumbnail","hentry","category-mundo","category-ultimas"],"yoast_head":"<!-- This site is optimized with the Yoast SEO plugin v27.1.1 - https:\/\/yoast.com\/product\/yoast-seo-wordpress\/ -->\n<title>ONG diz que 185 pessoas foram mortas em protestos no Ir\u00e3; 19 s\u00e3o menores - Brasil not\u00edcias<\/title>\n<meta name=\"robots\" content=\"index, follow, max-snippet:-1, max-image-preview:large, max-video-preview:-1\" \/>\n<link rel=\"canonical\" href=\"https:\/\/brasilnoticias.org\/site\/ong-diz-que-185-pessoas-foram-mortas-em-protestos-no-ira-19-sao-menores\/\" \/>\n<meta property=\"og:locale\" content=\"pt_PT\" \/>\n<meta property=\"og:type\" content=\"article\" \/>\n<meta property=\"og:title\" content=\"ONG diz que 185 pessoas foram mortas em protestos no Ir\u00e3; 19 s\u00e3o menores - Brasil not\u00edcias\" \/>\n<meta property=\"og:description\" content=\"A ONG Iran Human Rights diz que recebeu, at\u00e9 o dia 8 de outubro, informa\u00e7\u00f5es sobre pelo menos 185 mortes\" \/>\n<meta property=\"og:url\" content=\"https:\/\/brasilnoticias.org\/site\/ong-diz-que-185-pessoas-foram-mortas-em-protestos-no-ira-19-sao-menores\/\" \/>\n<meta property=\"og:site_name\" content=\"Brasil not\u00edcias\" \/>\n<meta property=\"article:published_time\" content=\"2022-10-10T10:00:14+00:00\" \/>\n<meta property=\"og:image\" content=\"https:\/\/brasilnoticias.org\/site\/wp-content\/uploads\/2022\/10\/protesto-ira1.jpg\" \/>\n\t<meta property=\"og:image:width\" content=\"984\" \/>\n\t<meta property=\"og:image:height\" content=\"508\" \/>\n\t<meta property=\"og:image:type\" content=\"image\/jpeg\" \/>\n<meta name=\"author\" content=\"Reda\u00e7\u00e3o\" \/>\n<meta name=\"twitter:card\" content=\"summary_large_image\" \/>\n<meta name=\"twitter:label1\" content=\"Escrito por\" \/>\n\t<meta name=\"twitter:data1\" content=\"Reda\u00e7\u00e3o\" \/>\n\t<meta name=\"twitter:label2\" content=\"Tempo estimado de leitura\" \/>\n\t<meta name=\"twitter:data2\" content=\"2 minutos\" \/>\n<script type=\"application\/ld+json\" class=\"yoast-schema-graph\">{\"@context\":\"https:\/\/schema.org\",\"@graph\":[{\"@type\":\"Article\",\"@id\":\"https:\/\/brasilnoticias.org\/site\/ong-diz-que-185-pessoas-foram-mortas-em-protestos-no-ira-19-sao-menores\/#article\",\"isPartOf\":{\"@id\":\"https:\/\/brasilnoticias.org\/site\/ong-diz-que-185-pessoas-foram-mortas-em-protestos-no-ira-19-sao-menores\/\"},\"author\":{\"name\":\"Reda\u00e7\u00e3o\",\"@id\":\"https:\/\/brasilnoticias.org\/site\/#\/schema\/person\/a0e05b973ec4d15c658d51911e53507b\"},\"headline\":\"ONG diz que 185 pessoas foram mortas em protestos no Ir\u00e3; 19 s\u00e3o menores\",\"datePublished\":\"2022-10-10T10:00:14+00:00\",\"mainEntityOfPage\":{\"@id\":\"https:\/\/brasilnoticias.org\/site\/ong-diz-que-185-pessoas-foram-mortas-em-protestos-no-ira-19-sao-menores\/\"},\"wordCount\":506,\"commentCount\":0,\"publisher\":{\"@id\":\"https:\/\/brasilnoticias.org\/site\/#organization\"},\"image\":{\"@id\":\"https:\/\/brasilnoticias.org\/site\/ong-diz-que-185-pessoas-foram-mortas-em-protestos-no-ira-19-sao-menores\/#primaryimage\"},\"thumbnailUrl\":\"https:\/\/brasilnoticias.org\/site\/wp-content\/uploads\/2022\/10\/protesto-ira1.jpg\",\"articleSection\":[\"Mundo\",\"\u00daltimas\"],\"inLanguage\":\"pt-PT\",\"potentialAction\":[{\"@type\":\"CommentAction\",\"name\":\"Comment\",\"target\":[\"https:\/\/brasilnoticias.org\/site\/ong-diz-que-185-pessoas-foram-mortas-em-protestos-no-ira-19-sao-menores\/#respond\"]}]},{\"@type\":\"WebPage\",\"@id\":\"https:\/\/brasilnoticias.org\/site\/ong-diz-que-185-pessoas-foram-mortas-em-protestos-no-ira-19-sao-menores\/\",\"url\":\"https:\/\/brasilnoticias.org\/site\/ong-diz-que-185-pessoas-foram-mortas-em-protestos-no-ira-19-sao-menores\/\",\"name\":\"ONG diz que 185 pessoas foram mortas em protestos no Ir\u00e3; 19 s\u00e3o menores - Brasil not\u00edcias\",\"isPartOf\":{\"@id\":\"https:\/\/brasilnoticias.org\/site\/#website\"},\"primaryImageOfPage\":{\"@id\":\"https:\/\/brasilnoticias.org\/site\/ong-diz-que-185-pessoas-foram-mortas-em-protestos-no-ira-19-sao-menores\/#primaryimage\"},\"image\":{\"@id\":\"https:\/\/brasilnoticias.org\/site\/ong-diz-que-185-pessoas-foram-mortas-em-protestos-no-ira-19-sao-menores\/#primaryimage\"},\"thumbnailUrl\":\"https:\/\/brasilnoticias.org\/site\/wp-content\/uploads\/2022\/10\/protesto-ira1.jpg\",\"datePublished\":\"2022-10-10T10:00:14+00:00\",\"breadcrumb\":{\"@id\":\"https:\/\/brasilnoticias.org\/site\/ong-diz-que-185-pessoas-foram-mortas-em-protestos-no-ira-19-sao-menores\/#breadcrumb\"},\"inLanguage\":\"pt-PT\",\"potentialAction\":[{\"@type\":\"ReadAction\",\"target\":[\"https:\/\/brasilnoticias.org\/site\/ong-diz-que-185-pessoas-foram-mortas-em-protestos-no-ira-19-sao-menores\/\"]}]},{\"@type\":\"ImageObject\",\"inLanguage\":\"pt-PT\",\"@id\":\"https:\/\/brasilnoticias.org\/site\/ong-diz-que-185-pessoas-foram-mortas-em-protestos-no-ira-19-sao-menores\/#primaryimage\",\"url\":\"https:\/\/brasilnoticias.org\/site\/wp-content\/uploads\/2022\/10\/protesto-ira1.jpg\",\"contentUrl\":\"https:\/\/brasilnoticias.org\/site\/wp-content\/uploads\/2022\/10\/protesto-ira1.jpg\",\"width\":984,\"height\":508},{\"@type\":\"BreadcrumbList\",\"@id\":\"https:\/\/brasilnoticias.org\/site\/ong-diz-que-185-pessoas-foram-mortas-em-protestos-no-ira-19-sao-menores\/#breadcrumb\",\"itemListElement\":[{\"@type\":\"ListItem\",\"position\":1,\"name\":\"In\u00edcio\",\"item\":\"https:\/\/brasilnoticias.org\/site\/\"},{\"@type\":\"ListItem\",\"position\":2,\"name\":\"ONG diz que 185 pessoas foram mortas em protestos no Ir\u00e3; 19 s\u00e3o menores\"}]},{\"@type\":\"WebSite\",\"@id\":\"https:\/\/brasilnoticias.org\/site\/#website\",\"url\":\"https:\/\/brasilnoticias.org\/site\/\",\"name\":\"Brasil not\u00edcias\",\"description\":\"Brasil not\u00edcias\",\"publisher\":{\"@id\":\"https:\/\/brasilnoticias.org\/site\/#organization\"},\"potentialAction\":[{\"@type\":\"SearchAction\",\"target\":{\"@type\":\"EntryPoint\",\"urlTemplate\":\"https:\/\/brasilnoticias.org\/site\/?s={search_term_string}\"},\"query-input\":{\"@type\":\"PropertyValueSpecification\",\"valueRequired\":true,\"valueName\":\"search_term_string\"}}],\"inLanguage\":\"pt-PT\"},{\"@type\":\"Organization\",\"@id\":\"https:\/\/brasilnoticias.org\/site\/#organization\",\"name\":\"Brasil not\u00edcias\",\"url\":\"https:\/\/brasilnoticias.org\/site\/\",\"logo\":{\"@type\":\"ImageObject\",\"inLanguage\":\"pt-PT\",\"@id\":\"https:\/\/brasilnoticias.org\/site\/#\/schema\/logo\/image\/\",\"url\":\"https:\/\/brasilnoticias.org\/site\/wp-content\/uploads\/2022\/05\/cropped-brasilnoticias-mini.jpg\",\"contentUrl\":\"https:\/\/brasilnoticias.org\/site\/wp-content\/uploads\/2022\/05\/cropped-brasilnoticias-mini.jpg\",\"width\":314,\"height\":86,\"caption\":\"Brasil not\u00edcias\"},\"image\":{\"@id\":\"https:\/\/brasilnoticias.org\/site\/#\/schema\/logo\/image\/\"}},{\"@type\":\"Person\",\"@id\":\"https:\/\/brasilnoticias.org\/site\/#\/schema\/person\/a0e05b973ec4d15c658d51911e53507b\",\"name\":\"Reda\u00e7\u00e3o\",\"image\":{\"@type\":\"ImageObject\",\"inLanguage\":\"pt-PT\",\"@id\":\"https:\/\/brasilnoticias.org\/site\/#\/schema\/person\/image\/\",\"url\":\"https:\/\/secure.gravatar.com\/avatar\/75d8b050df2de108b08ae78dfb8e374892df24a383c67db9c46a9c604f6aee9c?s=96&d=mm&r=g\",\"contentUrl\":\"https:\/\/secure.gravatar.com\/avatar\/75d8b050df2de108b08ae78dfb8e374892df24a383c67db9c46a9c604f6aee9c?s=96&d=mm&r=g\",\"caption\":\"Reda\u00e7\u00e3o\"},\"sameAs\":[\"https:\/\/brasilnoticias.org\/site\"],\"url\":\"https:\/\/brasilnoticias.org\/site\/author\/fernandozsngmail-com\/\"}]}<\/script>\n<!-- \/ Yoast SEO plugin. -->","yoast_head_json":{"title":"ONG diz que 185 pessoas foram mortas em protestos no Ir\u00e3; 19 s\u00e3o menores - Brasil not\u00edcias","robots":{"index":"index","follow":"follow","max-snippet":"max-snippet:-1","max-image-preview":"max-image-preview:large","max-video-preview":"max-video-preview:-1"},"canonical":"https:\/\/brasilnoticias.org\/site\/ong-diz-que-185-pessoas-foram-mortas-em-protestos-no-ira-19-sao-menores\/","og_locale":"pt_PT","og_type":"article","og_title":"ONG diz que 185 pessoas foram mortas em protestos no Ir\u00e3; 19 s\u00e3o menores - Brasil not\u00edcias","og_description":"A ONG Iran Human Rights diz que recebeu, at\u00e9 o dia 8 de outubro, informa\u00e7\u00f5es sobre pelo menos 185 mortes","og_url":"https:\/\/brasilnoticias.org\/site\/ong-diz-que-185-pessoas-foram-mortas-em-protestos-no-ira-19-sao-menores\/","og_site_name":"Brasil not\u00edcias","article_published_time":"2022-10-10T10:00:14+00:00","og_image":[{"width":984,"height":508,"url":"https:\/\/brasilnoticias.org\/site\/wp-content\/uploads\/2022\/10\/protesto-ira1.jpg","type":"image\/jpeg"}],"author":"Reda\u00e7\u00e3o","twitter_card":"summary_large_image","twitter_misc":{"Escrito por":"Reda\u00e7\u00e3o","Tempo estimado de leitura":"2 minutos"},"schema":{"@context":"https:\/\/schema.org","@graph":[{"@type":"Article","@id":"https:\/\/brasilnoticias.org\/site\/ong-diz-que-185-pessoas-foram-mortas-em-protestos-no-ira-19-sao-menores\/#article","isPartOf":{"@id":"https:\/\/brasilnoticias.org\/site\/ong-diz-que-185-pessoas-foram-mortas-em-protestos-no-ira-19-sao-menores\/"},"author":{"name":"Reda\u00e7\u00e3o","@id":"https:\/\/brasilnoticias.org\/site\/#\/schema\/person\/a0e05b973ec4d15c658d51911e53507b"},"headline":"ONG diz que 185 pessoas foram mortas em protestos no Ir\u00e3; 19 s\u00e3o menores","datePublished":"2022-10-10T10:00:14+00:00","mainEntityOfPage":{"@id":"https:\/\/brasilnoticias.org\/site\/ong-diz-que-185-pessoas-foram-mortas-em-protestos-no-ira-19-sao-menores\/"},"wordCount":506,"commentCount":0,"publisher":{"@id":"https:\/\/brasilnoticias.org\/site\/#organization"},"image":{"@id":"https:\/\/brasilnoticias.org\/site\/ong-diz-que-185-pessoas-foram-mortas-em-protestos-no-ira-19-sao-menores\/#primaryimage"},"thumbnailUrl":"https:\/\/brasilnoticias.org\/site\/wp-content\/uploads\/2022\/10\/protesto-ira1.jpg","articleSection":["Mundo","\u00daltimas"],"inLanguage":"pt-PT","potentialAction":[{"@type":"CommentAction","name":"Comment","target":["https:\/\/brasilnoticias.org\/site\/ong-diz-que-185-pessoas-foram-mortas-em-protestos-no-ira-19-sao-menores\/#respond"]}]},{"@type":"WebPage","@id":"https:\/\/brasilnoticias.org\/site\/ong-diz-que-185-pessoas-foram-mortas-em-protestos-no-ira-19-sao-menores\/","url":"https:\/\/brasilnoticias.org\/site\/ong-diz-que-185-pessoas-foram-mortas-em-protestos-no-ira-19-sao-menores\/","name":"ONG diz que 185 pessoas foram mortas em protestos no Ir\u00e3; 19 s\u00e3o menores - Brasil not\u00edcias","isPartOf":{"@id":"https:\/\/brasilnoticias.org\/site\/#website"},"primaryImageOfPage":{"@id":"https:\/\/brasilnoticias.org\/site\/ong-diz-que-185-pessoas-foram-mortas-em-protestos-no-ira-19-sao-menores\/#primaryimage"},"image":{"@id":"https:\/\/brasilnoticias.org\/site\/ong-diz-que-185-pessoas-foram-mortas-em-protestos-no-ira-19-sao-menores\/#primaryimage"},"thumbnailUrl":"https:\/\/brasilnoticias.org\/site\/wp-content\/uploads\/2022\/10\/protesto-ira1.jpg","datePublished":"2022-10-10T10:00:14+00:00","breadcrumb":{"@id":"https:\/\/brasilnoticias.org\/site\/ong-diz-que-185-pessoas-foram-mortas-em-protestos-no-ira-19-sao-menores\/#breadcrumb"},"inLanguage":"pt-PT","potentialAction":[{"@type":"ReadAction","target":["https:\/\/brasilnoticias.org\/site\/ong-diz-que-185-pessoas-foram-mortas-em-protestos-no-ira-19-sao-menores\/"]}]},{"@type":"ImageObject","inLanguage":"pt-PT","@id":"https:\/\/brasilnoticias.org\/site\/ong-diz-que-185-pessoas-foram-mortas-em-protestos-no-ira-19-sao-menores\/#primaryimage","url":"https:\/\/brasilnoticias.org\/site\/wp-content\/uploads\/2022\/10\/protesto-ira1.jpg","contentUrl":"https:\/\/brasilnoticias.org\/site\/wp-content\/uploads\/2022\/10\/protesto-ira1.jpg","width":984,"height":508},{"@type":"BreadcrumbList","@id":"https:\/\/brasilnoticias.org\/site\/ong-diz-que-185-pessoas-foram-mortas-em-protestos-no-ira-19-sao-menores\/#breadcrumb","itemListElement":[{"@type":"ListItem","position":1,"name":"In\u00edcio","item":"https:\/\/brasilnoticias.org\/site\/"},{"@type":"ListItem","position":2,"name":"ONG diz que 185 pessoas foram mortas em protestos no Ir\u00e3; 19 s\u00e3o menores"}]},{"@type":"WebSite","@id":"https:\/\/brasilnoticias.org\/site\/#website","url":"https:\/\/brasilnoticias.org\/site\/","name":"Brasil not\u00edcias","description":"Brasil not\u00edcias","publisher":{"@id":"https:\/\/brasilnoticias.org\/site\/#organization"},"potentialAction":[{"@type":"SearchAction","target":{"@type":"EntryPoint","urlTemplate":"https:\/\/brasilnoticias.org\/site\/?s={search_term_string}"},"query-input":{"@type":"PropertyValueSpecification","valueRequired":true,"valueName":"search_term_string"}}],"inLanguage":"pt-PT"},{"@type":"Organization","@id":"https:\/\/brasilnoticias.org\/site\/#organization","name":"Brasil not\u00edcias","url":"https:\/\/brasilnoticias.org\/site\/","logo":{"@type":"ImageObject","inLanguage":"pt-PT","@id":"https:\/\/brasilnoticias.org\/site\/#\/schema\/logo\/image\/","url":"https:\/\/brasilnoticias.org\/site\/wp-content\/uploads\/2022\/05\/cropped-brasilnoticias-mini.jpg","contentUrl":"https:\/\/brasilnoticias.org\/site\/wp-content\/uploads\/2022\/05\/cropped-brasilnoticias-mini.jpg","width":314,"height":86,"caption":"Brasil not\u00edcias"},"image":{"@id":"https:\/\/brasilnoticias.org\/site\/#\/schema\/logo\/image\/"}},{"@type":"Person","@id":"https:\/\/brasilnoticias.org\/site\/#\/schema\/person\/a0e05b973ec4d15c658d51911e53507b","name":"Reda\u00e7\u00e3o","image":{"@type":"ImageObject","inLanguage":"pt-PT","@id":"https:\/\/brasilnoticias.org\/site\/#\/schema\/person\/image\/","url":"https:\/\/secure.gravatar.com\/avatar\/75d8b050df2de108b08ae78dfb8e374892df24a383c67db9c46a9c604f6aee9c?s=96&d=mm&r=g","contentUrl":"https:\/\/secure.gravatar.com\/avatar\/75d8b050df2de108b08ae78dfb8e374892df24a383c67db9c46a9c604f6aee9c?s=96&d=mm&r=g","caption":"Reda\u00e7\u00e3o"},"sameAs":["https:\/\/brasilnoticias.org\/site"],"url":"https:\/\/brasilnoticias.org\/site\/author\/fernandozsngmail-com\/"}]}},"_links":{"self":[{"href":"https:\/\/brasilnoticias.org\/site\/wp-json\/wp\/v2\/posts\/1753","targetHints":{"allow":["GET"]}}],"collection":[{"href":"https:\/\/brasilnoticias.org\/site\/wp-json\/wp\/v2\/posts"}],"about":[{"href":"https:\/\/brasilnoticias.org\/site\/wp-json\/wp\/v2\/types\/post"}],"author":[{"embeddable":true,"href":"https:\/\/brasilnoticias.org\/site\/wp-json\/wp\/v2\/users\/1"}],"replies":[{"embeddable":true,"href":"https:\/\/brasilnoticias.org\/site\/wp-json\/wp\/v2\/comments?post=1753"}],"version-history":[{"count":1,"href":"https:\/\/brasilnoticias.org\/site\/wp-json\/wp\/v2\/posts\/1753\/revisions"}],"predecessor-version":[{"id":1755,"href":"https:\/\/brasilnoticias.org\/site\/wp-json\/wp\/v2\/posts\/1753\/revisions\/1755"}],"wp:featuredmedia":[{"embeddable":true,"href":"https:\/\/brasilnoticias.org\/site\/wp-json\/wp\/v2\/media\/1754"}],"wp:attachment":[{"href":"https:\/\/brasilnoticias.org\/site\/wp-json\/wp\/v2\/media?parent=1753"}],"wp:term":[{"taxonomy":"category","embeddable":true,"href":"https:\/\/brasilnoticias.org\/site\/wp-json\/wp\/v2\/categories?post=1753"},{"taxonomy":"post_tag","embeddable":true,"href":"https:\/\/brasilnoticias.org\/site\/wp-json\/wp\/v2\/tags?post=1753"}],"curies":[{"name":"wp","href":"https:\/\/api.w.org\/{rel}","templated":true}]}}