{"id":17533,"date":"2025-06-30T17:06:04","date_gmt":"2025-06-30T20:06:04","guid":{"rendered":"https:\/\/brasilnoticias.org\/site\/?p=17533"},"modified":"2025-06-30T17:06:04","modified_gmt":"2025-06-30T20:06:04","slug":"barroso-define-moraes-como-relator-da-acao-do-psol-contra-derrubada-do-iof","status":"publish","type":"post","link":"https:\/\/brasilnoticias.org\/site\/barroso-define-moraes-como-relator-da-acao-do-psol-contra-derrubada-do-iof\/","title":{"rendered":"Barroso define Moraes como relator da a\u00e7\u00e3o do PSOL contra derrubada do IOF"},"content":{"rendered":"<p>Redistribui\u00e7\u00e3o foi feita ap\u00f3s pedido de Gilmar Mendes; Moraes j\u00e1 analisa processo semelhante apresentado pelo PL<\/p>\n<p>O presidente do Supremo Tribunal Federal (STF), Lu\u00eds Roberto Barroso, decidiu nesta segunda-feira (30) que o ministro Alexandre de Moraes ser\u00e1 o relator da a\u00e7\u00e3o apresentada pelo PSOL contra a decis\u00e3o do Congresso Nacional de derrubar os decretos que aumentavam o IOF (Imposto sobre Opera\u00e7\u00f5es Financeiras).<\/p>\n<p>O caso havia sido inicialmente sorteado para o ministro Gilmar Mendes, que solicitou a redistribui\u00e7\u00e3o. Ele argumentou que Moraes j\u00e1 \u00e9 relator de outra a\u00e7\u00e3o sobre o mesmo tema, apresentada pelo PL. Barroso acatou o pedido com base no regimento interno do STF, que prev\u00ea a regra de preven\u00e7\u00e3o para evitar decis\u00f5es conflitantes quando h\u00e1 coincid\u00eancia total ou parcial de objetos.<\/p>\n<p>Na a\u00e7\u00e3o, o PSOL pede uma medida cautelar para suspender os efeitos da decis\u00e3o do Congresso. O partido sustenta que a derrubada dos decretos pelo Legislativo extrapola os limites constitucionais e representa inger\u00eancia indevida sobre uma prerrogativa do Executivo.<\/p>\n<p>\u201cAo sustar o decreto presidencial sem que haja demonstra\u00e7\u00e3o de qualquer transgress\u00e3o aos limites constitucionais e legais, o Congresso Nacional extrapolou os contornos do art. 49, V, da Constitui\u00e7\u00e3o\u201d, argumenta o PSOL.<\/p>\n<p>Na semana passada, o Congresso aprovou projeto que susta os tr\u00eas decretos do governo que aumentaram as al\u00edquotas do IOF desde maio. A proposta foi aprovada na C\u00e2mara e no Senado com apoio majorit\u00e1rio da oposi\u00e7\u00e3o.<\/p>\n<p>Foto: Ant\u00f4nio Augusto\/Secom\/TSE<br \/>\nPor: Metro1<\/p>\n","protected":false},"excerpt":{"rendered":"<p>Redistribui\u00e7\u00e3o foi feita ap\u00f3s pedido de Gilmar Mendes; Moraes j\u00e1 analisa processo semelhante apresentado pelo PL O presidente do Supremo<\/p>\n","protected":false},"author":4,"featured_media":17534,"comment_status":"open","ping_status":"open","sticky":false,"template":"","format":"standard","meta":{"colormag_page_container_layout":"default_layout","colormag_page_sidebar_layout":"default_layout","_FSMCFIC_featured_image_caption":"","_FSMCFIC_featured_image_nocaption":"","_FSMCFIC_featured_image_hide":"","footnotes":""},"categories":[7,1],"tags":[],"class_list":["post-17533","post","type-post","status-publish","format-standard","has-post-thumbnail","hentry","category-justica","category-ultimas"],"yoast_head":"<!-- This site is optimized with the Yoast SEO plugin v27.1.1 - https:\/\/yoast.com\/product\/yoast-seo-wordpress\/ -->\n<title>Barroso define Moraes como relator da a\u00e7\u00e3o do PSOL contra derrubada do IOF - Brasil not\u00edcias<\/title>\n<meta name=\"robots\" content=\"index, follow, max-snippet:-1, max-image-preview:large, max-video-preview:-1\" \/>\n<link rel=\"canonical\" href=\"https:\/\/brasilnoticias.org\/site\/barroso-define-moraes-como-relator-da-acao-do-psol-contra-derrubada-do-iof\/\" \/>\n<meta property=\"og:locale\" content=\"pt_PT\" \/>\n<meta property=\"og:type\" content=\"article\" \/>\n<meta property=\"og:title\" content=\"Barroso define Moraes como relator da a\u00e7\u00e3o do PSOL contra derrubada do IOF - Brasil not\u00edcias\" \/>\n<meta property=\"og:description\" content=\"Redistribui\u00e7\u00e3o foi feita ap\u00f3s pedido de Gilmar Mendes; Moraes j\u00e1 analisa processo semelhante apresentado pelo PL O presidente do Supremo\" \/>\n<meta property=\"og:url\" content=\"https:\/\/brasilnoticias.org\/site\/barroso-define-moraes-como-relator-da-acao-do-psol-contra-derrubada-do-iof\/\" \/>\n<meta property=\"og:site_name\" content=\"Brasil not\u00edcias\" \/>\n<meta property=\"article:published_time\" content=\"2025-06-30T20:06:04+00:00\" \/>\n<meta property=\"og:image\" content=\"https:\/\/brasilnoticias.org\/site\/wp-content\/uploads\/2025\/06\/166801barroso-define-moraes-como-relator-da-acao-do-psol-contra-derrubada-do-iof-3.jpg\" \/>\n\t<meta property=\"og:image:width\" content=\"1600\" \/>\n\t<meta property=\"og:image:height\" content=\"752\" \/>\n\t<meta property=\"og:image:type\" content=\"image\/jpeg\" \/>\n<meta name=\"author\" content=\"Reda\u00e7\u00e3o\" \/>\n<meta name=\"twitter:card\" content=\"summary_large_image\" \/>\n<meta name=\"twitter:label1\" content=\"Escrito por\" \/>\n\t<meta name=\"twitter:data1\" content=\"Reda\u00e7\u00e3o\" \/>\n<script type=\"application\/ld+json\" class=\"yoast-schema-graph\">{\"@context\":\"https:\/\/schema.org\",\"@graph\":[{\"@type\":\"Article\",\"@id\":\"https:\/\/brasilnoticias.org\/site\/barroso-define-moraes-como-relator-da-acao-do-psol-contra-derrubada-do-iof\/#article\",\"isPartOf\":{\"@id\":\"https:\/\/brasilnoticias.org\/site\/barroso-define-moraes-como-relator-da-acao-do-psol-contra-derrubada-do-iof\/\"},\"author\":{\"name\":\"Reda\u00e7\u00e3o\",\"@id\":\"https:\/\/brasilnoticias.org\/site\/#\/schema\/person\/03bbbfe6c7634ad18c26444ea39049fa\"},\"headline\":\"Barroso define Moraes como relator da a\u00e7\u00e3o do PSOL contra derrubada do IOF\",\"datePublished\":\"2025-06-30T20:06:04+00:00\",\"mainEntityOfPage\":{\"@id\":\"https:\/\/brasilnoticias.org\/site\/barroso-define-moraes-como-relator-da-acao-do-psol-contra-derrubada-do-iof\/\"},\"wordCount\":271,\"commentCount\":0,\"publisher\":{\"@id\":\"https:\/\/brasilnoticias.org\/site\/#organization\"},\"image\":{\"@id\":\"https:\/\/brasilnoticias.org\/site\/barroso-define-moraes-como-relator-da-acao-do-psol-contra-derrubada-do-iof\/#primaryimage\"},\"thumbnailUrl\":\"https:\/\/brasilnoticias.org\/site\/wp-content\/uploads\/2025\/06\/166801barroso-define-moraes-como-relator-da-acao-do-psol-contra-derrubada-do-iof-3.jpg\",\"articleSection\":[\"Justi\u00e7a\",\"\u00daltimas\"],\"inLanguage\":\"pt-PT\",\"potentialAction\":[{\"@type\":\"CommentAction\",\"name\":\"Comment\",\"target\":[\"https:\/\/brasilnoticias.org\/site\/barroso-define-moraes-como-relator-da-acao-do-psol-contra-derrubada-do-iof\/#respond\"]}]},{\"@type\":\"WebPage\",\"@id\":\"https:\/\/brasilnoticias.org\/site\/barroso-define-moraes-como-relator-da-acao-do-psol-contra-derrubada-do-iof\/\",\"url\":\"https:\/\/brasilnoticias.org\/site\/barroso-define-moraes-como-relator-da-acao-do-psol-contra-derrubada-do-iof\/\",\"name\":\"Barroso define Moraes como relator da a\u00e7\u00e3o do PSOL contra derrubada do IOF - Brasil not\u00edcias\",\"isPartOf\":{\"@id\":\"https:\/\/brasilnoticias.org\/site\/#website\"},\"primaryImageOfPage\":{\"@id\":\"https:\/\/brasilnoticias.org\/site\/barroso-define-moraes-como-relator-da-acao-do-psol-contra-derrubada-do-iof\/#primaryimage\"},\"image\":{\"@id\":\"https:\/\/brasilnoticias.org\/site\/barroso-define-moraes-como-relator-da-acao-do-psol-contra-derrubada-do-iof\/#primaryimage\"},\"thumbnailUrl\":\"https:\/\/brasilnoticias.org\/site\/wp-content\/uploads\/2025\/06\/166801barroso-define-moraes-como-relator-da-acao-do-psol-contra-derrubada-do-iof-3.jpg\",\"datePublished\":\"2025-06-30T20:06:04+00:00\",\"breadcrumb\":{\"@id\":\"https:\/\/brasilnoticias.org\/site\/barroso-define-moraes-como-relator-da-acao-do-psol-contra-derrubada-do-iof\/#breadcrumb\"},\"inLanguage\":\"pt-PT\",\"potentialAction\":[{\"@type\":\"ReadAction\",\"target\":[\"https:\/\/brasilnoticias.org\/site\/barroso-define-moraes-como-relator-da-acao-do-psol-contra-derrubada-do-iof\/\"]}]},{\"@type\":\"ImageObject\",\"inLanguage\":\"pt-PT\",\"@id\":\"https:\/\/brasilnoticias.org\/site\/barroso-define-moraes-como-relator-da-acao-do-psol-contra-derrubada-do-iof\/#primaryimage\",\"url\":\"https:\/\/brasilnoticias.org\/site\/wp-content\/uploads\/2025\/06\/166801barroso-define-moraes-como-relator-da-acao-do-psol-contra-derrubada-do-iof-3.jpg\",\"contentUrl\":\"https:\/\/brasilnoticias.org\/site\/wp-content\/uploads\/2025\/06\/166801barroso-define-moraes-como-relator-da-acao-do-psol-contra-derrubada-do-iof-3.jpg\",\"width\":1600,\"height\":752},{\"@type\":\"BreadcrumbList\",\"@id\":\"https:\/\/brasilnoticias.org\/site\/barroso-define-moraes-como-relator-da-acao-do-psol-contra-derrubada-do-iof\/#breadcrumb\",\"itemListElement\":[{\"@type\":\"ListItem\",\"position\":1,\"name\":\"In\u00edcio\",\"item\":\"https:\/\/brasilnoticias.org\/site\/\"},{\"@type\":\"ListItem\",\"position\":2,\"name\":\"Barroso define Moraes como relator da a\u00e7\u00e3o do PSOL contra derrubada do IOF\"}]},{\"@type\":\"WebSite\",\"@id\":\"https:\/\/brasilnoticias.org\/site\/#website\",\"url\":\"https:\/\/brasilnoticias.org\/site\/\",\"name\":\"Brasil not\u00edcias\",\"description\":\"Brasil not\u00edcias\",\"publisher\":{\"@id\":\"https:\/\/brasilnoticias.org\/site\/#organization\"},\"potentialAction\":[{\"@type\":\"SearchAction\",\"target\":{\"@type\":\"EntryPoint\",\"urlTemplate\":\"https:\/\/brasilnoticias.org\/site\/?s={search_term_string}\"},\"query-input\":{\"@type\":\"PropertyValueSpecification\",\"valueRequired\":true,\"valueName\":\"search_term_string\"}}],\"inLanguage\":\"pt-PT\"},{\"@type\":\"Organization\",\"@id\":\"https:\/\/brasilnoticias.org\/site\/#organization\",\"name\":\"Brasil not\u00edcias\",\"url\":\"https:\/\/brasilnoticias.org\/site\/\",\"logo\":{\"@type\":\"ImageObject\",\"inLanguage\":\"pt-PT\",\"@id\":\"https:\/\/brasilnoticias.org\/site\/#\/schema\/logo\/image\/\",\"url\":\"https:\/\/brasilnoticias.org\/site\/wp-content\/uploads\/2022\/05\/cropped-brasilnoticias-mini.jpg\",\"contentUrl\":\"https:\/\/brasilnoticias.org\/site\/wp-content\/uploads\/2022\/05\/cropped-brasilnoticias-mini.jpg\",\"width\":314,\"height\":86,\"caption\":\"Brasil not\u00edcias\"},\"image\":{\"@id\":\"https:\/\/brasilnoticias.org\/site\/#\/schema\/logo\/image\/\"}},{\"@type\":\"Person\",\"@id\":\"https:\/\/brasilnoticias.org\/site\/#\/schema\/person\/03bbbfe6c7634ad18c26444ea39049fa\",\"name\":\"Reda\u00e7\u00e3o\",\"image\":{\"@type\":\"ImageObject\",\"inLanguage\":\"pt-PT\",\"@id\":\"https:\/\/brasilnoticias.org\/site\/#\/schema\/person\/image\/\",\"url\":\"https:\/\/secure.gravatar.com\/avatar\/9ecaf7327a696cb23ad926fedded5f1f04d7049de9e445375d55b48c001a6e42?s=96&d=mm&r=g\",\"contentUrl\":\"https:\/\/secure.gravatar.com\/avatar\/9ecaf7327a696cb23ad926fedded5f1f04d7049de9e445375d55b48c001a6e42?s=96&d=mm&r=g\",\"caption\":\"Reda\u00e7\u00e3o\"},\"url\":\"https:\/\/brasilnoticias.org\/site\/author\/henrique\/\"}]}<\/script>\n<!-- \/ Yoast SEO plugin. -->","yoast_head_json":{"title":"Barroso define Moraes como relator da a\u00e7\u00e3o do PSOL contra derrubada do IOF - Brasil not\u00edcias","robots":{"index":"index","follow":"follow","max-snippet":"max-snippet:-1","max-image-preview":"max-image-preview:large","max-video-preview":"max-video-preview:-1"},"canonical":"https:\/\/brasilnoticias.org\/site\/barroso-define-moraes-como-relator-da-acao-do-psol-contra-derrubada-do-iof\/","og_locale":"pt_PT","og_type":"article","og_title":"Barroso define Moraes como relator da a\u00e7\u00e3o do PSOL contra derrubada do IOF - Brasil not\u00edcias","og_description":"Redistribui\u00e7\u00e3o foi feita ap\u00f3s pedido de Gilmar Mendes; Moraes j\u00e1 analisa processo semelhante apresentado pelo PL O presidente do Supremo","og_url":"https:\/\/brasilnoticias.org\/site\/barroso-define-moraes-como-relator-da-acao-do-psol-contra-derrubada-do-iof\/","og_site_name":"Brasil not\u00edcias","article_published_time":"2025-06-30T20:06:04+00:00","og_image":[{"width":1600,"height":752,"url":"https:\/\/brasilnoticias.org\/site\/wp-content\/uploads\/2025\/06\/166801barroso-define-moraes-como-relator-da-acao-do-psol-contra-derrubada-do-iof-3.jpg","type":"image\/jpeg"}],"author":"Reda\u00e7\u00e3o","twitter_card":"summary_large_image","twitter_misc":{"Escrito por":"Reda\u00e7\u00e3o"},"schema":{"@context":"https:\/\/schema.org","@graph":[{"@type":"Article","@id":"https:\/\/brasilnoticias.org\/site\/barroso-define-moraes-como-relator-da-acao-do-psol-contra-derrubada-do-iof\/#article","isPartOf":{"@id":"https:\/\/brasilnoticias.org\/site\/barroso-define-moraes-como-relator-da-acao-do-psol-contra-derrubada-do-iof\/"},"author":{"name":"Reda\u00e7\u00e3o","@id":"https:\/\/brasilnoticias.org\/site\/#\/schema\/person\/03bbbfe6c7634ad18c26444ea39049fa"},"headline":"Barroso define Moraes como relator da a\u00e7\u00e3o do PSOL contra derrubada do IOF","datePublished":"2025-06-30T20:06:04+00:00","mainEntityOfPage":{"@id":"https:\/\/brasilnoticias.org\/site\/barroso-define-moraes-como-relator-da-acao-do-psol-contra-derrubada-do-iof\/"},"wordCount":271,"commentCount":0,"publisher":{"@id":"https:\/\/brasilnoticias.org\/site\/#organization"},"image":{"@id":"https:\/\/brasilnoticias.org\/site\/barroso-define-moraes-como-relator-da-acao-do-psol-contra-derrubada-do-iof\/#primaryimage"},"thumbnailUrl":"https:\/\/brasilnoticias.org\/site\/wp-content\/uploads\/2025\/06\/166801barroso-define-moraes-como-relator-da-acao-do-psol-contra-derrubada-do-iof-3.jpg","articleSection":["Justi\u00e7a","\u00daltimas"],"inLanguage":"pt-PT","potentialAction":[{"@type":"CommentAction","name":"Comment","target":["https:\/\/brasilnoticias.org\/site\/barroso-define-moraes-como-relator-da-acao-do-psol-contra-derrubada-do-iof\/#respond"]}]},{"@type":"WebPage","@id":"https:\/\/brasilnoticias.org\/site\/barroso-define-moraes-como-relator-da-acao-do-psol-contra-derrubada-do-iof\/","url":"https:\/\/brasilnoticias.org\/site\/barroso-define-moraes-como-relator-da-acao-do-psol-contra-derrubada-do-iof\/","name":"Barroso define Moraes como relator da a\u00e7\u00e3o do PSOL contra derrubada do IOF - Brasil not\u00edcias","isPartOf":{"@id":"https:\/\/brasilnoticias.org\/site\/#website"},"primaryImageOfPage":{"@id":"https:\/\/brasilnoticias.org\/site\/barroso-define-moraes-como-relator-da-acao-do-psol-contra-derrubada-do-iof\/#primaryimage"},"image":{"@id":"https:\/\/brasilnoticias.org\/site\/barroso-define-moraes-como-relator-da-acao-do-psol-contra-derrubada-do-iof\/#primaryimage"},"thumbnailUrl":"https:\/\/brasilnoticias.org\/site\/wp-content\/uploads\/2025\/06\/166801barroso-define-moraes-como-relator-da-acao-do-psol-contra-derrubada-do-iof-3.jpg","datePublished":"2025-06-30T20:06:04+00:00","breadcrumb":{"@id":"https:\/\/brasilnoticias.org\/site\/barroso-define-moraes-como-relator-da-acao-do-psol-contra-derrubada-do-iof\/#breadcrumb"},"inLanguage":"pt-PT","potentialAction":[{"@type":"ReadAction","target":["https:\/\/brasilnoticias.org\/site\/barroso-define-moraes-como-relator-da-acao-do-psol-contra-derrubada-do-iof\/"]}]},{"@type":"ImageObject","inLanguage":"pt-PT","@id":"https:\/\/brasilnoticias.org\/site\/barroso-define-moraes-como-relator-da-acao-do-psol-contra-derrubada-do-iof\/#primaryimage","url":"https:\/\/brasilnoticias.org\/site\/wp-content\/uploads\/2025\/06\/166801barroso-define-moraes-como-relator-da-acao-do-psol-contra-derrubada-do-iof-3.jpg","contentUrl":"https:\/\/brasilnoticias.org\/site\/wp-content\/uploads\/2025\/06\/166801barroso-define-moraes-como-relator-da-acao-do-psol-contra-derrubada-do-iof-3.jpg","width":1600,"height":752},{"@type":"BreadcrumbList","@id":"https:\/\/brasilnoticias.org\/site\/barroso-define-moraes-como-relator-da-acao-do-psol-contra-derrubada-do-iof\/#breadcrumb","itemListElement":[{"@type":"ListItem","position":1,"name":"In\u00edcio","item":"https:\/\/brasilnoticias.org\/site\/"},{"@type":"ListItem","position":2,"name":"Barroso define Moraes como relator da a\u00e7\u00e3o do PSOL contra derrubada do IOF"}]},{"@type":"WebSite","@id":"https:\/\/brasilnoticias.org\/site\/#website","url":"https:\/\/brasilnoticias.org\/site\/","name":"Brasil not\u00edcias","description":"Brasil not\u00edcias","publisher":{"@id":"https:\/\/brasilnoticias.org\/site\/#organization"},"potentialAction":[{"@type":"SearchAction","target":{"@type":"EntryPoint","urlTemplate":"https:\/\/brasilnoticias.org\/site\/?s={search_term_string}"},"query-input":{"@type":"PropertyValueSpecification","valueRequired":true,"valueName":"search_term_string"}}],"inLanguage":"pt-PT"},{"@type":"Organization","@id":"https:\/\/brasilnoticias.org\/site\/#organization","name":"Brasil not\u00edcias","url":"https:\/\/brasilnoticias.org\/site\/","logo":{"@type":"ImageObject","inLanguage":"pt-PT","@id":"https:\/\/brasilnoticias.org\/site\/#\/schema\/logo\/image\/","url":"https:\/\/brasilnoticias.org\/site\/wp-content\/uploads\/2022\/05\/cropped-brasilnoticias-mini.jpg","contentUrl":"https:\/\/brasilnoticias.org\/site\/wp-content\/uploads\/2022\/05\/cropped-brasilnoticias-mini.jpg","width":314,"height":86,"caption":"Brasil not\u00edcias"},"image":{"@id":"https:\/\/brasilnoticias.org\/site\/#\/schema\/logo\/image\/"}},{"@type":"Person","@id":"https:\/\/brasilnoticias.org\/site\/#\/schema\/person\/03bbbfe6c7634ad18c26444ea39049fa","name":"Reda\u00e7\u00e3o","image":{"@type":"ImageObject","inLanguage":"pt-PT","@id":"https:\/\/brasilnoticias.org\/site\/#\/schema\/person\/image\/","url":"https:\/\/secure.gravatar.com\/avatar\/9ecaf7327a696cb23ad926fedded5f1f04d7049de9e445375d55b48c001a6e42?s=96&d=mm&r=g","contentUrl":"https:\/\/secure.gravatar.com\/avatar\/9ecaf7327a696cb23ad926fedded5f1f04d7049de9e445375d55b48c001a6e42?s=96&d=mm&r=g","caption":"Reda\u00e7\u00e3o"},"url":"https:\/\/brasilnoticias.org\/site\/author\/henrique\/"}]}},"_links":{"self":[{"href":"https:\/\/brasilnoticias.org\/site\/wp-json\/wp\/v2\/posts\/17533","targetHints":{"allow":["GET"]}}],"collection":[{"href":"https:\/\/brasilnoticias.org\/site\/wp-json\/wp\/v2\/posts"}],"about":[{"href":"https:\/\/brasilnoticias.org\/site\/wp-json\/wp\/v2\/types\/post"}],"author":[{"embeddable":true,"href":"https:\/\/brasilnoticias.org\/site\/wp-json\/wp\/v2\/users\/4"}],"replies":[{"embeddable":true,"href":"https:\/\/brasilnoticias.org\/site\/wp-json\/wp\/v2\/comments?post=17533"}],"version-history":[{"count":1,"href":"https:\/\/brasilnoticias.org\/site\/wp-json\/wp\/v2\/posts\/17533\/revisions"}],"predecessor-version":[{"id":17535,"href":"https:\/\/brasilnoticias.org\/site\/wp-json\/wp\/v2\/posts\/17533\/revisions\/17535"}],"wp:featuredmedia":[{"embeddable":true,"href":"https:\/\/brasilnoticias.org\/site\/wp-json\/wp\/v2\/media\/17534"}],"wp:attachment":[{"href":"https:\/\/brasilnoticias.org\/site\/wp-json\/wp\/v2\/media?parent=17533"}],"wp:term":[{"taxonomy":"category","embeddable":true,"href":"https:\/\/brasilnoticias.org\/site\/wp-json\/wp\/v2\/categories?post=17533"},{"taxonomy":"post_tag","embeddable":true,"href":"https:\/\/brasilnoticias.org\/site\/wp-json\/wp\/v2\/tags?post=17533"}],"curies":[{"name":"wp","href":"https:\/\/api.w.org\/{rel}","templated":true}]}}