{"id":17571,"date":"2025-07-05T20:36:27","date_gmt":"2025-07-05T23:36:27","guid":{"rendered":"https:\/\/brasilnoticias.org\/site\/?p=17571"},"modified":"2025-07-05T20:36:27","modified_gmt":"2025-07-05T23:36:27","slug":"haddad-defende-aumento-de-impostos-para-super-ricos-e-diz-que-concentracao-de-renda-atingiu-nivel-inimaginavel","status":"publish","type":"post","link":"https:\/\/brasilnoticias.org\/site\/haddad-defende-aumento-de-impostos-para-super-ricos-e-diz-que-concentracao-de-renda-atingiu-nivel-inimaginavel\/","title":{"rendered":"Haddad defende aumento de impostos para super-ricos e diz que concentra\u00e7\u00e3o de renda atingiu n\u00edvel \u201cinimagin\u00e1vel\u201d"},"content":{"rendered":"<p>Durante evento do Brics no Rio, ministro afirmou que al\u00edquotas ca\u00edram drasticamente desde os anos 1970 e elogiou atua\u00e7\u00e3o do STF no caso do IOF<\/p>\n<p>O ministro da Fazenda, Fernando Haddad, voltou a defender nesta sexta-feira (4) a eleva\u00e7\u00e3o de impostos para os super-ricos. Segundo ele, houve uma queda significativa nas al\u00edquotas cobradas dessa parcela da popula\u00e7\u00e3o global desde os anos 1970, o que contribuiu para o aumento da desigualdade.<\/p>\n<p>\u201cA partir de meados dos anos 1970 e 1980, houve uma redu\u00e7\u00e3o muito grande das al\u00edquotas de impostos cobrados dos super-ricos, praticamente em todo o mundo. Isso precisa ser repensado\u201d, disse durante a 10\u00aa Reuni\u00e3o Anual do Novo Banco de Desenvolvimento (NDB), o banco do Brics, realizada no Rio de Janeiro.<\/p>\n<p>Haddad afirmou que a concentra\u00e7\u00e3o de renda no mundo chegou a n\u00edveis \u201cinimagin\u00e1veis\u201d, citando que 3 mil fam\u00edlias det\u00eam cerca de US$ 15 trilh\u00f5es em um planeta com 8 bilh\u00f5es de habitantes.<\/p>\n<p>O ministro tamb\u00e9m comentou sobre o cen\u00e1rio fiscal global, marcado por restri\u00e7\u00f5es mesmo diante da poss\u00edvel queda das taxas de juros. Para ele, as finan\u00e7as p\u00fablicas continuam pressionadas, especialmente em pa\u00edses em desenvolvimento. \u201cAinda temos um quadro fiscal bastante preocupante, tanto no mundo desenvolvido quanto nos pa\u00edses devedores em moeda forte, como na\u00e7\u00f5es da \u00c1frica, da \u00c1sia e da Am\u00e9rica do Sul\u201d, afirmou.<\/p>\n<p>Antes do discurso, Haddad concedeu entrevista na qual elogiou decis\u00f5es recentes do Supremo Tribunal Federal (STF), como a suspens\u00e3o dos decretos sobre o Imposto sobre Opera\u00e7\u00f5es Financeiras (IOF), determinada pelo ministro Alexandre de Moraes. O magistrado tamb\u00e9m convocou uma audi\u00eancia de concilia\u00e7\u00e3o entre o Executivo e o Congresso, marcada para o dia 15 de julho.<\/p>\n<p>Para o ministro, a medida busca definir os limites constitucionais de atua\u00e7\u00e3o de cada Poder. \u201cA decis\u00e3o do ministro Alexandre busca esse caminho de mostrar at\u00e9 que ponto cada Poder pode ir. Isso \u00e9 \u00f3timo para o pa\u00eds\u201d, avaliou Haddad, negando qualquer crise institucional no momento.<\/p>\n<p>Foto: Fabio Rodrigues-Pozzebom\/ Ag\u00eancia Brasil<br \/>\nPor: Metro1<\/p>\n","protected":false},"excerpt":{"rendered":"<p>Durante evento do Brics no Rio, ministro afirmou que al\u00edquotas ca\u00edram drasticamente desde os anos 1970 e elogiou atua\u00e7\u00e3o do<\/p>\n","protected":false},"author":4,"featured_media":17572,"comment_status":"open","ping_status":"open","sticky":false,"template":"","format":"standard","meta":{"colormag_page_container_layout":"default_layout","colormag_page_sidebar_layout":"default_layout","_FSMCFIC_featured_image_caption":"","_FSMCFIC_featured_image_nocaption":"","_FSMCFIC_featured_image_hide":"","footnotes":""},"categories":[7,1],"tags":[],"class_list":["post-17571","post","type-post","status-publish","format-standard","has-post-thumbnail","hentry","category-justica","category-ultimas"],"yoast_head":"<!-- This site is optimized with the Yoast SEO plugin v27.1.1 - https:\/\/yoast.com\/product\/yoast-seo-wordpress\/ -->\n<title>Haddad defende aumento de impostos para super-ricos e diz que concentra\u00e7\u00e3o de renda atingiu n\u00edvel \u201cinimagin\u00e1vel\u201d - Brasil not\u00edcias<\/title>\n<meta name=\"robots\" content=\"index, follow, max-snippet:-1, max-image-preview:large, max-video-preview:-1\" \/>\n<link rel=\"canonical\" href=\"https:\/\/brasilnoticias.org\/site\/haddad-defende-aumento-de-impostos-para-super-ricos-e-diz-que-concentracao-de-renda-atingiu-nivel-inimaginavel\/\" \/>\n<meta property=\"og:locale\" content=\"pt_PT\" \/>\n<meta property=\"og:type\" content=\"article\" \/>\n<meta property=\"og:title\" content=\"Haddad defende aumento de impostos para super-ricos e diz que concentra\u00e7\u00e3o de renda atingiu n\u00edvel \u201cinimagin\u00e1vel\u201d - Brasil not\u00edcias\" \/>\n<meta property=\"og:description\" content=\"Durante evento do Brics no Rio, ministro afirmou que al\u00edquotas ca\u00edram drasticamente desde os anos 1970 e elogiou atua\u00e7\u00e3o do\" \/>\n<meta property=\"og:url\" content=\"https:\/\/brasilnoticias.org\/site\/haddad-defende-aumento-de-impostos-para-super-ricos-e-diz-que-concentracao-de-renda-atingiu-nivel-inimaginavel\/\" \/>\n<meta property=\"og:site_name\" content=\"Brasil not\u00edcias\" \/>\n<meta property=\"article:published_time\" content=\"2025-07-05T23:36:27+00:00\" \/>\n<meta property=\"og:image\" content=\"https:\/\/brasilnoticias.org\/site\/wp-content\/uploads\/2025\/07\/167035haddad-defende-aumento-de-impostos-para-super-ricos-e-diz-que-concentracao-de-renda-atingiu-nivel-inimaginavel-3.jpg\" \/>\n\t<meta property=\"og:image:width\" content=\"1600\" \/>\n\t<meta property=\"og:image:height\" content=\"752\" \/>\n\t<meta property=\"og:image:type\" content=\"image\/jpeg\" \/>\n<meta name=\"author\" content=\"Reda\u00e7\u00e3o\" \/>\n<meta name=\"twitter:card\" content=\"summary_large_image\" \/>\n<meta name=\"twitter:label1\" content=\"Escrito por\" \/>\n\t<meta name=\"twitter:data1\" content=\"Reda\u00e7\u00e3o\" \/>\n<script type=\"application\/ld+json\" class=\"yoast-schema-graph\">{\"@context\":\"https:\/\/schema.org\",\"@graph\":[{\"@type\":\"Article\",\"@id\":\"https:\/\/brasilnoticias.org\/site\/haddad-defende-aumento-de-impostos-para-super-ricos-e-diz-que-concentracao-de-renda-atingiu-nivel-inimaginavel\/#article\",\"isPartOf\":{\"@id\":\"https:\/\/brasilnoticias.org\/site\/haddad-defende-aumento-de-impostos-para-super-ricos-e-diz-que-concentracao-de-renda-atingiu-nivel-inimaginavel\/\"},\"author\":{\"name\":\"Reda\u00e7\u00e3o\",\"@id\":\"https:\/\/brasilnoticias.org\/site\/#\/schema\/person\/03bbbfe6c7634ad18c26444ea39049fa\"},\"headline\":\"Haddad defende aumento de impostos para super-ricos e diz que concentra\u00e7\u00e3o de renda atingiu n\u00edvel \u201cinimagin\u00e1vel\u201d\",\"datePublished\":\"2025-07-05T23:36:27+00:00\",\"mainEntityOfPage\":{\"@id\":\"https:\/\/brasilnoticias.org\/site\/haddad-defende-aumento-de-impostos-para-super-ricos-e-diz-que-concentracao-de-renda-atingiu-nivel-inimaginavel\/\"},\"wordCount\":368,\"commentCount\":0,\"publisher\":{\"@id\":\"https:\/\/brasilnoticias.org\/site\/#organization\"},\"image\":{\"@id\":\"https:\/\/brasilnoticias.org\/site\/haddad-defende-aumento-de-impostos-para-super-ricos-e-diz-que-concentracao-de-renda-atingiu-nivel-inimaginavel\/#primaryimage\"},\"thumbnailUrl\":\"https:\/\/brasilnoticias.org\/site\/wp-content\/uploads\/2025\/07\/167035haddad-defende-aumento-de-impostos-para-super-ricos-e-diz-que-concentracao-de-renda-atingiu-nivel-inimaginavel-3.jpg\",\"articleSection\":[\"Justi\u00e7a\",\"\u00daltimas\"],\"inLanguage\":\"pt-PT\",\"potentialAction\":[{\"@type\":\"CommentAction\",\"name\":\"Comment\",\"target\":[\"https:\/\/brasilnoticias.org\/site\/haddad-defende-aumento-de-impostos-para-super-ricos-e-diz-que-concentracao-de-renda-atingiu-nivel-inimaginavel\/#respond\"]}]},{\"@type\":\"WebPage\",\"@id\":\"https:\/\/brasilnoticias.org\/site\/haddad-defende-aumento-de-impostos-para-super-ricos-e-diz-que-concentracao-de-renda-atingiu-nivel-inimaginavel\/\",\"url\":\"https:\/\/brasilnoticias.org\/site\/haddad-defende-aumento-de-impostos-para-super-ricos-e-diz-que-concentracao-de-renda-atingiu-nivel-inimaginavel\/\",\"name\":\"Haddad defende aumento de impostos para super-ricos e diz que concentra\u00e7\u00e3o de renda atingiu n\u00edvel \u201cinimagin\u00e1vel\u201d - Brasil not\u00edcias\",\"isPartOf\":{\"@id\":\"https:\/\/brasilnoticias.org\/site\/#website\"},\"primaryImageOfPage\":{\"@id\":\"https:\/\/brasilnoticias.org\/site\/haddad-defende-aumento-de-impostos-para-super-ricos-e-diz-que-concentracao-de-renda-atingiu-nivel-inimaginavel\/#primaryimage\"},\"image\":{\"@id\":\"https:\/\/brasilnoticias.org\/site\/haddad-defende-aumento-de-impostos-para-super-ricos-e-diz-que-concentracao-de-renda-atingiu-nivel-inimaginavel\/#primaryimage\"},\"thumbnailUrl\":\"https:\/\/brasilnoticias.org\/site\/wp-content\/uploads\/2025\/07\/167035haddad-defende-aumento-de-impostos-para-super-ricos-e-diz-que-concentracao-de-renda-atingiu-nivel-inimaginavel-3.jpg\",\"datePublished\":\"2025-07-05T23:36:27+00:00\",\"breadcrumb\":{\"@id\":\"https:\/\/brasilnoticias.org\/site\/haddad-defende-aumento-de-impostos-para-super-ricos-e-diz-que-concentracao-de-renda-atingiu-nivel-inimaginavel\/#breadcrumb\"},\"inLanguage\":\"pt-PT\",\"potentialAction\":[{\"@type\":\"ReadAction\",\"target\":[\"https:\/\/brasilnoticias.org\/site\/haddad-defende-aumento-de-impostos-para-super-ricos-e-diz-que-concentracao-de-renda-atingiu-nivel-inimaginavel\/\"]}]},{\"@type\":\"ImageObject\",\"inLanguage\":\"pt-PT\",\"@id\":\"https:\/\/brasilnoticias.org\/site\/haddad-defende-aumento-de-impostos-para-super-ricos-e-diz-que-concentracao-de-renda-atingiu-nivel-inimaginavel\/#primaryimage\",\"url\":\"https:\/\/brasilnoticias.org\/site\/wp-content\/uploads\/2025\/07\/167035haddad-defende-aumento-de-impostos-para-super-ricos-e-diz-que-concentracao-de-renda-atingiu-nivel-inimaginavel-3.jpg\",\"contentUrl\":\"https:\/\/brasilnoticias.org\/site\/wp-content\/uploads\/2025\/07\/167035haddad-defende-aumento-de-impostos-para-super-ricos-e-diz-que-concentracao-de-renda-atingiu-nivel-inimaginavel-3.jpg\",\"width\":1600,\"height\":752},{\"@type\":\"BreadcrumbList\",\"@id\":\"https:\/\/brasilnoticias.org\/site\/haddad-defende-aumento-de-impostos-para-super-ricos-e-diz-que-concentracao-de-renda-atingiu-nivel-inimaginavel\/#breadcrumb\",\"itemListElement\":[{\"@type\":\"ListItem\",\"position\":1,\"name\":\"In\u00edcio\",\"item\":\"https:\/\/brasilnoticias.org\/site\/\"},{\"@type\":\"ListItem\",\"position\":2,\"name\":\"Haddad defende aumento de impostos para super-ricos e diz que concentra\u00e7\u00e3o de renda atingiu n\u00edvel \u201cinimagin\u00e1vel\u201d\"}]},{\"@type\":\"WebSite\",\"@id\":\"https:\/\/brasilnoticias.org\/site\/#website\",\"url\":\"https:\/\/brasilnoticias.org\/site\/\",\"name\":\"Brasil not\u00edcias\",\"description\":\"Brasil not\u00edcias\",\"publisher\":{\"@id\":\"https:\/\/brasilnoticias.org\/site\/#organization\"},\"potentialAction\":[{\"@type\":\"SearchAction\",\"target\":{\"@type\":\"EntryPoint\",\"urlTemplate\":\"https:\/\/brasilnoticias.org\/site\/?s={search_term_string}\"},\"query-input\":{\"@type\":\"PropertyValueSpecification\",\"valueRequired\":true,\"valueName\":\"search_term_string\"}}],\"inLanguage\":\"pt-PT\"},{\"@type\":\"Organization\",\"@id\":\"https:\/\/brasilnoticias.org\/site\/#organization\",\"name\":\"Brasil not\u00edcias\",\"url\":\"https:\/\/brasilnoticias.org\/site\/\",\"logo\":{\"@type\":\"ImageObject\",\"inLanguage\":\"pt-PT\",\"@id\":\"https:\/\/brasilnoticias.org\/site\/#\/schema\/logo\/image\/\",\"url\":\"https:\/\/brasilnoticias.org\/site\/wp-content\/uploads\/2022\/05\/cropped-brasilnoticias-mini.jpg\",\"contentUrl\":\"https:\/\/brasilnoticias.org\/site\/wp-content\/uploads\/2022\/05\/cropped-brasilnoticias-mini.jpg\",\"width\":314,\"height\":86,\"caption\":\"Brasil not\u00edcias\"},\"image\":{\"@id\":\"https:\/\/brasilnoticias.org\/site\/#\/schema\/logo\/image\/\"}},{\"@type\":\"Person\",\"@id\":\"https:\/\/brasilnoticias.org\/site\/#\/schema\/person\/03bbbfe6c7634ad18c26444ea39049fa\",\"name\":\"Reda\u00e7\u00e3o\",\"image\":{\"@type\":\"ImageObject\",\"inLanguage\":\"pt-PT\",\"@id\":\"https:\/\/brasilnoticias.org\/site\/#\/schema\/person\/image\/\",\"url\":\"https:\/\/secure.gravatar.com\/avatar\/9ecaf7327a696cb23ad926fedded5f1f04d7049de9e445375d55b48c001a6e42?s=96&d=mm&r=g\",\"contentUrl\":\"https:\/\/secure.gravatar.com\/avatar\/9ecaf7327a696cb23ad926fedded5f1f04d7049de9e445375d55b48c001a6e42?s=96&d=mm&r=g\",\"caption\":\"Reda\u00e7\u00e3o\"},\"url\":\"https:\/\/brasilnoticias.org\/site\/author\/henrique\/\"}]}<\/script>\n<!-- \/ Yoast SEO plugin. -->","yoast_head_json":{"title":"Haddad defende aumento de impostos para super-ricos e diz que concentra\u00e7\u00e3o de renda atingiu n\u00edvel \u201cinimagin\u00e1vel\u201d - Brasil not\u00edcias","robots":{"index":"index","follow":"follow","max-snippet":"max-snippet:-1","max-image-preview":"max-image-preview:large","max-video-preview":"max-video-preview:-1"},"canonical":"https:\/\/brasilnoticias.org\/site\/haddad-defende-aumento-de-impostos-para-super-ricos-e-diz-que-concentracao-de-renda-atingiu-nivel-inimaginavel\/","og_locale":"pt_PT","og_type":"article","og_title":"Haddad defende aumento de impostos para super-ricos e diz que concentra\u00e7\u00e3o de renda atingiu n\u00edvel \u201cinimagin\u00e1vel\u201d - Brasil not\u00edcias","og_description":"Durante evento do Brics no Rio, ministro afirmou que al\u00edquotas ca\u00edram drasticamente desde os anos 1970 e elogiou atua\u00e7\u00e3o do","og_url":"https:\/\/brasilnoticias.org\/site\/haddad-defende-aumento-de-impostos-para-super-ricos-e-diz-que-concentracao-de-renda-atingiu-nivel-inimaginavel\/","og_site_name":"Brasil not\u00edcias","article_published_time":"2025-07-05T23:36:27+00:00","og_image":[{"width":1600,"height":752,"url":"https:\/\/brasilnoticias.org\/site\/wp-content\/uploads\/2025\/07\/167035haddad-defende-aumento-de-impostos-para-super-ricos-e-diz-que-concentracao-de-renda-atingiu-nivel-inimaginavel-3.jpg","type":"image\/jpeg"}],"author":"Reda\u00e7\u00e3o","twitter_card":"summary_large_image","twitter_misc":{"Escrito por":"Reda\u00e7\u00e3o"},"schema":{"@context":"https:\/\/schema.org","@graph":[{"@type":"Article","@id":"https:\/\/brasilnoticias.org\/site\/haddad-defende-aumento-de-impostos-para-super-ricos-e-diz-que-concentracao-de-renda-atingiu-nivel-inimaginavel\/#article","isPartOf":{"@id":"https:\/\/brasilnoticias.org\/site\/haddad-defende-aumento-de-impostos-para-super-ricos-e-diz-que-concentracao-de-renda-atingiu-nivel-inimaginavel\/"},"author":{"name":"Reda\u00e7\u00e3o","@id":"https:\/\/brasilnoticias.org\/site\/#\/schema\/person\/03bbbfe6c7634ad18c26444ea39049fa"},"headline":"Haddad defende aumento de impostos para super-ricos e diz que concentra\u00e7\u00e3o de renda atingiu n\u00edvel \u201cinimagin\u00e1vel\u201d","datePublished":"2025-07-05T23:36:27+00:00","mainEntityOfPage":{"@id":"https:\/\/brasilnoticias.org\/site\/haddad-defende-aumento-de-impostos-para-super-ricos-e-diz-que-concentracao-de-renda-atingiu-nivel-inimaginavel\/"},"wordCount":368,"commentCount":0,"publisher":{"@id":"https:\/\/brasilnoticias.org\/site\/#organization"},"image":{"@id":"https:\/\/brasilnoticias.org\/site\/haddad-defende-aumento-de-impostos-para-super-ricos-e-diz-que-concentracao-de-renda-atingiu-nivel-inimaginavel\/#primaryimage"},"thumbnailUrl":"https:\/\/brasilnoticias.org\/site\/wp-content\/uploads\/2025\/07\/167035haddad-defende-aumento-de-impostos-para-super-ricos-e-diz-que-concentracao-de-renda-atingiu-nivel-inimaginavel-3.jpg","articleSection":["Justi\u00e7a","\u00daltimas"],"inLanguage":"pt-PT","potentialAction":[{"@type":"CommentAction","name":"Comment","target":["https:\/\/brasilnoticias.org\/site\/haddad-defende-aumento-de-impostos-para-super-ricos-e-diz-que-concentracao-de-renda-atingiu-nivel-inimaginavel\/#respond"]}]},{"@type":"WebPage","@id":"https:\/\/brasilnoticias.org\/site\/haddad-defende-aumento-de-impostos-para-super-ricos-e-diz-que-concentracao-de-renda-atingiu-nivel-inimaginavel\/","url":"https:\/\/brasilnoticias.org\/site\/haddad-defende-aumento-de-impostos-para-super-ricos-e-diz-que-concentracao-de-renda-atingiu-nivel-inimaginavel\/","name":"Haddad defende aumento de impostos para super-ricos e diz que concentra\u00e7\u00e3o de renda atingiu n\u00edvel \u201cinimagin\u00e1vel\u201d - Brasil not\u00edcias","isPartOf":{"@id":"https:\/\/brasilnoticias.org\/site\/#website"},"primaryImageOfPage":{"@id":"https:\/\/brasilnoticias.org\/site\/haddad-defende-aumento-de-impostos-para-super-ricos-e-diz-que-concentracao-de-renda-atingiu-nivel-inimaginavel\/#primaryimage"},"image":{"@id":"https:\/\/brasilnoticias.org\/site\/haddad-defende-aumento-de-impostos-para-super-ricos-e-diz-que-concentracao-de-renda-atingiu-nivel-inimaginavel\/#primaryimage"},"thumbnailUrl":"https:\/\/brasilnoticias.org\/site\/wp-content\/uploads\/2025\/07\/167035haddad-defende-aumento-de-impostos-para-super-ricos-e-diz-que-concentracao-de-renda-atingiu-nivel-inimaginavel-3.jpg","datePublished":"2025-07-05T23:36:27+00:00","breadcrumb":{"@id":"https:\/\/brasilnoticias.org\/site\/haddad-defende-aumento-de-impostos-para-super-ricos-e-diz-que-concentracao-de-renda-atingiu-nivel-inimaginavel\/#breadcrumb"},"inLanguage":"pt-PT","potentialAction":[{"@type":"ReadAction","target":["https:\/\/brasilnoticias.org\/site\/haddad-defende-aumento-de-impostos-para-super-ricos-e-diz-que-concentracao-de-renda-atingiu-nivel-inimaginavel\/"]}]},{"@type":"ImageObject","inLanguage":"pt-PT","@id":"https:\/\/brasilnoticias.org\/site\/haddad-defende-aumento-de-impostos-para-super-ricos-e-diz-que-concentracao-de-renda-atingiu-nivel-inimaginavel\/#primaryimage","url":"https:\/\/brasilnoticias.org\/site\/wp-content\/uploads\/2025\/07\/167035haddad-defende-aumento-de-impostos-para-super-ricos-e-diz-que-concentracao-de-renda-atingiu-nivel-inimaginavel-3.jpg","contentUrl":"https:\/\/brasilnoticias.org\/site\/wp-content\/uploads\/2025\/07\/167035haddad-defende-aumento-de-impostos-para-super-ricos-e-diz-que-concentracao-de-renda-atingiu-nivel-inimaginavel-3.jpg","width":1600,"height":752},{"@type":"BreadcrumbList","@id":"https:\/\/brasilnoticias.org\/site\/haddad-defende-aumento-de-impostos-para-super-ricos-e-diz-que-concentracao-de-renda-atingiu-nivel-inimaginavel\/#breadcrumb","itemListElement":[{"@type":"ListItem","position":1,"name":"In\u00edcio","item":"https:\/\/brasilnoticias.org\/site\/"},{"@type":"ListItem","position":2,"name":"Haddad defende aumento de impostos para super-ricos e diz que concentra\u00e7\u00e3o de renda atingiu n\u00edvel \u201cinimagin\u00e1vel\u201d"}]},{"@type":"WebSite","@id":"https:\/\/brasilnoticias.org\/site\/#website","url":"https:\/\/brasilnoticias.org\/site\/","name":"Brasil not\u00edcias","description":"Brasil not\u00edcias","publisher":{"@id":"https:\/\/brasilnoticias.org\/site\/#organization"},"potentialAction":[{"@type":"SearchAction","target":{"@type":"EntryPoint","urlTemplate":"https:\/\/brasilnoticias.org\/site\/?s={search_term_string}"},"query-input":{"@type":"PropertyValueSpecification","valueRequired":true,"valueName":"search_term_string"}}],"inLanguage":"pt-PT"},{"@type":"Organization","@id":"https:\/\/brasilnoticias.org\/site\/#organization","name":"Brasil not\u00edcias","url":"https:\/\/brasilnoticias.org\/site\/","logo":{"@type":"ImageObject","inLanguage":"pt-PT","@id":"https:\/\/brasilnoticias.org\/site\/#\/schema\/logo\/image\/","url":"https:\/\/brasilnoticias.org\/site\/wp-content\/uploads\/2022\/05\/cropped-brasilnoticias-mini.jpg","contentUrl":"https:\/\/brasilnoticias.org\/site\/wp-content\/uploads\/2022\/05\/cropped-brasilnoticias-mini.jpg","width":314,"height":86,"caption":"Brasil not\u00edcias"},"image":{"@id":"https:\/\/brasilnoticias.org\/site\/#\/schema\/logo\/image\/"}},{"@type":"Person","@id":"https:\/\/brasilnoticias.org\/site\/#\/schema\/person\/03bbbfe6c7634ad18c26444ea39049fa","name":"Reda\u00e7\u00e3o","image":{"@type":"ImageObject","inLanguage":"pt-PT","@id":"https:\/\/brasilnoticias.org\/site\/#\/schema\/person\/image\/","url":"https:\/\/secure.gravatar.com\/avatar\/9ecaf7327a696cb23ad926fedded5f1f04d7049de9e445375d55b48c001a6e42?s=96&d=mm&r=g","contentUrl":"https:\/\/secure.gravatar.com\/avatar\/9ecaf7327a696cb23ad926fedded5f1f04d7049de9e445375d55b48c001a6e42?s=96&d=mm&r=g","caption":"Reda\u00e7\u00e3o"},"url":"https:\/\/brasilnoticias.org\/site\/author\/henrique\/"}]}},"_links":{"self":[{"href":"https:\/\/brasilnoticias.org\/site\/wp-json\/wp\/v2\/posts\/17571","targetHints":{"allow":["GET"]}}],"collection":[{"href":"https:\/\/brasilnoticias.org\/site\/wp-json\/wp\/v2\/posts"}],"about":[{"href":"https:\/\/brasilnoticias.org\/site\/wp-json\/wp\/v2\/types\/post"}],"author":[{"embeddable":true,"href":"https:\/\/brasilnoticias.org\/site\/wp-json\/wp\/v2\/users\/4"}],"replies":[{"embeddable":true,"href":"https:\/\/brasilnoticias.org\/site\/wp-json\/wp\/v2\/comments?post=17571"}],"version-history":[{"count":1,"href":"https:\/\/brasilnoticias.org\/site\/wp-json\/wp\/v2\/posts\/17571\/revisions"}],"predecessor-version":[{"id":17573,"href":"https:\/\/brasilnoticias.org\/site\/wp-json\/wp\/v2\/posts\/17571\/revisions\/17573"}],"wp:featuredmedia":[{"embeddable":true,"href":"https:\/\/brasilnoticias.org\/site\/wp-json\/wp\/v2\/media\/17572"}],"wp:attachment":[{"href":"https:\/\/brasilnoticias.org\/site\/wp-json\/wp\/v2\/media?parent=17571"}],"wp:term":[{"taxonomy":"category","embeddable":true,"href":"https:\/\/brasilnoticias.org\/site\/wp-json\/wp\/v2\/categories?post=17571"},{"taxonomy":"post_tag","embeddable":true,"href":"https:\/\/brasilnoticias.org\/site\/wp-json\/wp\/v2\/tags?post=17571"}],"curies":[{"name":"wp","href":"https:\/\/api.w.org\/{rel}","templated":true}]}}