{"id":1759,"date":"2022-10-10T07:20:11","date_gmt":"2022-10-10T10:20:11","guid":{"rendered":"https:\/\/brasilnoticias.org\/site\/?p=1759"},"modified":"2022-10-09T14:52:56","modified_gmt":"2022-10-09T17:52:56","slug":"ponte-interditada-na-br-319-desaba-e-isola-regiao-no-am","status":"publish","type":"post","link":"https:\/\/brasilnoticias.org\/site\/ponte-interditada-na-br-319-desaba-e-isola-regiao-no-am\/","title":{"rendered":"Ponte interditada na BR-319 desaba e isola regi\u00e3o no AM"},"content":{"rendered":"<p>Os problemas de infraestrutura seguem causando transtornos e deixando a popula\u00e7\u00e3o cada vez mais isolada na\u00a0BR-319, no Amazonas. Neste s\u00e1bado (8), a ponte sobre o Rio Autaz Mirim, localizada no km 25, desabou horas ap\u00f3s\u00a0ser interditada\u00a0na rodovia federal, informou o governador Wilson Lima em uma rede social. A BR \u00e9 o \u00fanico acesso terrestre do estado ao restante do pa\u00eds.<\/p>\n<p>Segundo tu\u00edte de Wilson Lima, uma equipe do governo federal avaliaria o local neste domingo (9).<\/p>\n<p>Ainda de acordo com o governador, o desabamento n\u00e3o deixou feridos.<\/p>\n<p>A queda ocorreu horas ap\u00f3s a Pol\u00edcia Rodovi\u00e1ria Federal no Amazonas (PRF-AM) e o Departamento Nacional de Infraestrutura de Transportes (Dnit) anunciarem a interdi\u00e7\u00e3o da estrutura. A\u00a0interdi\u00e7\u00e3o ocorreu\u00a010 dias depois do\u00a0desabamento da ponte sobre o Rio Curu\u00e7\u00e1, que ficava no km 23 da rodovia. O desabamento da primeira ponte deixou, pelo menos,\u00a0quatro mortos, 14 feridos e uma pessoa ainda est\u00e1 desaparecida, segundo o governo estadual.<\/p>\n<p>O Dnit informou que a ponte sobre o rio Autaz Mirim foi totalmente interditada no s\u00e1bado para o tr\u00e1fego de ve\u00edculos e passagem de pedestres. A travessia tem 174 metros de extens\u00e3o.<\/p>\n<p>Imagens feitas por motoristas e moradores da regi\u00e3o mostram pessoas fazendo a travessia com aux\u00edlio de canoas. &#8220;Foi um corre, corre. A ponte come\u00e7ou a estalar, seria outra trag\u00e9dia&#8221;, diz uma das pessoas que fez o registro no local.<\/p>\n<p>G1<\/p>\n<p>Foto: Associa\u00e7\u00e3o de Amigos e Defensores da BR-319\/ Divulga\u00e7\u00e3o<\/p>\n","protected":false},"excerpt":{"rendered":"<p>Os problemas de infraestrutura seguem causando transtornos e deixando a popula\u00e7\u00e3o cada vez mais isolada na\u00a0BR-319, no Amazonas. Neste s\u00e1bado<\/p>\n","protected":false},"author":1,"featured_media":1760,"comment_status":"open","ping_status":"open","sticky":false,"template":"","format":"standard","meta":{"colormag_page_container_layout":"default_layout","colormag_page_sidebar_layout":"default_layout","_FSMCFIC_featured_image_caption":"","_FSMCFIC_featured_image_nocaption":"","_FSMCFIC_featured_image_hide":"","footnotes":""},"categories":[2,1],"tags":[],"class_list":["post-1759","post","type-post","status-publish","format-standard","has-post-thumbnail","hentry","category-noticias","category-ultimas"],"yoast_head":"<!-- This site is optimized with the Yoast SEO plugin v27.1.1 - https:\/\/yoast.com\/product\/yoast-seo-wordpress\/ -->\n<title>Ponte interditada na BR-319 desaba e isola regi\u00e3o no AM - Brasil not\u00edcias<\/title>\n<meta name=\"robots\" content=\"index, follow, max-snippet:-1, max-image-preview:large, max-video-preview:-1\" \/>\n<link rel=\"canonical\" href=\"https:\/\/brasilnoticias.org\/site\/ponte-interditada-na-br-319-desaba-e-isola-regiao-no-am\/\" \/>\n<meta property=\"og:locale\" content=\"pt_PT\" \/>\n<meta property=\"og:type\" content=\"article\" \/>\n<meta property=\"og:title\" content=\"Ponte interditada na BR-319 desaba e isola regi\u00e3o no AM - Brasil not\u00edcias\" \/>\n<meta property=\"og:description\" content=\"Os problemas de infraestrutura seguem causando transtornos e deixando a popula\u00e7\u00e3o cada vez mais isolada na\u00a0BR-319, no Amazonas. Neste s\u00e1bado\" \/>\n<meta property=\"og:url\" content=\"https:\/\/brasilnoticias.org\/site\/ponte-interditada-na-br-319-desaba-e-isola-regiao-no-am\/\" \/>\n<meta property=\"og:site_name\" content=\"Brasil not\u00edcias\" \/>\n<meta property=\"article:published_time\" content=\"2022-10-10T10:20:11+00:00\" \/>\n<meta property=\"og:image\" content=\"https:\/\/brasilnoticias.org\/site\/wp-content\/uploads\/2022\/10\/imagem-ponte22.jpg\" \/>\n\t<meta property=\"og:image:width\" content=\"640\" \/>\n\t<meta property=\"og:image:height\" content=\"480\" \/>\n\t<meta property=\"og:image:type\" content=\"image\/jpeg\" \/>\n<meta name=\"author\" content=\"Reda\u00e7\u00e3o\" \/>\n<meta name=\"twitter:card\" content=\"summary_large_image\" \/>\n<meta name=\"twitter:label1\" content=\"Escrito por\" \/>\n\t<meta name=\"twitter:data1\" content=\"Reda\u00e7\u00e3o\" \/>\n\t<meta name=\"twitter:label2\" content=\"Tempo estimado de leitura\" \/>\n\t<meta name=\"twitter:data2\" content=\"1 minuto\" \/>\n<script type=\"application\/ld+json\" class=\"yoast-schema-graph\">{\"@context\":\"https:\/\/schema.org\",\"@graph\":[{\"@type\":\"Article\",\"@id\":\"https:\/\/brasilnoticias.org\/site\/ponte-interditada-na-br-319-desaba-e-isola-regiao-no-am\/#article\",\"isPartOf\":{\"@id\":\"https:\/\/brasilnoticias.org\/site\/ponte-interditada-na-br-319-desaba-e-isola-regiao-no-am\/\"},\"author\":{\"name\":\"Reda\u00e7\u00e3o\",\"@id\":\"https:\/\/brasilnoticias.org\/site\/#\/schema\/person\/a0e05b973ec4d15c658d51911e53507b\"},\"headline\":\"Ponte interditada na BR-319 desaba e isola regi\u00e3o no AM\",\"datePublished\":\"2022-10-10T10:20:11+00:00\",\"mainEntityOfPage\":{\"@id\":\"https:\/\/brasilnoticias.org\/site\/ponte-interditada-na-br-319-desaba-e-isola-regiao-no-am\/\"},\"wordCount\":264,\"commentCount\":0,\"publisher\":{\"@id\":\"https:\/\/brasilnoticias.org\/site\/#organization\"},\"image\":{\"@id\":\"https:\/\/brasilnoticias.org\/site\/ponte-interditada-na-br-319-desaba-e-isola-regiao-no-am\/#primaryimage\"},\"thumbnailUrl\":\"https:\/\/brasilnoticias.org\/site\/wp-content\/uploads\/2022\/10\/imagem-ponte22.jpg\",\"articleSection\":[\"Not\u00edcias\",\"\u00daltimas\"],\"inLanguage\":\"pt-PT\",\"potentialAction\":[{\"@type\":\"CommentAction\",\"name\":\"Comment\",\"target\":[\"https:\/\/brasilnoticias.org\/site\/ponte-interditada-na-br-319-desaba-e-isola-regiao-no-am\/#respond\"]}]},{\"@type\":\"WebPage\",\"@id\":\"https:\/\/brasilnoticias.org\/site\/ponte-interditada-na-br-319-desaba-e-isola-regiao-no-am\/\",\"url\":\"https:\/\/brasilnoticias.org\/site\/ponte-interditada-na-br-319-desaba-e-isola-regiao-no-am\/\",\"name\":\"Ponte interditada na BR-319 desaba e isola regi\u00e3o no AM - Brasil not\u00edcias\",\"isPartOf\":{\"@id\":\"https:\/\/brasilnoticias.org\/site\/#website\"},\"primaryImageOfPage\":{\"@id\":\"https:\/\/brasilnoticias.org\/site\/ponte-interditada-na-br-319-desaba-e-isola-regiao-no-am\/#primaryimage\"},\"image\":{\"@id\":\"https:\/\/brasilnoticias.org\/site\/ponte-interditada-na-br-319-desaba-e-isola-regiao-no-am\/#primaryimage\"},\"thumbnailUrl\":\"https:\/\/brasilnoticias.org\/site\/wp-content\/uploads\/2022\/10\/imagem-ponte22.jpg\",\"datePublished\":\"2022-10-10T10:20:11+00:00\",\"breadcrumb\":{\"@id\":\"https:\/\/brasilnoticias.org\/site\/ponte-interditada-na-br-319-desaba-e-isola-regiao-no-am\/#breadcrumb\"},\"inLanguage\":\"pt-PT\",\"potentialAction\":[{\"@type\":\"ReadAction\",\"target\":[\"https:\/\/brasilnoticias.org\/site\/ponte-interditada-na-br-319-desaba-e-isola-regiao-no-am\/\"]}]},{\"@type\":\"ImageObject\",\"inLanguage\":\"pt-PT\",\"@id\":\"https:\/\/brasilnoticias.org\/site\/ponte-interditada-na-br-319-desaba-e-isola-regiao-no-am\/#primaryimage\",\"url\":\"https:\/\/brasilnoticias.org\/site\/wp-content\/uploads\/2022\/10\/imagem-ponte22.jpg\",\"contentUrl\":\"https:\/\/brasilnoticias.org\/site\/wp-content\/uploads\/2022\/10\/imagem-ponte22.jpg\",\"width\":640,\"height\":480},{\"@type\":\"BreadcrumbList\",\"@id\":\"https:\/\/brasilnoticias.org\/site\/ponte-interditada-na-br-319-desaba-e-isola-regiao-no-am\/#breadcrumb\",\"itemListElement\":[{\"@type\":\"ListItem\",\"position\":1,\"name\":\"In\u00edcio\",\"item\":\"https:\/\/brasilnoticias.org\/site\/\"},{\"@type\":\"ListItem\",\"position\":2,\"name\":\"Ponte interditada na BR-319 desaba e isola regi\u00e3o no AM\"}]},{\"@type\":\"WebSite\",\"@id\":\"https:\/\/brasilnoticias.org\/site\/#website\",\"url\":\"https:\/\/brasilnoticias.org\/site\/\",\"name\":\"Brasil not\u00edcias\",\"description\":\"Brasil not\u00edcias\",\"publisher\":{\"@id\":\"https:\/\/brasilnoticias.org\/site\/#organization\"},\"potentialAction\":[{\"@type\":\"SearchAction\",\"target\":{\"@type\":\"EntryPoint\",\"urlTemplate\":\"https:\/\/brasilnoticias.org\/site\/?s={search_term_string}\"},\"query-input\":{\"@type\":\"PropertyValueSpecification\",\"valueRequired\":true,\"valueName\":\"search_term_string\"}}],\"inLanguage\":\"pt-PT\"},{\"@type\":\"Organization\",\"@id\":\"https:\/\/brasilnoticias.org\/site\/#organization\",\"name\":\"Brasil not\u00edcias\",\"url\":\"https:\/\/brasilnoticias.org\/site\/\",\"logo\":{\"@type\":\"ImageObject\",\"inLanguage\":\"pt-PT\",\"@id\":\"https:\/\/brasilnoticias.org\/site\/#\/schema\/logo\/image\/\",\"url\":\"https:\/\/brasilnoticias.org\/site\/wp-content\/uploads\/2022\/05\/cropped-brasilnoticias-mini.jpg\",\"contentUrl\":\"https:\/\/brasilnoticias.org\/site\/wp-content\/uploads\/2022\/05\/cropped-brasilnoticias-mini.jpg\",\"width\":314,\"height\":86,\"caption\":\"Brasil not\u00edcias\"},\"image\":{\"@id\":\"https:\/\/brasilnoticias.org\/site\/#\/schema\/logo\/image\/\"}},{\"@type\":\"Person\",\"@id\":\"https:\/\/brasilnoticias.org\/site\/#\/schema\/person\/a0e05b973ec4d15c658d51911e53507b\",\"name\":\"Reda\u00e7\u00e3o\",\"image\":{\"@type\":\"ImageObject\",\"inLanguage\":\"pt-PT\",\"@id\":\"https:\/\/brasilnoticias.org\/site\/#\/schema\/person\/image\/\",\"url\":\"https:\/\/secure.gravatar.com\/avatar\/75d8b050df2de108b08ae78dfb8e374892df24a383c67db9c46a9c604f6aee9c?s=96&d=mm&r=g\",\"contentUrl\":\"https:\/\/secure.gravatar.com\/avatar\/75d8b050df2de108b08ae78dfb8e374892df24a383c67db9c46a9c604f6aee9c?s=96&d=mm&r=g\",\"caption\":\"Reda\u00e7\u00e3o\"},\"sameAs\":[\"https:\/\/brasilnoticias.org\/site\"],\"url\":\"https:\/\/brasilnoticias.org\/site\/author\/fernandozsngmail-com\/\"}]}<\/script>\n<!-- \/ Yoast SEO plugin. -->","yoast_head_json":{"title":"Ponte interditada na BR-319 desaba e isola regi\u00e3o no AM - Brasil not\u00edcias","robots":{"index":"index","follow":"follow","max-snippet":"max-snippet:-1","max-image-preview":"max-image-preview:large","max-video-preview":"max-video-preview:-1"},"canonical":"https:\/\/brasilnoticias.org\/site\/ponte-interditada-na-br-319-desaba-e-isola-regiao-no-am\/","og_locale":"pt_PT","og_type":"article","og_title":"Ponte interditada na BR-319 desaba e isola regi\u00e3o no AM - Brasil not\u00edcias","og_description":"Os problemas de infraestrutura seguem causando transtornos e deixando a popula\u00e7\u00e3o cada vez mais isolada na\u00a0BR-319, no Amazonas. Neste s\u00e1bado","og_url":"https:\/\/brasilnoticias.org\/site\/ponte-interditada-na-br-319-desaba-e-isola-regiao-no-am\/","og_site_name":"Brasil not\u00edcias","article_published_time":"2022-10-10T10:20:11+00:00","og_image":[{"width":640,"height":480,"url":"https:\/\/brasilnoticias.org\/site\/wp-content\/uploads\/2022\/10\/imagem-ponte22.jpg","type":"image\/jpeg"}],"author":"Reda\u00e7\u00e3o","twitter_card":"summary_large_image","twitter_misc":{"Escrito por":"Reda\u00e7\u00e3o","Tempo estimado de leitura":"1 minuto"},"schema":{"@context":"https:\/\/schema.org","@graph":[{"@type":"Article","@id":"https:\/\/brasilnoticias.org\/site\/ponte-interditada-na-br-319-desaba-e-isola-regiao-no-am\/#article","isPartOf":{"@id":"https:\/\/brasilnoticias.org\/site\/ponte-interditada-na-br-319-desaba-e-isola-regiao-no-am\/"},"author":{"name":"Reda\u00e7\u00e3o","@id":"https:\/\/brasilnoticias.org\/site\/#\/schema\/person\/a0e05b973ec4d15c658d51911e53507b"},"headline":"Ponte interditada na BR-319 desaba e isola regi\u00e3o no AM","datePublished":"2022-10-10T10:20:11+00:00","mainEntityOfPage":{"@id":"https:\/\/brasilnoticias.org\/site\/ponte-interditada-na-br-319-desaba-e-isola-regiao-no-am\/"},"wordCount":264,"commentCount":0,"publisher":{"@id":"https:\/\/brasilnoticias.org\/site\/#organization"},"image":{"@id":"https:\/\/brasilnoticias.org\/site\/ponte-interditada-na-br-319-desaba-e-isola-regiao-no-am\/#primaryimage"},"thumbnailUrl":"https:\/\/brasilnoticias.org\/site\/wp-content\/uploads\/2022\/10\/imagem-ponte22.jpg","articleSection":["Not\u00edcias","\u00daltimas"],"inLanguage":"pt-PT","potentialAction":[{"@type":"CommentAction","name":"Comment","target":["https:\/\/brasilnoticias.org\/site\/ponte-interditada-na-br-319-desaba-e-isola-regiao-no-am\/#respond"]}]},{"@type":"WebPage","@id":"https:\/\/brasilnoticias.org\/site\/ponte-interditada-na-br-319-desaba-e-isola-regiao-no-am\/","url":"https:\/\/brasilnoticias.org\/site\/ponte-interditada-na-br-319-desaba-e-isola-regiao-no-am\/","name":"Ponte interditada na BR-319 desaba e isola regi\u00e3o no AM - Brasil not\u00edcias","isPartOf":{"@id":"https:\/\/brasilnoticias.org\/site\/#website"},"primaryImageOfPage":{"@id":"https:\/\/brasilnoticias.org\/site\/ponte-interditada-na-br-319-desaba-e-isola-regiao-no-am\/#primaryimage"},"image":{"@id":"https:\/\/brasilnoticias.org\/site\/ponte-interditada-na-br-319-desaba-e-isola-regiao-no-am\/#primaryimage"},"thumbnailUrl":"https:\/\/brasilnoticias.org\/site\/wp-content\/uploads\/2022\/10\/imagem-ponte22.jpg","datePublished":"2022-10-10T10:20:11+00:00","breadcrumb":{"@id":"https:\/\/brasilnoticias.org\/site\/ponte-interditada-na-br-319-desaba-e-isola-regiao-no-am\/#breadcrumb"},"inLanguage":"pt-PT","potentialAction":[{"@type":"ReadAction","target":["https:\/\/brasilnoticias.org\/site\/ponte-interditada-na-br-319-desaba-e-isola-regiao-no-am\/"]}]},{"@type":"ImageObject","inLanguage":"pt-PT","@id":"https:\/\/brasilnoticias.org\/site\/ponte-interditada-na-br-319-desaba-e-isola-regiao-no-am\/#primaryimage","url":"https:\/\/brasilnoticias.org\/site\/wp-content\/uploads\/2022\/10\/imagem-ponte22.jpg","contentUrl":"https:\/\/brasilnoticias.org\/site\/wp-content\/uploads\/2022\/10\/imagem-ponte22.jpg","width":640,"height":480},{"@type":"BreadcrumbList","@id":"https:\/\/brasilnoticias.org\/site\/ponte-interditada-na-br-319-desaba-e-isola-regiao-no-am\/#breadcrumb","itemListElement":[{"@type":"ListItem","position":1,"name":"In\u00edcio","item":"https:\/\/brasilnoticias.org\/site\/"},{"@type":"ListItem","position":2,"name":"Ponte interditada na BR-319 desaba e isola regi\u00e3o no AM"}]},{"@type":"WebSite","@id":"https:\/\/brasilnoticias.org\/site\/#website","url":"https:\/\/brasilnoticias.org\/site\/","name":"Brasil not\u00edcias","description":"Brasil not\u00edcias","publisher":{"@id":"https:\/\/brasilnoticias.org\/site\/#organization"},"potentialAction":[{"@type":"SearchAction","target":{"@type":"EntryPoint","urlTemplate":"https:\/\/brasilnoticias.org\/site\/?s={search_term_string}"},"query-input":{"@type":"PropertyValueSpecification","valueRequired":true,"valueName":"search_term_string"}}],"inLanguage":"pt-PT"},{"@type":"Organization","@id":"https:\/\/brasilnoticias.org\/site\/#organization","name":"Brasil not\u00edcias","url":"https:\/\/brasilnoticias.org\/site\/","logo":{"@type":"ImageObject","inLanguage":"pt-PT","@id":"https:\/\/brasilnoticias.org\/site\/#\/schema\/logo\/image\/","url":"https:\/\/brasilnoticias.org\/site\/wp-content\/uploads\/2022\/05\/cropped-brasilnoticias-mini.jpg","contentUrl":"https:\/\/brasilnoticias.org\/site\/wp-content\/uploads\/2022\/05\/cropped-brasilnoticias-mini.jpg","width":314,"height":86,"caption":"Brasil not\u00edcias"},"image":{"@id":"https:\/\/brasilnoticias.org\/site\/#\/schema\/logo\/image\/"}},{"@type":"Person","@id":"https:\/\/brasilnoticias.org\/site\/#\/schema\/person\/a0e05b973ec4d15c658d51911e53507b","name":"Reda\u00e7\u00e3o","image":{"@type":"ImageObject","inLanguage":"pt-PT","@id":"https:\/\/brasilnoticias.org\/site\/#\/schema\/person\/image\/","url":"https:\/\/secure.gravatar.com\/avatar\/75d8b050df2de108b08ae78dfb8e374892df24a383c67db9c46a9c604f6aee9c?s=96&d=mm&r=g","contentUrl":"https:\/\/secure.gravatar.com\/avatar\/75d8b050df2de108b08ae78dfb8e374892df24a383c67db9c46a9c604f6aee9c?s=96&d=mm&r=g","caption":"Reda\u00e7\u00e3o"},"sameAs":["https:\/\/brasilnoticias.org\/site"],"url":"https:\/\/brasilnoticias.org\/site\/author\/fernandozsngmail-com\/"}]}},"_links":{"self":[{"href":"https:\/\/brasilnoticias.org\/site\/wp-json\/wp\/v2\/posts\/1759","targetHints":{"allow":["GET"]}}],"collection":[{"href":"https:\/\/brasilnoticias.org\/site\/wp-json\/wp\/v2\/posts"}],"about":[{"href":"https:\/\/brasilnoticias.org\/site\/wp-json\/wp\/v2\/types\/post"}],"author":[{"embeddable":true,"href":"https:\/\/brasilnoticias.org\/site\/wp-json\/wp\/v2\/users\/1"}],"replies":[{"embeddable":true,"href":"https:\/\/brasilnoticias.org\/site\/wp-json\/wp\/v2\/comments?post=1759"}],"version-history":[{"count":1,"href":"https:\/\/brasilnoticias.org\/site\/wp-json\/wp\/v2\/posts\/1759\/revisions"}],"predecessor-version":[{"id":1761,"href":"https:\/\/brasilnoticias.org\/site\/wp-json\/wp\/v2\/posts\/1759\/revisions\/1761"}],"wp:featuredmedia":[{"embeddable":true,"href":"https:\/\/brasilnoticias.org\/site\/wp-json\/wp\/v2\/media\/1760"}],"wp:attachment":[{"href":"https:\/\/brasilnoticias.org\/site\/wp-json\/wp\/v2\/media?parent=1759"}],"wp:term":[{"taxonomy":"category","embeddable":true,"href":"https:\/\/brasilnoticias.org\/site\/wp-json\/wp\/v2\/categories?post=1759"},{"taxonomy":"post_tag","embeddable":true,"href":"https:\/\/brasilnoticias.org\/site\/wp-json\/wp\/v2\/tags?post=1759"}],"curies":[{"name":"wp","href":"https:\/\/api.w.org\/{rel}","templated":true}]}}