{"id":17599,"date":"2025-07-11T15:14:25","date_gmt":"2025-07-11T18:14:25","guid":{"rendered":"https:\/\/brasilnoticias.org\/site\/?p=17599"},"modified":"2025-07-11T15:14:25","modified_gmt":"2025-07-11T18:14:25","slug":"mp-fecha-acordo-para-indenizar-transplantados-de-orgaos-com-hiv-no-rio","status":"publish","type":"post","link":"https:\/\/brasilnoticias.org\/site\/mp-fecha-acordo-para-indenizar-transplantados-de-orgaos-com-hiv-no-rio\/","title":{"rendered":"MP fecha acordo para indenizar transplantados de \u00f3rg\u00e3os com HIV no Rio"},"content":{"rendered":"<p>TAC pretende &#8220;evitar o desgaste de um processo judicial&#8221;, diz MPRJ<\/p>\n<p>O Minist\u00e9rio P\u00fablico do Estado do Rio de Janeiro (MPRJ) firmou um Termo de Ajustamento de Conduta (TAC) para indenizar seis pacientes que receberam \u00f3rg\u00e3os contaminados com v\u00edrus HIV, em outubro do ano passado. A Secretaria de Sa\u00fade do Rio de Janeiro tamb\u00e9m assumiu o compromisso de ofertar programa cont\u00ednuo de acolhimento e acompanhamento m\u00e9dico, psicol\u00f3gico e social aos pacientes e familiares.<\/p>\n<p>Assinaram o acordo o estado do Rio de Janeiro, a Funda\u00e7\u00e3o Sa\u00fade e o Laborat\u00f3rio Patologia Cl\u00ednica Dr. Saleme Ltda &#8211; PCS LAB. Em nota, o MP disse que o TAC pretende evitar o desgaste de um processo judicial, garantir a repara\u00e7\u00e3o imediata \u00e0s v\u00edtimas e fornecer &#8220;atendimento cont\u00ednuo, humanizado e resolutivo, com base nos princ\u00edpios da dignidade da pessoa humana e da preven\u00e7\u00e3o de danos&#8221;.<\/p>\n<p>A investiga\u00e7\u00e3o e a den\u00fancia sobre o caso foram instauradas pelo pr\u00f3prio MP em outubro de 2024. As acusa\u00e7\u00f5es inclu\u00edam les\u00e3o corporal grav\u00edssima, associa\u00e7\u00e3o criminosa, falsifica\u00e7\u00e3o de documento particular e falsidade ideol\u00f3gica. O laborat\u00f3rio PCS Saleme, contratado pelo governo estadual em dezembro de 2023, por interm\u00e9dio da Funda\u00e7\u00e3o Sa\u00fade, para fazer exame de sorologia, emitiu laudos fraudulentos, que n\u00e3o acusaram a presen\u00e7a do HIV em \u00f3rg\u00e3os de dois doadores. Ap\u00f3s o caso ter sido tornado p\u00fablico, o laborat\u00f3rio PCS Saleme foi interditado pela Vigil\u00e2ncia Sanit\u00e1ria estadual e o contrato com o governo do estado rescindido.<\/p>\n<p>Foto: Fernando Fraz\u00e3o\/Ag\u00eancia Brasil<br \/>\nPor: Metro1<\/p>\n","protected":false},"excerpt":{"rendered":"<p>TAC pretende &#8220;evitar o desgaste de um processo judicial&#8221;, diz MPRJ O Minist\u00e9rio P\u00fablico do Estado do Rio de Janeiro<\/p>\n","protected":false},"author":4,"featured_media":17600,"comment_status":"open","ping_status":"open","sticky":false,"template":"","format":"standard","meta":{"colormag_page_container_layout":"default_layout","colormag_page_sidebar_layout":"default_layout","_FSMCFIC_featured_image_caption":"","_FSMCFIC_featured_image_nocaption":"","_FSMCFIC_featured_image_hide":"","footnotes":""},"categories":[7,1],"tags":[],"class_list":["post-17599","post","type-post","status-publish","format-standard","has-post-thumbnail","hentry","category-justica","category-ultimas"],"yoast_head":"<!-- This site is optimized with the Yoast SEO plugin v27.1.1 - https:\/\/yoast.com\/product\/yoast-seo-wordpress\/ -->\n<title>MP fecha acordo para indenizar transplantados de \u00f3rg\u00e3os com HIV no Rio - Brasil not\u00edcias<\/title>\n<meta name=\"robots\" content=\"index, follow, max-snippet:-1, max-image-preview:large, max-video-preview:-1\" \/>\n<link rel=\"canonical\" href=\"https:\/\/brasilnoticias.org\/site\/mp-fecha-acordo-para-indenizar-transplantados-de-orgaos-com-hiv-no-rio\/\" \/>\n<meta property=\"og:locale\" content=\"pt_PT\" \/>\n<meta property=\"og:type\" content=\"article\" \/>\n<meta property=\"og:title\" content=\"MP fecha acordo para indenizar transplantados de \u00f3rg\u00e3os com HIV no Rio - Brasil not\u00edcias\" \/>\n<meta property=\"og:description\" content=\"TAC pretende &#8220;evitar o desgaste de um processo judicial&#8221;, diz MPRJ O Minist\u00e9rio P\u00fablico do Estado do Rio de Janeiro\" \/>\n<meta property=\"og:url\" content=\"https:\/\/brasilnoticias.org\/site\/mp-fecha-acordo-para-indenizar-transplantados-de-orgaos-com-hiv-no-rio\/\" \/>\n<meta property=\"og:site_name\" content=\"Brasil not\u00edcias\" \/>\n<meta property=\"article:published_time\" content=\"2025-07-11T18:14:25+00:00\" \/>\n<meta property=\"og:image\" content=\"https:\/\/brasilnoticias.org\/site\/wp-content\/uploads\/2025\/07\/167283mp-fecha-acordo-para-indenizar-transplantados-de-orgaos-com-hiv-no-rio-3.jpg\" \/>\n\t<meta property=\"og:image:width\" content=\"1600\" \/>\n\t<meta property=\"og:image:height\" content=\"752\" \/>\n\t<meta property=\"og:image:type\" content=\"image\/jpeg\" \/>\n<meta name=\"author\" content=\"Reda\u00e7\u00e3o\" \/>\n<meta name=\"twitter:card\" content=\"summary_large_image\" \/>\n<meta name=\"twitter:label1\" content=\"Escrito por\" \/>\n\t<meta name=\"twitter:data1\" content=\"Reda\u00e7\u00e3o\" \/>\n\t<meta name=\"twitter:label2\" content=\"Tempo estimado de leitura\" \/>\n\t<meta name=\"twitter:data2\" content=\"1 minuto\" \/>\n<script type=\"application\/ld+json\" class=\"yoast-schema-graph\">{\"@context\":\"https:\/\/schema.org\",\"@graph\":[{\"@type\":\"Article\",\"@id\":\"https:\/\/brasilnoticias.org\/site\/mp-fecha-acordo-para-indenizar-transplantados-de-orgaos-com-hiv-no-rio\/#article\",\"isPartOf\":{\"@id\":\"https:\/\/brasilnoticias.org\/site\/mp-fecha-acordo-para-indenizar-transplantados-de-orgaos-com-hiv-no-rio\/\"},\"author\":{\"name\":\"Reda\u00e7\u00e3o\",\"@id\":\"https:\/\/brasilnoticias.org\/site\/#\/schema\/person\/03bbbfe6c7634ad18c26444ea39049fa\"},\"headline\":\"MP fecha acordo para indenizar transplantados de \u00f3rg\u00e3os com HIV no Rio\",\"datePublished\":\"2025-07-11T18:14:25+00:00\",\"mainEntityOfPage\":{\"@id\":\"https:\/\/brasilnoticias.org\/site\/mp-fecha-acordo-para-indenizar-transplantados-de-orgaos-com-hiv-no-rio\/\"},\"wordCount\":294,\"commentCount\":0,\"publisher\":{\"@id\":\"https:\/\/brasilnoticias.org\/site\/#organization\"},\"image\":{\"@id\":\"https:\/\/brasilnoticias.org\/site\/mp-fecha-acordo-para-indenizar-transplantados-de-orgaos-com-hiv-no-rio\/#primaryimage\"},\"thumbnailUrl\":\"https:\/\/brasilnoticias.org\/site\/wp-content\/uploads\/2025\/07\/167283mp-fecha-acordo-para-indenizar-transplantados-de-orgaos-com-hiv-no-rio-3.jpg\",\"articleSection\":[\"Justi\u00e7a\",\"\u00daltimas\"],\"inLanguage\":\"pt-PT\",\"potentialAction\":[{\"@type\":\"CommentAction\",\"name\":\"Comment\",\"target\":[\"https:\/\/brasilnoticias.org\/site\/mp-fecha-acordo-para-indenizar-transplantados-de-orgaos-com-hiv-no-rio\/#respond\"]}]},{\"@type\":\"WebPage\",\"@id\":\"https:\/\/brasilnoticias.org\/site\/mp-fecha-acordo-para-indenizar-transplantados-de-orgaos-com-hiv-no-rio\/\",\"url\":\"https:\/\/brasilnoticias.org\/site\/mp-fecha-acordo-para-indenizar-transplantados-de-orgaos-com-hiv-no-rio\/\",\"name\":\"MP fecha acordo para indenizar transplantados de \u00f3rg\u00e3os com HIV no Rio - Brasil not\u00edcias\",\"isPartOf\":{\"@id\":\"https:\/\/brasilnoticias.org\/site\/#website\"},\"primaryImageOfPage\":{\"@id\":\"https:\/\/brasilnoticias.org\/site\/mp-fecha-acordo-para-indenizar-transplantados-de-orgaos-com-hiv-no-rio\/#primaryimage\"},\"image\":{\"@id\":\"https:\/\/brasilnoticias.org\/site\/mp-fecha-acordo-para-indenizar-transplantados-de-orgaos-com-hiv-no-rio\/#primaryimage\"},\"thumbnailUrl\":\"https:\/\/brasilnoticias.org\/site\/wp-content\/uploads\/2025\/07\/167283mp-fecha-acordo-para-indenizar-transplantados-de-orgaos-com-hiv-no-rio-3.jpg\",\"datePublished\":\"2025-07-11T18:14:25+00:00\",\"breadcrumb\":{\"@id\":\"https:\/\/brasilnoticias.org\/site\/mp-fecha-acordo-para-indenizar-transplantados-de-orgaos-com-hiv-no-rio\/#breadcrumb\"},\"inLanguage\":\"pt-PT\",\"potentialAction\":[{\"@type\":\"ReadAction\",\"target\":[\"https:\/\/brasilnoticias.org\/site\/mp-fecha-acordo-para-indenizar-transplantados-de-orgaos-com-hiv-no-rio\/\"]}]},{\"@type\":\"ImageObject\",\"inLanguage\":\"pt-PT\",\"@id\":\"https:\/\/brasilnoticias.org\/site\/mp-fecha-acordo-para-indenizar-transplantados-de-orgaos-com-hiv-no-rio\/#primaryimage\",\"url\":\"https:\/\/brasilnoticias.org\/site\/wp-content\/uploads\/2025\/07\/167283mp-fecha-acordo-para-indenizar-transplantados-de-orgaos-com-hiv-no-rio-3.jpg\",\"contentUrl\":\"https:\/\/brasilnoticias.org\/site\/wp-content\/uploads\/2025\/07\/167283mp-fecha-acordo-para-indenizar-transplantados-de-orgaos-com-hiv-no-rio-3.jpg\",\"width\":1600,\"height\":752},{\"@type\":\"BreadcrumbList\",\"@id\":\"https:\/\/brasilnoticias.org\/site\/mp-fecha-acordo-para-indenizar-transplantados-de-orgaos-com-hiv-no-rio\/#breadcrumb\",\"itemListElement\":[{\"@type\":\"ListItem\",\"position\":1,\"name\":\"In\u00edcio\",\"item\":\"https:\/\/brasilnoticias.org\/site\/\"},{\"@type\":\"ListItem\",\"position\":2,\"name\":\"MP fecha acordo para indenizar transplantados de \u00f3rg\u00e3os com HIV no Rio\"}]},{\"@type\":\"WebSite\",\"@id\":\"https:\/\/brasilnoticias.org\/site\/#website\",\"url\":\"https:\/\/brasilnoticias.org\/site\/\",\"name\":\"Brasil not\u00edcias\",\"description\":\"Brasil not\u00edcias\",\"publisher\":{\"@id\":\"https:\/\/brasilnoticias.org\/site\/#organization\"},\"potentialAction\":[{\"@type\":\"SearchAction\",\"target\":{\"@type\":\"EntryPoint\",\"urlTemplate\":\"https:\/\/brasilnoticias.org\/site\/?s={search_term_string}\"},\"query-input\":{\"@type\":\"PropertyValueSpecification\",\"valueRequired\":true,\"valueName\":\"search_term_string\"}}],\"inLanguage\":\"pt-PT\"},{\"@type\":\"Organization\",\"@id\":\"https:\/\/brasilnoticias.org\/site\/#organization\",\"name\":\"Brasil not\u00edcias\",\"url\":\"https:\/\/brasilnoticias.org\/site\/\",\"logo\":{\"@type\":\"ImageObject\",\"inLanguage\":\"pt-PT\",\"@id\":\"https:\/\/brasilnoticias.org\/site\/#\/schema\/logo\/image\/\",\"url\":\"https:\/\/brasilnoticias.org\/site\/wp-content\/uploads\/2022\/05\/cropped-brasilnoticias-mini.jpg\",\"contentUrl\":\"https:\/\/brasilnoticias.org\/site\/wp-content\/uploads\/2022\/05\/cropped-brasilnoticias-mini.jpg\",\"width\":314,\"height\":86,\"caption\":\"Brasil not\u00edcias\"},\"image\":{\"@id\":\"https:\/\/brasilnoticias.org\/site\/#\/schema\/logo\/image\/\"}},{\"@type\":\"Person\",\"@id\":\"https:\/\/brasilnoticias.org\/site\/#\/schema\/person\/03bbbfe6c7634ad18c26444ea39049fa\",\"name\":\"Reda\u00e7\u00e3o\",\"image\":{\"@type\":\"ImageObject\",\"inLanguage\":\"pt-PT\",\"@id\":\"https:\/\/brasilnoticias.org\/site\/#\/schema\/person\/image\/\",\"url\":\"https:\/\/secure.gravatar.com\/avatar\/9ecaf7327a696cb23ad926fedded5f1f04d7049de9e445375d55b48c001a6e42?s=96&d=mm&r=g\",\"contentUrl\":\"https:\/\/secure.gravatar.com\/avatar\/9ecaf7327a696cb23ad926fedded5f1f04d7049de9e445375d55b48c001a6e42?s=96&d=mm&r=g\",\"caption\":\"Reda\u00e7\u00e3o\"},\"url\":\"https:\/\/brasilnoticias.org\/site\/author\/henrique\/\"}]}<\/script>\n<!-- \/ Yoast SEO plugin. -->","yoast_head_json":{"title":"MP fecha acordo para indenizar transplantados de \u00f3rg\u00e3os com HIV no Rio - Brasil not\u00edcias","robots":{"index":"index","follow":"follow","max-snippet":"max-snippet:-1","max-image-preview":"max-image-preview:large","max-video-preview":"max-video-preview:-1"},"canonical":"https:\/\/brasilnoticias.org\/site\/mp-fecha-acordo-para-indenizar-transplantados-de-orgaos-com-hiv-no-rio\/","og_locale":"pt_PT","og_type":"article","og_title":"MP fecha acordo para indenizar transplantados de \u00f3rg\u00e3os com HIV no Rio - Brasil not\u00edcias","og_description":"TAC pretende &#8220;evitar o desgaste de um processo judicial&#8221;, diz MPRJ O Minist\u00e9rio P\u00fablico do Estado do Rio de Janeiro","og_url":"https:\/\/brasilnoticias.org\/site\/mp-fecha-acordo-para-indenizar-transplantados-de-orgaos-com-hiv-no-rio\/","og_site_name":"Brasil not\u00edcias","article_published_time":"2025-07-11T18:14:25+00:00","og_image":[{"width":1600,"height":752,"url":"https:\/\/brasilnoticias.org\/site\/wp-content\/uploads\/2025\/07\/167283mp-fecha-acordo-para-indenizar-transplantados-de-orgaos-com-hiv-no-rio-3.jpg","type":"image\/jpeg"}],"author":"Reda\u00e7\u00e3o","twitter_card":"summary_large_image","twitter_misc":{"Escrito por":"Reda\u00e7\u00e3o","Tempo estimado de leitura":"1 minuto"},"schema":{"@context":"https:\/\/schema.org","@graph":[{"@type":"Article","@id":"https:\/\/brasilnoticias.org\/site\/mp-fecha-acordo-para-indenizar-transplantados-de-orgaos-com-hiv-no-rio\/#article","isPartOf":{"@id":"https:\/\/brasilnoticias.org\/site\/mp-fecha-acordo-para-indenizar-transplantados-de-orgaos-com-hiv-no-rio\/"},"author":{"name":"Reda\u00e7\u00e3o","@id":"https:\/\/brasilnoticias.org\/site\/#\/schema\/person\/03bbbfe6c7634ad18c26444ea39049fa"},"headline":"MP fecha acordo para indenizar transplantados de \u00f3rg\u00e3os com HIV no Rio","datePublished":"2025-07-11T18:14:25+00:00","mainEntityOfPage":{"@id":"https:\/\/brasilnoticias.org\/site\/mp-fecha-acordo-para-indenizar-transplantados-de-orgaos-com-hiv-no-rio\/"},"wordCount":294,"commentCount":0,"publisher":{"@id":"https:\/\/brasilnoticias.org\/site\/#organization"},"image":{"@id":"https:\/\/brasilnoticias.org\/site\/mp-fecha-acordo-para-indenizar-transplantados-de-orgaos-com-hiv-no-rio\/#primaryimage"},"thumbnailUrl":"https:\/\/brasilnoticias.org\/site\/wp-content\/uploads\/2025\/07\/167283mp-fecha-acordo-para-indenizar-transplantados-de-orgaos-com-hiv-no-rio-3.jpg","articleSection":["Justi\u00e7a","\u00daltimas"],"inLanguage":"pt-PT","potentialAction":[{"@type":"CommentAction","name":"Comment","target":["https:\/\/brasilnoticias.org\/site\/mp-fecha-acordo-para-indenizar-transplantados-de-orgaos-com-hiv-no-rio\/#respond"]}]},{"@type":"WebPage","@id":"https:\/\/brasilnoticias.org\/site\/mp-fecha-acordo-para-indenizar-transplantados-de-orgaos-com-hiv-no-rio\/","url":"https:\/\/brasilnoticias.org\/site\/mp-fecha-acordo-para-indenizar-transplantados-de-orgaos-com-hiv-no-rio\/","name":"MP fecha acordo para indenizar transplantados de \u00f3rg\u00e3os com HIV no Rio - Brasil not\u00edcias","isPartOf":{"@id":"https:\/\/brasilnoticias.org\/site\/#website"},"primaryImageOfPage":{"@id":"https:\/\/brasilnoticias.org\/site\/mp-fecha-acordo-para-indenizar-transplantados-de-orgaos-com-hiv-no-rio\/#primaryimage"},"image":{"@id":"https:\/\/brasilnoticias.org\/site\/mp-fecha-acordo-para-indenizar-transplantados-de-orgaos-com-hiv-no-rio\/#primaryimage"},"thumbnailUrl":"https:\/\/brasilnoticias.org\/site\/wp-content\/uploads\/2025\/07\/167283mp-fecha-acordo-para-indenizar-transplantados-de-orgaos-com-hiv-no-rio-3.jpg","datePublished":"2025-07-11T18:14:25+00:00","breadcrumb":{"@id":"https:\/\/brasilnoticias.org\/site\/mp-fecha-acordo-para-indenizar-transplantados-de-orgaos-com-hiv-no-rio\/#breadcrumb"},"inLanguage":"pt-PT","potentialAction":[{"@type":"ReadAction","target":["https:\/\/brasilnoticias.org\/site\/mp-fecha-acordo-para-indenizar-transplantados-de-orgaos-com-hiv-no-rio\/"]}]},{"@type":"ImageObject","inLanguage":"pt-PT","@id":"https:\/\/brasilnoticias.org\/site\/mp-fecha-acordo-para-indenizar-transplantados-de-orgaos-com-hiv-no-rio\/#primaryimage","url":"https:\/\/brasilnoticias.org\/site\/wp-content\/uploads\/2025\/07\/167283mp-fecha-acordo-para-indenizar-transplantados-de-orgaos-com-hiv-no-rio-3.jpg","contentUrl":"https:\/\/brasilnoticias.org\/site\/wp-content\/uploads\/2025\/07\/167283mp-fecha-acordo-para-indenizar-transplantados-de-orgaos-com-hiv-no-rio-3.jpg","width":1600,"height":752},{"@type":"BreadcrumbList","@id":"https:\/\/brasilnoticias.org\/site\/mp-fecha-acordo-para-indenizar-transplantados-de-orgaos-com-hiv-no-rio\/#breadcrumb","itemListElement":[{"@type":"ListItem","position":1,"name":"In\u00edcio","item":"https:\/\/brasilnoticias.org\/site\/"},{"@type":"ListItem","position":2,"name":"MP fecha acordo para indenizar transplantados de \u00f3rg\u00e3os com HIV no Rio"}]},{"@type":"WebSite","@id":"https:\/\/brasilnoticias.org\/site\/#website","url":"https:\/\/brasilnoticias.org\/site\/","name":"Brasil not\u00edcias","description":"Brasil not\u00edcias","publisher":{"@id":"https:\/\/brasilnoticias.org\/site\/#organization"},"potentialAction":[{"@type":"SearchAction","target":{"@type":"EntryPoint","urlTemplate":"https:\/\/brasilnoticias.org\/site\/?s={search_term_string}"},"query-input":{"@type":"PropertyValueSpecification","valueRequired":true,"valueName":"search_term_string"}}],"inLanguage":"pt-PT"},{"@type":"Organization","@id":"https:\/\/brasilnoticias.org\/site\/#organization","name":"Brasil not\u00edcias","url":"https:\/\/brasilnoticias.org\/site\/","logo":{"@type":"ImageObject","inLanguage":"pt-PT","@id":"https:\/\/brasilnoticias.org\/site\/#\/schema\/logo\/image\/","url":"https:\/\/brasilnoticias.org\/site\/wp-content\/uploads\/2022\/05\/cropped-brasilnoticias-mini.jpg","contentUrl":"https:\/\/brasilnoticias.org\/site\/wp-content\/uploads\/2022\/05\/cropped-brasilnoticias-mini.jpg","width":314,"height":86,"caption":"Brasil not\u00edcias"},"image":{"@id":"https:\/\/brasilnoticias.org\/site\/#\/schema\/logo\/image\/"}},{"@type":"Person","@id":"https:\/\/brasilnoticias.org\/site\/#\/schema\/person\/03bbbfe6c7634ad18c26444ea39049fa","name":"Reda\u00e7\u00e3o","image":{"@type":"ImageObject","inLanguage":"pt-PT","@id":"https:\/\/brasilnoticias.org\/site\/#\/schema\/person\/image\/","url":"https:\/\/secure.gravatar.com\/avatar\/9ecaf7327a696cb23ad926fedded5f1f04d7049de9e445375d55b48c001a6e42?s=96&d=mm&r=g","contentUrl":"https:\/\/secure.gravatar.com\/avatar\/9ecaf7327a696cb23ad926fedded5f1f04d7049de9e445375d55b48c001a6e42?s=96&d=mm&r=g","caption":"Reda\u00e7\u00e3o"},"url":"https:\/\/brasilnoticias.org\/site\/author\/henrique\/"}]}},"_links":{"self":[{"href":"https:\/\/brasilnoticias.org\/site\/wp-json\/wp\/v2\/posts\/17599","targetHints":{"allow":["GET"]}}],"collection":[{"href":"https:\/\/brasilnoticias.org\/site\/wp-json\/wp\/v2\/posts"}],"about":[{"href":"https:\/\/brasilnoticias.org\/site\/wp-json\/wp\/v2\/types\/post"}],"author":[{"embeddable":true,"href":"https:\/\/brasilnoticias.org\/site\/wp-json\/wp\/v2\/users\/4"}],"replies":[{"embeddable":true,"href":"https:\/\/brasilnoticias.org\/site\/wp-json\/wp\/v2\/comments?post=17599"}],"version-history":[{"count":1,"href":"https:\/\/brasilnoticias.org\/site\/wp-json\/wp\/v2\/posts\/17599\/revisions"}],"predecessor-version":[{"id":17601,"href":"https:\/\/brasilnoticias.org\/site\/wp-json\/wp\/v2\/posts\/17599\/revisions\/17601"}],"wp:featuredmedia":[{"embeddable":true,"href":"https:\/\/brasilnoticias.org\/site\/wp-json\/wp\/v2\/media\/17600"}],"wp:attachment":[{"href":"https:\/\/brasilnoticias.org\/site\/wp-json\/wp\/v2\/media?parent=17599"}],"wp:term":[{"taxonomy":"category","embeddable":true,"href":"https:\/\/brasilnoticias.org\/site\/wp-json\/wp\/v2\/categories?post=17599"},{"taxonomy":"post_tag","embeddable":true,"href":"https:\/\/brasilnoticias.org\/site\/wp-json\/wp\/v2\/tags?post=17599"}],"curies":[{"name":"wp","href":"https:\/\/api.w.org\/{rel}","templated":true}]}}