{"id":17603,"date":"2025-07-11T15:17:06","date_gmt":"2025-07-11T18:17:06","guid":{"rendered":"https:\/\/brasilnoticias.org\/site\/?p=17603"},"modified":"2025-07-11T15:17:06","modified_gmt":"2025-07-11T18:17:06","slug":"chapa-majoritaria-debate-com-aliados-e-2026-o-que-pensa-tassio-brito-novo-presidente-do-pt-ba","status":"publish","type":"post","link":"https:\/\/brasilnoticias.org\/site\/chapa-majoritaria-debate-com-aliados-e-2026-o-que-pensa-tassio-brito-novo-presidente-do-pt-ba\/","title":{"rendered":"Chapa majorit\u00e1ria, debate com aliados e 2026: o que pensa T\u00e1ssio Brito, novo presidente do PT-BA"},"content":{"rendered":"<p>L\u00edder petista baiano defende estrat\u00e9gia coletiva, minimiza alian\u00e7as nacionais e manda recado \u00e0 oposi\u00e7\u00e3o: &#8220;Tem duas coisas que perdem elei\u00e7\u00e3o: achar que j\u00e1 ganhou e achar que j\u00e1 perdeu&#8221;<\/p>\n<p>A nova dire\u00e7\u00e3o estadual do Partido dos Trabalhadores na Bahia tem rosto jovem, sotaque do sul do estado e DNA forjado na milit\u00e2ncia estudantil. Em entrevista \u00e0 CBN Salvador, T\u00e1ssio Brito, 40 anos, eleito presidente do PT baiano no Processo de Elei\u00e7\u00e3o Direta (PED), detalhou as prioridades para o mandato, defendeu alian\u00e7as, rebateu cr\u00edticas e tra\u00e7ou o caminho para 2026.<\/p>\n<p>De onde vem T\u00e1ssio Brito<\/p>\n<p>Itabunense, T\u00e1ssio formou sua trajet\u00f3ria pol\u00edtica na Universidade Estadual de Santa Cruz (Uesc), onde atuou no Diret\u00f3rio Central dos Estudantes. Foi dirigente da juventude do PT, ocupou a coordena\u00e7\u00e3o nacional de juventude no governo Dilma Rousseff e chegou \u00e0 vice-presid\u00eancia da UNE.<\/p>\n<p>Filiado \u00e0 corrente Esquerda Popular, que tem nomes como o deputado federal Valmir Assun\u00e7\u00e3o e as secret\u00e1rias Fabya Reis (Assist\u00eancia e Desenvolvimento Social) e Rowenna Brito (Educa\u00e7\u00e3o) na Bahia, T\u00e1ssio fez quest\u00e3o de diferenciar sua origem:<\/p>\n<p>\u201cApesar da liga\u00e7\u00e3o com Valmir e com Fabya, eu n\u00e3o sou do MST. N\u00e3o sou assentado, n\u00e3o sou dirigente do movimento\u201d.<\/p>\n<p>Chapa majorit\u00e1ria e o debate com aliados<\/p>\n<p>Sobre a especula\u00e7\u00e3o de uma chapa majorit\u00e1ria com Rui Costa ao Senado sem a presen\u00e7a do PSD, refor\u00e7ada em entrevista recente concedida pelo pr\u00f3prio ministro da Casa Civil, ao lado do senador Jaques Wagner, T\u00e1ssio contemporizou:<\/p>\n<p>\u201cA alian\u00e7a que o PT faz parte s\u00f3 funciona se todo mundo ganhar. O ex-governador Rui Costa \u00e9 um nome forte, assim como Wagner, Jer\u00f4nimo, Otto. Mas esse debate ser\u00e1 feito dentro da coaliz\u00e3o, como sempre fizemos. A estrat\u00e9gia \u00e9 coletiva\u201d, argumentou.<\/p>\n<p>O partido dos senadores Otto Alencar e Angelo Coronel n\u00e3o aceita um espa\u00e7o diferente da candidatura ao Senado em 2026.<\/p>\n<p>Impacto limitado de alian\u00e7as nacionais na Bahia<\/p>\n<p>T\u00e1ssio minimizou os reflexos, no estado, da forma\u00e7\u00e3o de uma coaliz\u00e3o nacional de centro-direita em torno do governador de S\u00e3o Paulo Tarc\u00edsio de Freitas (Republicanos).<\/p>\n<p>Al\u00e9m do partido do chefe do Executivo paulista, outras legendas que possuem minist\u00e9rios no governo Lula e integram sua base de sustenta\u00e7\u00e3o no Congresso s\u00e3o especuladas no projeto, a exemplo de Uni\u00e3o Brasil, PP, MDB e o PSD. <\/p>\n<p>De acordo com o dirigente, muitas das agremia\u00e7\u00f5es j\u00e1 n\u00e3o estavam com o PT na \u00faltima elei\u00e7\u00e3o:<\/p>\n<p>\u201cA realidade \u00e9 que o Congresso \u00e9 conservador. Lula sabe dialogar, mas tem lado. Aqui na Bahia temos um projeto muito vivo e forte. N\u00e3o ser\u00e1 a primeira vez que partidos que n\u00e3o est\u00e3o conosco nacionalmente caminham conosco aqui\u201d, considerou, ao minimizar o impacto da constru\u00e7\u00e3o na reelei\u00e7\u00e3o do governador Jer\u00f4nimo Rodrigues (PT) no pr\u00f3ximo ano.<\/p>\n<p>Olho em 2026 e um recado para a oposi\u00e7\u00e3o<\/p>\n<p>Questionado sobre o desafio eleitoral de 2026, T\u00e1ssio disse que toda elei\u00e7\u00e3o \u00e9 dif\u00edcil, e mandou um recado indireto a ACM Neto:<\/p>\n<p>\u201cTem duas coisas que perdem elei\u00e7\u00e3o: achar que j\u00e1 ganhou e achar que j\u00e1 perdeu. A \u00faltima elei\u00e7\u00e3o na Bahia teve muito disso\u201d.<\/p>\n<p>Para ele, quando o governo Lula entrar no &#8220;modo campanha&#8221;, com dados de crescimento, retomada de programas sociais e investimentos, a compara\u00e7\u00e3o com o governo anterior favorecer\u00e1 a base.<\/p>\n<p>\u201cO Brasil hoje \u00e9 um dos pa\u00edses que mais crescem no mundo. Quando o nosso projeto for comparado, n\u00e3o tenho d\u00favida de que vamos continuar caminhando com o povo\u201d, apostou.<\/p>\n<p>A costura de Wagner e o apoio da bancada<\/p>\n<p>Para vencer no PT, \u00e9 preciso saber agregar. E T\u00e1ssio sabe disso. Segundo ele, a candidatura \u00e0 presid\u00eancia estadual foi fruto de uma ampla coaliz\u00e3o que contou com apoio decisivo do senador Jaques Wagner.<\/p>\n<p>\u201cO senador Jaques Wagner foi uma mola fundamental. \u00c9 o principal incentivador da renova\u00e7\u00e3o no PT, ele tem muita consci\u00eancia de que o partido precisa renovar os quadros, fazer transi\u00e7\u00e3o geracional\u201d, afirmou.<\/p>\n<p>O novo presidente tamb\u00e9m destacou o apoio da bancada federal, deputados estaduais, prefeitos, vereadores e militantes de todo o estado. Fez ainda sauda\u00e7\u00f5es nominais a Jonas Paulo, Gabriel Cavalcante, Rodrigo Pereira e Rodrigo Riela, concorrentes que derrotou no PED.<\/p>\n<p>O desafio da paridade<\/p>\n<p>Apesar de apenas uma mulher \u2013 Elen Coutinho \u2013 ter disputado a presid\u00eancia do PT na Bahia, T\u00e1ssio refor\u00e7ou que a paridade \u00e9 uma conquista hist\u00f3rica e obrigat\u00f3ria no partido.<\/p>\n<p>\u201cA nossa executiva ser\u00e1 metade homem, metade mulher. Todos os diret\u00f3rios municipais t\u00eam essa determina\u00e7\u00e3o. Isso \u00e9 fruto da luta das mulheres que se organizaram para dizer que no PT tinha que ter espa\u00e7o em todas as inst\u00e2ncias\u201d, assegurou.<\/p>\n<p>Uma queixa hist\u00f3rica dos pr\u00f3prios correligion\u00e1rios \u00e9 a falta de espa\u00e7o para mulheres ocuparem posi\u00e7\u00f5es de destaque, por exemplo, uma candidatura feminina ao Governo do Estado. Jamais a Bahia foi comandada por uma mulher.<\/p>\n<p>Metas para dentro e para fora<\/p>\n<p>T\u00e1ssio tra\u00e7ou como metas principais a reelei\u00e7\u00e3o de Jer\u00f4nimo Rodrigues no primeiro turno, a amplia\u00e7\u00e3o das bancadas legislativas e a recondu\u00e7\u00e3o de Lula. Mas chamou aten\u00e7\u00e3o para outro eixo:<\/p>\n<p>\u201cTemos um dever de casa tamb\u00e9m: o fortalecimento do partido. Quem disputa a consci\u00eancia da sociedade \u00e9 o partido. Para estar forte na elei\u00e7\u00e3o, tem que estar forte tamb\u00e9m fora dela\u201d.<\/p>\n<p>O novo presidente do PT-BA se comprometeu com o impulsionamento das setoriais \u2013 estrutura que organiza os debates identit\u00e1rios dentro do partido: mulheres, LGBTs, quilombolas, povo negro, sem-terra, sem-teto. Tamb\u00e9m prometeu percorrer os territ\u00f3rios para dialogar sobre a t\u00e1tica eleitoral desde agora.<\/p>\n<p>Rebatendo cr\u00edticas sobre perda de bases<\/p>\n<p>Alvo de cr\u00edticas de Jonas Paulo e outros petistas, a gest\u00e3o de \u00c9den Valadares foi defendida por T\u00e1ssio. Ele destacou que houve aumento do n\u00famero de diret\u00f3rios municipais regularizados, de 250 para 350, entre 2020 e 2024:<\/p>\n<p>\u201c\u00c0s vezes, no momento da t\u00e1tica eleitoral, cria-se uma distor\u00e7\u00e3o aqui, uma diverg\u00eancia ali. Mas a cr\u00edtica \u00e9 fundamental no PT. O partido \u00e9 grande porque garante diverg\u00eancia e opini\u00e3o\u201d.<\/p>\n<p>T\u00e1ssio Brito assumir\u00e1 o comando do PT em setembro, logo ap\u00f3s o fim do mandato de \u00c9den, e ficar\u00e1 no posto at\u00e9 2029.<\/p>\n<p>Foto: Divulga\u00e7\u00e3o<br \/>\nBlog do Vila<\/p>\n","protected":false},"excerpt":{"rendered":"<p>L\u00edder petista baiano defende estrat\u00e9gia coletiva, minimiza alian\u00e7as nacionais e manda recado \u00e0 oposi\u00e7\u00e3o: &#8220;Tem duas coisas que perdem elei\u00e7\u00e3o:<\/p>\n","protected":false},"author":4,"featured_media":17604,"comment_status":"open","ping_status":"open","sticky":false,"template":"","format":"standard","meta":{"colormag_page_container_layout":"default_layout","colormag_page_sidebar_layout":"default_layout","_FSMCFIC_featured_image_caption":"","_FSMCFIC_featured_image_nocaption":"","_FSMCFIC_featured_image_hide":"","footnotes":""},"categories":[5,1],"tags":[],"class_list":["post-17603","post","type-post","status-publish","format-standard","has-post-thumbnail","hentry","category-politica","category-ultimas"],"yoast_head":"<!-- This site is optimized with the Yoast SEO plugin v27.1.1 - https:\/\/yoast.com\/product\/yoast-seo-wordpress\/ -->\n<title>Chapa majorit\u00e1ria, debate com aliados e 2026: o que pensa T\u00e1ssio Brito, novo presidente do PT-BA - Brasil not\u00edcias<\/title>\n<meta name=\"robots\" content=\"index, follow, max-snippet:-1, max-image-preview:large, max-video-preview:-1\" \/>\n<link rel=\"canonical\" href=\"https:\/\/brasilnoticias.org\/site\/chapa-majoritaria-debate-com-aliados-e-2026-o-que-pensa-tassio-brito-novo-presidente-do-pt-ba\/\" \/>\n<meta property=\"og:locale\" content=\"pt_PT\" \/>\n<meta property=\"og:type\" content=\"article\" \/>\n<meta property=\"og:title\" content=\"Chapa majorit\u00e1ria, debate com aliados e 2026: o que pensa T\u00e1ssio Brito, novo presidente do PT-BA - Brasil not\u00edcias\" \/>\n<meta property=\"og:description\" content=\"L\u00edder petista baiano defende estrat\u00e9gia coletiva, minimiza alian\u00e7as nacionais e manda recado \u00e0 oposi\u00e7\u00e3o: &#8220;Tem duas coisas que perdem elei\u00e7\u00e3o:\" \/>\n<meta property=\"og:url\" content=\"https:\/\/brasilnoticias.org\/site\/chapa-majoritaria-debate-com-aliados-e-2026-o-que-pensa-tassio-brito-novo-presidente-do-pt-ba\/\" \/>\n<meta property=\"og:site_name\" content=\"Brasil not\u00edcias\" \/>\n<meta property=\"article:published_time\" content=\"2025-07-11T18:17:06+00:00\" \/>\n<meta property=\"og:image\" content=\"https:\/\/brasilnoticias.org\/site\/wp-content\/uploads\/2025\/07\/WhatsApp-Image-2025-07-10-at-17.34.27-1.jpeg\" \/>\n\t<meta property=\"og:image:width\" content=\"1984\" \/>\n\t<meta property=\"og:image:height\" content=\"1116\" \/>\n\t<meta property=\"og:image:type\" content=\"image\/jpeg\" \/>\n<meta name=\"author\" content=\"Reda\u00e7\u00e3o\" \/>\n<meta name=\"twitter:card\" content=\"summary_large_image\" \/>\n<meta name=\"twitter:label1\" content=\"Escrito por\" \/>\n\t<meta name=\"twitter:data1\" content=\"Reda\u00e7\u00e3o\" \/>\n<script type=\"application\/ld+json\" class=\"yoast-schema-graph\">{\"@context\":\"https:\/\/schema.org\",\"@graph\":[{\"@type\":\"Article\",\"@id\":\"https:\/\/brasilnoticias.org\/site\/chapa-majoritaria-debate-com-aliados-e-2026-o-que-pensa-tassio-brito-novo-presidente-do-pt-ba\/#article\",\"isPartOf\":{\"@id\":\"https:\/\/brasilnoticias.org\/site\/chapa-majoritaria-debate-com-aliados-e-2026-o-que-pensa-tassio-brito-novo-presidente-do-pt-ba\/\"},\"author\":{\"name\":\"Reda\u00e7\u00e3o\",\"@id\":\"https:\/\/brasilnoticias.org\/site\/#\/schema\/person\/03bbbfe6c7634ad18c26444ea39049fa\"},\"headline\":\"Chapa majorit\u00e1ria, debate com aliados e 2026: o que pensa T\u00e1ssio Brito, novo presidente do PT-BA\",\"datePublished\":\"2025-07-11T18:17:06+00:00\",\"mainEntityOfPage\":{\"@id\":\"https:\/\/brasilnoticias.org\/site\/chapa-majoritaria-debate-com-aliados-e-2026-o-que-pensa-tassio-brito-novo-presidente-do-pt-ba\/\"},\"wordCount\":1095,\"commentCount\":0,\"publisher\":{\"@id\":\"https:\/\/brasilnoticias.org\/site\/#organization\"},\"image\":{\"@id\":\"https:\/\/brasilnoticias.org\/site\/chapa-majoritaria-debate-com-aliados-e-2026-o-que-pensa-tassio-brito-novo-presidente-do-pt-ba\/#primaryimage\"},\"thumbnailUrl\":\"https:\/\/brasilnoticias.org\/site\/wp-content\/uploads\/2025\/07\/WhatsApp-Image-2025-07-10-at-17.34.27-1.jpeg\",\"articleSection\":[\"Pol\u00edtica\",\"\u00daltimas\"],\"inLanguage\":\"pt-PT\",\"potentialAction\":[{\"@type\":\"CommentAction\",\"name\":\"Comment\",\"target\":[\"https:\/\/brasilnoticias.org\/site\/chapa-majoritaria-debate-com-aliados-e-2026-o-que-pensa-tassio-brito-novo-presidente-do-pt-ba\/#respond\"]}]},{\"@type\":\"WebPage\",\"@id\":\"https:\/\/brasilnoticias.org\/site\/chapa-majoritaria-debate-com-aliados-e-2026-o-que-pensa-tassio-brito-novo-presidente-do-pt-ba\/\",\"url\":\"https:\/\/brasilnoticias.org\/site\/chapa-majoritaria-debate-com-aliados-e-2026-o-que-pensa-tassio-brito-novo-presidente-do-pt-ba\/\",\"name\":\"Chapa majorit\u00e1ria, debate com aliados e 2026: o que pensa T\u00e1ssio Brito, novo presidente do PT-BA - Brasil not\u00edcias\",\"isPartOf\":{\"@id\":\"https:\/\/brasilnoticias.org\/site\/#website\"},\"primaryImageOfPage\":{\"@id\":\"https:\/\/brasilnoticias.org\/site\/chapa-majoritaria-debate-com-aliados-e-2026-o-que-pensa-tassio-brito-novo-presidente-do-pt-ba\/#primaryimage\"},\"image\":{\"@id\":\"https:\/\/brasilnoticias.org\/site\/chapa-majoritaria-debate-com-aliados-e-2026-o-que-pensa-tassio-brito-novo-presidente-do-pt-ba\/#primaryimage\"},\"thumbnailUrl\":\"https:\/\/brasilnoticias.org\/site\/wp-content\/uploads\/2025\/07\/WhatsApp-Image-2025-07-10-at-17.34.27-1.jpeg\",\"datePublished\":\"2025-07-11T18:17:06+00:00\",\"breadcrumb\":{\"@id\":\"https:\/\/brasilnoticias.org\/site\/chapa-majoritaria-debate-com-aliados-e-2026-o-que-pensa-tassio-brito-novo-presidente-do-pt-ba\/#breadcrumb\"},\"inLanguage\":\"pt-PT\",\"potentialAction\":[{\"@type\":\"ReadAction\",\"target\":[\"https:\/\/brasilnoticias.org\/site\/chapa-majoritaria-debate-com-aliados-e-2026-o-que-pensa-tassio-brito-novo-presidente-do-pt-ba\/\"]}]},{\"@type\":\"ImageObject\",\"inLanguage\":\"pt-PT\",\"@id\":\"https:\/\/brasilnoticias.org\/site\/chapa-majoritaria-debate-com-aliados-e-2026-o-que-pensa-tassio-brito-novo-presidente-do-pt-ba\/#primaryimage\",\"url\":\"https:\/\/brasilnoticias.org\/site\/wp-content\/uploads\/2025\/07\/WhatsApp-Image-2025-07-10-at-17.34.27-1.jpeg\",\"contentUrl\":\"https:\/\/brasilnoticias.org\/site\/wp-content\/uploads\/2025\/07\/WhatsApp-Image-2025-07-10-at-17.34.27-1.jpeg\",\"width\":1984,\"height\":1116},{\"@type\":\"BreadcrumbList\",\"@id\":\"https:\/\/brasilnoticias.org\/site\/chapa-majoritaria-debate-com-aliados-e-2026-o-que-pensa-tassio-brito-novo-presidente-do-pt-ba\/#breadcrumb\",\"itemListElement\":[{\"@type\":\"ListItem\",\"position\":1,\"name\":\"In\u00edcio\",\"item\":\"https:\/\/brasilnoticias.org\/site\/\"},{\"@type\":\"ListItem\",\"position\":2,\"name\":\"Chapa majorit\u00e1ria, debate com aliados e 2026: o que pensa T\u00e1ssio Brito, novo presidente do PT-BA\"}]},{\"@type\":\"WebSite\",\"@id\":\"https:\/\/brasilnoticias.org\/site\/#website\",\"url\":\"https:\/\/brasilnoticias.org\/site\/\",\"name\":\"Brasil not\u00edcias\",\"description\":\"Brasil not\u00edcias\",\"publisher\":{\"@id\":\"https:\/\/brasilnoticias.org\/site\/#organization\"},\"potentialAction\":[{\"@type\":\"SearchAction\",\"target\":{\"@type\":\"EntryPoint\",\"urlTemplate\":\"https:\/\/brasilnoticias.org\/site\/?s={search_term_string}\"},\"query-input\":{\"@type\":\"PropertyValueSpecification\",\"valueRequired\":true,\"valueName\":\"search_term_string\"}}],\"inLanguage\":\"pt-PT\"},{\"@type\":\"Organization\",\"@id\":\"https:\/\/brasilnoticias.org\/site\/#organization\",\"name\":\"Brasil not\u00edcias\",\"url\":\"https:\/\/brasilnoticias.org\/site\/\",\"logo\":{\"@type\":\"ImageObject\",\"inLanguage\":\"pt-PT\",\"@id\":\"https:\/\/brasilnoticias.org\/site\/#\/schema\/logo\/image\/\",\"url\":\"https:\/\/brasilnoticias.org\/site\/wp-content\/uploads\/2022\/05\/cropped-brasilnoticias-mini.jpg\",\"contentUrl\":\"https:\/\/brasilnoticias.org\/site\/wp-content\/uploads\/2022\/05\/cropped-brasilnoticias-mini.jpg\",\"width\":314,\"height\":86,\"caption\":\"Brasil not\u00edcias\"},\"image\":{\"@id\":\"https:\/\/brasilnoticias.org\/site\/#\/schema\/logo\/image\/\"}},{\"@type\":\"Person\",\"@id\":\"https:\/\/brasilnoticias.org\/site\/#\/schema\/person\/03bbbfe6c7634ad18c26444ea39049fa\",\"name\":\"Reda\u00e7\u00e3o\",\"image\":{\"@type\":\"ImageObject\",\"inLanguage\":\"pt-PT\",\"@id\":\"https:\/\/brasilnoticias.org\/site\/#\/schema\/person\/image\/\",\"url\":\"https:\/\/secure.gravatar.com\/avatar\/9ecaf7327a696cb23ad926fedded5f1f04d7049de9e445375d55b48c001a6e42?s=96&d=mm&r=g\",\"contentUrl\":\"https:\/\/secure.gravatar.com\/avatar\/9ecaf7327a696cb23ad926fedded5f1f04d7049de9e445375d55b48c001a6e42?s=96&d=mm&r=g\",\"caption\":\"Reda\u00e7\u00e3o\"},\"url\":\"https:\/\/brasilnoticias.org\/site\/author\/henrique\/\"}]}<\/script>\n<!-- \/ Yoast SEO plugin. -->","yoast_head_json":{"title":"Chapa majorit\u00e1ria, debate com aliados e 2026: o que pensa T\u00e1ssio Brito, novo presidente do PT-BA - Brasil not\u00edcias","robots":{"index":"index","follow":"follow","max-snippet":"max-snippet:-1","max-image-preview":"max-image-preview:large","max-video-preview":"max-video-preview:-1"},"canonical":"https:\/\/brasilnoticias.org\/site\/chapa-majoritaria-debate-com-aliados-e-2026-o-que-pensa-tassio-brito-novo-presidente-do-pt-ba\/","og_locale":"pt_PT","og_type":"article","og_title":"Chapa majorit\u00e1ria, debate com aliados e 2026: o que pensa T\u00e1ssio Brito, novo presidente do PT-BA - Brasil not\u00edcias","og_description":"L\u00edder petista baiano defende estrat\u00e9gia coletiva, minimiza alian\u00e7as nacionais e manda recado \u00e0 oposi\u00e7\u00e3o: &#8220;Tem duas coisas que perdem elei\u00e7\u00e3o:","og_url":"https:\/\/brasilnoticias.org\/site\/chapa-majoritaria-debate-com-aliados-e-2026-o-que-pensa-tassio-brito-novo-presidente-do-pt-ba\/","og_site_name":"Brasil not\u00edcias","article_published_time":"2025-07-11T18:17:06+00:00","og_image":[{"width":1984,"height":1116,"url":"https:\/\/brasilnoticias.org\/site\/wp-content\/uploads\/2025\/07\/WhatsApp-Image-2025-07-10-at-17.34.27-1.jpeg","type":"image\/jpeg"}],"author":"Reda\u00e7\u00e3o","twitter_card":"summary_large_image","twitter_misc":{"Escrito por":"Reda\u00e7\u00e3o"},"schema":{"@context":"https:\/\/schema.org","@graph":[{"@type":"Article","@id":"https:\/\/brasilnoticias.org\/site\/chapa-majoritaria-debate-com-aliados-e-2026-o-que-pensa-tassio-brito-novo-presidente-do-pt-ba\/#article","isPartOf":{"@id":"https:\/\/brasilnoticias.org\/site\/chapa-majoritaria-debate-com-aliados-e-2026-o-que-pensa-tassio-brito-novo-presidente-do-pt-ba\/"},"author":{"name":"Reda\u00e7\u00e3o","@id":"https:\/\/brasilnoticias.org\/site\/#\/schema\/person\/03bbbfe6c7634ad18c26444ea39049fa"},"headline":"Chapa majorit\u00e1ria, debate com aliados e 2026: o que pensa T\u00e1ssio Brito, novo presidente do PT-BA","datePublished":"2025-07-11T18:17:06+00:00","mainEntityOfPage":{"@id":"https:\/\/brasilnoticias.org\/site\/chapa-majoritaria-debate-com-aliados-e-2026-o-que-pensa-tassio-brito-novo-presidente-do-pt-ba\/"},"wordCount":1095,"commentCount":0,"publisher":{"@id":"https:\/\/brasilnoticias.org\/site\/#organization"},"image":{"@id":"https:\/\/brasilnoticias.org\/site\/chapa-majoritaria-debate-com-aliados-e-2026-o-que-pensa-tassio-brito-novo-presidente-do-pt-ba\/#primaryimage"},"thumbnailUrl":"https:\/\/brasilnoticias.org\/site\/wp-content\/uploads\/2025\/07\/WhatsApp-Image-2025-07-10-at-17.34.27-1.jpeg","articleSection":["Pol\u00edtica","\u00daltimas"],"inLanguage":"pt-PT","potentialAction":[{"@type":"CommentAction","name":"Comment","target":["https:\/\/brasilnoticias.org\/site\/chapa-majoritaria-debate-com-aliados-e-2026-o-que-pensa-tassio-brito-novo-presidente-do-pt-ba\/#respond"]}]},{"@type":"WebPage","@id":"https:\/\/brasilnoticias.org\/site\/chapa-majoritaria-debate-com-aliados-e-2026-o-que-pensa-tassio-brito-novo-presidente-do-pt-ba\/","url":"https:\/\/brasilnoticias.org\/site\/chapa-majoritaria-debate-com-aliados-e-2026-o-que-pensa-tassio-brito-novo-presidente-do-pt-ba\/","name":"Chapa majorit\u00e1ria, debate com aliados e 2026: o que pensa T\u00e1ssio Brito, novo presidente do PT-BA - Brasil not\u00edcias","isPartOf":{"@id":"https:\/\/brasilnoticias.org\/site\/#website"},"primaryImageOfPage":{"@id":"https:\/\/brasilnoticias.org\/site\/chapa-majoritaria-debate-com-aliados-e-2026-o-que-pensa-tassio-brito-novo-presidente-do-pt-ba\/#primaryimage"},"image":{"@id":"https:\/\/brasilnoticias.org\/site\/chapa-majoritaria-debate-com-aliados-e-2026-o-que-pensa-tassio-brito-novo-presidente-do-pt-ba\/#primaryimage"},"thumbnailUrl":"https:\/\/brasilnoticias.org\/site\/wp-content\/uploads\/2025\/07\/WhatsApp-Image-2025-07-10-at-17.34.27-1.jpeg","datePublished":"2025-07-11T18:17:06+00:00","breadcrumb":{"@id":"https:\/\/brasilnoticias.org\/site\/chapa-majoritaria-debate-com-aliados-e-2026-o-que-pensa-tassio-brito-novo-presidente-do-pt-ba\/#breadcrumb"},"inLanguage":"pt-PT","potentialAction":[{"@type":"ReadAction","target":["https:\/\/brasilnoticias.org\/site\/chapa-majoritaria-debate-com-aliados-e-2026-o-que-pensa-tassio-brito-novo-presidente-do-pt-ba\/"]}]},{"@type":"ImageObject","inLanguage":"pt-PT","@id":"https:\/\/brasilnoticias.org\/site\/chapa-majoritaria-debate-com-aliados-e-2026-o-que-pensa-tassio-brito-novo-presidente-do-pt-ba\/#primaryimage","url":"https:\/\/brasilnoticias.org\/site\/wp-content\/uploads\/2025\/07\/WhatsApp-Image-2025-07-10-at-17.34.27-1.jpeg","contentUrl":"https:\/\/brasilnoticias.org\/site\/wp-content\/uploads\/2025\/07\/WhatsApp-Image-2025-07-10-at-17.34.27-1.jpeg","width":1984,"height":1116},{"@type":"BreadcrumbList","@id":"https:\/\/brasilnoticias.org\/site\/chapa-majoritaria-debate-com-aliados-e-2026-o-que-pensa-tassio-brito-novo-presidente-do-pt-ba\/#breadcrumb","itemListElement":[{"@type":"ListItem","position":1,"name":"In\u00edcio","item":"https:\/\/brasilnoticias.org\/site\/"},{"@type":"ListItem","position":2,"name":"Chapa majorit\u00e1ria, debate com aliados e 2026: o que pensa T\u00e1ssio Brito, novo presidente do PT-BA"}]},{"@type":"WebSite","@id":"https:\/\/brasilnoticias.org\/site\/#website","url":"https:\/\/brasilnoticias.org\/site\/","name":"Brasil not\u00edcias","description":"Brasil not\u00edcias","publisher":{"@id":"https:\/\/brasilnoticias.org\/site\/#organization"},"potentialAction":[{"@type":"SearchAction","target":{"@type":"EntryPoint","urlTemplate":"https:\/\/brasilnoticias.org\/site\/?s={search_term_string}"},"query-input":{"@type":"PropertyValueSpecification","valueRequired":true,"valueName":"search_term_string"}}],"inLanguage":"pt-PT"},{"@type":"Organization","@id":"https:\/\/brasilnoticias.org\/site\/#organization","name":"Brasil not\u00edcias","url":"https:\/\/brasilnoticias.org\/site\/","logo":{"@type":"ImageObject","inLanguage":"pt-PT","@id":"https:\/\/brasilnoticias.org\/site\/#\/schema\/logo\/image\/","url":"https:\/\/brasilnoticias.org\/site\/wp-content\/uploads\/2022\/05\/cropped-brasilnoticias-mini.jpg","contentUrl":"https:\/\/brasilnoticias.org\/site\/wp-content\/uploads\/2022\/05\/cropped-brasilnoticias-mini.jpg","width":314,"height":86,"caption":"Brasil not\u00edcias"},"image":{"@id":"https:\/\/brasilnoticias.org\/site\/#\/schema\/logo\/image\/"}},{"@type":"Person","@id":"https:\/\/brasilnoticias.org\/site\/#\/schema\/person\/03bbbfe6c7634ad18c26444ea39049fa","name":"Reda\u00e7\u00e3o","image":{"@type":"ImageObject","inLanguage":"pt-PT","@id":"https:\/\/brasilnoticias.org\/site\/#\/schema\/person\/image\/","url":"https:\/\/secure.gravatar.com\/avatar\/9ecaf7327a696cb23ad926fedded5f1f04d7049de9e445375d55b48c001a6e42?s=96&d=mm&r=g","contentUrl":"https:\/\/secure.gravatar.com\/avatar\/9ecaf7327a696cb23ad926fedded5f1f04d7049de9e445375d55b48c001a6e42?s=96&d=mm&r=g","caption":"Reda\u00e7\u00e3o"},"url":"https:\/\/brasilnoticias.org\/site\/author\/henrique\/"}]}},"_links":{"self":[{"href":"https:\/\/brasilnoticias.org\/site\/wp-json\/wp\/v2\/posts\/17603","targetHints":{"allow":["GET"]}}],"collection":[{"href":"https:\/\/brasilnoticias.org\/site\/wp-json\/wp\/v2\/posts"}],"about":[{"href":"https:\/\/brasilnoticias.org\/site\/wp-json\/wp\/v2\/types\/post"}],"author":[{"embeddable":true,"href":"https:\/\/brasilnoticias.org\/site\/wp-json\/wp\/v2\/users\/4"}],"replies":[{"embeddable":true,"href":"https:\/\/brasilnoticias.org\/site\/wp-json\/wp\/v2\/comments?post=17603"}],"version-history":[{"count":2,"href":"https:\/\/brasilnoticias.org\/site\/wp-json\/wp\/v2\/posts\/17603\/revisions"}],"predecessor-version":[{"id":17606,"href":"https:\/\/brasilnoticias.org\/site\/wp-json\/wp\/v2\/posts\/17603\/revisions\/17606"}],"wp:featuredmedia":[{"embeddable":true,"href":"https:\/\/brasilnoticias.org\/site\/wp-json\/wp\/v2\/media\/17604"}],"wp:attachment":[{"href":"https:\/\/brasilnoticias.org\/site\/wp-json\/wp\/v2\/media?parent=17603"}],"wp:term":[{"taxonomy":"category","embeddable":true,"href":"https:\/\/brasilnoticias.org\/site\/wp-json\/wp\/v2\/categories?post=17603"},{"taxonomy":"post_tag","embeddable":true,"href":"https:\/\/brasilnoticias.org\/site\/wp-json\/wp\/v2\/tags?post=17603"}],"curies":[{"name":"wp","href":"https:\/\/api.w.org\/{rel}","templated":true}]}}