{"id":17608,"date":"2025-07-15T15:30:08","date_gmt":"2025-07-15T18:30:08","guid":{"rendered":"https:\/\/brasilnoticias.org\/site\/?p=17608"},"modified":"2025-07-15T15:30:08","modified_gmt":"2025-07-15T18:30:08","slug":"servidor-do-tjba-promove-campanha-solidaria-em-sambaiba-para-celebrar-dia-dos-avos","status":"publish","type":"post","link":"https:\/\/brasilnoticias.org\/site\/servidor-do-tjba-promove-campanha-solidaria-em-sambaiba-para-celebrar-dia-dos-avos\/","title":{"rendered":"Servidor do TJBA promove campanha solid\u00e1ria em Samba\u00edba para celebrar Dia dos Av\u00f3s"},"content":{"rendered":"<p>Um projeto com o cora\u00e7\u00e3o voltado para a comunidade de Samba\u00edba, na Bahia, ganha forma atrav\u00e9s da iniciativa de um filho da terra. Janilson Barreto, servidor do Tribunal de Justi\u00e7a da Bahia (TJBA), \u00e9 o idealizador da campanha de arrecada\u00e7\u00e3o que visa celebrar o Dia dos Av\u00f3s e promover o bem-estar da popula\u00e7\u00e3o idosa local.<\/p>\n<p>A campanha busca angariar fundos para a realiza\u00e7\u00e3o de um evento p\u00fablico no pr\u00f3ximo dia 26 de julho, inteiramente dedicado aos idosos da comunidade. A programa\u00e7\u00e3o \u00e9 pensada para oferecer um dia de acolhimento e cuidado, incluindo palestras, atividades educativas e um caf\u00e9 da manh\u00e3 especial.<\/p>\n<p>Entre as a\u00e7\u00f5es planejadas, destacam-se orienta\u00e7\u00f5es alimentares, aferi\u00e7\u00e3o de press\u00e3o arterial e testes de n\u00edvel glic\u00eamico, demonstrando a preocupa\u00e7\u00e3o com a sa\u00fade dos participantes. Materiais e recursos para as atividades tamb\u00e9m ser\u00e3o adquiridos com o valor arrecadado. O objetivo \u00e9 alcan\u00e7ar cerca de 100 idosos de Samba\u00edba.<br \/>\nA contribui\u00e7\u00e3o \u00e9 livre, mas um valor sugerido de R$ 5,00 por pessoa pode fazer a diferen\u00e7a para cobrir os custos do evento. Quem deseja apoiar a causa pode entrar em contato com Janilson Barreto, atrav\u00e9s do WhatsApp: 71 986476153.<\/p>\n<p>&#8220;A gente acredita que os idosos merecem todo o reconhecimento e carinho. Eles s\u00e3o pilares das nossas fam\u00edlias, e este evento \u00e9 uma forma de retribuir um pouco do amor que eles tanto distribuem. \u00c9 um gesto de valoriza\u00e7\u00e3o e de preserva\u00e7\u00e3o da fam\u00edlia, a nossa primeira e mais importante institui\u00e7\u00e3o\u201d, declarou Janilson Barreto.<\/p>\n<p>Foto: Divulga\u00e7\u00e3o<br \/>\nFonte: BNews<\/p>\n","protected":false},"excerpt":{"rendered":"<p>Um projeto com o cora\u00e7\u00e3o voltado para a comunidade de Samba\u00edba, na Bahia, ganha forma atrav\u00e9s da iniciativa de um<\/p>\n","protected":false},"author":4,"featured_media":17609,"comment_status":"open","ping_status":"open","sticky":false,"template":"","format":"standard","meta":{"colormag_page_container_layout":"default_layout","colormag_page_sidebar_layout":"default_layout","_FSMCFIC_featured_image_caption":"","_FSMCFIC_featured_image_nocaption":"","_FSMCFIC_featured_image_hide":"","footnotes":""},"categories":[7,1],"tags":[],"class_list":["post-17608","post","type-post","status-publish","format-standard","has-post-thumbnail","hentry","category-justica","category-ultimas"],"yoast_head":"<!-- This site is optimized with the Yoast SEO plugin v27.1.1 - https:\/\/yoast.com\/product\/yoast-seo-wordpress\/ -->\n<title>Servidor do TJBA promove campanha solid\u00e1ria em Samba\u00edba para celebrar Dia dos Av\u00f3s - Brasil not\u00edcias<\/title>\n<meta name=\"robots\" content=\"index, follow, max-snippet:-1, max-image-preview:large, max-video-preview:-1\" \/>\n<link rel=\"canonical\" href=\"https:\/\/brasilnoticias.org\/site\/servidor-do-tjba-promove-campanha-solidaria-em-sambaiba-para-celebrar-dia-dos-avos\/\" \/>\n<meta property=\"og:locale\" content=\"pt_PT\" \/>\n<meta property=\"og:type\" content=\"article\" \/>\n<meta property=\"og:title\" content=\"Servidor do TJBA promove campanha solid\u00e1ria em Samba\u00edba para celebrar Dia dos Av\u00f3s - Brasil not\u00edcias\" \/>\n<meta property=\"og:description\" content=\"Um projeto com o cora\u00e7\u00e3o voltado para a comunidade de Samba\u00edba, na Bahia, ganha forma atrav\u00e9s da iniciativa de um\" \/>\n<meta property=\"og:url\" content=\"https:\/\/brasilnoticias.org\/site\/servidor-do-tjba-promove-campanha-solidaria-em-sambaiba-para-celebrar-dia-dos-avos\/\" \/>\n<meta property=\"og:site_name\" content=\"Brasil not\u00edcias\" \/>\n<meta property=\"article:published_time\" content=\"2025-07-15T18:30:08+00:00\" \/>\n<meta property=\"og:image\" content=\"https:\/\/brasilnoticias.org\/site\/wp-content\/uploads\/2025\/07\/jan_sambaiba_widelg.jpg\" \/>\n\t<meta property=\"og:image:width\" content=\"715\" \/>\n\t<meta property=\"og:image:height\" content=\"425\" \/>\n\t<meta property=\"og:image:type\" content=\"image\/jpeg\" \/>\n<meta name=\"author\" content=\"Reda\u00e7\u00e3o\" \/>\n<meta name=\"twitter:card\" content=\"summary_large_image\" \/>\n<meta name=\"twitter:label1\" content=\"Escrito por\" \/>\n\t<meta name=\"twitter:data1\" content=\"Reda\u00e7\u00e3o\" \/>\n\t<meta name=\"twitter:label2\" content=\"Tempo estimado de leitura\" \/>\n\t<meta name=\"twitter:data2\" content=\"1 minuto\" \/>\n<script type=\"application\/ld+json\" class=\"yoast-schema-graph\">{\"@context\":\"https:\/\/schema.org\",\"@graph\":[{\"@type\":\"Article\",\"@id\":\"https:\/\/brasilnoticias.org\/site\/servidor-do-tjba-promove-campanha-solidaria-em-sambaiba-para-celebrar-dia-dos-avos\/#article\",\"isPartOf\":{\"@id\":\"https:\/\/brasilnoticias.org\/site\/servidor-do-tjba-promove-campanha-solidaria-em-sambaiba-para-celebrar-dia-dos-avos\/\"},\"author\":{\"name\":\"Reda\u00e7\u00e3o\",\"@id\":\"https:\/\/brasilnoticias.org\/site\/#\/schema\/person\/03bbbfe6c7634ad18c26444ea39049fa\"},\"headline\":\"Servidor do TJBA promove campanha solid\u00e1ria em Samba\u00edba para celebrar Dia dos Av\u00f3s\",\"datePublished\":\"2025-07-15T18:30:08+00:00\",\"mainEntityOfPage\":{\"@id\":\"https:\/\/brasilnoticias.org\/site\/servidor-do-tjba-promove-campanha-solidaria-em-sambaiba-para-celebrar-dia-dos-avos\/\"},\"wordCount\":284,\"commentCount\":0,\"publisher\":{\"@id\":\"https:\/\/brasilnoticias.org\/site\/#organization\"},\"image\":{\"@id\":\"https:\/\/brasilnoticias.org\/site\/servidor-do-tjba-promove-campanha-solidaria-em-sambaiba-para-celebrar-dia-dos-avos\/#primaryimage\"},\"thumbnailUrl\":\"https:\/\/brasilnoticias.org\/site\/wp-content\/uploads\/2025\/07\/jan_sambaiba_widelg.jpg\",\"articleSection\":[\"Justi\u00e7a\",\"\u00daltimas\"],\"inLanguage\":\"pt-PT\",\"potentialAction\":[{\"@type\":\"CommentAction\",\"name\":\"Comment\",\"target\":[\"https:\/\/brasilnoticias.org\/site\/servidor-do-tjba-promove-campanha-solidaria-em-sambaiba-para-celebrar-dia-dos-avos\/#respond\"]}]},{\"@type\":\"WebPage\",\"@id\":\"https:\/\/brasilnoticias.org\/site\/servidor-do-tjba-promove-campanha-solidaria-em-sambaiba-para-celebrar-dia-dos-avos\/\",\"url\":\"https:\/\/brasilnoticias.org\/site\/servidor-do-tjba-promove-campanha-solidaria-em-sambaiba-para-celebrar-dia-dos-avos\/\",\"name\":\"Servidor do TJBA promove campanha solid\u00e1ria em Samba\u00edba para celebrar Dia dos Av\u00f3s - Brasil not\u00edcias\",\"isPartOf\":{\"@id\":\"https:\/\/brasilnoticias.org\/site\/#website\"},\"primaryImageOfPage\":{\"@id\":\"https:\/\/brasilnoticias.org\/site\/servidor-do-tjba-promove-campanha-solidaria-em-sambaiba-para-celebrar-dia-dos-avos\/#primaryimage\"},\"image\":{\"@id\":\"https:\/\/brasilnoticias.org\/site\/servidor-do-tjba-promove-campanha-solidaria-em-sambaiba-para-celebrar-dia-dos-avos\/#primaryimage\"},\"thumbnailUrl\":\"https:\/\/brasilnoticias.org\/site\/wp-content\/uploads\/2025\/07\/jan_sambaiba_widelg.jpg\",\"datePublished\":\"2025-07-15T18:30:08+00:00\",\"breadcrumb\":{\"@id\":\"https:\/\/brasilnoticias.org\/site\/servidor-do-tjba-promove-campanha-solidaria-em-sambaiba-para-celebrar-dia-dos-avos\/#breadcrumb\"},\"inLanguage\":\"pt-PT\",\"potentialAction\":[{\"@type\":\"ReadAction\",\"target\":[\"https:\/\/brasilnoticias.org\/site\/servidor-do-tjba-promove-campanha-solidaria-em-sambaiba-para-celebrar-dia-dos-avos\/\"]}]},{\"@type\":\"ImageObject\",\"inLanguage\":\"pt-PT\",\"@id\":\"https:\/\/brasilnoticias.org\/site\/servidor-do-tjba-promove-campanha-solidaria-em-sambaiba-para-celebrar-dia-dos-avos\/#primaryimage\",\"url\":\"https:\/\/brasilnoticias.org\/site\/wp-content\/uploads\/2025\/07\/jan_sambaiba_widelg.jpg\",\"contentUrl\":\"https:\/\/brasilnoticias.org\/site\/wp-content\/uploads\/2025\/07\/jan_sambaiba_widelg.jpg\",\"width\":715,\"height\":425},{\"@type\":\"BreadcrumbList\",\"@id\":\"https:\/\/brasilnoticias.org\/site\/servidor-do-tjba-promove-campanha-solidaria-em-sambaiba-para-celebrar-dia-dos-avos\/#breadcrumb\",\"itemListElement\":[{\"@type\":\"ListItem\",\"position\":1,\"name\":\"In\u00edcio\",\"item\":\"https:\/\/brasilnoticias.org\/site\/\"},{\"@type\":\"ListItem\",\"position\":2,\"name\":\"Servidor do TJBA promove campanha solid\u00e1ria em Samba\u00edba para celebrar Dia dos Av\u00f3s\"}]},{\"@type\":\"WebSite\",\"@id\":\"https:\/\/brasilnoticias.org\/site\/#website\",\"url\":\"https:\/\/brasilnoticias.org\/site\/\",\"name\":\"Brasil not\u00edcias\",\"description\":\"Brasil not\u00edcias\",\"publisher\":{\"@id\":\"https:\/\/brasilnoticias.org\/site\/#organization\"},\"potentialAction\":[{\"@type\":\"SearchAction\",\"target\":{\"@type\":\"EntryPoint\",\"urlTemplate\":\"https:\/\/brasilnoticias.org\/site\/?s={search_term_string}\"},\"query-input\":{\"@type\":\"PropertyValueSpecification\",\"valueRequired\":true,\"valueName\":\"search_term_string\"}}],\"inLanguage\":\"pt-PT\"},{\"@type\":\"Organization\",\"@id\":\"https:\/\/brasilnoticias.org\/site\/#organization\",\"name\":\"Brasil not\u00edcias\",\"url\":\"https:\/\/brasilnoticias.org\/site\/\",\"logo\":{\"@type\":\"ImageObject\",\"inLanguage\":\"pt-PT\",\"@id\":\"https:\/\/brasilnoticias.org\/site\/#\/schema\/logo\/image\/\",\"url\":\"https:\/\/brasilnoticias.org\/site\/wp-content\/uploads\/2022\/05\/cropped-brasilnoticias-mini.jpg\",\"contentUrl\":\"https:\/\/brasilnoticias.org\/site\/wp-content\/uploads\/2022\/05\/cropped-brasilnoticias-mini.jpg\",\"width\":314,\"height\":86,\"caption\":\"Brasil not\u00edcias\"},\"image\":{\"@id\":\"https:\/\/brasilnoticias.org\/site\/#\/schema\/logo\/image\/\"}},{\"@type\":\"Person\",\"@id\":\"https:\/\/brasilnoticias.org\/site\/#\/schema\/person\/03bbbfe6c7634ad18c26444ea39049fa\",\"name\":\"Reda\u00e7\u00e3o\",\"image\":{\"@type\":\"ImageObject\",\"inLanguage\":\"pt-PT\",\"@id\":\"https:\/\/brasilnoticias.org\/site\/#\/schema\/person\/image\/\",\"url\":\"https:\/\/secure.gravatar.com\/avatar\/9ecaf7327a696cb23ad926fedded5f1f04d7049de9e445375d55b48c001a6e42?s=96&d=mm&r=g\",\"contentUrl\":\"https:\/\/secure.gravatar.com\/avatar\/9ecaf7327a696cb23ad926fedded5f1f04d7049de9e445375d55b48c001a6e42?s=96&d=mm&r=g\",\"caption\":\"Reda\u00e7\u00e3o\"},\"url\":\"https:\/\/brasilnoticias.org\/site\/author\/henrique\/\"}]}<\/script>\n<!-- \/ Yoast SEO plugin. -->","yoast_head_json":{"title":"Servidor do TJBA promove campanha solid\u00e1ria em Samba\u00edba para celebrar Dia dos Av\u00f3s - Brasil not\u00edcias","robots":{"index":"index","follow":"follow","max-snippet":"max-snippet:-1","max-image-preview":"max-image-preview:large","max-video-preview":"max-video-preview:-1"},"canonical":"https:\/\/brasilnoticias.org\/site\/servidor-do-tjba-promove-campanha-solidaria-em-sambaiba-para-celebrar-dia-dos-avos\/","og_locale":"pt_PT","og_type":"article","og_title":"Servidor do TJBA promove campanha solid\u00e1ria em Samba\u00edba para celebrar Dia dos Av\u00f3s - Brasil not\u00edcias","og_description":"Um projeto com o cora\u00e7\u00e3o voltado para a comunidade de Samba\u00edba, na Bahia, ganha forma atrav\u00e9s da iniciativa de um","og_url":"https:\/\/brasilnoticias.org\/site\/servidor-do-tjba-promove-campanha-solidaria-em-sambaiba-para-celebrar-dia-dos-avos\/","og_site_name":"Brasil not\u00edcias","article_published_time":"2025-07-15T18:30:08+00:00","og_image":[{"width":715,"height":425,"url":"https:\/\/brasilnoticias.org\/site\/wp-content\/uploads\/2025\/07\/jan_sambaiba_widelg.jpg","type":"image\/jpeg"}],"author":"Reda\u00e7\u00e3o","twitter_card":"summary_large_image","twitter_misc":{"Escrito por":"Reda\u00e7\u00e3o","Tempo estimado de leitura":"1 minuto"},"schema":{"@context":"https:\/\/schema.org","@graph":[{"@type":"Article","@id":"https:\/\/brasilnoticias.org\/site\/servidor-do-tjba-promove-campanha-solidaria-em-sambaiba-para-celebrar-dia-dos-avos\/#article","isPartOf":{"@id":"https:\/\/brasilnoticias.org\/site\/servidor-do-tjba-promove-campanha-solidaria-em-sambaiba-para-celebrar-dia-dos-avos\/"},"author":{"name":"Reda\u00e7\u00e3o","@id":"https:\/\/brasilnoticias.org\/site\/#\/schema\/person\/03bbbfe6c7634ad18c26444ea39049fa"},"headline":"Servidor do TJBA promove campanha solid\u00e1ria em Samba\u00edba para celebrar Dia dos Av\u00f3s","datePublished":"2025-07-15T18:30:08+00:00","mainEntityOfPage":{"@id":"https:\/\/brasilnoticias.org\/site\/servidor-do-tjba-promove-campanha-solidaria-em-sambaiba-para-celebrar-dia-dos-avos\/"},"wordCount":284,"commentCount":0,"publisher":{"@id":"https:\/\/brasilnoticias.org\/site\/#organization"},"image":{"@id":"https:\/\/brasilnoticias.org\/site\/servidor-do-tjba-promove-campanha-solidaria-em-sambaiba-para-celebrar-dia-dos-avos\/#primaryimage"},"thumbnailUrl":"https:\/\/brasilnoticias.org\/site\/wp-content\/uploads\/2025\/07\/jan_sambaiba_widelg.jpg","articleSection":["Justi\u00e7a","\u00daltimas"],"inLanguage":"pt-PT","potentialAction":[{"@type":"CommentAction","name":"Comment","target":["https:\/\/brasilnoticias.org\/site\/servidor-do-tjba-promove-campanha-solidaria-em-sambaiba-para-celebrar-dia-dos-avos\/#respond"]}]},{"@type":"WebPage","@id":"https:\/\/brasilnoticias.org\/site\/servidor-do-tjba-promove-campanha-solidaria-em-sambaiba-para-celebrar-dia-dos-avos\/","url":"https:\/\/brasilnoticias.org\/site\/servidor-do-tjba-promove-campanha-solidaria-em-sambaiba-para-celebrar-dia-dos-avos\/","name":"Servidor do TJBA promove campanha solid\u00e1ria em Samba\u00edba para celebrar Dia dos Av\u00f3s - Brasil not\u00edcias","isPartOf":{"@id":"https:\/\/brasilnoticias.org\/site\/#website"},"primaryImageOfPage":{"@id":"https:\/\/brasilnoticias.org\/site\/servidor-do-tjba-promove-campanha-solidaria-em-sambaiba-para-celebrar-dia-dos-avos\/#primaryimage"},"image":{"@id":"https:\/\/brasilnoticias.org\/site\/servidor-do-tjba-promove-campanha-solidaria-em-sambaiba-para-celebrar-dia-dos-avos\/#primaryimage"},"thumbnailUrl":"https:\/\/brasilnoticias.org\/site\/wp-content\/uploads\/2025\/07\/jan_sambaiba_widelg.jpg","datePublished":"2025-07-15T18:30:08+00:00","breadcrumb":{"@id":"https:\/\/brasilnoticias.org\/site\/servidor-do-tjba-promove-campanha-solidaria-em-sambaiba-para-celebrar-dia-dos-avos\/#breadcrumb"},"inLanguage":"pt-PT","potentialAction":[{"@type":"ReadAction","target":["https:\/\/brasilnoticias.org\/site\/servidor-do-tjba-promove-campanha-solidaria-em-sambaiba-para-celebrar-dia-dos-avos\/"]}]},{"@type":"ImageObject","inLanguage":"pt-PT","@id":"https:\/\/brasilnoticias.org\/site\/servidor-do-tjba-promove-campanha-solidaria-em-sambaiba-para-celebrar-dia-dos-avos\/#primaryimage","url":"https:\/\/brasilnoticias.org\/site\/wp-content\/uploads\/2025\/07\/jan_sambaiba_widelg.jpg","contentUrl":"https:\/\/brasilnoticias.org\/site\/wp-content\/uploads\/2025\/07\/jan_sambaiba_widelg.jpg","width":715,"height":425},{"@type":"BreadcrumbList","@id":"https:\/\/brasilnoticias.org\/site\/servidor-do-tjba-promove-campanha-solidaria-em-sambaiba-para-celebrar-dia-dos-avos\/#breadcrumb","itemListElement":[{"@type":"ListItem","position":1,"name":"In\u00edcio","item":"https:\/\/brasilnoticias.org\/site\/"},{"@type":"ListItem","position":2,"name":"Servidor do TJBA promove campanha solid\u00e1ria em Samba\u00edba para celebrar Dia dos Av\u00f3s"}]},{"@type":"WebSite","@id":"https:\/\/brasilnoticias.org\/site\/#website","url":"https:\/\/brasilnoticias.org\/site\/","name":"Brasil not\u00edcias","description":"Brasil not\u00edcias","publisher":{"@id":"https:\/\/brasilnoticias.org\/site\/#organization"},"potentialAction":[{"@type":"SearchAction","target":{"@type":"EntryPoint","urlTemplate":"https:\/\/brasilnoticias.org\/site\/?s={search_term_string}"},"query-input":{"@type":"PropertyValueSpecification","valueRequired":true,"valueName":"search_term_string"}}],"inLanguage":"pt-PT"},{"@type":"Organization","@id":"https:\/\/brasilnoticias.org\/site\/#organization","name":"Brasil not\u00edcias","url":"https:\/\/brasilnoticias.org\/site\/","logo":{"@type":"ImageObject","inLanguage":"pt-PT","@id":"https:\/\/brasilnoticias.org\/site\/#\/schema\/logo\/image\/","url":"https:\/\/brasilnoticias.org\/site\/wp-content\/uploads\/2022\/05\/cropped-brasilnoticias-mini.jpg","contentUrl":"https:\/\/brasilnoticias.org\/site\/wp-content\/uploads\/2022\/05\/cropped-brasilnoticias-mini.jpg","width":314,"height":86,"caption":"Brasil not\u00edcias"},"image":{"@id":"https:\/\/brasilnoticias.org\/site\/#\/schema\/logo\/image\/"}},{"@type":"Person","@id":"https:\/\/brasilnoticias.org\/site\/#\/schema\/person\/03bbbfe6c7634ad18c26444ea39049fa","name":"Reda\u00e7\u00e3o","image":{"@type":"ImageObject","inLanguage":"pt-PT","@id":"https:\/\/brasilnoticias.org\/site\/#\/schema\/person\/image\/","url":"https:\/\/secure.gravatar.com\/avatar\/9ecaf7327a696cb23ad926fedded5f1f04d7049de9e445375d55b48c001a6e42?s=96&d=mm&r=g","contentUrl":"https:\/\/secure.gravatar.com\/avatar\/9ecaf7327a696cb23ad926fedded5f1f04d7049de9e445375d55b48c001a6e42?s=96&d=mm&r=g","caption":"Reda\u00e7\u00e3o"},"url":"https:\/\/brasilnoticias.org\/site\/author\/henrique\/"}]}},"_links":{"self":[{"href":"https:\/\/brasilnoticias.org\/site\/wp-json\/wp\/v2\/posts\/17608","targetHints":{"allow":["GET"]}}],"collection":[{"href":"https:\/\/brasilnoticias.org\/site\/wp-json\/wp\/v2\/posts"}],"about":[{"href":"https:\/\/brasilnoticias.org\/site\/wp-json\/wp\/v2\/types\/post"}],"author":[{"embeddable":true,"href":"https:\/\/brasilnoticias.org\/site\/wp-json\/wp\/v2\/users\/4"}],"replies":[{"embeddable":true,"href":"https:\/\/brasilnoticias.org\/site\/wp-json\/wp\/v2\/comments?post=17608"}],"version-history":[{"count":1,"href":"https:\/\/brasilnoticias.org\/site\/wp-json\/wp\/v2\/posts\/17608\/revisions"}],"predecessor-version":[{"id":17610,"href":"https:\/\/brasilnoticias.org\/site\/wp-json\/wp\/v2\/posts\/17608\/revisions\/17610"}],"wp:featuredmedia":[{"embeddable":true,"href":"https:\/\/brasilnoticias.org\/site\/wp-json\/wp\/v2\/media\/17609"}],"wp:attachment":[{"href":"https:\/\/brasilnoticias.org\/site\/wp-json\/wp\/v2\/media?parent=17608"}],"wp:term":[{"taxonomy":"category","embeddable":true,"href":"https:\/\/brasilnoticias.org\/site\/wp-json\/wp\/v2\/categories?post=17608"},{"taxonomy":"post_tag","embeddable":true,"href":"https:\/\/brasilnoticias.org\/site\/wp-json\/wp\/v2\/tags?post=17608"}],"curies":[{"name":"wp","href":"https:\/\/api.w.org\/{rel}","templated":true}]}}