{"id":17627,"date":"2025-07-17T17:23:22","date_gmt":"2025-07-17T20:23:22","guid":{"rendered":"https:\/\/brasilnoticias.org\/site\/?p=17627"},"modified":"2025-07-17T17:23:22","modified_gmt":"2025-07-17T20:23:22","slug":"presidente-da-camara-hugo-motta-empregou-funcionarias-fantasmas-em-gabinete-aponta-jornal","status":"publish","type":"post","link":"https:\/\/brasilnoticias.org\/site\/presidente-da-camara-hugo-motta-empregou-funcionarias-fantasmas-em-gabinete-aponta-jornal\/","title":{"rendered":"Presidente da C\u00e2mara, Hugo Motta empregou funcion\u00e1rias &#8220;fantasmas&#8221; em gabinete, aponta jornal"},"content":{"rendered":"<p>Informa\u00e7\u00e3o foi divulgada pelo jornal &#8220;Folha de S.Paulo&#8221;. MP junto ao TCU pediu abertura de investiga\u00e7\u00e3o sobre o caso. O g1 procurou a assessoria de Mota, que n\u00e3o respondeu.<\/p>\n<p>O presidente da C\u00e2mara dos Deputados, Hugo Motta (Republicanos-PB), empregou tr\u00eas funcion\u00e1rias em seu gabinete com fun\u00e7\u00f5es incompat\u00edveis com as atividades parlamentares para as quais foram contratadas. A informa\u00e7\u00e3o foi divulgada pelo jornal &#8220;Folha de S\u00e3o Paulo&#8221;.<\/p>\n<p>O Minist\u00e9rio P\u00fablico junto ao Tribunal de Contas da Uni\u00e3o (TCU) pediu a abertura de uma investiga\u00e7\u00e3o sobre o caso, apontando &#8220;grave descaso com a gest\u00e3o de recursos p\u00fablicos&#8221;. De acordo com a reportagem, as funcion\u00e1rias s\u00e3o uma fisioterapeuta, uma estudante de medicina e uma assistente social de uma prefeitura na Para\u00edba.<\/p>\n<p>Todas foram contratadas para o cargo de secret\u00e1rio parlamentar. Uma das profissionais recebe um sal\u00e1rio bruto de R$ 11,8 mil. Entre as determina\u00e7\u00f5es para o cargo, est\u00e3o uma jornada de trabalho de 40 horas semanais e a proibi\u00e7\u00e3o de exercer outra fun\u00e7\u00e3o p\u00fablica. Mas, n\u00e3o \u00e9 necess\u00e1rio bater ponto eletronicamente na C\u00e2mara. Motta teria mandado demitir duas das tr\u00eas profissionais ap\u00f3s ser procurado pela imprensa para responder sobre o caso, segundo a reportagem da &#8220;Folha de S\u00e3o Paulo&#8221;.<\/p>\n<p>De acordo com levantamento do jornal, a Uni\u00e3o teria gastado R$ 112 mil com sal\u00e1rios e outras gratifica\u00e7\u00f5es destinadas \u00e0s tr\u00eas contratadas do gabinete, somente neste ano.<\/p>\n<p>Foto: Kayo Magalh\u00e3es\/C\u00e2mara dos Deputados<br \/>\nPor: Metro1 <\/p>\n","protected":false},"excerpt":{"rendered":"<p>Informa\u00e7\u00e3o foi divulgada pelo jornal &#8220;Folha de S.Paulo&#8221;. MP junto ao TCU pediu abertura de investiga\u00e7\u00e3o sobre o caso. O<\/p>\n","protected":false},"author":4,"featured_media":17628,"comment_status":"open","ping_status":"open","sticky":false,"template":"","format":"standard","meta":{"colormag_page_container_layout":"default_layout","colormag_page_sidebar_layout":"default_layout","_FSMCFIC_featured_image_caption":"","_FSMCFIC_featured_image_nocaption":"","_FSMCFIC_featured_image_hide":"","footnotes":""},"categories":[5,1],"tags":[],"class_list":["post-17627","post","type-post","status-publish","format-standard","has-post-thumbnail","hentry","category-politica","category-ultimas"],"yoast_head":"<!-- This site is optimized with the Yoast SEO plugin v27.1.1 - https:\/\/yoast.com\/product\/yoast-seo-wordpress\/ -->\n<title>Presidente da C\u00e2mara, Hugo Motta empregou funcion\u00e1rias &quot;fantasmas&quot; em gabinete, aponta jornal - Brasil not\u00edcias<\/title>\n<meta name=\"robots\" content=\"index, follow, max-snippet:-1, max-image-preview:large, max-video-preview:-1\" \/>\n<link rel=\"canonical\" href=\"https:\/\/brasilnoticias.org\/site\/presidente-da-camara-hugo-motta-empregou-funcionarias-fantasmas-em-gabinete-aponta-jornal\/\" \/>\n<meta property=\"og:locale\" content=\"pt_PT\" \/>\n<meta property=\"og:type\" content=\"article\" \/>\n<meta property=\"og:title\" content=\"Presidente da C\u00e2mara, Hugo Motta empregou funcion\u00e1rias &quot;fantasmas&quot; em gabinete, aponta jornal - Brasil not\u00edcias\" \/>\n<meta property=\"og:description\" content=\"Informa\u00e7\u00e3o foi divulgada pelo jornal &#8220;Folha de S.Paulo&#8221;. MP junto ao TCU pediu abertura de investiga\u00e7\u00e3o sobre o caso. O\" \/>\n<meta property=\"og:url\" content=\"https:\/\/brasilnoticias.org\/site\/presidente-da-camara-hugo-motta-empregou-funcionarias-fantasmas-em-gabinete-aponta-jornal\/\" \/>\n<meta property=\"og:site_name\" content=\"Brasil not\u00edcias\" \/>\n<meta property=\"article:published_time\" content=\"2025-07-17T20:23:22+00:00\" \/>\n<meta property=\"og:image\" content=\"https:\/\/brasilnoticias.org\/site\/wp-content\/uploads\/2025\/07\/167549presidente-da-camara-hugo-motta-empregou-funcionarias-fantasmas-em-gabinete-aponta-jornal-3.jpg\" \/>\n\t<meta property=\"og:image:width\" content=\"1600\" \/>\n\t<meta property=\"og:image:height\" content=\"752\" \/>\n\t<meta property=\"og:image:type\" content=\"image\/jpeg\" \/>\n<meta name=\"author\" content=\"Reda\u00e7\u00e3o\" \/>\n<meta name=\"twitter:card\" content=\"summary_large_image\" \/>\n<meta name=\"twitter:label1\" content=\"Escrito por\" \/>\n\t<meta name=\"twitter:data1\" content=\"Reda\u00e7\u00e3o\" \/>\n<script type=\"application\/ld+json\" class=\"yoast-schema-graph\">{\"@context\":\"https:\/\/schema.org\",\"@graph\":[{\"@type\":\"Article\",\"@id\":\"https:\/\/brasilnoticias.org\/site\/presidente-da-camara-hugo-motta-empregou-funcionarias-fantasmas-em-gabinete-aponta-jornal\/#article\",\"isPartOf\":{\"@id\":\"https:\/\/brasilnoticias.org\/site\/presidente-da-camara-hugo-motta-empregou-funcionarias-fantasmas-em-gabinete-aponta-jornal\/\"},\"author\":{\"name\":\"Reda\u00e7\u00e3o\",\"@id\":\"https:\/\/brasilnoticias.org\/site\/#\/schema\/person\/03bbbfe6c7634ad18c26444ea39049fa\"},\"headline\":\"Presidente da C\u00e2mara, Hugo Motta empregou funcion\u00e1rias &#8220;fantasmas&#8221; em gabinete, aponta jornal\",\"datePublished\":\"2025-07-17T20:23:22+00:00\",\"mainEntityOfPage\":{\"@id\":\"https:\/\/brasilnoticias.org\/site\/presidente-da-camara-hugo-motta-empregou-funcionarias-fantasmas-em-gabinete-aponta-jornal\/\"},\"wordCount\":280,\"commentCount\":0,\"publisher\":{\"@id\":\"https:\/\/brasilnoticias.org\/site\/#organization\"},\"image\":{\"@id\":\"https:\/\/brasilnoticias.org\/site\/presidente-da-camara-hugo-motta-empregou-funcionarias-fantasmas-em-gabinete-aponta-jornal\/#primaryimage\"},\"thumbnailUrl\":\"https:\/\/brasilnoticias.org\/site\/wp-content\/uploads\/2025\/07\/167549presidente-da-camara-hugo-motta-empregou-funcionarias-fantasmas-em-gabinete-aponta-jornal-3.jpg\",\"articleSection\":[\"Pol\u00edtica\",\"\u00daltimas\"],\"inLanguage\":\"pt-PT\",\"potentialAction\":[{\"@type\":\"CommentAction\",\"name\":\"Comment\",\"target\":[\"https:\/\/brasilnoticias.org\/site\/presidente-da-camara-hugo-motta-empregou-funcionarias-fantasmas-em-gabinete-aponta-jornal\/#respond\"]}]},{\"@type\":\"WebPage\",\"@id\":\"https:\/\/brasilnoticias.org\/site\/presidente-da-camara-hugo-motta-empregou-funcionarias-fantasmas-em-gabinete-aponta-jornal\/\",\"url\":\"https:\/\/brasilnoticias.org\/site\/presidente-da-camara-hugo-motta-empregou-funcionarias-fantasmas-em-gabinete-aponta-jornal\/\",\"name\":\"Presidente da C\u00e2mara, Hugo Motta empregou funcion\u00e1rias \\\"fantasmas\\\" em gabinete, aponta jornal - Brasil not\u00edcias\",\"isPartOf\":{\"@id\":\"https:\/\/brasilnoticias.org\/site\/#website\"},\"primaryImageOfPage\":{\"@id\":\"https:\/\/brasilnoticias.org\/site\/presidente-da-camara-hugo-motta-empregou-funcionarias-fantasmas-em-gabinete-aponta-jornal\/#primaryimage\"},\"image\":{\"@id\":\"https:\/\/brasilnoticias.org\/site\/presidente-da-camara-hugo-motta-empregou-funcionarias-fantasmas-em-gabinete-aponta-jornal\/#primaryimage\"},\"thumbnailUrl\":\"https:\/\/brasilnoticias.org\/site\/wp-content\/uploads\/2025\/07\/167549presidente-da-camara-hugo-motta-empregou-funcionarias-fantasmas-em-gabinete-aponta-jornal-3.jpg\",\"datePublished\":\"2025-07-17T20:23:22+00:00\",\"breadcrumb\":{\"@id\":\"https:\/\/brasilnoticias.org\/site\/presidente-da-camara-hugo-motta-empregou-funcionarias-fantasmas-em-gabinete-aponta-jornal\/#breadcrumb\"},\"inLanguage\":\"pt-PT\",\"potentialAction\":[{\"@type\":\"ReadAction\",\"target\":[\"https:\/\/brasilnoticias.org\/site\/presidente-da-camara-hugo-motta-empregou-funcionarias-fantasmas-em-gabinete-aponta-jornal\/\"]}]},{\"@type\":\"ImageObject\",\"inLanguage\":\"pt-PT\",\"@id\":\"https:\/\/brasilnoticias.org\/site\/presidente-da-camara-hugo-motta-empregou-funcionarias-fantasmas-em-gabinete-aponta-jornal\/#primaryimage\",\"url\":\"https:\/\/brasilnoticias.org\/site\/wp-content\/uploads\/2025\/07\/167549presidente-da-camara-hugo-motta-empregou-funcionarias-fantasmas-em-gabinete-aponta-jornal-3.jpg\",\"contentUrl\":\"https:\/\/brasilnoticias.org\/site\/wp-content\/uploads\/2025\/07\/167549presidente-da-camara-hugo-motta-empregou-funcionarias-fantasmas-em-gabinete-aponta-jornal-3.jpg\",\"width\":1600,\"height\":752},{\"@type\":\"BreadcrumbList\",\"@id\":\"https:\/\/brasilnoticias.org\/site\/presidente-da-camara-hugo-motta-empregou-funcionarias-fantasmas-em-gabinete-aponta-jornal\/#breadcrumb\",\"itemListElement\":[{\"@type\":\"ListItem\",\"position\":1,\"name\":\"In\u00edcio\",\"item\":\"https:\/\/brasilnoticias.org\/site\/\"},{\"@type\":\"ListItem\",\"position\":2,\"name\":\"Presidente da C\u00e2mara, Hugo Motta empregou funcion\u00e1rias &#8220;fantasmas&#8221; em gabinete, aponta jornal\"}]},{\"@type\":\"WebSite\",\"@id\":\"https:\/\/brasilnoticias.org\/site\/#website\",\"url\":\"https:\/\/brasilnoticias.org\/site\/\",\"name\":\"Brasil not\u00edcias\",\"description\":\"Brasil not\u00edcias\",\"publisher\":{\"@id\":\"https:\/\/brasilnoticias.org\/site\/#organization\"},\"potentialAction\":[{\"@type\":\"SearchAction\",\"target\":{\"@type\":\"EntryPoint\",\"urlTemplate\":\"https:\/\/brasilnoticias.org\/site\/?s={search_term_string}\"},\"query-input\":{\"@type\":\"PropertyValueSpecification\",\"valueRequired\":true,\"valueName\":\"search_term_string\"}}],\"inLanguage\":\"pt-PT\"},{\"@type\":\"Organization\",\"@id\":\"https:\/\/brasilnoticias.org\/site\/#organization\",\"name\":\"Brasil not\u00edcias\",\"url\":\"https:\/\/brasilnoticias.org\/site\/\",\"logo\":{\"@type\":\"ImageObject\",\"inLanguage\":\"pt-PT\",\"@id\":\"https:\/\/brasilnoticias.org\/site\/#\/schema\/logo\/image\/\",\"url\":\"https:\/\/brasilnoticias.org\/site\/wp-content\/uploads\/2022\/05\/cropped-brasilnoticias-mini.jpg\",\"contentUrl\":\"https:\/\/brasilnoticias.org\/site\/wp-content\/uploads\/2022\/05\/cropped-brasilnoticias-mini.jpg\",\"width\":314,\"height\":86,\"caption\":\"Brasil not\u00edcias\"},\"image\":{\"@id\":\"https:\/\/brasilnoticias.org\/site\/#\/schema\/logo\/image\/\"}},{\"@type\":\"Person\",\"@id\":\"https:\/\/brasilnoticias.org\/site\/#\/schema\/person\/03bbbfe6c7634ad18c26444ea39049fa\",\"name\":\"Reda\u00e7\u00e3o\",\"image\":{\"@type\":\"ImageObject\",\"inLanguage\":\"pt-PT\",\"@id\":\"https:\/\/brasilnoticias.org\/site\/#\/schema\/person\/image\/\",\"url\":\"https:\/\/secure.gravatar.com\/avatar\/9ecaf7327a696cb23ad926fedded5f1f04d7049de9e445375d55b48c001a6e42?s=96&d=mm&r=g\",\"contentUrl\":\"https:\/\/secure.gravatar.com\/avatar\/9ecaf7327a696cb23ad926fedded5f1f04d7049de9e445375d55b48c001a6e42?s=96&d=mm&r=g\",\"caption\":\"Reda\u00e7\u00e3o\"},\"url\":\"https:\/\/brasilnoticias.org\/site\/author\/henrique\/\"}]}<\/script>\n<!-- \/ Yoast SEO plugin. -->","yoast_head_json":{"title":"Presidente da C\u00e2mara, Hugo Motta empregou funcion\u00e1rias \"fantasmas\" em gabinete, aponta jornal - Brasil not\u00edcias","robots":{"index":"index","follow":"follow","max-snippet":"max-snippet:-1","max-image-preview":"max-image-preview:large","max-video-preview":"max-video-preview:-1"},"canonical":"https:\/\/brasilnoticias.org\/site\/presidente-da-camara-hugo-motta-empregou-funcionarias-fantasmas-em-gabinete-aponta-jornal\/","og_locale":"pt_PT","og_type":"article","og_title":"Presidente da C\u00e2mara, Hugo Motta empregou funcion\u00e1rias \"fantasmas\" em gabinete, aponta jornal - Brasil not\u00edcias","og_description":"Informa\u00e7\u00e3o foi divulgada pelo jornal &#8220;Folha de S.Paulo&#8221;. MP junto ao TCU pediu abertura de investiga\u00e7\u00e3o sobre o caso. O","og_url":"https:\/\/brasilnoticias.org\/site\/presidente-da-camara-hugo-motta-empregou-funcionarias-fantasmas-em-gabinete-aponta-jornal\/","og_site_name":"Brasil not\u00edcias","article_published_time":"2025-07-17T20:23:22+00:00","og_image":[{"width":1600,"height":752,"url":"https:\/\/brasilnoticias.org\/site\/wp-content\/uploads\/2025\/07\/167549presidente-da-camara-hugo-motta-empregou-funcionarias-fantasmas-em-gabinete-aponta-jornal-3.jpg","type":"image\/jpeg"}],"author":"Reda\u00e7\u00e3o","twitter_card":"summary_large_image","twitter_misc":{"Escrito por":"Reda\u00e7\u00e3o"},"schema":{"@context":"https:\/\/schema.org","@graph":[{"@type":"Article","@id":"https:\/\/brasilnoticias.org\/site\/presidente-da-camara-hugo-motta-empregou-funcionarias-fantasmas-em-gabinete-aponta-jornal\/#article","isPartOf":{"@id":"https:\/\/brasilnoticias.org\/site\/presidente-da-camara-hugo-motta-empregou-funcionarias-fantasmas-em-gabinete-aponta-jornal\/"},"author":{"name":"Reda\u00e7\u00e3o","@id":"https:\/\/brasilnoticias.org\/site\/#\/schema\/person\/03bbbfe6c7634ad18c26444ea39049fa"},"headline":"Presidente da C\u00e2mara, Hugo Motta empregou funcion\u00e1rias &#8220;fantasmas&#8221; em gabinete, aponta jornal","datePublished":"2025-07-17T20:23:22+00:00","mainEntityOfPage":{"@id":"https:\/\/brasilnoticias.org\/site\/presidente-da-camara-hugo-motta-empregou-funcionarias-fantasmas-em-gabinete-aponta-jornal\/"},"wordCount":280,"commentCount":0,"publisher":{"@id":"https:\/\/brasilnoticias.org\/site\/#organization"},"image":{"@id":"https:\/\/brasilnoticias.org\/site\/presidente-da-camara-hugo-motta-empregou-funcionarias-fantasmas-em-gabinete-aponta-jornal\/#primaryimage"},"thumbnailUrl":"https:\/\/brasilnoticias.org\/site\/wp-content\/uploads\/2025\/07\/167549presidente-da-camara-hugo-motta-empregou-funcionarias-fantasmas-em-gabinete-aponta-jornal-3.jpg","articleSection":["Pol\u00edtica","\u00daltimas"],"inLanguage":"pt-PT","potentialAction":[{"@type":"CommentAction","name":"Comment","target":["https:\/\/brasilnoticias.org\/site\/presidente-da-camara-hugo-motta-empregou-funcionarias-fantasmas-em-gabinete-aponta-jornal\/#respond"]}]},{"@type":"WebPage","@id":"https:\/\/brasilnoticias.org\/site\/presidente-da-camara-hugo-motta-empregou-funcionarias-fantasmas-em-gabinete-aponta-jornal\/","url":"https:\/\/brasilnoticias.org\/site\/presidente-da-camara-hugo-motta-empregou-funcionarias-fantasmas-em-gabinete-aponta-jornal\/","name":"Presidente da C\u00e2mara, Hugo Motta empregou funcion\u00e1rias \"fantasmas\" em gabinete, aponta jornal - Brasil not\u00edcias","isPartOf":{"@id":"https:\/\/brasilnoticias.org\/site\/#website"},"primaryImageOfPage":{"@id":"https:\/\/brasilnoticias.org\/site\/presidente-da-camara-hugo-motta-empregou-funcionarias-fantasmas-em-gabinete-aponta-jornal\/#primaryimage"},"image":{"@id":"https:\/\/brasilnoticias.org\/site\/presidente-da-camara-hugo-motta-empregou-funcionarias-fantasmas-em-gabinete-aponta-jornal\/#primaryimage"},"thumbnailUrl":"https:\/\/brasilnoticias.org\/site\/wp-content\/uploads\/2025\/07\/167549presidente-da-camara-hugo-motta-empregou-funcionarias-fantasmas-em-gabinete-aponta-jornal-3.jpg","datePublished":"2025-07-17T20:23:22+00:00","breadcrumb":{"@id":"https:\/\/brasilnoticias.org\/site\/presidente-da-camara-hugo-motta-empregou-funcionarias-fantasmas-em-gabinete-aponta-jornal\/#breadcrumb"},"inLanguage":"pt-PT","potentialAction":[{"@type":"ReadAction","target":["https:\/\/brasilnoticias.org\/site\/presidente-da-camara-hugo-motta-empregou-funcionarias-fantasmas-em-gabinete-aponta-jornal\/"]}]},{"@type":"ImageObject","inLanguage":"pt-PT","@id":"https:\/\/brasilnoticias.org\/site\/presidente-da-camara-hugo-motta-empregou-funcionarias-fantasmas-em-gabinete-aponta-jornal\/#primaryimage","url":"https:\/\/brasilnoticias.org\/site\/wp-content\/uploads\/2025\/07\/167549presidente-da-camara-hugo-motta-empregou-funcionarias-fantasmas-em-gabinete-aponta-jornal-3.jpg","contentUrl":"https:\/\/brasilnoticias.org\/site\/wp-content\/uploads\/2025\/07\/167549presidente-da-camara-hugo-motta-empregou-funcionarias-fantasmas-em-gabinete-aponta-jornal-3.jpg","width":1600,"height":752},{"@type":"BreadcrumbList","@id":"https:\/\/brasilnoticias.org\/site\/presidente-da-camara-hugo-motta-empregou-funcionarias-fantasmas-em-gabinete-aponta-jornal\/#breadcrumb","itemListElement":[{"@type":"ListItem","position":1,"name":"In\u00edcio","item":"https:\/\/brasilnoticias.org\/site\/"},{"@type":"ListItem","position":2,"name":"Presidente da C\u00e2mara, Hugo Motta empregou funcion\u00e1rias &#8220;fantasmas&#8221; em gabinete, aponta jornal"}]},{"@type":"WebSite","@id":"https:\/\/brasilnoticias.org\/site\/#website","url":"https:\/\/brasilnoticias.org\/site\/","name":"Brasil not\u00edcias","description":"Brasil not\u00edcias","publisher":{"@id":"https:\/\/brasilnoticias.org\/site\/#organization"},"potentialAction":[{"@type":"SearchAction","target":{"@type":"EntryPoint","urlTemplate":"https:\/\/brasilnoticias.org\/site\/?s={search_term_string}"},"query-input":{"@type":"PropertyValueSpecification","valueRequired":true,"valueName":"search_term_string"}}],"inLanguage":"pt-PT"},{"@type":"Organization","@id":"https:\/\/brasilnoticias.org\/site\/#organization","name":"Brasil not\u00edcias","url":"https:\/\/brasilnoticias.org\/site\/","logo":{"@type":"ImageObject","inLanguage":"pt-PT","@id":"https:\/\/brasilnoticias.org\/site\/#\/schema\/logo\/image\/","url":"https:\/\/brasilnoticias.org\/site\/wp-content\/uploads\/2022\/05\/cropped-brasilnoticias-mini.jpg","contentUrl":"https:\/\/brasilnoticias.org\/site\/wp-content\/uploads\/2022\/05\/cropped-brasilnoticias-mini.jpg","width":314,"height":86,"caption":"Brasil not\u00edcias"},"image":{"@id":"https:\/\/brasilnoticias.org\/site\/#\/schema\/logo\/image\/"}},{"@type":"Person","@id":"https:\/\/brasilnoticias.org\/site\/#\/schema\/person\/03bbbfe6c7634ad18c26444ea39049fa","name":"Reda\u00e7\u00e3o","image":{"@type":"ImageObject","inLanguage":"pt-PT","@id":"https:\/\/brasilnoticias.org\/site\/#\/schema\/person\/image\/","url":"https:\/\/secure.gravatar.com\/avatar\/9ecaf7327a696cb23ad926fedded5f1f04d7049de9e445375d55b48c001a6e42?s=96&d=mm&r=g","contentUrl":"https:\/\/secure.gravatar.com\/avatar\/9ecaf7327a696cb23ad926fedded5f1f04d7049de9e445375d55b48c001a6e42?s=96&d=mm&r=g","caption":"Reda\u00e7\u00e3o"},"url":"https:\/\/brasilnoticias.org\/site\/author\/henrique\/"}]}},"_links":{"self":[{"href":"https:\/\/brasilnoticias.org\/site\/wp-json\/wp\/v2\/posts\/17627","targetHints":{"allow":["GET"]}}],"collection":[{"href":"https:\/\/brasilnoticias.org\/site\/wp-json\/wp\/v2\/posts"}],"about":[{"href":"https:\/\/brasilnoticias.org\/site\/wp-json\/wp\/v2\/types\/post"}],"author":[{"embeddable":true,"href":"https:\/\/brasilnoticias.org\/site\/wp-json\/wp\/v2\/users\/4"}],"replies":[{"embeddable":true,"href":"https:\/\/brasilnoticias.org\/site\/wp-json\/wp\/v2\/comments?post=17627"}],"version-history":[{"count":1,"href":"https:\/\/brasilnoticias.org\/site\/wp-json\/wp\/v2\/posts\/17627\/revisions"}],"predecessor-version":[{"id":17629,"href":"https:\/\/brasilnoticias.org\/site\/wp-json\/wp\/v2\/posts\/17627\/revisions\/17629"}],"wp:featuredmedia":[{"embeddable":true,"href":"https:\/\/brasilnoticias.org\/site\/wp-json\/wp\/v2\/media\/17628"}],"wp:attachment":[{"href":"https:\/\/brasilnoticias.org\/site\/wp-json\/wp\/v2\/media?parent=17627"}],"wp:term":[{"taxonomy":"category","embeddable":true,"href":"https:\/\/brasilnoticias.org\/site\/wp-json\/wp\/v2\/categories?post=17627"},{"taxonomy":"post_tag","embeddable":true,"href":"https:\/\/brasilnoticias.org\/site\/wp-json\/wp\/v2\/tags?post=17627"}],"curies":[{"name":"wp","href":"https:\/\/api.w.org\/{rel}","templated":true}]}}